{"id":30673,"date":"2024-01-26T11:16:51","date_gmt":"2024-01-26T17:16:51","guid":{"rendered":"https:\/\/amberadvocate.org\/sin-categorizar\/en-primera-linea-se-necesita-una-aldea\/"},"modified":"2024-01-26T11:16:51","modified_gmt":"2024-01-26T17:16:51","slug":"en-primera-linea-se-necesita-una-aldea","status":"publish","type":"post","link":"https:\/\/amberadvocate.org\/es\/caracteristica-ambar\/en-primera-linea-se-necesita-una-aldea\/","title":{"rendered":"En primera l\u00ednea: Se necesita una aldea"},"content":{"rendered":"<figure id=\"attachment_21659\" aria-describedby=\"caption-attachment-21659\" style=\"width: 419px\" class=\"wp-caption alignright\"><img decoding=\"async\" class=\" wp-image-21659\" src=\"https:\/\/amberadvocate.org\/wp-content\/uploads\/2024\/01\/FL-image-1-scaled.jpg\" alt=\"Foto de Carlos Morales Rojas, Enlace de la Coordinaci\u00f3n Nacional Alerta Amber de M\u00e9xico. En una conferencia regional, mostr\u00f3 los rostros de ni\u00f1os desaparecidos, mientras trabajaba en un caso en desarrollo que provoc\u00f3 la emisi\u00f3n de una Alerta AMBER nacional.\" width=\"419\" height=\"327\" srcset=\"https:\/\/amberadvocate.org\/wp-content\/uploads\/2024\/01\/FL-image-1-scaled.jpg 2560w, https:\/\/amberadvocate.org\/wp-content\/uploads\/2024\/01\/FL-image-1-300x234.jpg 300w, https:\/\/amberadvocate.org\/wp-content\/uploads\/2024\/01\/FL-image-1-1024x798.jpg 1024w, https:\/\/amberadvocate.org\/wp-content\/uploads\/2024\/01\/FL-image-1-768x599.jpg 768w, https:\/\/amberadvocate.org\/wp-content\/uploads\/2024\/01\/FL-image-1-1536x1198.jpg 1536w, https:\/\/amberadvocate.org\/wp-content\/uploads\/2024\/01\/FL-image-1-2048x1597.jpg 2048w\" sizes=\"(max-width: 419px) 100vw, 419px\" \/><figcaption id=\"caption-attachment-21659\" class=\"wp-caption-text\">Carlos Morales Rojas, Enlace de la Coordinaci\u00f3n Nacional Alerta Amber de M\u00e9xico, mostr\u00f3 los rostros de los ni\u00f1os desaparecidos mientras trabajaba en el desarrollo de un caso que provoc\u00f3 la emisi\u00f3n de una Alerta AMBER nacional.<\/figcaption><\/figure>\n<p><em>Por Rebecca Sherman<\/em> La ma\u00f1ana del 29 de agosto de 2023, mientras los coordinadores de la Alerta AMBER del norte de M\u00e9xico se reun\u00edan en el sal\u00f3n de baile de un hotel de Monterrey para asistir a una conferencia de formaci\u00f3n sobre protecci\u00f3n infantil de tres d\u00edas de duraci\u00f3n con altos funcionarios estadounidenses, entre bastidores se desarrollaba una emergencia real de secuestro infantil.  <\/p>\n<p style=\"font-weight: 400;\">Horas antes, y a unas 230 millas de distancia, Angela Ch\u00e1vez, de 15 meses, hab\u00eda sido sacada de su casa en Ciudad Ju\u00e1rez, Chihuahua, por delincuentes armados durante un asalto a una vivienda que dej\u00f3 muertos a sus padres y a otro adulto.<\/p>\n<p style=\"font-weight: 400;\">\u00c1ngela fue descubierta desaparecida por su angustiada abuela, que lleg\u00f3 a la casa con las autoridades locales despu\u00e9s de los asesinatos.<br \/>\nAl darse cuenta de que la ni\u00f1a corr\u00eda grave peligro, las autoridades avisaron inmediatamente a Yubia Yumiko Ayala Narv\u00e1ez, coordinadora regional de la Unidad de Violencia de G\u00e9nero de<em>la Fiscal\u00eda<\/em> <em>Regional <\/em><em>del Estado de Chihuahua<\/em>.<br \/>\nPero al igual que muchos de sus colegas en M\u00e9xico, Narv\u00e1ez asisti\u00f3 a la conferencia, organizada por la Oficina de Desarrollo, Asistencia y Formaci\u00f3n de Fiscales en el Extranjero (<a href=\"https:\/\/www.justice.gov\/criminal\/criminal-opdat\"><strong>OPDAT<\/strong><\/a>) del Departamento de Justicia de EE.UU. (con sede en la embajada de EE.UU. en Ciudad de M\u00e9xico) y a la que asistieron l\u00edderes del Programa de Formaci\u00f3n y Asistencia T\u00e9cnica sobre la Alerta AMBER (<a href=\"https:\/\/amberadvocate.org\/es\/\"><strong>AATTAP<\/strong><\/a>).  <\/p>\n<p><img decoding=\"async\" class=\"alignleft wp-image-21660\" src=\"https:\/\/amberadvocate.org\/wp-content\/uploads\/2024\/01\/FL-image-2-1024x575.jpg\" alt=\"\" width=\"474\" height=\"266\" srcset=\"https:\/\/amberadvocate.org\/wp-content\/uploads\/2024\/01\/FL-image-2-1024x575.jpg 1024w, https:\/\/amberadvocate.org\/wp-content\/uploads\/2024\/01\/FL-image-2-300x168.jpg 300w, https:\/\/amberadvocate.org\/wp-content\/uploads\/2024\/01\/FL-image-2-768x431.jpg 768w, https:\/\/amberadvocate.org\/wp-content\/uploads\/2024\/01\/FL-image-2.jpg 1348w\" sizes=\"(max-width: 474px) 100vw, 474px\" \/>Incluso durante el acto, Narv\u00e1ez entr\u00f3 discretamente en acci\u00f3n, emitiendo un comunicado regional <a href=\"https:\/\/fgr.org.mx\/swb\/alertaamber\"><strong><em>Alerta Amber<\/em><\/strong><\/a>la versi\u00f3n mexicana de la Alerta AMBER estadounidense.<br \/>\nEn las redes sociales circularon carteles de \u00c1ngela, una ni\u00f1a querub\u00ednica de grandes ojos marrones, y las alertas sonaron en los tel\u00e9fonos m\u00f3viles de toda la regi\u00f3n.   <\/p>\n<p style=\"font-weight: 400;\">Narv\u00e1ez tambi\u00e9n inform\u00f3 de la situaci\u00f3n a su compa\u00f1ero de conferencia Carlos Morales Rojas.<br \/>\nComo Enlace de la Coordinaci\u00f3n Nacional <em>de Alerta Amber <\/em>, Rojas trabaja con los Coordinadores de la Alerta AMBER de los 32 estados mexicanos desde la Fiscal\u00eda Especial para los Delitos de Violencia contra las Mujeres y Trata de Personas de la <em>Fiscal\u00eda General de la Rep\u00fablica<\/em> (FGR). <\/p>\n<figure id=\"attachment_21662\" aria-describedby=\"caption-attachment-21662\" style=\"width: 320px\" class=\"wp-caption alignright\"><img decoding=\"async\" class=\" wp-image-21662\" src=\"https:\/\/amberadvocate.org\/wp-content\/uploads\/2024\/01\/FL-image-4.jpg\" alt=\"Una vista de los asistentes a la conferencia.\" width=\"320\" height=\"423\" srcset=\"https:\/\/amberadvocate.org\/wp-content\/uploads\/2024\/01\/FL-image-4.jpg 736w, https:\/\/amberadvocate.org\/wp-content\/uploads\/2024\/01\/FL-image-4-227x300.jpg 227w\" sizes=\"(max-width: 320px) 100vw, 320px\" \/><figcaption id=\"caption-attachment-21662\" class=\"wp-caption-text\">Una vista de los asistentes a la conferencia.<\/figcaption><\/figure>\n<p style=\"font-weight: 400;\">En medio de conversaciones intensas y en voz baja, Narv\u00e1ez y Rojas intercambiaron informaci\u00f3n sobre el secuestro durante las presentaciones de la conferencia que se estaba celebrando.<br \/>\n\u00abDada la gravedad y urgencia del caso, sab\u00edamos que ten\u00edamos que trabajar con rapidez para activar la Alerta AMBER (nacional), pero tambi\u00e9n mantuvimos cierta confidencialidad de la informaci\u00f3n\u00bb, recuerda Rojas. <\/p>\n<p style=\"font-weight: 400;\">El esfuerzo por rescatar a la beb\u00e9 \u00c1ngela se convirti\u00f3 r\u00e1pidamente en un caso pr\u00e1ctico en tiempo real que hizo que los funcionarios recurrieran a un profundo pozo de experiencia y formaci\u00f3n colectivas.<br \/>\n\u00abEso nos permiti\u00f3 difundir la alerta con urgencia, animando a los medios de comunicaci\u00f3n a llegar al mayor n\u00famero de personas posible\u00bb, afirma Rojas. <\/p>\n<p style=\"font-weight: 400;\">Varias horas despu\u00e9s de que se emitiera la primera alerta -y a\u00fan sin se\u00f1ales de la peque\u00f1a \u00c1ngela- Rojas elev\u00f3 la alerta a nivel nacional, una presencia ampliada que sin duda aumentar\u00eda la conciencia p\u00fablica sobre el caso de la ni\u00f1a.<br \/>\nEntonces, una vez activada la Alerta AMBER nacional, Rojas y Narv\u00e1ez informaron a los asistentes a la conferencia sobre la evoluci\u00f3n de la situaci\u00f3n. <\/p>\n<p style=\"font-weight: 400;\">Fortuitamente, la sala estaba llena de expertos en ni\u00f1os desaparecidos y en peligro que colaboraron para garantizar una respuesta r\u00e1pida en el caso emergente.<br \/>\nEntre ellos se encontraban: Janell Rasmussen, Administradora de AATTAP; Yesenia \u00abJesi\u00bb Le\u00f3n Bar\u00f3n, Coordinadora de Proyectos de Programas Internacionales y Territoriales de AATTAP (incluida la Iniciativa de la Frontera Sur) y Gestora de Certificaci\u00f3n de las iniciativas de formaci\u00f3n del Equipo de Respuesta a la Sustracci\u00f3n de Menores (CART); y altos funcionarios del Departamento de Estado y la Embajada de Estados Unidos en Ciudad de M\u00e9xico, como Gigi Scoles, Gabriela Betance, Flor Reyes y Oswaldo Casillas. <\/p>\n<p style=\"font-weight: 400;\"><a href=\"https:\/\/amberadvocate.org\/es\/habla-amber\/rostros-de-la-red-de-alerta-amber-mexico\/\" target=\"_blank\" rel=\"noopener\"><img decoding=\"async\" class=\"alignleft wp-image-21667\" src=\"https:\/\/amberadvocate.org\/wp-content\/uploads\/2024\/01\/Display-text-1.png\" alt=\"Mostrar texto: Desde su lanzamiento en 2012, Alerta \u00c1mbar de M\u00e9xico ha permitido la recuperaci\u00f3n segura de m\u00e1s de 350 ni\u00f1os.\" width=\"126\" height=\"254\" srcset=\"https:\/\/amberadvocate.org\/wp-content\/uploads\/2024\/01\/Display-text-1.png 356w, https:\/\/amberadvocate.org\/wp-content\/uploads\/2024\/01\/Display-text-1-149x300.png 149w\" sizes=\"(max-width: 126px) 100vw, 126px\" \/><\/a>\u00abTodos ellos facilitaron nuestro trabajo, permiti\u00e9ndonos llevarlo a cabo all\u00ed mismo, en la conferencia\u00bb, afirma Rojas.<\/p>\n<p style=\"font-weight: 400;\">La respuesta de los medios de comunicaci\u00f3n y del p\u00fablico no se hizo esperar.<br \/>\nLos secuestradores, probablemente conscientes de que el caso estaba recibiendo atenci\u00f3n nacional, abandonaron a \u00c1ngela en un portal de Ciudad Ju\u00e1rez.<br \/>\nUna mujer vio a la ni\u00f1a y llam\u00f3 r\u00e1pidamente al 911, ayudando a las autoridades a recuperarla sana y salva 30 horas despu\u00e9s de que se emitiera la primera Alerta AMBER.  <\/p>\n<p style=\"font-weight: 400;\">\u00abLos que se llevaron a la beb\u00e9 Angela sin duda se sintieron presionados por la amplia difusi\u00f3n de la Alerta AMBER\u00bb, dice Rojas.<br \/>\n\u00abSab\u00edan que mucha gente la estaba buscando\u00bb. <\/p>\n<figure id=\"attachment_21661\" aria-describedby=\"caption-attachment-21661\" style=\"width: 371px\" class=\"wp-caption alignright\"><img decoding=\"async\" class=\" wp-image-21661\" src=\"https:\/\/amberadvocate.org\/wp-content\/uploads\/2024\/01\/FL-image-3.jpg\" alt=\"Las autoridades mexicanas tuvieron a la beb\u00e9 Angela en sus cuidadosas manos 30 horas despu\u00e9s de que se activara la primera Alerta Amber.  \" width=\"371\" height=\"250\" srcset=\"https:\/\/amberadvocate.org\/wp-content\/uploads\/2024\/01\/FL-image-3.jpg 1753w, https:\/\/amberadvocate.org\/wp-content\/uploads\/2024\/01\/FL-image-3-300x202.jpg 300w, https:\/\/amberadvocate.org\/wp-content\/uploads\/2024\/01\/FL-image-3-1024x689.jpg 1024w, https:\/\/amberadvocate.org\/wp-content\/uploads\/2024\/01\/FL-image-3-768x517.jpg 768w, https:\/\/amberadvocate.org\/wp-content\/uploads\/2024\/01\/FL-image-3-1536x1033.jpg 1536w, https:\/\/amberadvocate.org\/wp-content\/uploads\/2024\/01\/FL-image-3-272x182.jpg 272w\" sizes=\"(max-width: 371px) 100vw, 371px\" \/><figcaption id=\"caption-attachment-21661\" class=\"wp-caption-text\">Las autoridades mexicanas tuvieron a la beb\u00e9 \u00c1ngela en sus cuidadosas manos 30 horas despu\u00e9s de que se activara la primera <em>Alerta Amber<\/em>.<br \/>\nLa peque\u00f1a vive ahora con unos familiares.<\/figcaption><\/figure>\n<p style=\"font-weight: 400;\">Dado que el rescate de \u00c1ngela tuvo lugar el 31 de agosto -el \u00faltimo d\u00eda de la conferencia de la OPDAT-, a Narv\u00e1ez y Rojas se les ofreci\u00f3 la oportunidad de presentar lo que acababa de ocurrir como un caso pr\u00e1ctico de \u00e9xito, \u00abresultado de la excelente coordinaci\u00f3n entre las autoridades mexicanas y la poblaci\u00f3n\u00bb, afirma Rojas.<\/p>\n<p style=\"font-weight: 400;\">\u00abCon la conferencia centrada en compartir historias de \u00e9xito de la Alerta AMBER, el caso de la beb\u00e9 Angela fue significativo. La formaci\u00f3n es el aspecto m\u00e1s importante de nuestro trabajo; por eso compartimos constantemente nuestras experiencias.\u00bb<\/p>\n<p style=\"font-weight: 400;\">Las Alertas AMBER, junto con los informes de los medios de comunicaci\u00f3n y la ayuda del p\u00fablico en la b\u00fasqueda de un ni\u00f1o desaparecido, son herramientas poderosas en el esfuerzo por recuperar a los ni\u00f1os desaparecidos en peligro, como pudieron comprobar en tiempo real los asistentes a la conferencia.<br \/>\n\u00abSin el apoyo de nuestros ciudadanos, nuestro trabajo ser\u00eda esencialmente in\u00fatil\u00bb, afirma Rojas.<br \/>\n\u00abSer\u00edamos simples espectadores de lo que ocurre\u00bb.  <\/p>\n<p><img decoding=\"async\" src=\"https:\/\/amberadvocate.org\/wp-content\/uploads\/2024\/01\/Display-text-2-Jesi.png\" alt=\"Mostrar texto con foto de Yesenia \"Jesi\" Le\u00f3n Bar\u00f3n, Coordinadora de Proyectos de AATTAP para Programas Internacionales y Territoriales, y Formaci\u00f3n y Certificaci\u00f3n del Equipo de Respuesta a la Sustracci\u00f3n de Menores (CART): \"Este es uno de los muchos ejemplos de la incre\u00edble importancia de los eventos regionales y de la colaboraci\u00f3n transfronteriza\".\" width=\"513\" height=\"211\"><\/p>\n","protected":false},"excerpt":{"rendered":"<p>Despu\u00e9s de que sus padres fueran asesinados, una beb\u00e9 desaparecida es encontrada a salvo gracias a los medios de comunicaci\u00f3n de M\u00e9xico, al p\u00fablico y a los Coordinadores de la Alerta AMBER, que actuaron durante una conferencia sobre la protecci\u00f3n de la infancia con l\u00edderes del DOJ de EE.UU. y de AATTAP en Monterrey.<\/p>\n","protected":false},"author":532,"featured_media":28844,"comment_status":"closed","ping_status":"closed","sticky":false,"template":"","format":"standard","meta":{"_bbp_topic_count":0,"_bbp_reply_count":0,"_bbp_total_topic_count":0,"_bbp_total_reply_count":0,"_bbp_voice_count":0,"_bbp_anonymous_reply_count":0,"_bbp_topic_count_hidden":0,"_bbp_reply_count_hidden":0,"_bbp_forum_subforum_count":0,"_analytify_skip_tracking":false,"footnotes":""},"categories":[648,647,651],"tags":[882,658,667,887,889,894,895,896,676,891,899,851,898,897,893,757,883,884,850,886,888,900,668,892,902,885,901,890],"class_list":["post-30673","post","type-post","status-publish","format-standard","has-post-thumbnail","hentry","category-alerta-amber-en-accion","category-caracteristica-ambar","category-internacional","tag-alerta-ambar","tag-alerta-amber-es","tag-aplicacion-de-la-ley","tag-asistencia-y-formacion","tag-carlos-morales-rojas-es","tag-carro","tag-departamento-de-estado-de-eeuu","tag-embajada-de-ee-uu-en-ciudad-de-mexico","tag-equipo-de-respuesta-a-la-sustraccion-de-menores","tag-fiscalia-general-de-la-republica-fgr-es","tag-flor-reyes-es","tag-formacion","tag-gabriela-betance-es","tag-gigi-scoles-es","tag-iniciativa-frontera-sur","tag-janell-rasmussen-es","tag-mexico-es","tag-nino-recuperado","tag-ninos-desaparecidos","tag-oficina-de-desarrollo-fiscal-en-el-extranjero","tag-opdat-es","tag-oswaldo-casillas-es","tag-programa-de-formacion-y-asistencia-tecnica-sobre-la-alerta-amber","tag-programa-de-formacion-y-asistencia-tecnica-sobre-la-alerta-amber-es","tag-rebecca-sherman-es","tag-regional-de-la-fiscalia-del-estado-de-chihuahua-es","tag-yesenia-jesi-leon-baron-es","tag-yubia-yumiko-ayala-narvaez-es"],"meta_box":{"aa_theme_enable_blocks_editor":"","aa_theme_featured_img_position":""},"publishpress_future_workflow_manual_trigger":{"enabledWorkflows":[]},"_links":{"self":[{"href":"https:\/\/amberadvocate.org\/es\/wp-json\/wp\/v2\/posts\/30673","targetHints":{"allow":["GET"]}}],"collection":[{"href":"https:\/\/amberadvocate.org\/es\/wp-json\/wp\/v2\/posts"}],"about":[{"href":"https:\/\/amberadvocate.org\/es\/wp-json\/wp\/v2\/types\/post"}],"author":[{"embeddable":true,"href":"https:\/\/amberadvocate.org\/es\/wp-json\/wp\/v2\/users\/532"}],"replies":[{"embeddable":true,"href":"https:\/\/amberadvocate.org\/es\/wp-json\/wp\/v2\/comments?post=30673"}],"version-history":[{"count":0,"href":"https:\/\/amberadvocate.org\/es\/wp-json\/wp\/v2\/posts\/30673\/revisions"}],"wp:featuredmedia":[{"embeddable":true,"href":"https:\/\/amberadvocate.org\/es\/wp-json\/wp\/v2\/media\/28844"}],"wp:attachment":[{"href":"https:\/\/amberadvocate.org\/es\/wp-json\/wp\/v2\/media?parent=30673"}],"wp:term":[{"taxonomy":"category","embeddable":true,"href":"https:\/\/amberadvocate.org\/es\/wp-json\/wp\/v2\/categories?post=30673"},{"taxonomy":"post_tag","embeddable":true,"href":"https:\/\/amberadvocate.org\/es\/wp-json\/wp\/v2\/tags?post=30673"}],"curies":[{"name":"wp","href":"https:\/\/api.w.org\/{rel}","templated":true}]}}