{"id":30672,"date":"2023-10-27T13:53:48","date_gmt":"2023-10-27T18:53:48","guid":{"rendered":"https:\/\/amberadvocate.org\/sin-categorizar\/seis-tribus-de-wisconsin-reciben-conjuntos-de-herramientas-tecnologicas-amber-en-el-pais-indio\/"},"modified":"2023-10-27T13:53:48","modified_gmt":"2023-10-27T18:53:48","slug":"seis-tribus-de-wisconsin-reciben-conjuntos-de-herramientas-tecnologicas-amber-en-el-pais-indio","status":"publish","type":"post","link":"https:\/\/amberadvocate.org\/es\/caracteristica-ambar\/seis-tribus-de-wisconsin-reciben-conjuntos-de-herramientas-tecnologicas-amber-en-el-pais-indio\/","title":{"rendered":"Seis tribus de Wisconsin reciben conjuntos de herramientas tecnol\u00f3gicas AMBER en el Pa\u00eds Indio"},"content":{"rendered":"<figure id=\"attachment_20366\" aria-describedby=\"caption-attachment-20366\" style=\"width: 2560px\" class=\"wp-caption aligncenter\"><img decoding=\"async\" class=\"size-full wp-image-20366\" src=\"https:\/\/amberadvocate.org\/wp-content\/uploads\/2023\/10\/Wisconsin-group-photo-scaled.jpeg\" alt=\"Foto de grupo en la presentaci\u00f3n del kit de herramientas AMBER en el Pa\u00eds Indio en Wisconsin 12 de octubre de 2023\" width=\"2560\" height=\"1450\" srcset=\"https:\/\/amberadvocate.org\/wp-content\/uploads\/2023\/10\/Wisconsin-group-photo-scaled.jpeg 2560w, https:\/\/amberadvocate.org\/wp-content\/uploads\/2023\/10\/Wisconsin-group-photo-300x170.jpeg 300w, https:\/\/amberadvocate.org\/wp-content\/uploads\/2023\/10\/Wisconsin-group-photo-1024x580.jpeg 1024w, https:\/\/amberadvocate.org\/wp-content\/uploads\/2023\/10\/Wisconsin-group-photo-768x435.jpeg 768w, https:\/\/amberadvocate.org\/wp-content\/uploads\/2023\/10\/Wisconsin-group-photo-1536x870.jpeg 1536w, https:\/\/amberadvocate.org\/wp-content\/uploads\/2023\/10\/Wisconsin-group-photo-2048x1160.jpeg 2048w\" sizes=\"(max-width: 2560px) 100vw, 2560px\" \/><figcaption id=\"caption-attachment-20366\" class=\"wp-caption-text\">En la presentaci\u00f3n de las Herramientas Tecnol\u00f3gicas de la Alerta AMBER de AATTAP en el Pa\u00eds Indio, celebrada el 12 de octubre de 2023 en Oneida, Wisconsin:<br \/>\n<strong>PRIMERA FILA <\/strong><em>desde la izquierda<\/em>:<br \/>\n<strong>Tyesha Wood<\/strong>, Directora del Programa AATTAP-AIIC;<br \/>\n<strong>Valerie Bribiescas<\/strong>, Coordinadora del Programa AATTAP-AIIC; Teniente<br \/>\n<strong>Mary Creapeau<\/strong>, Polic\u00eda Tribal de Stockbridge Munsee; <strong>Jenniffer Price-Lehmann<\/strong>, Directora del Programa AATTAP; <strong>Todd M. Otradovec Sr.<\/strong>, Jefe Adjunto, Polic\u00eda Tribal de Menominee; Jefe <strong>Jessie Hall<\/strong>, Polic\u00eda Tribal de Red Cliff; y <strong>Janell Rasmussen<\/strong>, Administradora de AATTAP.<br \/>\n<strong>SEGUNDA FILA <\/strong><em>desde la izquierda<\/em>:<br \/>\n<strong>Chuck Fleeger<\/strong>, Enlace AATTAP Regi\u00f3n 3;<br \/>\n<strong>Chad Racine<\/strong>, Agente Especial, DOJ\/DCI de Wisconsin; Jefe Eric Boulanger, Polic\u00eda de la Naci\u00f3n Oneida; Jefe<br \/>\n<strong>Timothy DeBrot<\/strong>, Polic\u00eda Tribal de Lac Courte Oreilles; Supervisor de Despacho          <strong>Nicole Reiter<\/strong>, Polic\u00eda de la Naci\u00f3n Oneida; <strong>Melissa Marchant<\/strong>, Coordinadora de la Alerta AMBER\/Gerente del Centro de Intercambio de Informaci\u00f3n sobre Personas Desaparecidas, DOJ\/DCI de Wisconsin; Detective <strong>George Hopfensperger<\/strong>, Polic\u00eda Tribal de Lac Du Flambeau; <strong>Jim Hoffman<\/strong>, Coordinador de Inteligencia del NADGI; y el Jefe <strong>Keith Tourtillott<\/strong>, Polic\u00eda Tribal de Menominee.<\/figcaption><\/figure>\n<p><em>Por Denise Gee Peacock<\/em> El Programa de Formaci\u00f3n y Asistencia T\u00e9cnica sobre Alerta AMBER<a href=\"https:\/\/amberadvocate.org\/es\/\">(AATTAP<\/a>)\/Iniciativa de Alerta AMBER en el Pa\u00eds Indio<a href=\"https:\/\/www.amber-ic.org\/\">(AIIC<\/a>) present\u00f3 recientemente los Technology Toolkits a seis Naciones Tribales de Wisconsin durante una reuni\u00f3n trimestral de la Junta Consultiva <a href=\"https:\/\/indigenousgov.hks.harvard.edu\/publications\/native-american-drug-and-gang-initiative-task-force-intertribal-nations\">del Grupo de Trabajo de la Iniciativa contra las Drogas y las Bandas de los Nativos Americanos<\/a> en la Jefatura de Polic\u00eda de la Naci\u00f3n Ind\u00edgena Oneida, en Oneida.<br \/>\nCada <a href=\"https:\/\/www.amber-ic.org\/technology-toolkits\/\">kit tecnol\u00f3gico<\/a>duradero y port\u00e1til <a href=\"https:\/\/www.amber-ic.org\/technology-toolkits\/\">, que contiene<\/a>un ordenador port\u00e1til robusto, una c\u00e1mara web, una c\u00e1mara digital, un esc\u00e1ner y un dispositivo de punto de acceso con seis meses gratuitos de WiFi (en colaboraci\u00f3n con la Autoridad FirstNet y AT&amp;T), est\u00e1 dise\u00f1ado para ayudar a las tribus a trabajar sobre el terreno con mayor rapidez y eficacia en las investigaciones sobre menores desaparecidos.<br \/>\nLa financiaci\u00f3n de los Toolkits, que se ofrecen a cualquier Tribu reconocida federalmente, procede del Departamento de Justicia de EE.UU. y de la <a href=\"https:\/\/operationladyjustice.usdoj.gov\/sites\/g\/files\/xyckuh281\/files\/media\/document\/oljamberalert.pdf\">Ley<\/a> Ashlynne Mike de <a href=\"https:\/\/operationladyjustice.usdoj.gov\/sites\/g\/files\/xyckuh281\/files\/media\/document\/oljamberalert.pdf\">Alerta AMBER en el Pa\u00eds Indio<\/a> de 2018. <div  id=\"jtg-20345\" class=\"modula modula-gallery modula-custom-grid\" data-config=\"{&quot;height&quot;:0,&quot;tabletHeight&quot;:0,&quot;mobileHeight&quot;:0,&quot;desktopHeight&quot;:0,&quot;enableTwitter&quot;:false,&quot;enableWhatsapp&quot;:false,&quot;enableFacebook&quot;:false,&quot;enablePinterest&quot;:false,&quot;enableLinkedin&quot;:false,&quot;enableEmail&quot;:false,&quot;randomFactor&quot;:0,&quot;type&quot;:&quot;custom-grid&quot;,&quot;columns&quot;:12,&quot;gutter&quot;:10,&quot;mobileGutter&quot;:10,&quot;tabletGutter&quot;:10,&quot;desktopGutter&quot;:10,&quot;enableResponsive&quot;:&quot;0&quot;,&quot;tabletColumns&quot;:&quot;2&quot;,&quot;mobileColumns&quot;:&quot;1&quot;,&quot;lazyLoad&quot;:0,&quot;lightboxOpts&quot;:{&quot;animated&quot;:true,&quot;Thumbs&quot;:{&quot;type&quot;:&quot;modern&quot;,&quot;showOnStart&quot;:false},&quot;Toolbar&quot;:{&quot;display&quot;:{&quot;right&quot;:[&quot;close&quot;]},&quot;enabled&quot;:true},&quot;Carousel&quot;:{&quot;Panzoom&quot;:{&quot;touch&quot;:true},&quot;infinite&quot;:false},&quot;keyboard&quot;:{&quot;Escape&quot;:&quot;close&quot;,&quot;Delete&quot;:&quot;close&quot;,&quot;Backspace&quot;:&quot;close&quot;,&quot;PageUp&quot;:false,&quot;PageDown&quot;:false,&quot;ArrowUp&quot;:false,&quot;ArrowDown&quot;:false,&quot;ArrowRight&quot;:false,&quot;ArrowLeft&quot;:false},&quot;touch&quot;:false,&quot;backdropClick&quot;:false,&quot;l10n&quot;:{&quot;CLOSE&quot;:&quot;Close&quot;,&quot;NEXT&quot;:&quot;Next&quot;,&quot;PREV&quot;:&quot;Previous&quot;,&quot;Error&quot;:&quot;The requested content cannot be loaded. Please try again later.&quot;,&quot;PLAY_START&quot;:&quot;Start slideshow&quot;,&quot;PLAY_STOP&quot;:&quot;Pause slideshow&quot;,&quot;FULL_SCREEN&quot;:&quot;Full screen&quot;,&quot;THUMBS&quot;:&quot;Thumbnails&quot;,&quot;DOWNLOAD&quot;:&quot;Download&quot;,&quot;SHARE&quot;:&quot;Share&quot;,&quot;ZOOM&quot;:&quot;Zoom&quot;,&quot;EMAIL&quot;:&quot;Here is the link to the image : %%image_link%% and this is the link to the gallery : %%gallery_link%%&quot;,&quot;MODAL&quot;:&quot;You can close this modal content with the ESC key&quot;,&quot;ERROR&quot;:&quot;Something Went Wrong, Please Try Again Later&quot;,&quot;IMAGE_ERROR&quot;:&quot;Image Not Found&quot;,&quot;ELEMENT_NOT_FOUND&quot;:&quot;HTML Element Not Found&quot;,&quot;AJAX_NOT_FOUND&quot;:&quot;Error Loading AJAX : Not Found&quot;,&quot;AJAX_FORBIDDEN&quot;:&quot;Error Loading AJAX : Forbidden&quot;,&quot;IFRAME_ERROR&quot;:&quot;Error Loading Page&quot;,&quot;TOGGLE_ZOOM&quot;:&quot;Toggle zoom level&quot;,&quot;TOGGLE_THUMBS&quot;:&quot;Toggle thumbnails&quot;,&quot;TOGGLE_SLIDESHOW&quot;:&quot;Toggle slideshow&quot;,&quot;TOGGLE_FULLSCREEN&quot;:&quot;Toggle full-screen mode&quot;},&quot;Images&quot;:{&quot;Panzoom&quot;:{&quot;maxScale&quot;:2}},&quot;mainClass&quot;:&quot;modula-fancybox-container modula-lightbox-jtg-20345&quot;,&quot;Html&quot;:{&quot;videoAutoplay&quot;:0,&quot;videoTpl&quot;:&quot;&lt;video class=\\&quot;fancybox__html5video\\&quot; controls muted playsinline controlsList controlsList=\\&quot;nodownload\\&quot; poster=\\&quot;{{poster}}\\&quot; src=\\&quot;{{src}}\\&quot; type=\\&quot;{{format}}\\&quot; &gt;  Sorry, your browser doesn&#039;t support embedded videos, &lt;a href=\\&quot;{{src}}\\&quot;&gt; download &lt;\\\/a&gt; and watch with your favorite video player! &lt;\\\/video&gt;&quot;}},&quot;inView&quot;:false,&quot;email_subject&quot;:&quot;Check out this awesome image !!&quot;,&quot;email_message&quot;:&quot;Here is the link to the image : %%image_link%% and this is the link to the gallery : %%gallery_link%%&quot;,&quot;lightbox&quot;:&quot;fancybox&quot;}\">\n\n\t\n\t<div  class=\"modula-items\">\n\t\t<div class=\"modula-item effect-pufrobo\" data-width=\"2\" data-height=\"2\" >\n\t<div class=\"modula-item-overlay\"><\/div>\n\n\t<div class=\"modula-item-content\">\n\n\t\t<a data-image-id=\"20310\" role=\"button\" tabindex=\"0\" rel=\"jtg-20345\" data-caption=\"Oneida Nation Police Chief Eric Boulanger, left, with Assistant Chief of Police Joel Maxam and Dispatch Supervisor Nicole Reiter\" aria-label=\"Open image in lightbox\" class=\"tile-inner modula-item-link\"><\/a><img decoding=\"async\" class=\"pic wp-image-20310\"  data-valign=\"middle\" data-halign=\"center\" alt=\"From left: Oneida Nation Police Chief Eric Boulanger; Assistant Chief of Police Joel Maxam; and Dispatch Supervisor Nicole Reiter.\" data-full=\"https:\/\/amberadvocate.org\/wp-content\/uploads\/2023\/10\/IMG_2035.jpeg\" title=\"IMG_2035\" crop=\"\" width=\"225\" height=\"300\" src=\"https:\/\/amberadvocate.org\/wp-content\/uploads\/2023\/10\/IMG_2035-225x300.jpeg\" data-src=\"https:\/\/amberadvocate.org\/wp-content\/uploads\/2023\/10\/IMG_2035-225x300.jpeg\" data-caption=\"Oneida Nation Police Chief Eric Boulanger, left, with Assistant Chief of Police Joel Maxam and Dispatch Supervisor Nicole Reiter\" srcset=\"https:\/\/amberadvocate.org\/wp-content\/uploads\/2023\/10\/IMG_2035-scaled.jpeg 1920w, https:\/\/amberadvocate.org\/wp-content\/uploads\/2023\/10\/IMG_2035-scaled-225x300.jpeg 225w, https:\/\/amberadvocate.org\/wp-content\/uploads\/2023\/10\/IMG_2035-768x1024.jpeg 768w, https:\/\/amberadvocate.org\/wp-content\/uploads\/2023\/10\/IMG_2035-1152x1536.jpeg 1152w, https:\/\/amberadvocate.org\/wp-content\/uploads\/2023\/10\/IMG_2035-1536x2048.jpeg 1536w\" sizes=\"(max-width: 225px) 100vw, 225px\" \/>\n\t\t<div class=\"figc\">\n\t\t\t<div class=\"figc-inner\">\n\t\t\t\t\t\t\t\t\t\t\t\t\t<div class=\"jtg-description\">Oneida Nation Police Chief Eric Boulanger, left, with Assistant Chief of Police Joel Maxam and Dispatch Supervisor Nicole Reiter<\/div>\n\t\t\t\t\t\t\t\t\t\t\t<\/div>\n\t\t<\/div>\n\n\t<\/div>\n\n<\/div><div class=\"modula-item effect-pufrobo\" data-width=\"2\" data-height=\"2\" >\n\t<div class=\"modula-item-overlay\"><\/div>\n\n\t<div class=\"modula-item-content\">\n\n\t\t<a data-image-id=\"20308\" role=\"button\" tabindex=\"0\" rel=\"jtg-20345\" data-caption=\"Lac Du Flambeau Tribal Police Detective George Hopfensperger\" aria-label=\"Open image in lightbox\" class=\"tile-inner modula-item-link\"><\/a><img decoding=\"async\" class=\"pic wp-image-20308\"  data-valign=\"middle\" data-halign=\"center\" alt=\"Lac Du Flambeau Tribal Police Detective George Hopfensperger\" data-full=\"https:\/\/amberadvocate.org\/wp-content\/uploads\/2023\/10\/IMG_2025.jpeg\" title=\"IMG_2025\" crop=\"\" width=\"225\" height=\"300\" src=\"https:\/\/amberadvocate.org\/wp-content\/uploads\/2023\/10\/IMG_2025-225x300.jpeg\" data-src=\"https:\/\/amberadvocate.org\/wp-content\/uploads\/2023\/10\/IMG_2025-225x300.jpeg\" data-caption=\"Lac Du Flambeau Tribal Police Detective George Hopfensperger\" srcset=\"https:\/\/amberadvocate.org\/wp-content\/uploads\/2023\/10\/IMG_2025-scaled.jpeg 1920w, https:\/\/amberadvocate.org\/wp-content\/uploads\/2023\/10\/IMG_2025-scaled-225x300.jpeg 225w, https:\/\/amberadvocate.org\/wp-content\/uploads\/2023\/10\/IMG_2025-768x1024.jpeg 768w, https:\/\/amberadvocate.org\/wp-content\/uploads\/2023\/10\/IMG_2025-1152x1536.jpeg 1152w, https:\/\/amberadvocate.org\/wp-content\/uploads\/2023\/10\/IMG_2025-1536x2048.jpeg 1536w\" sizes=\"(max-width: 225px) 100vw, 225px\" \/>\n\t\t<div class=\"figc\">\n\t\t\t<div class=\"figc-inner\">\n\t\t\t\t\t\t\t\t\t\t\t\t\t<div class=\"jtg-description\">Lac Du Flambeau Tribal Police Detective George Hopfensperger<\/div>\n\t\t\t\t\t\t\t\t\t\t\t<\/div>\n\t\t<\/div>\n\n\t<\/div>\n\n<\/div><div class=\"modula-item effect-pufrobo\" data-width=\"2\" data-height=\"2\" >\n\t<div class=\"modula-item-overlay\"><\/div>\n\n\t<div class=\"modula-item-content\">\n\n\t\t<a data-image-id=\"20307\" role=\"button\" tabindex=\"0\" rel=\"jtg-20345\" data-caption=\"Lieutenant Mary Creapeau, Stockbridge Munsee Tribal Police\" aria-label=\"Open image in lightbox\" class=\"tile-inner modula-item-link\"><\/a><img decoding=\"async\" class=\"pic wp-image-20307\"  data-valign=\"middle\" data-halign=\"center\" alt=\"\" data-full=\"https:\/\/amberadvocate.org\/wp-content\/uploads\/2023\/10\/IMG_2022.jpeg\" title=\"IMG_2022\" crop=\"\" width=\"225\" height=\"300\" src=\"https:\/\/amberadvocate.org\/wp-content\/uploads\/2023\/10\/IMG_2022-225x300.jpeg\" data-src=\"https:\/\/amberadvocate.org\/wp-content\/uploads\/2023\/10\/IMG_2022-225x300.jpeg\" data-caption=\"Lieutenant Mary Creapeau, Stockbridge Munsee Tribal Police\" srcset=\"https:\/\/amberadvocate.org\/wp-content\/uploads\/2023\/10\/IMG_2022-scaled.jpeg 1920w, https:\/\/amberadvocate.org\/wp-content\/uploads\/2023\/10\/IMG_2022-scaled-225x300.jpeg 225w, https:\/\/amberadvocate.org\/wp-content\/uploads\/2023\/10\/IMG_2022-768x1024.jpeg 768w, https:\/\/amberadvocate.org\/wp-content\/uploads\/2023\/10\/IMG_2022-1152x1536.jpeg 1152w, https:\/\/amberadvocate.org\/wp-content\/uploads\/2023\/10\/IMG_2022-1536x2048.jpeg 1536w\" sizes=\"(max-width: 225px) 100vw, 225px\" \/>\n\t\t<div class=\"figc\">\n\t\t\t<div class=\"figc-inner\">\n\t\t\t\t\t\t\t\t\t\t\t\t\t<div class=\"jtg-description\">Lieutenant Mary Creapeau, Stockbridge Munsee Tribal Police<\/div>\n\t\t\t\t\t\t\t\t\t\t\t<\/div>\n\t\t<\/div>\n\n\t<\/div>\n\n<\/div><div class=\"modula-item effect-pufrobo\" data-width=\"2\" data-height=\"2\" >\n\t<div class=\"modula-item-overlay\"><\/div>\n\n\t<div class=\"modula-item-content\">\n\n\t\t<a data-image-id=\"20306\" role=\"button\" tabindex=\"0\" rel=\"jtg-20345\" data-caption=\"Menominee Tribal Police Chief Keith Tourtillott\" aria-label=\"Open image in lightbox\" class=\"tile-inner modula-item-link\"><\/a><img decoding=\"async\" class=\"pic wp-image-20306\"  data-valign=\"middle\" data-halign=\"center\" alt=\"Menominee Tribal Police Chief Keith Tourtillott.\" data-full=\"https:\/\/amberadvocate.org\/wp-content\/uploads\/2023\/10\/IMG_2018.jpeg\" title=\"IMG_2018\" crop=\"\" width=\"225\" height=\"300\" src=\"https:\/\/amberadvocate.org\/wp-content\/uploads\/2023\/10\/IMG_2018-225x300.jpeg\" data-src=\"https:\/\/amberadvocate.org\/wp-content\/uploads\/2023\/10\/IMG_2018-225x300.jpeg\" data-caption=\"Menominee Tribal Police Chief Keith Tourtillott\" srcset=\"https:\/\/amberadvocate.org\/wp-content\/uploads\/2023\/10\/IMG_2018-scaled.jpeg 1920w, https:\/\/amberadvocate.org\/wp-content\/uploads\/2023\/10\/IMG_2018-scaled-225x300.jpeg 225w, https:\/\/amberadvocate.org\/wp-content\/uploads\/2023\/10\/IMG_2018-768x1024.jpeg 768w, https:\/\/amberadvocate.org\/wp-content\/uploads\/2023\/10\/IMG_2018-1152x1536.jpeg 1152w, https:\/\/amberadvocate.org\/wp-content\/uploads\/2023\/10\/IMG_2018-1536x2048.jpeg 1536w\" sizes=\"(max-width: 225px) 100vw, 225px\" \/>\n\t\t<div class=\"figc\">\n\t\t\t<div class=\"figc-inner\">\n\t\t\t\t\t\t\t\t\t\t\t\t\t<div class=\"jtg-description\">Menominee Tribal Police Chief Keith Tourtillott<\/div>\n\t\t\t\t\t\t\t\t\t\t\t<\/div>\n\t\t<\/div>\n\n\t<\/div>\n\n<\/div><div class=\"modula-item effect-pufrobo\" data-width=\"2\" data-height=\"2\" >\n\t<div class=\"modula-item-overlay\"><\/div>\n\n\t<div class=\"modula-item-content\">\n\n\t\t<a data-image-id=\"20305\" role=\"button\" tabindex=\"0\" rel=\"jtg-20345\" data-caption=\"Lac Courte Oreilles Tribal Police Chief Timothy DeBrot\" aria-label=\"Open image in lightbox\" class=\"tile-inner modula-item-link\"><\/a><img decoding=\"async\" class=\"pic wp-image-20305\"  data-valign=\"middle\" data-halign=\"center\" alt=\"11) Lac Courte Oreilles Tribal Police Chief Timothy DeBrot.\" data-full=\"https:\/\/amberadvocate.org\/wp-content\/uploads\/2023\/10\/IMG_2012.jpeg\" title=\"IMG_2012\" crop=\"\" width=\"225\" height=\"300\" src=\"https:\/\/amberadvocate.org\/wp-content\/uploads\/2023\/10\/IMG_2012-225x300.jpeg\" data-src=\"https:\/\/amberadvocate.org\/wp-content\/uploads\/2023\/10\/IMG_2012-225x300.jpeg\" data-caption=\"Lac Courte Oreilles Tribal Police Chief Timothy DeBrot\" srcset=\"https:\/\/amberadvocate.org\/wp-content\/uploads\/2023\/10\/IMG_2012-scaled.jpeg 1920w, https:\/\/amberadvocate.org\/wp-content\/uploads\/2023\/10\/IMG_2012-scaled-225x300.jpeg 225w, https:\/\/amberadvocate.org\/wp-content\/uploads\/2023\/10\/IMG_2012-768x1024.jpeg 768w, https:\/\/amberadvocate.org\/wp-content\/uploads\/2023\/10\/IMG_2012-1152x1536.jpeg 1152w, https:\/\/amberadvocate.org\/wp-content\/uploads\/2023\/10\/IMG_2012-1536x2048.jpeg 1536w\" sizes=\"(max-width: 225px) 100vw, 225px\" \/>\n\t\t<div class=\"figc\">\n\t\t\t<div class=\"figc-inner\">\n\t\t\t\t\t\t\t\t\t\t\t\t\t<div class=\"jtg-description\">Lac Courte Oreilles Tribal Police Chief Timothy DeBrot<\/div>\n\t\t\t\t\t\t\t\t\t\t\t<\/div>\n\t\t<\/div>\n\n\t<\/div>\n\n<\/div><div class=\"modula-item effect-pufrobo\" data-width=\"2\" data-height=\"2\" >\n\t<div class=\"modula-item-overlay\"><\/div>\n\n\t<div class=\"modula-item-content\">\n\n\t\t<a data-image-id=\"20304\" role=\"button\" tabindex=\"0\" rel=\"jtg-20345\" data-caption=\"Red Cliff Tribal Police Chief Jessie Hall\" aria-label=\"Open image in lightbox\" class=\"tile-inner modula-item-link\"><\/a><img decoding=\"async\" class=\"pic wp-image-20304\"  data-valign=\"middle\" data-halign=\"center\" alt=\"Chief Jessie Hall, Red Cliff Tribal Police.\" data-full=\"https:\/\/amberadvocate.org\/wp-content\/uploads\/2023\/10\/IMG_2008.jpeg\" title=\"IMG_2008\" crop=\"\" width=\"225\" height=\"300\" src=\"https:\/\/amberadvocate.org\/wp-content\/uploads\/2023\/10\/IMG_2008-225x300.jpeg\" data-src=\"https:\/\/amberadvocate.org\/wp-content\/uploads\/2023\/10\/IMG_2008-225x300.jpeg\" data-caption=\"Red Cliff Tribal Police Chief Jessie Hall\" srcset=\"https:\/\/amberadvocate.org\/wp-content\/uploads\/2023\/10\/IMG_2008-scaled.jpeg 1920w, https:\/\/amberadvocate.org\/wp-content\/uploads\/2023\/10\/IMG_2008-scaled-225x300.jpeg 225w, https:\/\/amberadvocate.org\/wp-content\/uploads\/2023\/10\/IMG_2008-768x1024.jpeg 768w, https:\/\/amberadvocate.org\/wp-content\/uploads\/2023\/10\/IMG_2008-1152x1536.jpeg 1152w, https:\/\/amberadvocate.org\/wp-content\/uploads\/2023\/10\/IMG_2008-1536x2048.jpeg 1536w\" sizes=\"(max-width: 225px) 100vw, 225px\" \/>\n\t\t<div class=\"figc\">\n\t\t\t<div class=\"figc-inner\">\n\t\t\t\t\t\t\t\t\t\t\t\t\t<div class=\"jtg-description\">Red Cliff Tribal Police Chief Jessie Hall<\/div>\n\t\t\t\t\t\t\t\t\t\t\t<\/div>\n\t\t<\/div>\n\n\t<\/div>\n\n<\/div><div class=\"modula-item effect-pufrobo\" data-width=\"2\" data-height=\"2\" >\n\t<div class=\"modula-item-overlay\"><\/div>\n\n\t<div class=\"modula-item-content\">\n\n\t\t<a data-image-id=\"20301\" role=\"button\" tabindex=\"0\" rel=\"jtg-20345\" data-caption=\"Melissa Marchant and Chad Racine with the Wisconsin DOJ\/DCI\" aria-label=\"Open image in lightbox\" class=\"tile-inner modula-item-link\"><\/a><img decoding=\"async\" class=\"pic wp-image-20301\"  data-valign=\"middle\" data-halign=\"center\" alt=\"Melissa Marchant and Chad Racine with the Wisconsin DOJ\/DCI.\" data-full=\"https:\/\/amberadvocate.org\/wp-content\/uploads\/2023\/10\/IMG_2046.jpeg\" title=\"IMG_2046\" crop=\"\" width=\"300\" height=\"225\" src=\"https:\/\/amberadvocate.org\/wp-content\/uploads\/2023\/10\/IMG_2046-300x225.jpeg\" data-src=\"https:\/\/amberadvocate.org\/wp-content\/uploads\/2023\/10\/IMG_2046-300x225.jpeg\" data-caption=\"Melissa Marchant and Chad Racine with the Wisconsin DOJ\/DCI\" srcset=\"https:\/\/amberadvocate.org\/wp-content\/uploads\/2023\/10\/IMG_2046-scaled.jpeg 2560w, https:\/\/amberadvocate.org\/wp-content\/uploads\/2023\/10\/IMG_2046-scaled-300x225.jpeg 300w, https:\/\/amberadvocate.org\/wp-content\/uploads\/2023\/10\/IMG_2046-1024x768.jpeg 1024w, https:\/\/amberadvocate.org\/wp-content\/uploads\/2023\/10\/IMG_2046-768x576.jpeg 768w, https:\/\/amberadvocate.org\/wp-content\/uploads\/2023\/10\/IMG_2046-1536x1152.jpeg 1536w, https:\/\/amberadvocate.org\/wp-content\/uploads\/2023\/10\/IMG_2046-2048x1536.jpeg 2048w, https:\/\/amberadvocate.org\/wp-content\/uploads\/2023\/10\/IMG_2046-scaled-800x600.jpeg 800w, https:\/\/amberadvocate.org\/wp-content\/uploads\/2023\/10\/IMG_2046-scaled-620x465.jpeg 620w, https:\/\/amberadvocate.org\/wp-content\/uploads\/2023\/10\/IMG_2046-scaled-400x300.jpeg 400w\" sizes=\"(max-width: 300px) 100vw, 300px\" \/>\n\t\t<div class=\"figc\">\n\t\t\t<div class=\"figc-inner\">\n\t\t\t\t\t\t\t\t\t\t\t\t\t<div class=\"jtg-description\">Melissa Marchant and Chad Racine with the Wisconsin DOJ\/DCI<\/div>\n\t\t\t\t\t\t\t\t\t\t\t<\/div>\n\t\t<\/div>\n\n\t<\/div>\n\n<\/div><div class=\"modula-item effect-pufrobo\" data-width=\"2\" data-height=\"2\" >\n\t<div class=\"modula-item-overlay\"><\/div>\n\n\t<div class=\"modula-item-content\">\n\n\t\t<a data-image-id=\"20298\" role=\"button\" tabindex=\"0\" rel=\"jtg-20345\" data-caption=\"Oneida Nation Police Chief Eric Boulanger, center, meets with the AATTAP&#039;s AMBER in Indian Country team Tyesha Wood, left, and Valerie Bribiescas.\" aria-label=\"Open image in lightbox\" class=\"tile-inner modula-item-link\"><\/a><img decoding=\"async\" class=\"pic wp-image-20298\"  data-valign=\"middle\" data-halign=\"center\" alt=\"Oneida Nation Police Chief Eric Boulanger, center, meets with the AATTAP\/AIIC team Tyesha Wood, left, and Valerie Bribiescas.\" data-full=\"https:\/\/amberadvocate.org\/wp-content\/uploads\/2023\/10\/IMG_1953.jpeg\" title=\"IMG_1953\" crop=\"\" width=\"300\" height=\"225\" src=\"https:\/\/amberadvocate.org\/wp-content\/uploads\/2023\/10\/IMG_1953-300x225.jpeg\" data-src=\"https:\/\/amberadvocate.org\/wp-content\/uploads\/2023\/10\/IMG_1953-300x225.jpeg\" data-caption=\"Oneida Nation Police Chief Eric Boulanger, center, meets with the AATTAP&#039;s AMBER in Indian Country team Tyesha Wood, left, and Valerie Bribiescas.\" srcset=\"https:\/\/amberadvocate.org\/wp-content\/uploads\/2023\/10\/IMG_1953-scaled.jpeg 2560w, https:\/\/amberadvocate.org\/wp-content\/uploads\/2023\/10\/IMG_1953-scaled-300x225.jpeg 300w, https:\/\/amberadvocate.org\/wp-content\/uploads\/2023\/10\/IMG_1953-1024x768.jpeg 1024w, https:\/\/amberadvocate.org\/wp-content\/uploads\/2023\/10\/IMG_1953-768x576.jpeg 768w, https:\/\/amberadvocate.org\/wp-content\/uploads\/2023\/10\/IMG_1953-1536x1152.jpeg 1536w, https:\/\/amberadvocate.org\/wp-content\/uploads\/2023\/10\/IMG_1953-2048x1536.jpeg 2048w, https:\/\/amberadvocate.org\/wp-content\/uploads\/2023\/10\/IMG_1953-scaled-800x600.jpeg 800w, https:\/\/amberadvocate.org\/wp-content\/uploads\/2023\/10\/IMG_1953-scaled-620x465.jpeg 620w, https:\/\/amberadvocate.org\/wp-content\/uploads\/2023\/10\/IMG_1953-scaled-400x300.jpeg 400w\" sizes=\"(max-width: 300px) 100vw, 300px\" \/>\n\t\t<div class=\"figc\">\n\t\t\t<div class=\"figc-inner\">\n\t\t\t\t\t\t\t\t\t\t\t\t\t<div class=\"jtg-description\">Oneida Nation Police Chief Eric Boulanger, center, meets with the AATTAP's AMBER in Indian Country team Tyesha Wood, left, and Valerie Bribiescas.<\/div>\n\t\t\t\t\t\t\t\t\t\t\t<\/div>\n\t\t<\/div>\n\n\t<\/div>\n\n<\/div><div class=\"modula-item effect-pufrobo\" data-width=\"2\" data-height=\"2\" >\n\t<div class=\"modula-item-overlay\"><\/div>\n\n\t<div class=\"modula-item-content\">\n\n\t\t<a data-image-id=\"20329\" role=\"button\" tabindex=\"0\" rel=\"jtg-20345\" data-caption=\"Oneida Nation Police Lieutenant Brandon Vande Hei, left, with his colleague, Lieutenant Justine Wheelock\" aria-label=\"Open image in lightbox\" class=\"tile-inner modula-item-link\"><\/a><img decoding=\"async\" class=\"pic wp-image-20329\"  data-valign=\"middle\" data-halign=\"center\" alt=\"Oneida Nation Police Lieutenant Brandon Vande Hei, left, with his colleague, Lieutenant Justine Wheelock.\" data-full=\"https:\/\/amberadvocate.org\/wp-content\/uploads\/2023\/10\/IMG_1888-copy.jpeg\" title=\"IMG_1888 copy\" crop=\"\" width=\"300\" height=\"241\" src=\"https:\/\/amberadvocate.org\/wp-content\/uploads\/2023\/10\/IMG_1888-copy-300x241.jpeg\" data-src=\"https:\/\/amberadvocate.org\/wp-content\/uploads\/2023\/10\/IMG_1888-copy-300x241.jpeg\" data-caption=\"Oneida Nation Police Lieutenant Brandon Vande Hei, left, with his colleague, Lieutenant Justine Wheelock\" srcset=\"https:\/\/amberadvocate.org\/wp-content\/uploads\/2023\/10\/IMG_1888-copy.jpeg 1627w, https:\/\/amberadvocate.org\/wp-content\/uploads\/2023\/10\/IMG_1888-copy-300x241.jpeg 300w, https:\/\/amberadvocate.org\/wp-content\/uploads\/2023\/10\/IMG_1888-copy-1024x823.jpeg 1024w, https:\/\/amberadvocate.org\/wp-content\/uploads\/2023\/10\/IMG_1888-copy-768x617.jpeg 768w, https:\/\/amberadvocate.org\/wp-content\/uploads\/2023\/10\/IMG_1888-copy-1536x1234.jpeg 1536w\" sizes=\"(max-width: 300px) 100vw, 300px\" \/>\n\t\t<div class=\"figc\">\n\t\t\t<div class=\"figc-inner\">\n\t\t\t\t\t\t\t\t\t\t\t\t\t<div class=\"jtg-description\">Oneida Nation Police Lieutenant Brandon Vande Hei, left, with his colleague, Lieutenant Justine Wheelock<\/div>\n\t\t\t\t\t\t\t\t\t\t\t<\/div>\n\t\t<\/div>\n\n\t<\/div>\n\n<\/div><div class=\"modula-item effect-pufrobo\" data-width=\"2\" data-height=\"2\" >\n\t<div class=\"modula-item-overlay\"><\/div>\n\n\t<div class=\"modula-item-content\">\n\n\t\t<a data-image-id=\"20303\" role=\"button\" tabindex=\"0\" rel=\"jtg-20345\" data-caption=\"Oneida Nation Police Lieutenant Justine Wheelock\" aria-label=\"Open image in lightbox\" class=\"tile-inner modula-item-link\"><\/a><img decoding=\"async\" class=\"pic wp-image-20303\"  data-valign=\"middle\" data-halign=\"center\" alt=\"Oneida Nation Police Lieutenant Justine Wheelock.\" data-full=\"https:\/\/amberadvocate.org\/wp-content\/uploads\/2023\/10\/z.-Oneida-Lt-Wheelock.jpeg\" title=\"z. Oneida Lt Wheelock\" crop=\"\" width=\"300\" height=\"267\" src=\"https:\/\/amberadvocate.org\/wp-content\/uploads\/2023\/10\/z.-Oneida-Lt-Wheelock-300x267.jpeg\" data-src=\"https:\/\/amberadvocate.org\/wp-content\/uploads\/2023\/10\/z.-Oneida-Lt-Wheelock-300x267.jpeg\" data-caption=\"Oneida Nation Police Lieutenant Justine Wheelock\" srcset=\"https:\/\/amberadvocate.org\/wp-content\/uploads\/2023\/10\/z.-Oneida-Lt-Wheelock-scaled.jpeg 2560w, https:\/\/amberadvocate.org\/wp-content\/uploads\/2023\/10\/z.-Oneida-Lt-Wheelock-scaled-300x267.jpeg 300w, https:\/\/amberadvocate.org\/wp-content\/uploads\/2023\/10\/z.-Oneida-Lt-Wheelock-1024x911.jpeg 1024w, https:\/\/amberadvocate.org\/wp-content\/uploads\/2023\/10\/z.-Oneida-Lt-Wheelock-768x683.jpeg 768w, https:\/\/amberadvocate.org\/wp-content\/uploads\/2023\/10\/z.-Oneida-Lt-Wheelock-1536x1367.jpeg 1536w, https:\/\/amberadvocate.org\/wp-content\/uploads\/2023\/10\/z.-Oneida-Lt-Wheelock-2048x1822.jpeg 2048w\" sizes=\"(max-width: 300px) 100vw, 300px\" \/>\n\t\t<div class=\"figc\">\n\t\t\t<div class=\"figc-inner\">\n\t\t\t\t\t\t\t\t\t\t\t\t\t<div class=\"jtg-description\">Oneida Nation Police Lieutenant Justine Wheelock<\/div>\n\t\t\t\t\t\t\t\t\t\t\t<\/div>\n\t\t<\/div>\n\n\t<\/div>\n\n<\/div><div class=\"modula-item effect-pufrobo\" data-width=\"2\" data-height=\"2\" >\n\t<div class=\"modula-item-overlay\"><\/div>\n\n\t<div class=\"modula-item-content\">\n\n\t\t<a data-image-id=\"20300\" role=\"button\" tabindex=\"0\" rel=\"jtg-20345\" data-caption=\"Menominee Tribal Police Chief Keith Tourtillott wears his jacket badge with honor\" aria-label=\"Open image in lightbox\" class=\"tile-inner modula-item-link\"><\/a><img decoding=\"async\" class=\"pic wp-image-20300\"  data-valign=\"middle\" data-halign=\"center\" alt=\"Menominee Tribal Police Chief Keith Tourtillott wears his jacket badge with honor.\" data-full=\"https:\/\/amberadvocate.org\/wp-content\/uploads\/2023\/10\/IMG_2036.jpeg\" title=\"IMG_2036\" crop=\"\" width=\"225\" height=\"300\" src=\"https:\/\/amberadvocate.org\/wp-content\/uploads\/2023\/10\/IMG_2036-225x300.jpeg\" data-src=\"https:\/\/amberadvocate.org\/wp-content\/uploads\/2023\/10\/IMG_2036-225x300.jpeg\" data-caption=\"Menominee Tribal Police Chief Keith Tourtillott wears his jacket badge with honor\" srcset=\"https:\/\/amberadvocate.org\/wp-content\/uploads\/2023\/10\/IMG_2036-scaled.jpeg 1920w, https:\/\/amberadvocate.org\/wp-content\/uploads\/2023\/10\/IMG_2036-scaled-225x300.jpeg 225w, https:\/\/amberadvocate.org\/wp-content\/uploads\/2023\/10\/IMG_2036-768x1024.jpeg 768w, https:\/\/amberadvocate.org\/wp-content\/uploads\/2023\/10\/IMG_2036-1152x1536.jpeg 1152w, https:\/\/amberadvocate.org\/wp-content\/uploads\/2023\/10\/IMG_2036-1536x2048.jpeg 1536w\" sizes=\"(max-width: 225px) 100vw, 225px\" \/>\n\t\t<div class=\"figc\">\n\t\t\t<div class=\"figc-inner\">\n\t\t\t\t\t\t\t\t\t\t\t\t\t<div class=\"jtg-description\">Menominee Tribal Police Chief Keith Tourtillott wears his jacket badge with honor<\/div>\n\t\t\t\t\t\t\t\t\t\t\t<\/div>\n\t\t<\/div>\n\n\t<\/div>\n\n<\/div><div class=\"modula-item effect-pufrobo\" data-width=\"2\" data-height=\"2\" >\n\t<div class=\"modula-item-overlay\"><\/div>\n\n\t<div class=\"modula-item-content\">\n\n\t\t<a data-image-id=\"20299\" role=\"button\" tabindex=\"0\" rel=\"jtg-20345\" data-caption=\"AATTAP\/AIIC Program Manager Tyesha Wood, left, talks with AATTAP Administrator Janell Rasmussen before the event.\" aria-label=\"Open image in lightbox\" class=\"tile-inner modula-item-link\"><\/a><img decoding=\"async\" class=\"pic wp-image-20299\"  data-valign=\"middle\" data-halign=\"center\" alt=\"AIIC Program Manager Tyesha Wood, left, talks with AATTAP Administrator Janell Rasmussen at the start of the event.\" data-full=\"https:\/\/amberadvocate.org\/wp-content\/uploads\/2023\/10\/IMG_1961.jpeg\" title=\"IMG_1961\" crop=\"\" width=\"225\" height=\"300\" src=\"https:\/\/amberadvocate.org\/wp-content\/uploads\/2023\/10\/IMG_1961-225x300.jpeg\" data-src=\"https:\/\/amberadvocate.org\/wp-content\/uploads\/2023\/10\/IMG_1961-225x300.jpeg\" data-caption=\"AATTAP\/AIIC Program Manager Tyesha Wood, left, talks with AATTAP Administrator Janell Rasmussen before the event.\" srcset=\"https:\/\/amberadvocate.org\/wp-content\/uploads\/2023\/10\/IMG_1961-scaled.jpeg 1920w, https:\/\/amberadvocate.org\/wp-content\/uploads\/2023\/10\/IMG_1961-scaled-225x300.jpeg 225w, https:\/\/amberadvocate.org\/wp-content\/uploads\/2023\/10\/IMG_1961-768x1024.jpeg 768w, https:\/\/amberadvocate.org\/wp-content\/uploads\/2023\/10\/IMG_1961-1152x1536.jpeg 1152w, https:\/\/amberadvocate.org\/wp-content\/uploads\/2023\/10\/IMG_1961-1536x2048.jpeg 1536w\" sizes=\"(max-width: 225px) 100vw, 225px\" \/>\n\t\t<div class=\"figc\">\n\t\t\t<div class=\"figc-inner\">\n\t\t\t\t\t\t\t\t\t\t\t\t\t<div class=\"jtg-description\">AATTAP\/AIIC Program Manager Tyesha Wood, left, talks with AATTAP Administrator Janell Rasmussen before the event.<\/div>\n\t\t\t\t\t\t\t\t\t\t\t<\/div>\n\t\t<\/div>\n\n\t<\/div>\n\n<\/div><div class=\"modula-item effect-pufrobo\" data-width=\"2\" data-height=\"2\" >\n\t<div class=\"modula-item-overlay\"><\/div>\n\n\t<div class=\"modula-item-content\">\n\n\t\t<a data-image-id=\"20302\" role=\"button\" tabindex=\"0\" rel=\"jtg-20345\" data-caption=\"AATTAP Administrator Janell Rasmussen discusses the Technology Toolkits at Oneida Nation Police Headquarters.\" aria-label=\"Open image in lightbox\" class=\"tile-inner modula-item-link\"><\/a><img decoding=\"async\" class=\"pic wp-image-20302\"  data-valign=\"middle\" data-halign=\"center\" alt=\"AATTAP Janell Rasmussen discusses the Technology Toolkits with meeting attendees at Oneida Nation Police Headquarters.\" data-full=\"https:\/\/amberadvocate.org\/wp-content\/uploads\/2023\/10\/Panorama.jpg\" title=\"Panorama\" crop=\"\" width=\"300\" height=\"167\" src=\"https:\/\/amberadvocate.org\/wp-content\/uploads\/2023\/10\/Panorama-300x167.jpg\" data-src=\"https:\/\/amberadvocate.org\/wp-content\/uploads\/2023\/10\/Panorama-300x167.jpg\" data-caption=\"AATTAP Administrator Janell Rasmussen discusses the Technology Toolkits at Oneida Nation Police Headquarters.\" srcset=\"https:\/\/amberadvocate.org\/wp-content\/uploads\/2023\/10\/Panorama-scaled.jpg 2560w, https:\/\/amberadvocate.org\/wp-content\/uploads\/2023\/10\/Panorama-scaled-300x167.jpg 300w, https:\/\/amberadvocate.org\/wp-content\/uploads\/2023\/10\/Panorama-1024x568.jpg 1024w, https:\/\/amberadvocate.org\/wp-content\/uploads\/2023\/10\/Panorama-768x426.jpg 768w, https:\/\/amberadvocate.org\/wp-content\/uploads\/2023\/10\/Panorama-1536x853.jpg 1536w, https:\/\/amberadvocate.org\/wp-content\/uploads\/2023\/10\/Panorama-2048x1137.jpg 2048w\" sizes=\"(max-width: 300px) 100vw, 300px\" \/>\n\t\t<div class=\"figc\">\n\t\t\t<div class=\"figc-inner\">\n\t\t\t\t\t\t\t\t\t\t\t\t\t<div class=\"jtg-description\">AATTAP Administrator Janell Rasmussen discusses the Technology Toolkits at Oneida Nation Police Headquarters.<\/div>\n\t\t\t\t\t\t\t\t\t\t\t<\/div>\n\t\t<\/div>\n\n\t<\/div>\n\n<\/div><div class=\"modula-item effect-pufrobo\" data-width=\"2\" data-height=\"2\" >\n\t<div class=\"modula-item-overlay\"><\/div>\n\n\t<div class=\"modula-item-content\">\n\n\t\t<a data-image-id=\"20297\" role=\"button\" tabindex=\"0\" rel=\"jtg-20345\" data-caption=\"AATTAP Region 3 Liaison Chuck Fleeger, left, with AATTAP Program Manager Jenniffer Price-Lehmann\" aria-label=\"Open image in lightbox\" class=\"tile-inner modula-item-link\"><\/a><img decoding=\"async\" class=\"pic wp-image-20297\"  data-valign=\"middle\" data-halign=\"center\" alt=\"AATTAP Region 3 Liaison Chuck Fleeger, left, with AATTAP Program Manager Jenniffer Price-Lehmann\" data-full=\"https:\/\/amberadvocate.org\/wp-content\/uploads\/2023\/10\/IMG_1900.jpeg\" title=\"IMG_1900\" crop=\"\" width=\"300\" height=\"292\" src=\"https:\/\/amberadvocate.org\/wp-content\/uploads\/2023\/10\/IMG_1900-300x292.jpeg\" data-src=\"https:\/\/amberadvocate.org\/wp-content\/uploads\/2023\/10\/IMG_1900-300x292.jpeg\" data-caption=\"AATTAP Region 3 Liaison Chuck Fleeger, left, with AATTAP Program Manager Jenniffer Price-Lehmann\" srcset=\"https:\/\/amberadvocate.org\/wp-content\/uploads\/2023\/10\/IMG_1900-scaled.jpeg 2560w, https:\/\/amberadvocate.org\/wp-content\/uploads\/2023\/10\/IMG_1900-scaled-300x292.jpeg 300w, https:\/\/amberadvocate.org\/wp-content\/uploads\/2023\/10\/IMG_1900-1024x996.jpeg 1024w, https:\/\/amberadvocate.org\/wp-content\/uploads\/2023\/10\/IMG_1900-768x747.jpeg 768w, https:\/\/amberadvocate.org\/wp-content\/uploads\/2023\/10\/IMG_1900-1536x1495.jpeg 1536w, https:\/\/amberadvocate.org\/wp-content\/uploads\/2023\/10\/IMG_1900-2048x1993.jpeg 2048w\" sizes=\"(max-width: 300px) 100vw, 300px\" \/>\n\t\t<div class=\"figc\">\n\t\t\t<div class=\"figc-inner\">\n\t\t\t\t\t\t\t\t\t\t\t\t\t<div class=\"jtg-description\">AATTAP Region 3 Liaison Chuck Fleeger, left, with AATTAP Program Manager Jenniffer Price-Lehmann<\/div>\n\t\t\t\t\t\t\t\t\t\t\t<\/div>\n\t\t<\/div>\n\n\t<\/div>\n\n<\/div>\t\t\n\t<\/div>\n\n\t\n\t\n\t<script type=\"application\/ld+json\">\n\t{\n\t\t\"@context\": \"http:\/\/schema.org\",\n\t\t\"@type\"   : \"ImageGallery\",\n\t\t\"id\"      : \"https:\/\/amberadvocate.org\/es\/caracteristica-ambar\/seis-tribus-de-wisconsin-reciben-conjuntos-de-herramientas-tecnologicas-amber-en-el-pais-indio\/\",\n\t\t\"url\"     : \"https:\/\/amberadvocate.org\/es\/caracteristica-ambar\/seis-tribus-de-wisconsin-reciben-conjuntos-de-herramientas-tecnologicas-amber-en-el-pais-indio\/\"\n\t}\n\n\t<\/script>\n\n\t\n<\/div>\n La iniciativa de los Toolkits se ide\u00f3 durante la pandemia, \u00abcuando vimos una importante necesidad de herramientas y recursos en el Pa\u00eds Indio que permitieran a las fuerzas del orden trabajar a distancia\u00bb, dijo la administradora de la AATTAP, Janell Rasmussen.<br \/>\n\u00abAlgunas Tribus no dispon\u00edan de c\u00e1mara web para participar en reuniones virtuales, o ten\u00edan problemas con la banda ancha o el acceso Wi-Fi, as\u00ed que decidimos reunir un Conjunto de Herramientas que pudiera ayudar en todo lo posible cuando desapareciera un menor en el Pa\u00eds Indio\u00bb. \u00abA menudo, cuando las fuerzas de seguridad tribales acuden a un domicilio para obtener una foto de un ni\u00f1o desaparecido, la foto que necesitan puede ser la \u00fanica que tienen, y no quieren entregarla porque quiz\u00e1 no la recuperen. La funci\u00f3n de esc\u00e1ner de la impresora ayuda a capturar una imagen digital de la foto y permite a la familia conservarla.\u00bb \u00abY con el punto de acceso que proporciona, esa foto puede transmitirse inmediatamente a quien est\u00e9 creando la Alerta para enviarla\u00bb, dijo la Directora del Programa AATTAP, Jenniffer Price-Lehmann, natural de Wisconsin y con d\u00e9cadas de experiencia de alto nivel en el cumplimiento de la ley en el estado.<br \/>\n\u00abEso supone un gran ahorro de tiempo, y todos sabemos lo cr\u00edtico que es el tiempo cuando se busca a un ni\u00f1o desaparecido\u00bb.<br \/>\nRasmussen tambi\u00e9n destac\u00f3 la formaci\u00f3n proporcionada por el equipo de Alerta AMBER en el Pa\u00eds Indio, dirigido por la Directora del Programa AATTAP\/AIIC, Tyesha Wood, y la Coordinadora del Programa AATTAP\/AIIC, Valerie Bribiescas, que hasta ahora han proporcionado m\u00e1s de 100 kits de herramientas a las naciones tribales e incontables horas de formaci\u00f3n y asistencia.<br \/>\nWood explic\u00f3 al grupo que \u00abla formaci\u00f3n en el Pa\u00eds Indio est\u00e1 totalmente adaptada a tus necesidades, y todas las formaciones son gratuitas, ya sean en l\u00ednea o presenciales\u00bb, dijo.<br \/>\n\u00abEn cuanto a las formaciones presenciales, tambi\u00e9n disponemos de becas de viaje para ayudar a la gente a asistir a cualquier sesi\u00f3n de formaci\u00f3n que aumente la respuesta de su organismo dentro de su comunidad tribal\u00bb.<br \/>\nRasmussen elogi\u00f3 a Wisconsin por su exitosa y proactiva labor para \u00abtender puentes de comunicaci\u00f3n\u00bb, se\u00f1alando a la asistente a la reuni\u00f3n Melissa Marchant, Coordinadora de la Alerta AMBER y Directora del Centro de Intercambio de Informaci\u00f3n sobre Personas Desaparecidas del Departamento de Justicia (DOJ)\/Divisi\u00f3n de Investigaci\u00f3n Criminal (DCI) de Wisconsin.<br \/>\n\u00abNo todas las tribus o estados disponen de un sistema o equipo tan din\u00e1mico para trabajar sin problemas durante una crisis de desaparici\u00f3n de menores. Por eso hemos estado trabajando con Tribus de todo el pa\u00eds para garantizar que las que no tienen acceso inmediato a los equipos o contactos necesarios para emitir una Alerta AMBER puedan estar preparadas antes de que se necesite una Alerta.\u00bb           <\/p>\n<blockquote>\n<p style=\"text-align: left;\"><img decoding=\"async\" class=\"wp-image-20296 alignleft\" src=\"https:\/\/amberadvocate.org\/wp-content\/uploads\/2023\/10\/AMBER-Alert-pin.png\" alt=\"Detalle del pin de solapa de Alerta AMBER.\" width=\"182\" height=\"192\" srcset=\"https:\/\/amberadvocate.org\/wp-content\/uploads\/2023\/10\/AMBER-Alert-pin.png 423w, https:\/\/amberadvocate.org\/wp-content\/uploads\/2023\/10\/AMBER-Alert-pin-285x300.png 285w\" sizes=\"(max-width: 182px) 100vw, 182px\" \/>\u00ab<strong>A fecha de hoy, <a href=\"https:\/\/www.missingkids.org\/amber\">1.146<\/a> ni\u00f1os han vuelto a casa sanos y salvos porque se emiti\u00f3 una Alerta AMBER, el p\u00fablico vio la Alerta y alguien ayud\u00f3 a las fuerzas de seguridad a que ese ni\u00f1o volviera a casa. As\u00ed que este programa funciona. Y funciona gracias a todo lo que hac\u00e9is para que funcione\u00bb. <span style=\"color: #808080;\">&#8211; Janell Rasmussen, Administradora de AATTAP<\/span><\/strong><\/p>\n<p>&nbsp;<\/p><\/blockquote>\n<hr>\n<p>La <strong>financiaci\u00f3n del proyecto de la AATTAP<\/strong> <a href=\"https:\/\/operationladyjustice.usdoj.gov\/sites\/g\/files\/xyckuh281\/files\/media\/document\/oljamberalert.pdf\">Alerta<\/a> <strong>AMBER en<\/strong> <a href=\"https:\/\/operationladyjustice.usdoj.gov\/sites\/g\/files\/xyckuh281\/files\/media\/document\/oljamberalert.pdf\">el Pa\u00eds Indio<\/a> <strong>Conjunto de herramientas tecnol\u00f3gicas<\/strong> procede del Departamento de Justicia de Estados Unidos y de la <a href=\"https:\/\/operationladyjustice.usdoj.gov\/sites\/g\/files\/xyckuh281\/files\/media\/document\/oljamberalert.pdf\">Ley<\/a> Ashlynne Mike de <a href=\"https:\/\/operationladyjustice.usdoj.gov\/sites\/g\/files\/xyckuh281\/files\/media\/document\/oljamberalert.pdf\">Alerta AMBER en el Pa\u00eds Indio<\/a> de 2018, aprobada casi dos a\u00f1os despu\u00e9s de que <a href=\"https:\/\/amberadvocate.org\/es\/caracteristica-ambar\/ley-de-ashlynne-ley-de-alerta-amber-en-el-pais-indio-de-2018\/#:~:text=A%20law%20born%20out%20of,children%20living%20on%20tribal%20lands.\">Ashlynne<\/a> fuera secuestrada y asesinada el 2 de mayo de 2016 cerca de Shiprock, Nuevo M\u00e9xico, en la Reserva de la Naci\u00f3n Navajo.<br \/>\nEn aquel momento, los agentes del orden de la Naci\u00f3n Navajo no dispon\u00edan de un plan de Alerta AMBER para avisar a las personas que viv\u00edan en la reserva de 27.000 millas cuadradas que se extiende desde Arizona hasta Utah.<br \/>\nA medida que avanzaba el caso de Ashlynne, salieron a la luz lagunas en la preparaci\u00f3n y coordinaci\u00f3n de la seguridad p\u00fablica para responder mejor a los casos de menores desaparecidos y secuestrados.<br \/>\nLa madre de Ashlynne<br \/>\n<a href=\"https:\/\/amberadvocate.org\/es\/caracteristica-ambar\/tuve-que-convertirme-en-una-mama-guerrera\/\">Pamela Foster<\/a>, presion\u00f3 a legisladores como el difunto senador John McCain, de Arizona, para que aprobaran la ley, que proporciona financiaci\u00f3n y formaci\u00f3n para aumentar la coordinaci\u00f3n de las fuerzas de seguridad, recursos nuevos y ampliados, y una esperanza renovada para la protecci\u00f3n de los ni\u00f1os que viven en tierras tribales de todo EE.UU. \u00abLa Naci\u00f3n Navajo ha trabajado muy duro para crear un incre\u00edble sistema de alerta en memoria de Ashlynn\u00bb, dijo Rasmussen. Tras eliminar confusiones y obst\u00e1culos jurisdiccionales, la Naci\u00f3n emite ahora sus propias Alertas. Y han dado lugar a recuperaciones satisfactorias de ni\u00f1os navajos. As\u00ed que esta iniciativa est\u00e1 funcionando definitivamente\u00bb.      <\/p>\n<blockquote><p><strong>\u00abTradicionalmente, la cooperaci\u00f3n entre las fuerzas del orden federales, estatales, locales y tribales no ha sido buena. As\u00ed que felicito a mis predecesores, que fueron capaces de sentar las bases de las s\u00f3lidas relaciones que tenemos en este estado, sobre las que seguimos construyendo. Sin eso no podr\u00edamos funcionar adecuadamente\u00bb.<\/strong> &#8211; <span style=\"color: #808080;\"><strong>Jefe de Polic\u00eda de la Naci\u00f3n Oneida Eric Boulanger<\/strong><\/span><\/p><\/blockquote>\n","protected":false},"excerpt":{"rendered":"<p>El Programa de Formaci\u00f3n y Asistencia T\u00e9cnica sobre Alertas AMBER (AATTAP)\/Iniciativa AMBER en el Pa\u00eds Indio (AIIC) ha presentado recientemente unas Herramientas Tecnol\u00f3gicas a seis Naciones Tribales de Wisconsin durante una reuni\u00f3n trimestral de la Junta Consultiva del Grupo de Trabajo de la Iniciativa sobre Drogas y Pandillas de los Nativos Americanos, celebrada en la Jefatura de Polic\u00eda de la Naci\u00f3n Oneida, en Oneida.<\/p>\n","protected":false},"author":532,"featured_media":28798,"comment_status":"closed","ping_status":"closed","sticky":false,"template":"","format":"standard","meta":{"_bbp_topic_count":0,"_bbp_reply_count":0,"_bbp_total_topic_count":0,"_bbp_total_reply_count":0,"_bbp_voice_count":0,"_bbp_anonymous_reply_count":0,"_bbp_topic_count_hidden":0,"_bbp_reply_count_hidden":0,"_bbp_forum_subforum_count":0,"_analytify_skip_tracking":false,"footnotes":""},"categories":[647,653],"tags":[],"class_list":["post-30672","post","type-post","status-publish","format-standard","has-post-thumbnail","hentry","category-caracteristica-ambar","category-pais-indio"],"meta_box":{"aa_theme_enable_blocks_editor":"","aa_theme_featured_img_position":""},"publishpress_future_workflow_manual_trigger":{"enabledWorkflows":[]},"_links":{"self":[{"href":"https:\/\/amberadvocate.org\/es\/wp-json\/wp\/v2\/posts\/30672","targetHints":{"allow":["GET"]}}],"collection":[{"href":"https:\/\/amberadvocate.org\/es\/wp-json\/wp\/v2\/posts"}],"about":[{"href":"https:\/\/amberadvocate.org\/es\/wp-json\/wp\/v2\/types\/post"}],"author":[{"embeddable":true,"href":"https:\/\/amberadvocate.org\/es\/wp-json\/wp\/v2\/users\/532"}],"replies":[{"embeddable":true,"href":"https:\/\/amberadvocate.org\/es\/wp-json\/wp\/v2\/comments?post=30672"}],"version-history":[{"count":0,"href":"https:\/\/amberadvocate.org\/es\/wp-json\/wp\/v2\/posts\/30672\/revisions"}],"wp:featuredmedia":[{"embeddable":true,"href":"https:\/\/amberadvocate.org\/es\/wp-json\/wp\/v2\/media\/28798"}],"wp:attachment":[{"href":"https:\/\/amberadvocate.org\/es\/wp-json\/wp\/v2\/media?parent=30672"}],"wp:term":[{"taxonomy":"category","embeddable":true,"href":"https:\/\/amberadvocate.org\/es\/wp-json\/wp\/v2\/categories?post=30672"},{"taxonomy":"post_tag","embeddable":true,"href":"https:\/\/amberadvocate.org\/es\/wp-json\/wp\/v2\/tags?post=30672"}],"curies":[{"name":"wp","href":"https:\/\/api.w.org\/{rel}","templated":true}]}}