{"id":30669,"date":"2024-01-26T18:55:17","date_gmt":"2024-01-27T00:55:17","guid":{"rendered":"https:\/\/amberadvocate.org\/sin-categorizar\/amber-alert-u-s-briefs-2024-numero-1\/"},"modified":"2025-11-01T14:15:12","modified_gmt":"2025-11-01T19:15:12","slug":"amber-alert-u-s-briefs-2024-numero-1","status":"publish","type":"post","link":"https:\/\/amberadvocate.org\/es\/alerta-amber-breves\/amber-alert-u-s-briefs-2024-numero-1\/","title":{"rendered":"AMBER Alert U.S. Briefs: 2024 N\u00famero 1"},"content":{"rendered":"<div id=\"pl-30669\"  class=\"panel-layout\" ><div id=\"pg-30669-0\"  class=\"panel-grid panel-no-style\" ><div id=\"pgc-30669-0-0\"  class=\"panel-grid-cell\" ><div id=\"panel-30669-0-0-0\" class=\"so-panel widget widget_siteorigin-panels-builder panel-first-child panel-last-child\" data-index=\"0\" ><div id=\"pl-w65a8506840f63\"  class=\"panel-layout\" ><div id=\"pg-w65a8506840f63-0\"  class=\"panel-grid panel-has-style\" ><div class=\"siteorigin-panels-stretch panel-row-style panel-row-style-for-w65a8506840f63-0\" data-stretch-type=\"full\" ><div id=\"pgc-w65a8506840f63-0-0\"  class=\"panel-grid-cell\" ><div id=\"panel-w65a8506840f63-0-0-0\" class=\"so-panel widget widget_sow-image panel-first-child panel-last-child\" data-index=\"0\" ><div\n\t\t\t\n\t\t\tclass=\"so-widget-sow-image so-widget-sow-image-default-13f2a8b12fcc\"\n\t\t\t\n\t\t>\n<div class=\"sow-image-container\">\n\t\t<img \n\tsrc=\"https:\/\/amberadvocate.org\/wp-content\/uploads\/2024\/01\/NCMEC-circle_1.png\" width=\"704\" height=\"707\" srcset=\"https:\/\/amberadvocate.org\/wp-content\/uploads\/2024\/01\/NCMEC-circle_1.png 704w, https:\/\/amberadvocate.org\/wp-content\/uploads\/2024\/01\/NCMEC-circle_1-300x300.png 300w, https:\/\/amberadvocate.org\/wp-content\/uploads\/2024\/01\/NCMEC-circle_1-150x150.png 150w\" sizes=\"(max-width: 704px) 100vw, 704px\" title=\"NCMEC circle_1\" alt=\"Foto que muestra c\u00f3mo detectar carteles falsos de ni\u00f1os desaparecidos del NCMEC\" \t\tclass=\"so-widget-image\"\/>\n\t<\/div>\n\n<\/div><\/div><\/div><div id=\"pgc-w65a8506840f63-0-1\"  class=\"panel-grid-cell\" ><div id=\"panel-w65a8506840f63-0-1-0\" class=\"so-panel widget widget_sow-headline panel-first-child\" data-index=\"1\" ><div\n\t\t\t\n\t\t\tclass=\"so-widget-sow-headline so-widget-sow-headline-default-ca5137674743\"\n\t\t\t\n\t\t><div class=\"sow-headline-container \">\n\t\t\t\t\t\t\t<h2 class=\"sow-headline\">\n\t\t\t\t\t\tNCMEC: C\u00f3mo detectar carteles falsos de ni\u00f1os desaparecidos\t\t\t\t\t\t<\/h2>\n\t\t\t\t\t\t\t\t\t\t\t<div class=\"decoration\">\n\t\t\t\t\t\t<div class=\"decoration-inside\"><\/div>\n\t\t\t\t\t<\/div>\n\t\t\t\t\t<\/div>\n<\/div><\/div><div id=\"panel-w65a8506840f63-0-1-1\" class=\"so-panel widget widget_sow-editor panel-last-child\" data-index=\"2\" ><div\n\t\t\t\n\t\t\tclass=\"so-widget-sow-editor so-widget-sow-editor-base\"\n\t\t\t\n\t\t>\n<div class=\"siteorigin-widget-tinymce textwidget\">\n\t<p class=\"p2\">El Centro Nacional para Ni\u00f1os Desaparecidos y Explotados (NCMEC) advierte sobre una nueva estafa de clickbait: <span class=\"s1\"><b><a href=\"https:\/\/www.missingkids.org\/blog\/2023\/spot-fake-missing-posters\" target=\"_blank\" rel=\"noopener\">carteles<\/a><\/b><\/span> falsos de ni\u00f1os desaparecidos. Aprenda a reconocer una falsificaci\u00f3n buscando estas se\u00f1ales de alerta: el cartel no proviene del NCMEC, de una agencia oficial de aplicaci\u00f3n de la ley o de una fuente de noticias cre\u00edble; puede contener errores de ortograf\u00eda, errores de sintaxis o palabras mal utilizadas; y no indica c\u00f3mo puede tomar las medidas adecuadas.<\/p>\n<\/div>\n<\/div><\/div><\/div><\/div><\/div><div id=\"pg-w65a8506840f63-1\"  class=\"panel-grid panel-has-style\" ><div class=\"siteorigin-panels-stretch panel-row-style panel-row-style-for-w65a8506840f63-1\" data-stretch-type=\"full\" ><div id=\"pgc-w65a8506840f63-1-0\"  class=\"panel-grid-cell\" ><div id=\"panel-w65a8506840f63-1-0-0\" class=\"so-panel widget widget_sow-image panel-first-child panel-last-child\" data-index=\"3\" ><div\n\t\t\t\n\t\t\tclass=\"so-widget-sow-image so-widget-sow-image-default-dbf295114b96\"\n\t\t\t\n\t\t>\n<div class=\"sow-image-container\">\n\t\t<img \n\tsrc=\"https:\/\/amberadvocate.org\/wp-content\/uploads\/2024\/01\/FL-MCD-circle.png\" width=\"707\" height=\"707\" srcset=\"https:\/\/amberadvocate.org\/wp-content\/uploads\/2024\/01\/FL-MCD-circle.png 707w, https:\/\/amberadvocate.org\/wp-content\/uploads\/2024\/01\/FL-MCD-circle-300x300.png 300w, https:\/\/amberadvocate.org\/wp-content\/uploads\/2024\/01\/FL-MCD-circle-150x150.png 150w\" sizes=\"(max-width: 707px) 100vw, 707px\" title=\"FL MCD circle\" alt=\"Foto que muestra im\u00e1genes que representan el D\u00eda de los Ni\u00f1os Desaparecidos de Florida\" \t\tclass=\"so-widget-image\"\/>\n\t<\/div>\n\n<\/div><\/div><\/div><div id=\"pgc-w65a8506840f63-1-1\"  class=\"panel-grid-cell\" ><div id=\"panel-w65a8506840f63-1-1-0\" class=\"so-panel widget widget_sow-headline panel-first-child\" data-index=\"4\" ><div\n\t\t\t\n\t\t\tclass=\"so-widget-sow-headline so-widget-sow-headline-default-ca5137674743\"\n\t\t\t\n\t\t><div class=\"sow-headline-container \">\n\t\t\t\t\t\t\t<h2 class=\"sow-headline\">\n\t\t\t\t\t\tEl D\u00eda de los Ni\u00f1os Desaparecidos de Florida trae la curaci\u00f3n\t\t\t\t\t\t<\/h2>\n\t\t\t\t\t\t\t\t\t\t\t<div class=\"decoration\">\n\t\t\t\t\t\t<div class=\"decoration-inside\"><\/div>\n\t\t\t\t\t<\/div>\n\t\t\t\t\t<\/div>\n<\/div><\/div><div id=\"panel-w65a8506840f63-1-1-1\" class=\"so-panel widget widget_sow-editor panel-last-child\" data-index=\"5\" ><div\n\t\t\t\n\t\t\tclass=\"so-widget-sow-editor so-widget-sow-editor-base\"\n\t\t\t\n\t\t>\n<div class=\"siteorigin-widget-tinymce textwidget\">\n\t<p class=\"p2\">El 25.\u00ba D\u00eda de los Ni\u00f1os Desaparecidos de Florida <a href=\"https:\/\/www.wctv.tv\/2023\/09\/11\/florida-missing-children-day-is-moment-healing-families\/\" target=\"_blank\" rel=\"noopener\"><span class=\"s1\"><b>evento<\/b><\/span><\/a> honr\u00f3 a ciudadanos, agentes del orden y equipos K-9 por sus esfuerzos ejemplares en la investigaci\u00f3n de personas desaparecidas, el rescate de ni\u00f1os desaparecidos y la prevenci\u00f3n de secuestros. La ceremonia del 11 de septiembre en Tallahassee incluy\u00f3 un momento de recuerdo para todos los ni\u00f1os que desaparecen cada a\u00f1o. Una de ellas fue <a href=\"https:\/\/www.wcjb.com\/2023\/10\/24\/report-murder-suspect-refers-demiah-appling-squirrel-while-hiding-body\/\" target=\"_blank\" rel=\"noopener\"><span class=\"s1\"><b>Demiah Appling<\/b><\/span><\/a>, de 14 a\u00f1os, reportada como desaparecida del condado de Dixie en octubre de 2022. Su cuerpo fue encontrado dos meses despu\u00e9s en el vecino condado de Gilchrist. Su t\u00edo, David Appling, le dijo a WCTV de Tallahassee que la ceremonia fue un momento de curaci\u00f3n: \u201cLa gente aqu\u00ed, ellos entienden. Y saben, nos explicaron que est\u00e1 bien estar triste, est\u00e1 bien llorar y mostrar tus emociones y no avergonzarte de ello\u201d.<\/p>\n<\/div>\n<\/div><\/div><\/div><\/div><\/div><div id=\"pg-w65a8506840f63-2\"  class=\"panel-grid panel-has-style\" ><div class=\"siteorigin-panels-stretch panel-row-style panel-row-style-for-w65a8506840f63-2\" data-stretch-type=\"full\" ><div id=\"pgc-w65a8506840f63-2-0\"  class=\"panel-grid-cell\" ><div id=\"panel-w65a8506840f63-2-0-0\" class=\"so-panel widget widget_sow-image panel-first-child panel-last-child\" data-index=\"6\" ><div\n\t\t\t\n\t\t\tclass=\"so-widget-sow-image so-widget-sow-image-default-dbf295114b96\"\n\t\t\t\n\t\t>\n<div class=\"sow-image-container\">\n\t\t<img \n\tsrc=\"https:\/\/amberadvocate.org\/wp-content\/uploads\/2024\/01\/Operation-circle_1.png\" width=\"706\" height=\"706\" srcset=\"https:\/\/amberadvocate.org\/wp-content\/uploads\/2024\/01\/Operation-circle_1.png 706w, https:\/\/amberadvocate.org\/wp-content\/uploads\/2024\/01\/Operation-circle_1-300x300.png 300w, https:\/\/amberadvocate.org\/wp-content\/uploads\/2024\/01\/Operation-circle_1-150x150.png 150w\" sizes=\"(max-width: 706px) 100vw, 706px\" title=\"Operation circle_1\" alt=\"Foto que muestra a un agente de polic\u00eda mirando im\u00e1genes de vigilancia\" \t\tclass=\"so-widget-image\"\/>\n\t<\/div>\n\n<\/div><\/div><\/div><div id=\"pgc-w65a8506840f63-2-1\"  class=\"panel-grid-cell\" ><div id=\"panel-w65a8506840f63-2-1-0\" class=\"so-panel widget widget_sow-headline panel-first-child\" data-index=\"7\" ><div\n\t\t\t\n\t\t\tclass=\"so-widget-sow-headline so-widget-sow-headline-default-ca5137674743\"\n\t\t\t\n\t\t><div class=\"sow-headline-container \">\n\t\t\t\t\t\t\t<h2 class=\"sow-headline\">\n\t\t\t\t\t\t59 ni\u00f1os desaparecidos rescatados durante una operaci\u00f3n del FBI\t\t\t\t\t\t<\/h2>\n\t\t\t\t\t\t\t\t\t\t\t<div class=\"decoration\">\n\t\t\t\t\t\t<div class=\"decoration-inside\"><\/div>\n\t\t\t\t\t<\/div>\n\t\t\t\t\t<\/div>\n<\/div><\/div><div id=\"panel-w65a8506840f63-2-1-1\" class=\"so-panel widget widget_sow-editor panel-last-child\" data-index=\"8\" ><div\n\t\t\t\n\t\t\tclass=\"so-widget-sow-editor so-widget-sow-editor-base\"\n\t\t\t\n\t\t>\n<div class=\"siteorigin-widget-tinymce textwidget\">\n\t<p class=\"p2\">M\u00e1s de 200 v\u00edctimas de trata de personas, incluidos 59 ni\u00f1os desaparecidos, fueron <a href=\"https:\/\/www.fbi.gov\/news\/press-releases\/operation-cross-country-2023\" target=\"_blank\" rel=\"noopener\"><span class=\"s1\"><b>rescatadas<\/b><\/span><\/a> por el FBI durante una campa\u00f1a coordinada de dos semanas el verano pasado que involucr\u00f3 a agencias federales, estatales y locales en todo el pa\u00eds, trabajando en asociaci\u00f3n con el Centro Nacional para Ni\u00f1os Desaparecidos y Explotados. La \u201cOperaci\u00f3n Cross Country\u201d, ahora en su decimotercer a\u00f1o, tambi\u00e9n condujo a la identificaci\u00f3n o arresto de 126 sospechosos de explotaci\u00f3n sexual infantil y delitos de trata de personas; tambi\u00e9n se identificaron y arrestaron a 68 sospechosos de trata.<\/p>\n<\/div>\n<\/div><\/div><\/div><\/div><\/div><div id=\"pg-w65a8506840f63-3\"  class=\"panel-grid panel-has-style\" ><div class=\"siteorigin-panels-stretch panel-row-style panel-row-style-for-w65a8506840f63-3\" data-stretch-type=\"full\" ><div id=\"pgc-w65a8506840f63-3-0\"  class=\"panel-grid-cell\" ><div id=\"panel-w65a8506840f63-3-0-0\" class=\"so-panel widget widget_sow-image panel-first-child panel-last-child\" data-index=\"9\" ><div\n\t\t\t\n\t\t\tclass=\"so-widget-sow-image so-widget-sow-image-default-dbf295114b96\"\n\t\t\t\n\t\t>\n<div class=\"sow-image-container\">\n\t\t<img \n\tsrc=\"https:\/\/amberadvocate.org\/wp-content\/uploads\/2024\/01\/K9-manhunt-winner-circle.png\" width=\"731\" height=\"731\" srcset=\"https:\/\/amberadvocate.org\/wp-content\/uploads\/2024\/01\/K9-manhunt-winner-circle.png 731w, https:\/\/amberadvocate.org\/wp-content\/uploads\/2024\/01\/K9-manhunt-winner-circle-300x300.png 300w, https:\/\/amberadvocate.org\/wp-content\/uploads\/2024\/01\/K9-manhunt-winner-circle-150x150.png 150w\" sizes=\"(max-width: 731px) 100vw, 731px\" title=\"K9 manhunt winner circle\" alt=\"Foto de los ganadores de la competencia K-9 de Florida\" \t\tclass=\"so-widget-image\"\/>\n\t<\/div>\n\n<\/div><\/div><\/div><div id=\"pgc-w65a8506840f63-3-1\"  class=\"panel-grid-cell\" ><div id=\"panel-w65a8506840f63-3-1-0\" class=\"so-panel widget widget_sow-headline panel-first-child\" data-index=\"10\" ><div\n\t\t\t\n\t\t\tclass=\"so-widget-sow-headline so-widget-sow-headline-default-ca5137674743\"\n\t\t\t\n\t\t><div class=\"sow-headline-container \">\n\t\t\t\t\t\t\t<h2 class=\"sow-headline\">\n\t\t\t\t\t\tLa Unidad K-9 de la Oficina del Sheriff atrapa al primero en las pruebas de caza del hombre\t\t\t\t\t\t<\/h2>\n\t\t\t\t\t\t\t\t\t\t\t<div class=\"decoration\">\n\t\t\t\t\t\t<div class=\"decoration-inside\"><\/div>\n\t\t\t\t\t<\/div>\n\t\t\t\t\t<\/div>\n<\/div><\/div><div id=\"panel-w65a8506840f63-3-1-1\" class=\"so-panel widget widget_sow-editor panel-last-child\" data-index=\"11\" ><div\n\t\t\t\n\t\t\tclass=\"so-widget-sow-editor so-widget-sow-editor-base\"\n\t\t\t\n\t\t>\n<div class=\"siteorigin-widget-tinymce textwidget\">\n\t<p class=\"p2\">La Unidad de Perros de Sangre K-9 de la Oficina del Sheriff del Condado de Santa Rosa, Florida, y K-9 \u201cZinc\u201d obtuvieron los <a href=\"https:\/\/weartv.com\/news\/local\/santa-rosa-county-k-9-unit-takes-first-place-in-southeastern-states-manhunt-single-leash-division\" target=\"_blank\" rel=\"noopener\"><span class=\"s1\"><b>m\u00e1ximos<\/b><\/span><\/a> honores este pasado septiembre en los Juicios de Cacer\u00eda Humana de los Estados del Sureste de 2023, Divisi\u00f3n de Correa \u00danica. Las pruebas de campo, que son organizadas por la Prisi\u00f3n de Carreteras del Condado de Escambia, simulan las condiciones que los equipos K-9 de las fuerzas del orden experimentan al buscar a un sospechoso o ni\u00f1o perdido. La <a href=\"https:\/\/santarosasheriff.org\/k-9\/\" target=\"_blank\" rel=\"noopener\"><span class=\"s1\"><b>Unidad K-9<\/b><\/span><\/a> del condado est\u00e1 compuesta por 17 caninos altamente capacitados supervisados por los sargentos Chrystal Bozard y Robert Lenzo.<\/p>\n<\/div>\n<\/div><\/div><\/div><\/div><\/div><\/div><\/div><\/div><\/div><\/div>","protected":false},"excerpt":{"rendered":"<p>Noticias breves sobre la Alerta AMBER y la protecci\u00f3n de la infancia en todo Estados Unidos<\/p>\n","protected":false},"author":532,"featured_media":18082,"comment_status":"closed","ping_status":"closed","sticky":false,"template":"","format":"standard","meta":{"_bbp_topic_count":0,"_bbp_reply_count":0,"_bbp_total_topic_count":0,"_bbp_total_reply_count":0,"_bbp_voice_count":0,"_bbp_anonymous_reply_count":0,"_bbp_topic_count_hidden":0,"_bbp_reply_count_hidden":0,"_bbp_forum_subforum_count":0,"_analytify_skip_tracking":false,"footnotes":""},"categories":[649,664],"tags":[],"class_list":["post-30669","post","type-post","status-publish","format-standard","has-post-thumbnail","hentry","category-alerta-amber-breves","category-estados-unidos"],"meta_box":{"aa_theme_enable_blocks_editor":"","aa_theme_featured_img_position":""},"publishpress_future_workflow_manual_trigger":{"enabledWorkflows":[]},"_links":{"self":[{"href":"https:\/\/amberadvocate.org\/es\/wp-json\/wp\/v2\/posts\/30669","targetHints":{"allow":["GET"]}}],"collection":[{"href":"https:\/\/amberadvocate.org\/es\/wp-json\/wp\/v2\/posts"}],"about":[{"href":"https:\/\/amberadvocate.org\/es\/wp-json\/wp\/v2\/types\/post"}],"author":[{"embeddable":true,"href":"https:\/\/amberadvocate.org\/es\/wp-json\/wp\/v2\/users\/532"}],"replies":[{"embeddable":true,"href":"https:\/\/amberadvocate.org\/es\/wp-json\/wp\/v2\/comments?post=30669"}],"version-history":[{"count":0,"href":"https:\/\/amberadvocate.org\/es\/wp-json\/wp\/v2\/posts\/30669\/revisions"}],"wp:featuredmedia":[{"embeddable":true,"href":"https:\/\/amberadvocate.org\/es\/wp-json\/wp\/v2\/media\/18082"}],"wp:attachment":[{"href":"https:\/\/amberadvocate.org\/es\/wp-json\/wp\/v2\/media?parent=30669"}],"wp:term":[{"taxonomy":"category","embeddable":true,"href":"https:\/\/amberadvocate.org\/es\/wp-json\/wp\/v2\/categories?post=30669"},{"taxonomy":"post_tag","embeddable":true,"href":"https:\/\/amberadvocate.org\/es\/wp-json\/wp\/v2\/tags?post=30669"}],"curies":[{"name":"wp","href":"https:\/\/api.w.org\/{rel}","templated":true}]}}