{"id":30663,"date":"2024-04-15T10:32:34","date_gmt":"2024-04-15T15:32:34","guid":{"rendered":"https:\/\/amberadvocate.org\/sin-categorizar\/amber-alert-international-briefs-2024-numero-2\/"},"modified":"2025-11-01T14:05:58","modified_gmt":"2025-11-01T19:05:58","slug":"amber-alert-international-briefs-2024-numero-2","status":"publish","type":"post","link":"https:\/\/amberadvocate.org\/es\/alerta-amber-breves\/amber-alert-international-briefs-2024-numero-2\/","title":{"rendered":"AMBER Alert International Briefs: 2024 N\u00famero 2"},"content":{"rendered":"<div id=\"pl-30663\"  class=\"panel-layout\" ><div id=\"pg-30663-0\"  class=\"panel-grid panel-no-style\" ><div id=\"pgc-30663-0-0\"  class=\"panel-grid-cell\" ><div id=\"panel-30663-0-0-0\" class=\"so-panel widget widget_siteorigin-panels-builder panel-first-child panel-last-child\" data-index=\"0\" ><div id=\"pl-w6622f50ea50c1\"  class=\"panel-layout\" ><div id=\"pg-w6622f50ea50c1-0\"  class=\"panel-grid panel-has-style\" ><div class=\"siteorigin-panels-stretch panel-row-style panel-row-style-for-w6622f50ea50c1-0\" data-stretch-type=\"full\" ><div id=\"pgc-w6622f50ea50c1-0-0\"  class=\"panel-grid-cell\" ><div id=\"panel-w6622f50ea50c1-0-0-0\" class=\"so-panel widget widget_sow-image panel-first-child panel-last-child\" data-index=\"0\" ><div\n\t\t\t\n\t\t\tclass=\"so-widget-sow-image so-widget-sow-image-default-dbf295114b96\"\n\t\t\t\n\t\t>\n<div class=\"sow-image-container\">\n\t\t<img \n\tsrc=\"https:\/\/amberadvocate.org\/wp-content\/uploads\/2024\/04\/19a.-Chinese-students-AI.png\" width=\"1500\" height=\"1257\" srcset=\"https:\/\/amberadvocate.org\/wp-content\/uploads\/2024\/04\/19a.-Chinese-students-AI.png 1500w, https:\/\/amberadvocate.org\/wp-content\/uploads\/2024\/04\/19a.-Chinese-students-AI-300x251.png 300w, https:\/\/amberadvocate.org\/wp-content\/uploads\/2024\/04\/19a.-Chinese-students-AI-1024x858.png 1024w, https:\/\/amberadvocate.org\/wp-content\/uploads\/2024\/04\/19a.-Chinese-students-AI-768x644.png 768w\" sizes=\"(max-width: 1500px) 100vw, 1500px\" title=\"19a. Estudiantes chinos IA\" alt=\"Un estudiante chino muestra una imagen de progresi\u00f3n facial de IA creada por una IA que puede ayudar a encontrar ni\u00f1os desaparecidos\" \t\tclass=\"so-widget-image\"\/>\n\t<\/div>\n\n<\/div><\/div><\/div><div id=\"pgc-w6622f50ea50c1-0-1\"  class=\"panel-grid-cell\" ><div id=\"panel-w6622f50ea50c1-0-1-0\" class=\"so-panel widget widget_sow-headline panel-first-child\" data-index=\"1\" ><div\n\t\t\t\n\t\t\tclass=\"so-widget-sow-headline so-widget-sow-headline-default-b1f464bd091e\"\n\t\t\t\n\t\t><div class=\"sow-headline-container \">\n\t\t\t\t\t\t\t<h2 class=\"sow-headline\">\n\t\t\t\t\t\tUna nueva tecnolog\u00eda fotogr\u00e1fica ayuda a encontrar a ni\u00f1os desaparecidos\t\t\t\t\t\t<\/h2>\n\t\t\t\t\t\t\t\t\t\t\t<div class=\"decoration\">\n\t\t\t\t\t\t<div class=\"decoration-inside\"><\/div>\n\t\t\t\t\t<\/div>\n\t\t\t\t\t<\/div>\n<\/div><\/div><div id=\"panel-w6622f50ea50c1-0-1-1\" class=\"so-panel widget widget_sow-editor panel-last-child\" data-index=\"2\" ><div class=\"panel-widget-style panel-widget-style-for-w6622f50ea50c1-0-1-1\" ><div\n\t\t\t\n\t\t\tclass=\"so-widget-sow-editor so-widget-sow-editor-base\"\n\t\t\t\n\t\t>\n<div class=\"siteorigin-widget-tinymce textwidget\">\n\t<p>Un uso novedoso de la tecnolog\u00eda est\u00e1 ayudando a localizar a ni\u00f1os desaparecidos en todo el mundo, incluida Phillista Waithera, de 9 a\u00f1os, que desapareci\u00f3 en Nairobi en 2021. Dos a\u00f1os despu\u00e9s, se reuni\u00f3 con su familia inmediata gracias al uso de la tecnolog\u00eda de <a href=\"https:\/\/www.bellanaija.com\/2023\/11\/ai-reunites-child-with-family\/\"><strong>Progresi\u00f3n de Edad Facial<\/strong><\/a> (FAP), que utiliza una aplicaci\u00f3n de Inteligencia Artificial (IA) para crear fotos del ni\u00f1o y mostrar su aspecto actual. Solo en 2021, la organizaci\u00f3n keniana sin \u00e1nimo de lucro Missing Child Kenya Foundation localiz\u00f3 a 298 ni\u00f1os utilizando la IA, seg\u00fan su directora ejecutiva y fundadora, Maryanna Munyendo. Y en la provincia de Hubei, en el centro de China, un grupo de estudiantes de la Universidad de Ciencia y Tecnolog\u00eda de Huazhong (HUST) desarroll\u00f3 un sistema de IA para restaurar y mejorar <g id=\"gid_2\"><g id=\"gid_3\">fotos<\/g><\/g> antiguas y borrosas de ni\u00f1os desaparecidos hace d\u00e9cadas. Se han restaurado m\u00e1s de 1.000 fotos para mejorar la claridad, lo que ha ayudado a reunir a 11 ni\u00f1os desaparecidos, como Sun Zhuo, un ni\u00f1o de 4 a\u00f1os <a href=\"https:\/\/www.nbcnews.com\/news\/china\/chinese-parents-reunited-abducted-son-14-year-search-inspired-hit-movi-rcna8385\"><strong>secuestrado<\/strong><\/a> en 2007 de su guarder\u00eda en la provincia de Shenzhen y que se reuni\u00f3 con sus padres biol\u00f3gicos en 2021 a la edad de 18 a\u00f1os.    <\/p>\n<\/div>\n<\/div><\/div><\/div><\/div><\/div><\/div><div id=\"pg-w6622f50ea50c1-1\"  class=\"panel-grid panel-has-style\" ><div class=\"siteorigin-panels-stretch panel-row-style panel-row-style-for-w6622f50ea50c1-1\" data-stretch-type=\"full\" ><div id=\"pgc-w6622f50ea50c1-1-0\"  class=\"panel-grid-cell\" ><div id=\"panel-w6622f50ea50c1-1-0-0\" class=\"so-panel widget widget_sow-image panel-first-child panel-last-child\" data-index=\"3\" ><div\n\t\t\t\n\t\t\tclass=\"so-widget-sow-image so-widget-sow-image-default-dbf295114b96\"\n\t\t\t\n\t\t>\n<div class=\"sow-image-container\">\n\t\t<img \n\tsrc=\"https:\/\/amberadvocate.org\/wp-content\/uploads\/2024\/04\/2.png\" width=\"940\" height=\"788\" srcset=\"https:\/\/amberadvocate.org\/wp-content\/uploads\/2024\/04\/2.png 940w, https:\/\/amberadvocate.org\/wp-content\/uploads\/2024\/04\/2-300x251.png 300w, https:\/\/amberadvocate.org\/wp-content\/uploads\/2024\/04\/2-768x644.png 768w\" sizes=\"(max-width: 940px) 100vw, 940px\" alt=\"Imagen de ni\u00f1as y zapatos peque\u00f1os durante una protesta en apoyo de &quot;Traigan a los ni\u00f1os robados a casa&quot; en Ucrania\" \t\tclass=\"so-widget-image\"\/>\n\t<\/div>\n\n<\/div><\/div><\/div><div id=\"pgc-w6622f50ea50c1-1-1\"  class=\"panel-grid-cell\" ><div id=\"panel-w6622f50ea50c1-1-1-0\" class=\"so-panel widget widget_sow-headline panel-first-child\" data-index=\"4\" ><div\n\t\t\t\n\t\t\tclass=\"so-widget-sow-headline so-widget-sow-headline-default-b1f464bd091e\"\n\t\t\t\n\t\t><div class=\"sow-headline-container \">\n\t\t\t\t\t\t\t<h2 class=\"sow-headline\">\n\t\t\t\t\t\tLos esfuerzos en curso para devolver a los ni\u00f1os \"robados\" de Ucrania\t\t\t\t\t\t<\/h2>\n\t\t\t\t\t\t\t\t\t\t\t<div class=\"decoration\">\n\t\t\t\t\t\t<div class=\"decoration-inside\"><\/div>\n\t\t\t\t\t<\/div>\n\t\t\t\t\t<\/div>\n<\/div><\/div><div id=\"panel-w6622f50ea50c1-1-1-1\" class=\"so-panel widget widget_sow-editor panel-last-child\" data-index=\"5\" ><div\n\t\t\t\n\t\t\tclass=\"so-widget-sow-editor so-widget-sow-editor-base\"\n\t\t\t\n\t\t>\n<div class=\"siteorigin-widget-tinymce textwidget\">\n\t<p>Los funcionarios de Ucrania han identificado a m\u00e1s de 19.000 <a href=\"https:\/\/www.ncronline.org\/news\/catholic-leaders-try-refocus-attention-russias-abduction-ukrainian-children\"><strong>ni\u00f1os<\/strong><\/a> retirados ilegalmente de sus hogares y llevados a Rusia o a territorio controlado por Rusia desde que comenz\u00f3 la guerra en febrero de 2022. En algunos casos, las autoridades rusas se llevaron a cientos de ni\u00f1os de orfanatos y escuelas ucranianas, seg\u00fan documentos rusos recopilados por Lyudmyla Denisova, ex funcionaria de derechos humanos de Ucrania. Muchos ni\u00f1os fueron retirados con el pretexto de rescatarlos de la zona de <a href=\"https:\/\/www.nytimes.com\/interactive\/2023\/12\/26\/world\/europe\/ukraine-war-children-russia.html\"><strong>guerra<\/strong><\/a>, o atra\u00eddos con la promesa de asistir a un campamento. Otros fueron sacados de los hospitales. Las autoridades rusas han colocado a ni\u00f1os con familias de acogida, y el presidente Vladimir Putin abri\u00f3 el camino para que las familias rusas adopten a ni\u00f1os ucranianos. Seg\u00fan las pruebas recogidas por organizaciones ucranianas e internacionales de derechos humanos y cr\u00edmenes de guerra, la estrategia rusa es deliberada, premeditada y sistem\u00e1tica. En marzo de 2023, la Corte Penal Internacional (CPI) emiti\u00f3 <a href=\"https:\/\/www.reuters.com\/world\/europe\/ukraine-says-icc-arrest-warrant-putin-helped-return-deported-kids-2023-12-08\/\"><strong>\u00f3rdenes de arresto<\/strong><\/a> contra Putin y otro funcionario, una medida que ha facilitado el regreso de los ni\u00f1os. Organizaciones ben\u00e9ficas como Save Ukraine y SOS Children\u2019s Villages Ukraine han asumido la causa y, en los \u00faltimos meses, han rastreado y devuelto a 387 ni\u00f1os a sus familias.<\/p>\n<\/div>\n<\/div><\/div><\/div><\/div><\/div><div id=\"pg-w6622f50ea50c1-2\"  class=\"panel-grid panel-has-style\" ><div class=\"siteorigin-panels-stretch panel-row-style panel-row-style-for-w6622f50ea50c1-2\" data-stretch-type=\"full\" ><div id=\"pgc-w6622f50ea50c1-2-0\"  class=\"panel-grid-cell\" ><div id=\"panel-w6622f50ea50c1-2-0-0\" class=\"so-panel widget widget_sow-image panel-first-child panel-last-child\" data-index=\"6\" ><div\n\t\t\t\n\t\t\tclass=\"so-widget-sow-image so-widget-sow-image-default-dbf295114b96\"\n\t\t\t\n\t\t>\n<div class=\"sow-image-container\">\n\t\t<img \n\tsrc=\"https:\/\/amberadvocate.org\/wp-content\/uploads\/2024\/04\/19c.-Ireland-missing.png\" width=\"1500\" height=\"1258\" srcset=\"https:\/\/amberadvocate.org\/wp-content\/uploads\/2024\/04\/19c.-Ireland-missing.png 1500w, https:\/\/amberadvocate.org\/wp-content\/uploads\/2024\/04\/19c.-Ireland-missing-300x252.png 300w, https:\/\/amberadvocate.org\/wp-content\/uploads\/2024\/04\/19c.-Ireland-missing-1024x859.png 1024w, https:\/\/amberadvocate.org\/wp-content\/uploads\/2024\/04\/19c.-Ireland-missing-768x644.png 768w\" sizes=\"(max-width: 1500px) 100vw, 1500px\" title=\"19c. Desaparecidos en Irlanda\" alt=\"\" \t\tclass=\"so-widget-image\"\/>\n\t<\/div>\n\n<\/div><\/div><\/div><div id=\"pgc-w6622f50ea50c1-2-1\"  class=\"panel-grid-cell\" ><div id=\"panel-w6622f50ea50c1-2-1-0\" class=\"so-panel widget widget_sow-headline panel-first-child\" data-index=\"7\" ><div\n\t\t\t\n\t\t\tclass=\"so-widget-sow-headline so-widget-sow-headline-default-b1f464bd091e\"\n\t\t\t\n\t\t><div class=\"sow-headline-container \">\n\t\t\t\t\t\t\t<h2 class=\"sow-headline\">\n\t\t\t\t\t\tInforme: Los ni\u00f1os migrantes siguen desaparecidos en Irlanda\t\t\t\t\t\t<\/h2>\n\t\t\t\t\t\t\t\t\t\t\t<div class=\"decoration\">\n\t\t\t\t\t\t<div class=\"decoration-inside\"><\/div>\n\t\t\t\t\t<\/div>\n\t\t\t\t\t<\/div>\n<\/div><\/div><div id=\"panel-w6622f50ea50c1-2-1-1\" class=\"so-panel widget widget_sow-editor panel-last-child\" data-index=\"8\" ><div\n\t\t\t\n\t\t\tclass=\"so-widget-sow-editor so-widget-sow-editor-base\"\n\t\t\t\n\t\t>\n<div class=\"siteorigin-widget-tinymce textwidget\">\n\t<p>Decenas de ni\u00f1os migrantes que buscaban protecci\u00f3n tras huir de pa\u00edses devastados por la guerra han desaparecido en Irlanda desde 2017. Un <a href=\"https:\/\/www.thejournal.ie\/kids-in-care-missing-migrants-6247208-Dec2023\/\"><strong>informe<\/strong><\/a> de 2023 publicado por el Programa de Investigaci\u00f3n sobre Explotaci\u00f3n Sexual (SERP) del University College Dublin (UCD) indica que algunos de los ni\u00f1os fueron v\u00edctimas de explotaci\u00f3n sexual organizada. De los 62 desaparecidos, 44 han cumplido 18 a\u00f1os y, como ya no son menores de edad, los servicios de protecci\u00f3n de menores han dejado de buscarlos. MECPATHS (Mercy Efforts for Child Protection Against Trafficking with the Hospitality and Services Sectors), un grupo sin \u00e1nimo de lucro que sensibiliza sobre la trata y la explotaci\u00f3n infantil en Irlanda, declar\u00f3 que el informe confirmaba lo que los trabajadores de primera l\u00ednea llevan a\u00f1os comunicando a la organizaci\u00f3n. \u201cExplotaci\u00f3n sexual, trabajo forzado, mendicidad forzada, explotaci\u00f3n criminal, matrimonio forzado, extracci\u00f3n de \u00f3rganos y servidumbre dom\u00e9stica: todo esto est\u00e1 ocurriendo en Irlanda\u201d, declar\u00f3 Ann Mara, responsable de educaci\u00f3n de la organizaci\u00f3n. \u201cAs\u00ed que, el hecho de que estos ni\u00f1os est\u00e9n desaparecidos, y que haya una especie de encogimiento de hombros, es simplemente alucinante\u201d.     <\/p>\n<\/div>\n<\/div><\/div><\/div><\/div><\/div><\/div><\/div><\/div><\/div><\/div>","protected":false},"excerpt":{"rendered":"<p>Noticias breves sobre la Alerta AMBER y la protecci\u00f3n de la infancia en todo el mundo<\/p>\n","protected":false},"author":532,"featured_media":25030,"comment_status":"closed","ping_status":"closed","sticky":false,"template":"","format":"standard","meta":{"_bbp_topic_count":0,"_bbp_reply_count":0,"_bbp_total_topic_count":0,"_bbp_total_reply_count":0,"_bbp_voice_count":0,"_bbp_anonymous_reply_count":0,"_bbp_topic_count_hidden":0,"_bbp_reply_count_hidden":0,"_bbp_forum_subforum_count":0,"_analytify_skip_tracking":false,"footnotes":""},"categories":[649,651],"tags":[808,815,800,806,795,805,777,810,796,814,816,793,798,809,801,804,794,813,803,807,799,792,812,811,791,802,797],"class_list":["post-30663","post","type-post","status-publish","format-standard","has-post-thumbnail","hentry","category-alerta-amber-breves","category-internacional","tag-aldeas-infantiles-sos","tag-ann-mara-es","tag-china-es","tag-corte-penal-internacional-cpi","tag-fundacion-missing-child-kenia","tag-guerra","tag-inteligencia-artificial-ia","tag-irlanda","tag-maryanna-munyendo-es","tag-matrimonio-forzado","tag-mecpatas","tag-nairobi-es","tag-nino-secuestrado","tag-ninos-inmigrantes","tag-ninos-robados","tag-orfanatos","tag-phillista-waithera-es","tag-programa-de-investigacion-sobre-la-explotacion-sexual-serp-del-university-college-de-dublin-ucd","tag-rusia","tag-salvar-ucrania","tag-sun-zhuo-es","tag-tecnologia-de-progresion-de-la-edad-facial-fap","tag-trabajo-forzoso","tag-trafico-sexual","tag-trata-de-seres-humanos","tag-ucrania","tag-universidad-de-ciencia-y-tecnologia-de-huazhong-hust"],"meta_box":{"aa_theme_enable_blocks_editor":"","aa_theme_featured_img_position":""},"publishpress_future_workflow_manual_trigger":{"enabledWorkflows":[]},"_links":{"self":[{"href":"https:\/\/amberadvocate.org\/es\/wp-json\/wp\/v2\/posts\/30663","targetHints":{"allow":["GET"]}}],"collection":[{"href":"https:\/\/amberadvocate.org\/es\/wp-json\/wp\/v2\/posts"}],"about":[{"href":"https:\/\/amberadvocate.org\/es\/wp-json\/wp\/v2\/types\/post"}],"author":[{"embeddable":true,"href":"https:\/\/amberadvocate.org\/es\/wp-json\/wp\/v2\/users\/532"}],"replies":[{"embeddable":true,"href":"https:\/\/amberadvocate.org\/es\/wp-json\/wp\/v2\/comments?post=30663"}],"version-history":[{"count":0,"href":"https:\/\/amberadvocate.org\/es\/wp-json\/wp\/v2\/posts\/30663\/revisions"}],"wp:featuredmedia":[{"embeddable":true,"href":"https:\/\/amberadvocate.org\/es\/wp-json\/wp\/v2\/media\/25030"}],"wp:attachment":[{"href":"https:\/\/amberadvocate.org\/es\/wp-json\/wp\/v2\/media?parent=30663"}],"wp:term":[{"taxonomy":"category","embeddable":true,"href":"https:\/\/amberadvocate.org\/es\/wp-json\/wp\/v2\/categories?post=30663"},{"taxonomy":"post_tag","embeddable":true,"href":"https:\/\/amberadvocate.org\/es\/wp-json\/wp\/v2\/tags?post=30663"}],"curies":[{"name":"wp","href":"https:\/\/api.w.org\/{rel}","templated":true}]}}