{"id":30607,"date":"2022-09-06T11:38:53","date_gmt":"2022-09-06T16:38:53","guid":{"rendered":"https:\/\/amberadvocate.org\/sin-categorizar\/alerta-amber-internacional-numero-3-2022\/"},"modified":"2025-11-01T14:17:59","modified_gmt":"2025-11-01T19:17:59","slug":"alerta-amber-internacional-numero-3-2022","status":"publish","type":"post","link":"https:\/\/amberadvocate.org\/es\/internacional\/alerta-amber-internacional-numero-3-2022\/","title":{"rendered":"Alerta AMBER Internacional &#8211; N\u00famero 3 2022"},"content":{"rendered":"<div id=\"pl-30607\"  class=\"panel-layout\" ><div id=\"pg-30607-0\"  class=\"panel-grid panel-no-style\" ><div id=\"pgc-30607-0-0\"  class=\"panel-grid-cell\" ><div id=\"panel-30607-0-0-0\" class=\"so-panel widget widget_siteorigin-panels-builder panel-first-child panel-last-child\" data-index=\"0\" ><div id=\"pl-w631778f6b3798\"  class=\"panel-layout\" ><div id=\"pg-w631778f6b3798-0\"  class=\"panel-grid panel-has-style\" ><div class=\"siteorigin-panels-stretch panel-row-style panel-row-style-for-w631778f6b3798-0\" data-stretch-type=\"full\" ><div id=\"pgc-w631778f6b3798-0-0\"  class=\"panel-grid-cell\" ><div id=\"panel-w631778f6b3798-0-0-0\" class=\"so-panel widget widget_sow-image panel-first-child panel-last-child\" data-index=\"0\" ><div\n\t\t\t\n\t\t\tclass=\"so-widget-sow-image so-widget-sow-image-default-dbf295114b96\"\n\t\t\t\n\t\t>\n<div class=\"sow-image-container\">\n\t\t<img \n\tsrc=\"https:\/\/amberadvocate.org\/wp-content\/uploads\/2022\/09\/Int-1.jpg\" width=\"800\" height=\"800\" srcset=\"https:\/\/amberadvocate.org\/wp-content\/uploads\/2022\/09\/Int-1.jpg 800w, https:\/\/amberadvocate.org\/wp-content\/uploads\/2022\/09\/Int-1-300x300.jpg 300w, https:\/\/amberadvocate.org\/wp-content\/uploads\/2022\/09\/Int-1-150x150.jpg 150w, https:\/\/amberadvocate.org\/wp-content\/uploads\/2022\/09\/Int-1-768x768.jpg 768w\" sizes=\"(max-width: 800px) 100vw, 800px\" alt=\"\" \t\tclass=\"so-widget-image\"\/>\n\t<\/div>\n\n<\/div><\/div><\/div><div id=\"pgc-w631778f6b3798-0-1\"  class=\"panel-grid-cell\" ><div id=\"panel-w631778f6b3798-0-1-0\" class=\"so-panel widget widget_sow-headline panel-first-child\" data-index=\"1\" ><div class=\"panel-widget-style panel-widget-style-for-w631778f6b3798-0-1-0\" ><div\n\t\t\t\n\t\t\tclass=\"so-widget-sow-headline so-widget-sow-headline-default-f2a1341d8031\"\n\t\t\t\n\t\t><div class=\"sow-headline-container \">\n\t\t\t\t\t\t\t<h2 class=\"sow-headline\">\n\t\t\t\t\t\tLos carteles en 3D a\u00f1aden una nueva dimensi\u00f3n a la b\u00fasqueda de ni\u00f1os desaparecidos en Inglaterra\t\t\t\t\t\t<\/h2>\n\t\t\t\t\t\t\t\t\t\t\t<div class=\"decoration\">\n\t\t\t\t\t\t<div class=\"decoration-inside\"><\/div>\n\t\t\t\t\t<\/div>\n\t\t\t\t\t<\/div>\n<\/div><\/div><\/div><div id=\"panel-w631778f6b3798-0-1-1\" class=\"so-panel widget widget_sow-editor panel-last-child\" data-index=\"2\" ><div\n\t\t\t\n\t\t\tclass=\"so-widget-sow-editor so-widget-sow-editor-base\"\n\t\t\t\n\t\t>\n<div class=\"siteorigin-widget-tinymce textwidget\">\n\t<p>Tras la generalizaci\u00f3n de la Alerta AMBER, las fotograf\u00edas de ni\u00f1os desaparecidos dejaron de aparecer en los envases de leche. Ahora, una organizaci\u00f3n ben\u00e9fica con sede en Londres, Missing People, est\u00e1 dando un paso m\u00e1s all\u00e1 utilizando vallas publicitarias digitales con retratos en 3D de ni\u00f1os desaparecidos. Las im\u00e1genes parecen \"en vivo\", con ojos parpadeantes y cabezas que se inclinan. Las vallas publicitarias tienen un c\u00f3digo QR para ayudar a difundir la imagen y la informaci\u00f3n en las redes sociales. Los carteles tambi\u00e9n utilizan las palabras \"ayuda a encontrar\" en lugar de \"desaparecido\", porque los cient\u00edficos del comportamiento dicen que esto dar\u00e1 al p\u00fablico una llamada a la acci\u00f3n.    <\/p>\n<\/div>\n<\/div><\/div><\/div><\/div><\/div><div id=\"pg-w631778f6b3798-1\"  class=\"panel-grid panel-has-style\" ><div class=\"siteorigin-panels-stretch panel-row-style panel-row-style-for-w631778f6b3798-1\" data-stretch-type=\"full\" ><div id=\"pgc-w631778f6b3798-1-0\"  class=\"panel-grid-cell\" ><div id=\"panel-w631778f6b3798-1-0-0\" class=\"so-panel widget widget_sow-image panel-first-child panel-last-child\" data-index=\"3\" ><div\n\t\t\t\n\t\t\tclass=\"so-widget-sow-image so-widget-sow-image-default-dbf295114b96\"\n\t\t\t\n\t\t>\n<div class=\"sow-image-container\">\n\t\t<img \n\tsrc=\"https:\/\/amberadvocate.org\/wp-content\/uploads\/2022\/09\/Int-2.jpg\" width=\"800\" height=\"800\" srcset=\"https:\/\/amberadvocate.org\/wp-content\/uploads\/2022\/09\/Int-2.jpg 800w, https:\/\/amberadvocate.org\/wp-content\/uploads\/2022\/09\/Int-2-300x300.jpg 300w, https:\/\/amberadvocate.org\/wp-content\/uploads\/2022\/09\/Int-2-150x150.jpg 150w, https:\/\/amberadvocate.org\/wp-content\/uploads\/2022\/09\/Int-2-768x768.jpg 768w\" sizes=\"(max-width: 800px) 100vw, 800px\" alt=\"\" \t\tclass=\"so-widget-image\"\/>\n\t<\/div>\n\n<\/div><\/div><\/div><div id=\"pgc-w631778f6b3798-1-1\"  class=\"panel-grid-cell\" ><div id=\"panel-w631778f6b3798-1-1-0\" class=\"so-panel widget widget_sow-headline panel-first-child\" data-index=\"4\" ><div class=\"panel-widget-style panel-widget-style-for-w631778f6b3798-1-1-0\" ><div\n\t\t\t\n\t\t\tclass=\"so-widget-sow-headline so-widget-sow-headline-default-f2a1341d8031\"\n\t\t\t\n\t\t><div class=\"sow-headline-container \">\n\t\t\t\t\t\t\t<h2 class=\"sow-headline\">\n\t\t\t\t\t\tPeticiones pide un sistema de alerta para ni\u00f1os autistas en Ontario\t\t\t\t\t\t<\/h2>\n\t\t\t\t\t\t\t\t\t\t\t<div class=\"decoration\">\n\t\t\t\t\t\t<div class=\"decoration-inside\"><\/div>\n\t\t\t\t\t<\/div>\n\t\t\t\t\t<\/div>\n<\/div><\/div><\/div><div id=\"panel-w631778f6b3798-1-1-1\" class=\"so-panel widget widget_sow-editor panel-last-child\" data-index=\"5\" ><div\n\t\t\t\n\t\t\tclass=\"so-widget-sow-editor so-widget-sow-editor-base\"\n\t\t\t\n\t\t>\n<div class=\"siteorigin-widget-tinymce textwidget\">\n\t<p>Varias peticiones en l\u00ednea solicitan un sistema similar a la Alerta AMBER para ni\u00f1os autistas desaparecidos, despu\u00e9s de que el cuerpo de un ni\u00f1o de 11 a\u00f1os de Lindsay, Ontario, fuera recuperado en un r\u00edo. Draven Graham ten\u00eda una irritaci\u00f3n sensorial al tacto y no respond\u00eda a su nombre. Las peticiones solicitan una \u201cAlerta Draven\u201d para ni\u00f1os autistas y vulnerables\/con necesidades especiales desaparecidos. Algunos sugieren ampliar la alerta a adultos autistas.   <\/p>\n<\/div>\n<\/div><\/div><\/div><\/div><\/div><div id=\"pg-w631778f6b3798-2\"  class=\"panel-grid panel-has-style\" ><div class=\"siteorigin-panels-stretch panel-row-style panel-row-style-for-w631778f6b3798-2\" data-stretch-type=\"full\" ><div id=\"pgc-w631778f6b3798-2-0\"  class=\"panel-grid-cell\" ><div id=\"panel-w631778f6b3798-2-0-0\" class=\"so-panel widget widget_sow-image panel-first-child panel-last-child\" data-index=\"6\" ><div\n\t\t\t\n\t\t\tclass=\"so-widget-sow-image so-widget-sow-image-default-dbf295114b96\"\n\t\t\t\n\t\t>\n<div class=\"sow-image-container\">\n\t\t<img \n\tsrc=\"https:\/\/amberadvocate.org\/wp-content\/uploads\/2022\/09\/Int-3.jpg\" width=\"800\" height=\"800\" srcset=\"https:\/\/amberadvocate.org\/wp-content\/uploads\/2022\/09\/Int-3.jpg 800w, https:\/\/amberadvocate.org\/wp-content\/uploads\/2022\/09\/Int-3-300x300.jpg 300w, https:\/\/amberadvocate.org\/wp-content\/uploads\/2022\/09\/Int-3-150x150.jpg 150w, https:\/\/amberadvocate.org\/wp-content\/uploads\/2022\/09\/Int-3-768x768.jpg 768w\" sizes=\"(max-width: 800px) 100vw, 800px\" alt=\"\" \t\tclass=\"so-widget-image\"\/>\n\t<\/div>\n\n<\/div><\/div><\/div><div id=\"pgc-w631778f6b3798-2-1\"  class=\"panel-grid-cell\" ><div id=\"panel-w631778f6b3798-2-1-0\" class=\"so-panel widget widget_sow-headline panel-first-child\" data-index=\"7\" ><div class=\"panel-widget-style panel-widget-style-for-w631778f6b3798-2-1-0\" ><div\n\t\t\t\n\t\t\tclass=\"so-widget-sow-headline so-widget-sow-headline-default-f2a1341d8031\"\n\t\t\t\n\t\t><div class=\"sow-headline-container \">\n\t\t\t\t\t\t\t<h2 class=\"sow-headline\">\n\t\t\t\t\t\tLa campa\u00f1a mundial AMBER Alert Europe advierte contra el uso compartido de fotos de desnudos\t\t\t\t\t\t<\/h2>\n\t\t\t\t\t\t\t\t\t\t\t<div class=\"decoration\">\n\t\t\t\t\t\t<div class=\"decoration-inside\"><\/div>\n\t\t\t\t\t<\/div>\n\t\t\t\t\t<\/div>\n<\/div><\/div><\/div><div id=\"panel-w631778f6b3798-2-1-1\" class=\"so-panel widget widget_sow-editor panel-last-child\" data-index=\"8\" ><div\n\t\t\t\n\t\t\tclass=\"so-widget-sow-editor so-widget-sow-editor-base\"\n\t\t\t\n\t\t>\n<div class=\"siteorigin-widget-tinymce textwidget\">\n\t<p>AMBER Alert Europe ha lanzado una campa\u00f1a mundial para instar a la gente a que deje de compartir im\u00e1genes de desnudos. La campa\u00f1a aborda los peligros a los que se enfrentan los menores cuando comparten im\u00e1genes de desnudos autogeneradas, tambi\u00e9n conocidas como \"nudes\". La Internet Watch Foundation (IWF) ha detectado un espectacular aumento del 77% en las fotos de desnudos autogeneradas por adolescentes compartidas en l\u00ednea desde 2019, y que uno de cada tres adolescentes ha admitido haber visto nudes compartidos sin consentimiento. \"Este tipo de im\u00e1genes autogeneradas pueden tener consecuencias de gran alcance en la salud y el bienestar (de un adolescente); y una vez compartidas, tambi\u00e9n podr\u00edan conducir a la extorsi\u00f3n y la coacci\u00f3n sexual, incluso a cargos penales\", dijo el presidente de AMBER Alert Europe, Frank Hoe. El v\u00eddeo y los carteles de la campa\u00f1a se est\u00e1n compartiendo en 27 pa\u00edses.    <\/p>\n<\/div>\n<\/div><\/div><\/div><\/div><\/div><div id=\"pg-w631778f6b3798-3\"  class=\"panel-grid panel-has-style\" ><div class=\"siteorigin-panels-stretch panel-row-style panel-row-style-for-w631778f6b3798-3\" data-stretch-type=\"full\" ><div id=\"pgc-w631778f6b3798-3-0\"  class=\"panel-grid-cell\" ><div id=\"panel-w631778f6b3798-3-0-0\" class=\"so-panel widget widget_sow-image panel-first-child panel-last-child\" data-index=\"9\" ><div\n\t\t\t\n\t\t\tclass=\"so-widget-sow-image so-widget-sow-image-default-dbf295114b96\"\n\t\t\t\n\t\t>\n<div class=\"sow-image-container\">\n\t\t<img \n\tsrc=\"https:\/\/amberadvocate.org\/wp-content\/uploads\/2022\/09\/Int-4.jpg\" width=\"800\" height=\"800\" srcset=\"https:\/\/amberadvocate.org\/wp-content\/uploads\/2022\/09\/Int-4.jpg 800w, https:\/\/amberadvocate.org\/wp-content\/uploads\/2022\/09\/Int-4-300x300.jpg 300w, https:\/\/amberadvocate.org\/wp-content\/uploads\/2022\/09\/Int-4-150x150.jpg 150w, https:\/\/amberadvocate.org\/wp-content\/uploads\/2022\/09\/Int-4-768x768.jpg 768w\" sizes=\"(max-width: 800px) 100vw, 800px\" alt=\"\" \t\tclass=\"so-widget-image\"\/>\n\t<\/div>\n\n<\/div><\/div><\/div><div id=\"pgc-w631778f6b3798-3-1\"  class=\"panel-grid-cell\" ><div id=\"panel-w631778f6b3798-3-1-0\" class=\"so-panel widget widget_sow-headline panel-first-child\" data-index=\"10\" ><div class=\"panel-widget-style panel-widget-style-for-w631778f6b3798-3-1-0\" ><div\n\t\t\t\n\t\t\tclass=\"so-widget-sow-headline so-widget-sow-headline-default-f2a1341d8031\"\n\t\t\t\n\t\t><div class=\"sow-headline-container \">\n\t\t\t\t\t\t\t<h2 class=\"sow-headline\">\n\t\t\t\t\t\tQuebec lanzar\u00e1 la Alerta Plateada para las personas mayores desaparecidas\t\t\t\t\t\t<\/h2>\n\t\t\t\t\t\t\t\t\t\t\t<div class=\"decoration\">\n\t\t\t\t\t\t<div class=\"decoration-inside\"><\/div>\n\t\t\t\t\t<\/div>\n\t\t\t\t\t<\/div>\n<\/div><\/div><\/div><div id=\"panel-w631778f6b3798-3-1-1\" class=\"so-panel widget widget_sow-editor panel-last-child\" data-index=\"11\" ><div\n\t\t\t\n\t\t\tclass=\"so-widget-sow-editor so-widget-sow-editor-base\"\n\t\t\t\n\t\t>\n<div class=\"siteorigin-widget-tinymce textwidget\">\n\t<p>La fuerza policial provincial de Quebec, la S\u00fbret\u00e9 du Qu\u00e9bec, planea lanzar un programa piloto de Alerta Plateada para ayudar a encontrar a personas mayores desaparecidas. La agencia policial estima que 800 personas mayores desaparecidas cumplir\u00edan los requisitos para la alerta cada a\u00f1o. La Alerta Plateada enviar\u00eda al p\u00fablico informaci\u00f3n esencial cuando una persona mayor con problemas neurocognitivos, como la enfermedad de Alzheimer, desaparezca. Inicialmente, la polic\u00eda se opon\u00eda a la alerta, por temor a que desensibilizara la respuesta del p\u00fablico a las Alertas AMBER.   <\/p>\n<\/div>\n<\/div><\/div><\/div><\/div><\/div><\/div><\/div><\/div><\/div><\/div>","protected":false},"excerpt":{"rendered":"<p>Breves noticias sobre la Alerta AMBER y la protecci\u00f3n de la infancia en todo el mundo<\/p>\n","protected":false},"author":10,"featured_media":24457,"comment_status":"closed","ping_status":"closed","sticky":false,"template":"","format":"standard","meta":{"_bbp_topic_count":0,"_bbp_reply_count":0,"_bbp_total_topic_count":0,"_bbp_total_reply_count":0,"_bbp_voice_count":0,"_bbp_anonymous_reply_count":0,"_bbp_topic_count_hidden":0,"_bbp_reply_count_hidden":0,"_bbp_forum_subforum_count":0,"_analytify_skip_tracking":false,"footnotes":""},"categories":[651],"tags":[],"class_list":["post-30607","post","type-post","status-publish","format-standard","has-post-thumbnail","hentry","category-internacional"],"meta_box":{"aa_theme_enable_blocks_editor":"","aa_theme_featured_img_position":""},"publishpress_future_workflow_manual_trigger":{"enabledWorkflows":[]},"_links":{"self":[{"href":"https:\/\/amberadvocate.org\/es\/wp-json\/wp\/v2\/posts\/30607","targetHints":{"allow":["GET"]}}],"collection":[{"href":"https:\/\/amberadvocate.org\/es\/wp-json\/wp\/v2\/posts"}],"about":[{"href":"https:\/\/amberadvocate.org\/es\/wp-json\/wp\/v2\/types\/post"}],"author":[{"embeddable":true,"href":"https:\/\/amberadvocate.org\/es\/wp-json\/wp\/v2\/users\/10"}],"replies":[{"embeddable":true,"href":"https:\/\/amberadvocate.org\/es\/wp-json\/wp\/v2\/comments?post=30607"}],"version-history":[{"count":0,"href":"https:\/\/amberadvocate.org\/es\/wp-json\/wp\/v2\/posts\/30607\/revisions"}],"wp:featuredmedia":[{"embeddable":true,"href":"https:\/\/amberadvocate.org\/es\/wp-json\/wp\/v2\/media\/24457"}],"wp:attachment":[{"href":"https:\/\/amberadvocate.org\/es\/wp-json\/wp\/v2\/media?parent=30607"}],"wp:term":[{"taxonomy":"category","embeddable":true,"href":"https:\/\/amberadvocate.org\/es\/wp-json\/wp\/v2\/categories?post=30607"},{"taxonomy":"post_tag","embeddable":true,"href":"https:\/\/amberadvocate.org\/es\/wp-json\/wp\/v2\/tags?post=30607"}],"curies":[{"name":"wp","href":"https:\/\/api.w.org\/{rel}","templated":true}]}}