{"id":30604,"date":"2022-09-06T11:56:45","date_gmt":"2022-09-06T16:56:45","guid":{"rendered":"https:\/\/amberadvocate.org\/sin-categorizar\/alerta-amber-en-el-pais-indio-noticias-breves-numero-51\/"},"modified":"2025-11-01T14:21:46","modified_gmt":"2025-11-01T19:21:46","slug":"alerta-amber-en-el-pais-indio-noticias-breves-numero-51","status":"publish","type":"post","link":"https:\/\/amberadvocate.org\/es\/pais-indio\/alerta-amber-en-el-pais-indio-noticias-breves-numero-51\/","title":{"rendered":"Alerta AMBER en el Pa\u00eds Indio &#8211; Noticias breves (N\u00famero 51)"},"content":{"rendered":"<div id=\"pl-30604\"  class=\"panel-layout\" ><div id=\"pg-30604-0\"  class=\"panel-grid panel-no-style\" ><div id=\"pgc-30604-0-0\"  class=\"panel-grid-cell\" ><div id=\"panel-30604-0-0-0\" class=\"so-panel widget widget_siteorigin-panels-builder panel-first-child panel-last-child\" data-index=\"0\" ><div id=\"pl-w6317866f4ab19\"  class=\"panel-layout\" ><div id=\"pg-w6317866f4ab19-0\"  class=\"panel-grid panel-has-style\" ><div class=\"siteorigin-panels-stretch panel-row-style panel-row-style-for-w6317866f4ab19-0\" data-stretch-type=\"full\" ><div id=\"pgc-w6317866f4ab19-0-0\"  class=\"panel-grid-cell\" ><div id=\"panel-w6317866f4ab19-0-0-0\" class=\"so-panel widget widget_sow-image panel-first-child panel-last-child\" data-index=\"0\" ><div\n\t\t\t\n\t\t\tclass=\"so-widget-sow-image so-widget-sow-image-default-dbf295114b96\"\n\t\t\t\n\t\t>\n<div class=\"sow-image-container\">\n\t\t<img \n\tsrc=\"https:\/\/amberadvocate.org\/wp-content\/uploads\/2022\/09\/IC-1.jpg\" width=\"800\" height=\"800\" srcset=\"https:\/\/amberadvocate.org\/wp-content\/uploads\/2022\/09\/IC-1.jpg 800w, https:\/\/amberadvocate.org\/wp-content\/uploads\/2022\/09\/IC-1-300x300.jpg 300w, https:\/\/amberadvocate.org\/wp-content\/uploads\/2022\/09\/IC-1-150x150.jpg 150w, https:\/\/amberadvocate.org\/wp-content\/uploads\/2022\/09\/IC-1-768x768.jpg 768w\" sizes=\"(max-width: 800px) 100vw, 800px\" alt=\"\" \t\tclass=\"so-widget-image\"\/>\n\t<\/div>\n\n<\/div><\/div><\/div><div id=\"pgc-w6317866f4ab19-0-1\"  class=\"panel-grid-cell\" ><div id=\"panel-w6317866f4ab19-0-1-0\" class=\"so-panel widget widget_sow-headline panel-first-child\" data-index=\"1\" ><div class=\"panel-widget-style panel-widget-style-for-w6317866f4ab19-0-1-0\" ><div\n\t\t\t\n\t\t\tclass=\"so-widget-sow-headline so-widget-sow-headline-default-f2a1341d8031\"\n\t\t\t\n\t\t><div class=\"sow-headline-container \">\n\t\t\t\t\t\t\t<h2 class=\"sow-headline\">\n\t\t\t\t\t\tLa nueva alerta del estado de Washington aborda el alto \u00edndice de ind\u00edgenas desaparecidos\t\t\t\t\t\t<\/h2>\n\t\t\t\t\t\t\t\t\t\t\t<div class=\"decoration\">\n\t\t\t\t\t\t<div class=\"decoration-inside\"><\/div>\n\t\t\t\t\t<\/div>\n\t\t\t\t\t<\/div>\n<\/div><\/div><\/div><div id=\"panel-w6317866f4ab19-0-1-1\" class=\"so-panel widget widget_sow-editor panel-last-child\" data-index=\"2\" ><div\n\t\t\t\n\t\t\tclass=\"so-widget-sow-editor so-widget-sow-editor-base\"\n\t\t\t\n\t\t>\n<div class=\"siteorigin-widget-tinymce textwidget\">\n\t<p>En marzo de 2022, se promulg\u00f3 en el estado de Washington un sistema de alerta, el primero de su tipo, para mujeres y personas ind\u00edgenas desaparecidas. El sistema ayuda a distribuir informaci\u00f3n sobre nativos americanos desaparecidos de forma muy similar a una Alerta AMBER. Washington tiene el segundo mayor n\u00famero de ind\u00edgenas desaparecidos en los EE. UU.  <\/p>\n<\/div>\n<\/div><\/div><\/div><\/div><\/div><div id=\"pg-w6317866f4ab19-1\"  class=\"panel-grid panel-has-style\" ><div class=\"siteorigin-panels-stretch panel-row-style panel-row-style-for-w6317866f4ab19-1\" data-stretch-type=\"full\" ><div id=\"pgc-w6317866f4ab19-1-0\"  class=\"panel-grid-cell\" ><div id=\"panel-w6317866f4ab19-1-0-0\" class=\"so-panel widget widget_sow-image panel-first-child panel-last-child\" data-index=\"3\" ><div\n\t\t\t\n\t\t\tclass=\"so-widget-sow-image so-widget-sow-image-default-dbf295114b96\"\n\t\t\t\n\t\t>\n<div class=\"sow-image-container\">\n\t\t<img \n\tsrc=\"https:\/\/amberadvocate.org\/wp-content\/uploads\/2022\/09\/IC-2.jpg\" width=\"800\" height=\"800\" srcset=\"https:\/\/amberadvocate.org\/wp-content\/uploads\/2022\/09\/IC-2.jpg 800w, https:\/\/amberadvocate.org\/wp-content\/uploads\/2022\/09\/IC-2-300x300.jpg 300w, https:\/\/amberadvocate.org\/wp-content\/uploads\/2022\/09\/IC-2-150x150.jpg 150w, https:\/\/amberadvocate.org\/wp-content\/uploads\/2022\/09\/IC-2-768x768.jpg 768w\" sizes=\"(max-width: 800px) 100vw, 800px\" title=\"CI-2\" alt=\"\" \t\tclass=\"so-widget-image\"\/>\n\t<\/div>\n\n<\/div><\/div><\/div><div id=\"pgc-w6317866f4ab19-1-1\"  class=\"panel-grid-cell\" ><div id=\"panel-w6317866f4ab19-1-1-0\" class=\"so-panel widget widget_sow-headline panel-first-child\" data-index=\"4\" ><div class=\"panel-widget-style panel-widget-style-for-w6317866f4ab19-1-1-0\" ><div\n\t\t\t\n\t\t\tclass=\"so-widget-sow-headline so-widget-sow-headline-default-f2a1341d8031\"\n\t\t\t\n\t\t><div class=\"sow-headline-container \">\n\t\t\t\t\t\t\t<h2 class=\"sow-headline\">\n\t\t\t\t\t\tLas tribus de EE.UU. y Canad\u00e1 destacan el D\u00eda de Concienciaci\u00f3n sobre las Mujeres Ind\u00edgenas Desaparecidas  \t\t\t\t\t\t<\/h2>\n\t\t\t\t\t\t\t\t\t\t\t<div class=\"decoration\">\n\t\t\t\t\t\t<div class=\"decoration-inside\"><\/div>\n\t\t\t\t\t<\/div>\n\t\t\t\t\t<\/div>\n<\/div><\/div><\/div><div id=\"panel-w6317866f4ab19-1-1-1\" class=\"so-panel widget widget_sow-editor panel-last-child\" data-index=\"5\" ><div\n\t\t\t\n\t\t\tclass=\"so-widget-sow-editor so-widget-sow-editor-base\"\n\t\t\t\n\t\t>\n<div class=\"siteorigin-widget-tinymce textwidget\">\n\t<p>L\u00edderes tribales y otros funcionarios p\u00fablicos estadounidenses y canadienses reconocieron el 5 de mayo el D\u00eda Nacional de Concienciaci\u00f3n sobre Mujeres Ind\u00edgenas Desaparecidas y Asesinadas (MMIW).<\/p>\n<ul>\n<li>Cientos de miembros de la Naci\u00f3n Yakama se reunieron en Toppenish, Washington, para compartir historias y rezar. Marcharon con carteles que dec\u00edan \u201cNo m\u00e1s hermanas perdidas\u201d. <\/li>\n<li>La tribu Port Gamble S'Klallam celebr\u00f3 una marcha en Kitsap, Washington, para concienciar sobre la dif\u00edcil situaci\u00f3n de las mujeres ind\u00edgenas desaparecidas y asesinadas.<\/li>\n<li>En Madison, Wisconsin, miembros de tribus estatales se reunieron para el D\u00eda MMIW en el capitolio estatal y leyeron los nombres de todas las mujeres ind\u00edgenas desaparecidas que han sido encontradas muertas en el estado. \u201cEsta epidemia de mujeres y ni\u00f1as nativas desaparecidas y asesinadas debe detenerse\u201d, dijo Shannon Holsey, presidenta de la Comunidad Stockbridge Munsee, una de las 11 naciones tribales reconocidas federalmente del estado. <\/li>\n<li>La gobernadora de Dakota del Sur, Kristi Noem, emiti\u00f3 una proclamaci\u00f3n para el D\u00eda MMIW. Noem destac\u00f3 las medidas que ha tomado para abordar la crisis en curso, incluido el establecimiento de procedimientos de investigaci\u00f3n para mujeres nativas desaparecidas, la creaci\u00f3n de un centro de intercambio de informaci\u00f3n sobre personas desaparecidas y el desarrollo y la financiaci\u00f3n total de la Oficina de Enlace para Personas Ind\u00edgenas Desaparecidas y Asesinadas. <\/li>\n<li>En Saskatchewan, Canad\u00e1, la Federaci\u00f3n de Naciones Ind\u00edgenas Soberanas (FSIN) tambi\u00e9n declar\u00f3 el 5 de mayo como el D\u00eda Nacional del Vestido Rojo para fomentar la protecci\u00f3n de los miembros de las tribus contra todas las formas de violencia. \u201cNuestras mujeres y ni\u00f1as de las Primeras Naciones deben ser protegidas de los inaceptables niveles de violencia que se experimentan en la sociedad canadiense y en nuestras comunidades\u201d, dijo el jefe Bobby Cameron. <\/li>\n<\/ul>\n<\/div>\n<\/div><\/div><\/div><\/div><\/div><\/div><\/div><\/div><\/div><\/div>","protected":false},"excerpt":{"rendered":"<p>La nueva alerta del estado de Washington aborda el alto \u00edndice de ind\u00edgenas desaparecidos En marzo de 2022, se promulg\u00f3 en el estado de Washington un sistema de alerta, el primero de su tipo, para mujeres y personas ind\u00edgenas desaparecidas. El sistema ayuda a distribuir informaci\u00f3n sobre nativos americanos desaparecidos de forma muy similar a [&hellip;]<\/p>\n","protected":false},"author":10,"featured_media":13849,"comment_status":"closed","ping_status":"closed","sticky":false,"template":"","format":"standard","meta":{"_bbp_topic_count":0,"_bbp_reply_count":0,"_bbp_total_topic_count":0,"_bbp_total_reply_count":0,"_bbp_voice_count":0,"_bbp_anonymous_reply_count":0,"_bbp_topic_count_hidden":0,"_bbp_reply_count_hidden":0,"_bbp_forum_subforum_count":0,"_analytify_skip_tracking":false,"footnotes":""},"categories":[653],"tags":[],"class_list":["post-30604","post","type-post","status-publish","format-standard","has-post-thumbnail","hentry","category-pais-indio"],"meta_box":{"aa_theme_enable_blocks_editor":"","aa_theme_featured_img_position":""},"publishpress_future_workflow_manual_trigger":{"enabledWorkflows":[]},"_links":{"self":[{"href":"https:\/\/amberadvocate.org\/es\/wp-json\/wp\/v2\/posts\/30604","targetHints":{"allow":["GET"]}}],"collection":[{"href":"https:\/\/amberadvocate.org\/es\/wp-json\/wp\/v2\/posts"}],"about":[{"href":"https:\/\/amberadvocate.org\/es\/wp-json\/wp\/v2\/types\/post"}],"author":[{"embeddable":true,"href":"https:\/\/amberadvocate.org\/es\/wp-json\/wp\/v2\/users\/10"}],"replies":[{"embeddable":true,"href":"https:\/\/amberadvocate.org\/es\/wp-json\/wp\/v2\/comments?post=30604"}],"version-history":[{"count":0,"href":"https:\/\/amberadvocate.org\/es\/wp-json\/wp\/v2\/posts\/30604\/revisions"}],"wp:featuredmedia":[{"embeddable":true,"href":"https:\/\/amberadvocate.org\/es\/wp-json\/wp\/v2\/media\/13849"}],"wp:attachment":[{"href":"https:\/\/amberadvocate.org\/es\/wp-json\/wp\/v2\/media?parent=30604"}],"wp:term":[{"taxonomy":"category","embeddable":true,"href":"https:\/\/amberadvocate.org\/es\/wp-json\/wp\/v2\/categories?post=30604"},{"taxonomy":"post_tag","embeddable":true,"href":"https:\/\/amberadvocate.org\/es\/wp-json\/wp\/v2\/tags?post=30604"}],"curies":[{"name":"wp","href":"https:\/\/api.w.org\/{rel}","templated":true}]}}