{"id":30590,"date":"2023-03-20T13:47:02","date_gmt":"2023-03-20T18:47:02","guid":{"rendered":"https:\/\/amberadvocate.org\/sin-categorizar\/amber-alert-u-s-briefs-numero-1-2023\/"},"modified":"2025-11-01T14:09:54","modified_gmt":"2025-11-01T19:09:54","slug":"amber-alert-u-s-briefs-numero-1-2023","status":"publish","type":"post","link":"https:\/\/amberadvocate.org\/es\/alerta-amber-breves\/amber-alert-u-s-briefs-numero-1-2023\/","title":{"rendered":"AMBER Alert U.S. Briefs &#8211; N\u00famero 1 2023"},"content":{"rendered":"<div id=\"pl-30590\"  class=\"panel-layout\" ><div id=\"pg-30590-0\"  class=\"panel-grid panel-no-style\" ><div id=\"pgc-30590-0-0\"  class=\"panel-grid-cell\" ><div id=\"panel-30590-0-0-0\" class=\"so-panel widget widget_siteorigin-panels-builder panel-first-child panel-last-child\" data-index=\"0\" ><div id=\"pl-w641089894f925\"  class=\"panel-layout\" ><div id=\"pg-w641089894f925-0\"  class=\"panel-grid panel-has-style\" ><div class=\"siteorigin-panels-stretch panel-row-style panel-row-style-for-w641089894f925-0\" data-stretch-type=\"full\" ><div id=\"pgc-w641089894f925-0-0\"  class=\"panel-grid-cell\" ><div id=\"panel-w641089894f925-0-0-0\" class=\"so-panel widget widget_sow-image panel-first-child panel-last-child\" data-index=\"0\" ><div\n\t\t\t\n\t\t\tclass=\"so-widget-sow-image so-widget-sow-image-default-13f2a8b12fcc\"\n\t\t\t\n\t\t>\n<div class=\"sow-image-container\">\n\t\t<img \n\tsrc=\"https:\/\/amberadvocate.org\/wp-content\/uploads\/2023\/03\/Child-ID-kits-in-Florida.png\" width=\"2060\" height=\"1390\" srcset=\"https:\/\/amberadvocate.org\/wp-content\/uploads\/2023\/03\/Child-ID-kits-in-Florida.png 2060w, https:\/\/amberadvocate.org\/wp-content\/uploads\/2023\/03\/Child-ID-kits-in-Florida-300x202.png 300w, https:\/\/amberadvocate.org\/wp-content\/uploads\/2023\/03\/Child-ID-kits-in-Florida-1024x691.png 1024w, https:\/\/amberadvocate.org\/wp-content\/uploads\/2023\/03\/Child-ID-kits-in-Florida-768x518.png 768w, https:\/\/amberadvocate.org\/wp-content\/uploads\/2023\/03\/Child-ID-kits-in-Florida-1536x1036.png 1536w, https:\/\/amberadvocate.org\/wp-content\/uploads\/2023\/03\/Child-ID-kits-in-Florida-2048x1382.png 2048w\" sizes=\"(max-width: 2060px) 100vw, 2060px\" title=\"Kits de identificaci\u00f3n infantil en Florida\" alt=\"Kits de identificaci\u00f3n infantil en Florida\" \t\tclass=\"so-widget-image\"\/>\n\t<\/div>\n\n<\/div><\/div><\/div><div id=\"pgc-w641089894f925-0-1\"  class=\"panel-grid-cell\" ><div id=\"panel-w641089894f925-0-1-0\" class=\"so-panel widget widget_sow-headline panel-first-child\" data-index=\"1\" ><div\n\t\t\t\n\t\t\tclass=\"so-widget-sow-headline so-widget-sow-headline-default-9479a4950edb\"\n\t\t\t\n\t\t><div class=\"sow-headline-container \">\n\t\t\t\t\t\t\t<h2 class=\"sow-headline\">\n\t\t\t\t\t\tLas autoridades de Florida proporcionan 250.000 kits gratuitos de identificaci\u00f3n infantil\t\t\t\t\t\t<\/h2>\n\t\t\t\t\t\t\t\t\t\t\t<div class=\"decoration\">\n\t\t\t\t\t\t<div class=\"decoration-inside\"><\/div>\n\t\t\t\t\t<\/div>\n\t\t\t\t\t<\/div>\n<\/div><\/div><div id=\"panel-w641089894f925-0-1-1\" class=\"so-panel widget widget_sow-editor panel-last-child\" data-index=\"2\" ><div\n\t\t\t\n\t\t\tclass=\"so-widget-sow-editor so-widget-sow-editor-base\"\n\t\t\t\n\t\t>\n<div class=\"siteorigin-widget-tinymce textwidget\">\n\t<p>Si ocurriera el peor de los casos, los funcionarios de Florida quieren que los padres est\u00e9n preparados. Tras los m\u00e1s de 25.000 incidentes de ni\u00f1os desaparecidos denunciados a las autoridades en 2022, el estado proporcionar\u00e1 kits de identificaci\u00f3n gratuitos a los padres. El <g id=\"gid_0\">objetivo<\/g> es facilitar a los padres la recopilaci\u00f3n de informaci\u00f3n identificativa en tarjetas que puedan guardarse en casa en caso de necesidad. Se proporcionar\u00e1n unos 250.000 kits a todas las escuelas p\u00fablicas, privadas y concertadas para los padres de los alumnos de jard\u00edn de infancia.   <\/p>\n<\/div>\n<\/div><\/div><\/div><\/div><\/div><div id=\"pg-w641089894f925-1\"  class=\"panel-grid panel-has-style\" ><div class=\"siteorigin-panels-stretch panel-row-style panel-row-style-for-w641089894f925-1\" data-stretch-type=\"full\" ><div id=\"pgc-w641089894f925-1-0\"  class=\"panel-grid-cell\" ><div id=\"panel-w641089894f925-1-0-0\" class=\"so-panel widget widget_sow-image panel-first-child panel-last-child\" data-index=\"3\" ><div\n\t\t\t\n\t\t\tclass=\"so-widget-sow-image so-widget-sow-image-default-dbf295114b96\"\n\t\t\t\n\t\t>\n<div class=\"sow-image-container\">\n\t\t<img \n\tsrc=\"https:\/\/amberadvocate.org\/wp-content\/uploads\/2023\/03\/Recovered-missing-child.png\" width=\"2037\" height=\"1374\" srcset=\"https:\/\/amberadvocate.org\/wp-content\/uploads\/2023\/03\/Recovered-missing-child.png 2037w, https:\/\/amberadvocate.org\/wp-content\/uploads\/2023\/03\/Recovered-missing-child-300x202.png 300w, https:\/\/amberadvocate.org\/wp-content\/uploads\/2023\/03\/Recovered-missing-child-1024x691.png 1024w, https:\/\/amberadvocate.org\/wp-content\/uploads\/2023\/03\/Recovered-missing-child-768x518.png 768w, https:\/\/amberadvocate.org\/wp-content\/uploads\/2023\/03\/Recovered-missing-child-1536x1036.png 1536w, https:\/\/amberadvocate.org\/wp-content\/uploads\/2023\/03\/Recovered-missing-child-272x182.png 272w\" sizes=\"(max-width: 2037px) 100vw, 2037px\" title=\"Ni\u00f1o desaparecido recuperado\" alt=\"\" \t\tclass=\"so-widget-image\"\/>\n\t<\/div>\n\n<\/div><\/div><\/div><div id=\"pgc-w641089894f925-1-1\"  class=\"panel-grid-cell\" ><div id=\"panel-w641089894f925-1-1-0\" class=\"so-panel widget widget_sow-headline panel-first-child\" data-index=\"4\" ><div\n\t\t\t\n\t\t\tclass=\"so-widget-sow-headline so-widget-sow-headline-default-9479a4950edb\"\n\t\t\t\n\t\t><div class=\"sow-headline-container \">\n\t\t\t\t\t\t\t<h2 class=\"sow-headline\">\n\t\t\t\t\t\tUna operaci\u00f3n en Colorado recupera a 11 ni\u00f1os desaparecidos de alto riesgo  \t\t\t\t\t\t<\/h2>\n\t\t\t\t\t\t\t\t\t\t\t<div class=\"decoration\">\n\t\t\t\t\t\t<div class=\"decoration-inside\"><\/div>\n\t\t\t\t\t<\/div>\n\t\t\t\t\t<\/div>\n<\/div><\/div><div id=\"panel-w641089894f925-1-1-1\" class=\"so-panel widget widget_sow-editor panel-last-child\" data-index=\"5\" ><div\n\t\t\t\n\t\t\tclass=\"so-widget-sow-editor so-widget-sow-editor-base\"\n\t\t\t\n\t\t>\n<div class=\"siteorigin-widget-tinymce textwidget\">\n\t<div class=\"page\" title=\"P\u00e1gina 14\">\n<div class=\"section\">\n<div class=\"layoutArea\">\n<div class=\"column\">\n<p>La \u201cOperaci\u00f3n Perdidos y Encontrados\u201d ha localizado a casi una docena de ni\u00f1os desaparecidos en peligro en toda el \u00e1rea metropolitana de Denver. Una <g id=\"gid_0\">operaci\u00f3n<\/g> de dos semanas llevada a cabo por el Departamento de Polic\u00eda de Aurora, los U.S. Marshals y el Centro Nacional para Ni\u00f1os Desaparecidos y Explotados ayud\u00f3 a encontrar a los ni\u00f1os, cuyas edades oscilaban entre los 12 y los 17 a\u00f1os. Las autoridades declararon que los ni\u00f1os eran \u201calgunos de los casos de recuperaci\u00f3n m\u00e1s dif\u00edciles y de mayor riesgo de la zona, debido a factores como el tr\u00e1fico sexual infantil, la explotaci\u00f3n infantil, el abuso sexual, el abuso f\u00edsico y las afecciones m\u00e9dicas o de salud mental\u201d.  <\/p>\n<\/div>\n<\/div>\n<\/div>\n<\/div>\n<\/div>\n<\/div><\/div><\/div><\/div><\/div><div id=\"pg-w641089894f925-2\"  class=\"panel-grid panel-has-style\" ><div class=\"siteorigin-panels-stretch panel-row-style panel-row-style-for-w641089894f925-2\" data-stretch-type=\"full\" ><div id=\"pgc-w641089894f925-2-0\"  class=\"panel-grid-cell\" ><div id=\"panel-w641089894f925-2-0-0\" class=\"so-panel widget widget_sow-image panel-first-child panel-last-child\" data-index=\"6\" ><div\n\t\t\t\n\t\t\tclass=\"so-widget-sow-image so-widget-sow-image-default-dbf295114b96\"\n\t\t\t\n\t\t>\n<div class=\"sow-image-container\">\n\t\t<img \n\tsrc=\"https:\/\/amberadvocate.org\/wp-content\/uploads\/2023\/03\/Navajo-Nation-MMIW-initiative-UofAz.png\" width=\"2000\" height=\"1200\" srcset=\"https:\/\/amberadvocate.org\/wp-content\/uploads\/2023\/03\/Navajo-Nation-MMIW-initiative-UofAz.png 2000w, https:\/\/amberadvocate.org\/wp-content\/uploads\/2023\/03\/Navajo-Nation-MMIW-initiative-UofAz-300x180.png 300w, https:\/\/amberadvocate.org\/wp-content\/uploads\/2023\/03\/Navajo-Nation-MMIW-initiative-UofAz-1024x614.png 1024w, https:\/\/amberadvocate.org\/wp-content\/uploads\/2023\/03\/Navajo-Nation-MMIW-initiative-UofAz-768x461.png 768w, https:\/\/amberadvocate.org\/wp-content\/uploads\/2023\/03\/Navajo-Nation-MMIW-initiative-UofAz-1536x922.png 1536w\" sizes=\"(max-width: 2000px) 100vw, 2000px\" title=\"Iniciativa MMIW de la naci\u00f3n Navajo-UofAz\" alt=\"\" \t\tclass=\"so-widget-image\"\/>\n\t<\/div>\n\n<\/div><\/div><\/div><div id=\"pgc-w641089894f925-2-1\"  class=\"panel-grid-cell\" ><div id=\"panel-w641089894f925-2-1-0\" class=\"so-panel widget widget_sow-headline panel-first-child\" data-index=\"7\" ><div\n\t\t\t\n\t\t\tclass=\"so-widget-sow-headline so-widget-sow-headline-default-9479a4950edb\"\n\t\t\t\n\t\t><div class=\"sow-headline-container \">\n\t\t\t\t\t\t\t<h2 class=\"sow-headline\">\n\t\t\t\t\t\tLa Naci\u00f3n Navajo presenta nuevas directrices sobre personas desaparecidas que hacen hincapi\u00e9 en la empat\u00eda\t\t\t\t\t\t<\/h2>\n\t\t\t\t\t\t\t\t\t\t\t<div class=\"decoration\">\n\t\t\t\t\t\t<div class=\"decoration-inside\"><\/div>\n\t\t\t\t\t<\/div>\n\t\t\t\t\t<\/div>\n<\/div><\/div><div id=\"panel-w641089894f925-2-1-1\" class=\"so-panel widget widget_sow-editor panel-last-child\" data-index=\"8\" ><div\n\t\t\t\n\t\t\tclass=\"so-widget-sow-editor so-widget-sow-editor-base\"\n\t\t\t\n\t\t>\n<div class=\"siteorigin-widget-tinymce textwidget\">\n\t<div class=\"page\" title=\"P\u00e1gina 14\">\n<div class=\"section\">\n<div class=\"layoutArea\">\n<div class=\"column\">\n<p>El presidente de la Naci\u00f3n Navajo, Jonathan Nez, y la primera dama, Phefelia Nez, han emitido una orden ejecutiva en la que se establecen nuevas directrices para los casos de personas desaparecidas, que har\u00e1n hincapi\u00e9 en ser m\u00e1s emp\u00e1ticos con las v\u00edctimas y sus familias. \u201cMuchas familias conocen la angustia personal y el trauma de la desaparici\u00f3n de seres queridos en la Naci\u00f3n Navajo y en todo el territorio indio. Hist\u00f3ricamente, los m\u00faltiples sistemas jurisdiccionales han fallado a las v\u00edctimas y a sus familias\u201d, declar\u00f3 el presidente Nez. Las nuevas <a href=\"https:\/\/sourcenm.com\/2022\/11\/02\/navajo-nation-leaders-introduce-two-new-initiatives-to-address-missing-and-murdered-dine-relatives\/\" target=\"_blank\" rel=\"noopener\">directrices<\/a> obligar\u00e1n a que cualquier caso de persona desaparecida involucre inmediatamente a la familia, los parientes y la comunidad de la v\u00edctima.  <\/p>\n<\/div>\n<\/div>\n<\/div>\n<\/div>\n<\/div>\n<\/div><\/div><\/div><\/div><\/div><div id=\"pg-w641089894f925-3\"  class=\"panel-grid panel-has-style\" ><div class=\"siteorigin-panels-stretch panel-row-style panel-row-style-for-w641089894f925-3\" data-stretch-type=\"full\" ><div id=\"pgc-w641089894f925-3-0\"  class=\"panel-grid-cell\" ><div id=\"panel-w641089894f925-3-0-0\" class=\"so-panel widget widget_sow-image panel-first-child panel-last-child\" data-index=\"9\" ><div\n\t\t\t\n\t\t\tclass=\"so-widget-sow-image so-widget-sow-image-default-dbf295114b96\"\n\t\t\t\n\t\t>\n<div class=\"sow-image-container\">\n\t\t<img \n\tsrc=\"https:\/\/amberadvocate.org\/wp-content\/uploads\/2023\/03\/Highsmith-family-reunited-Fox4-DFW.png\" width=\"2414\" height=\"1367\" srcset=\"https:\/\/amberadvocate.org\/wp-content\/uploads\/2023\/03\/Highsmith-family-reunited-Fox4-DFW.png 2414w, https:\/\/amberadvocate.org\/wp-content\/uploads\/2023\/03\/Highsmith-family-reunited-Fox4-DFW-300x170.png 300w, https:\/\/amberadvocate.org\/wp-content\/uploads\/2023\/03\/Highsmith-family-reunited-Fox4-DFW-1024x580.png 1024w, https:\/\/amberadvocate.org\/wp-content\/uploads\/2023\/03\/Highsmith-family-reunited-Fox4-DFW-768x435.png 768w, https:\/\/amberadvocate.org\/wp-content\/uploads\/2023\/03\/Highsmith-family-reunited-Fox4-DFW-1536x870.png 1536w, https:\/\/amberadvocate.org\/wp-content\/uploads\/2023\/03\/Highsmith-family-reunited-Fox4-DFW-2048x1160.png 2048w\" sizes=\"(max-width: 2414px) 100vw, 2414px\" title=\"Familia Highsmith reunida-Fox4 DFW\" alt=\"\" \t\tclass=\"so-widget-image\"\/>\n\t<\/div>\n\n<\/div><\/div><\/div><div id=\"pgc-w641089894f925-3-1\"  class=\"panel-grid-cell\" ><div id=\"panel-w641089894f925-3-1-0\" class=\"so-panel widget widget_sow-headline panel-first-child\" data-index=\"10\" ><div\n\t\t\t\n\t\t\tclass=\"so-widget-sow-headline so-widget-sow-headline-default-9479a4950edb\"\n\t\t\t\n\t\t><div class=\"sow-headline-container \">\n\t\t\t\t\t\t\t<h2 class=\"sow-headline\">\n\t\t\t\t\t\tUna empresa de pruebas gen\u00e9ticas ayuda a la familia de \"Baby Melissa\" a encontrarla despu\u00e9s de 51 a\u00f1os\t\t\t\t\t\t<\/h2>\n\t\t\t\t\t\t\t\t\t\t\t<div class=\"decoration\">\n\t\t\t\t\t\t<div class=\"decoration-inside\"><\/div>\n\t\t\t\t\t<\/div>\n\t\t\t\t\t<\/div>\n<\/div><\/div><div id=\"panel-w641089894f925-3-1-1\" class=\"so-panel widget widget_sow-editor panel-last-child\" data-index=\"11\" ><div\n\t\t\t\n\t\t\tclass=\"so-widget-sow-editor so-widget-sow-editor-base\"\n\t\t\t\n\t\t>\n<div class=\"siteorigin-widget-tinymce textwidget\">\n\t<div class=\"page\" title=\"P\u00e1gina 14\">\n<div class=\"section\">\n<div class=\"layoutArea\">\n<div class=\"column\">\n<p>El 23 de agosto de 1971, Melissa Highsmith, de 1 a\u00f1o de edad y residente en Fort Worth, fue secuestrada por una mujer que se hizo pasar por ni\u00f1era. Su familia la busc\u00f3 en vano durante m\u00e1s de cinco d\u00e9cadas y nunca se rindi\u00f3. Animada por el Centro Nacional para Ni\u00f1os Desaparecidos y Explotados, la familia recurri\u00f3 a la empresa de pruebas gen\u00e9ticas 23andMe, y Jeffrie Highsmith <a href=\"https:\/\/www.nytimes.com\/2022\/11\/29\/us\/melissa-highsmith-kidnapped-found.html\" target=\"_blank\" rel=\"noopener\">descubri\u00f3<\/a> a un nieto que no sab\u00eda que ten\u00eda. Highsmith encontr\u00f3 entonces una cuenta de Facebook probablemente relacionada con su hija perdida, que se hac\u00eda llamar \u201cMelanie Walden\u201d. Y, curiosamente, viv\u00eda en Fort Worth, donde a\u00fan resid\u00eda su familia. Cuando Highsmith se puso en contacto con Melanie\/Melissa, comparti\u00f3 su historia (y la de ella), pero Walden, de 53 a\u00f1os, pens\u00f3 que estaba intentando estafarla. Pruebas gen\u00e9ticas adicionales confirmaron que, efectivamente, era \u201cBaby Melissa\u201d. Durante la reuni\u00f3n familiar, se enteraron de la infancia abusiva de Walden. \u201cPor fin tengo una madre y un padre que me quieren\u201d, dijo Walden. Desde entonces, ha vuelto a cambiarse el nombre por el de Melissa Highsmith.         <\/p>\n<\/div>\n<\/div>\n<\/div>\n<\/div>\n<\/div>\n<\/div><\/div><\/div><\/div><\/div><\/div><\/div><\/div><\/div><\/div>","protected":false},"excerpt":{"rendered":"<p>Noticias breves sobre la Alerta AMBER y temas relacionados con la protecci\u00f3n de menores en todo EE.UU.<\/p>\n","protected":false},"author":532,"featured_media":24447,"comment_status":"closed","ping_status":"closed","sticky":false,"template":"","format":"standard","meta":{"_bbp_topic_count":0,"_bbp_reply_count":0,"_bbp_total_topic_count":0,"_bbp_total_reply_count":0,"_bbp_voice_count":0,"_bbp_anonymous_reply_count":0,"_bbp_topic_count_hidden":0,"_bbp_reply_count_hidden":0,"_bbp_forum_subforum_count":0,"_analytify_skip_tracking":false,"footnotes":""},"categories":[649,664],"tags":[],"class_list":["post-30590","post","type-post","status-publish","format-standard","has-post-thumbnail","hentry","category-alerta-amber-breves","category-estados-unidos"],"meta_box":{"aa_theme_enable_blocks_editor":"","aa_theme_featured_img_position":""},"publishpress_future_workflow_manual_trigger":{"enabledWorkflows":[]},"_links":{"self":[{"href":"https:\/\/amberadvocate.org\/es\/wp-json\/wp\/v2\/posts\/30590","targetHints":{"allow":["GET"]}}],"collection":[{"href":"https:\/\/amberadvocate.org\/es\/wp-json\/wp\/v2\/posts"}],"about":[{"href":"https:\/\/amberadvocate.org\/es\/wp-json\/wp\/v2\/types\/post"}],"author":[{"embeddable":true,"href":"https:\/\/amberadvocate.org\/es\/wp-json\/wp\/v2\/users\/532"}],"replies":[{"embeddable":true,"href":"https:\/\/amberadvocate.org\/es\/wp-json\/wp\/v2\/comments?post=30590"}],"version-history":[{"count":0,"href":"https:\/\/amberadvocate.org\/es\/wp-json\/wp\/v2\/posts\/30590\/revisions"}],"wp:featuredmedia":[{"embeddable":true,"href":"https:\/\/amberadvocate.org\/es\/wp-json\/wp\/v2\/media\/24447"}],"wp:attachment":[{"href":"https:\/\/amberadvocate.org\/es\/wp-json\/wp\/v2\/media?parent=30590"}],"wp:term":[{"taxonomy":"category","embeddable":true,"href":"https:\/\/amberadvocate.org\/es\/wp-json\/wp\/v2\/categories?post=30590"},{"taxonomy":"post_tag","embeddable":true,"href":"https:\/\/amberadvocate.org\/es\/wp-json\/wp\/v2\/tags?post=30590"}],"curies":[{"name":"wp","href":"https:\/\/api.w.org\/{rel}","templated":true}]}}