{"id":30588,"date":"2023-03-20T13:45:53","date_gmt":"2023-03-20T18:45:53","guid":{"rendered":"https:\/\/amberadvocate.org\/sin-categorizar\/amber-alert-international-briefs-numero-1-2023\/"},"modified":"2025-11-01T14:10:06","modified_gmt":"2025-11-01T19:10:06","slug":"amber-alert-international-briefs-numero-1-2023","status":"publish","type":"post","link":"https:\/\/amberadvocate.org\/es\/alerta-amber-breves\/amber-alert-international-briefs-numero-1-2023\/","title":{"rendered":"AMBER Alert International Briefs &#8211; N\u00famero 1 2023"},"content":{"rendered":"<div id=\"pl-30588\"  class=\"panel-layout\" ><div id=\"pg-30588-0\"  class=\"panel-grid panel-no-style\" ><div id=\"pgc-30588-0-0\"  class=\"panel-grid-cell\" ><div id=\"panel-30588-0-0-0\" class=\"so-panel widget widget_siteorigin-panels-builder panel-first-child panel-last-child\" data-index=\"0\" ><div id=\"pl-w64108e3e9e30b\"  class=\"panel-layout\" ><div id=\"pg-w64108e3e9e30b-0\"  class=\"panel-grid panel-has-style\" ><div class=\"siteorigin-panels-stretch panel-row-style panel-row-style-for-w64108e3e9e30b-0\" data-stretch-type=\"full\" ><div id=\"pgc-w64108e3e9e30b-0-0\"  class=\"panel-grid-cell\" ><div id=\"panel-w64108e3e9e30b-0-0-0\" class=\"so-panel widget widget_sow-image panel-first-child panel-last-child\" data-index=\"0\" ><div\n\t\t\t\n\t\t\tclass=\"so-widget-sow-image so-widget-sow-image-default-dbf295114b96\"\n\t\t\t\n\t\t>\n<div class=\"sow-image-container\">\n\t\t<img \n\tsrc=\"https:\/\/amberadvocate.org\/wp-content\/uploads\/2023\/03\/abc_mothers2_le_191211_hpMain_4x3_992.jpg\" width=\"992\" height=\"744\" srcset=\"https:\/\/amberadvocate.org\/wp-content\/uploads\/2023\/03\/abc_mothers2_le_191211_hpMain_4x3_992.jpg 992w, https:\/\/amberadvocate.org\/wp-content\/uploads\/2023\/03\/abc_mothers2_le_191211_hpMain_4x3_992-300x225.jpg 300w, https:\/\/amberadvocate.org\/wp-content\/uploads\/2023\/03\/abc_mothers2_le_191211_hpMain_4x3_992-768x576.jpg 768w\" sizes=\"(max-width: 992px) 100vw, 992px\" alt=\"Madre con foto de su hijo &quot;desaparecido&quot; en M\u00e9xico\" \t\tclass=\"so-widget-image\"\/>\n\t<\/div>\n\n<\/div><\/div><\/div><div id=\"pgc-w64108e3e9e30b-0-1\"  class=\"panel-grid-cell\" ><div id=\"panel-w64108e3e9e30b-0-1-0\" class=\"so-panel widget widget_sow-headline panel-first-child\" data-index=\"1\" ><div\n\t\t\t\n\t\t\tclass=\"so-widget-sow-headline so-widget-sow-headline-default-94e39e9287be\"\n\t\t\t\n\t\t><div class=\"sow-headline-container \">\n\t\t\t\t\t\t\t<h2 class=\"sow-headline\">\n\t\t\t\t\t\tCinco madres que buscaban a familiares \"desaparecidos\" aparecen asesinadas en M\u00e9xico\t\t\t\t\t\t<\/h2>\n\t\t\t\t\t\t\t\t\t\t\t<div class=\"decoration\">\n\t\t\t\t\t\t<div class=\"decoration-inside\"><\/div>\n\t\t\t\t\t<\/div>\n\t\t\t\t\t<\/div>\n<\/div><\/div><div id=\"panel-w64108e3e9e30b-0-1-1\" class=\"so-panel widget widget_sow-editor panel-last-child\" data-index=\"2\" ><div class=\"panel-widget-style panel-widget-style-for-w64108e3e9e30b-0-1-1\" ><div\n\t\t\t\n\t\t\tclass=\"so-widget-sow-editor so-widget-sow-editor-base\"\n\t\t\t\n\t\t>\n<div class=\"siteorigin-widget-tinymce textwidget\">\n\t<div class=\"page\" title=\"P\u00e1gina 13\">\n<div class=\"section\">\n<div class=\"layoutArea\">\n<div class=\"column\">\n<p>En los \u00faltimos dos a\u00f1os, cinco activistas voluntarios en M\u00e9xico que han buscado fren\u00e9ticamente a sus hijos desaparecidos (y presuntamente asesinados) han sido asesinados <a href=\"https:\/\/abcnews.go.com\/International\/sorority-mothers-mexico-search-mass-graves-hopes-finding\/story?id=67639741\" target=\"_blank\" rel=\"noopener\">ellos mismos<\/a>. La noticia ha recibido poca atenci\u00f3n. Con m\u00e1s de 100.000 personas desaparecidas en M\u00e9xico, los expertos afirman que la polic\u00eda a menudo carece del tiempo, la experiencia o el inter\u00e9s necesarios para buscar las fosas clandestinas donde las bandas de narcotraficantes suelen enterrar a las v\u00edctimas. Y as\u00ed, los voluntarios, muchos de ellos familiares de los desaparecidos, realizan la b\u00fasqueda ellos mismos. Desafortunadamente, Mar\u00eda V\u00e1zquez Ram\u00edrez es la \u00faltima v\u00edctima. Fue asesinada mientras buscaba a su hijo, Osmar. En respuesta, el grupo Movimiento por nuestros Desaparecidos en M\u00e9xico, que apoya a los buscadores voluntarios, denunci\u00f3 el acto como \u201ccobarde\u201d, publicando una foto de Mar\u00eda con su hijo desaparecido con las palabras: \u201cNo viv\u00ed lo suficiente para encontrarte\u201d. El grupo exige que M\u00e9xico haga m\u00e1s para buscar a todos los desaparecidos, diciendo: \u201cLa violencia contra los buscadores no deber\u00eda ser la norma\u201d.<\/p>\n<\/div>\n<\/div>\n<\/div>\n<\/div>\n<\/div>\n<\/div><\/div><\/div><\/div><\/div><\/div><div id=\"pg-w64108e3e9e30b-1\"  class=\"panel-grid panel-has-style\" ><div class=\"siteorigin-panels-stretch panel-row-style panel-row-style-for-w64108e3e9e30b-1\" data-stretch-type=\"full\" ><div id=\"pgc-w64108e3e9e30b-1-0\"  class=\"panel-grid-cell\" ><div id=\"panel-w64108e3e9e30b-1-0-0\" class=\"so-panel widget widget_sow-image panel-first-child panel-last-child\" data-index=\"3\" ><div\n\t\t\t\n\t\t\tclass=\"so-widget-sow-image so-widget-sow-image-default-dbf295114b96\"\n\t\t\t\n\t\t>\n<div class=\"sow-image-container\">\n\t\t<img \n\tsrc=\"https:\/\/amberadvocate.org\/wp-content\/uploads\/2023\/03\/Thousands-of-children-go-missing-in-Europe-every-year-UNICEF.jpg\" width=\"1170\" height=\"780\" srcset=\"https:\/\/amberadvocate.org\/wp-content\/uploads\/2023\/03\/Thousands-of-children-go-missing-in-Europe-every-year-UNICEF.jpg 1170w, https:\/\/amberadvocate.org\/wp-content\/uploads\/2023\/03\/Thousands-of-children-go-missing-in-Europe-every-year-UNICEF-300x200.jpg 300w, https:\/\/amberadvocate.org\/wp-content\/uploads\/2023\/03\/Thousands-of-children-go-missing-in-Europe-every-year-UNICEF-1024x683.jpg 1024w, https:\/\/amberadvocate.org\/wp-content\/uploads\/2023\/03\/Thousands-of-children-go-missing-in-Europe-every-year-UNICEF-768x512.jpg 768w, https:\/\/amberadvocate.org\/wp-content\/uploads\/2023\/03\/Thousands-of-children-go-missing-in-Europe-every-year-UNICEF-272x182.jpg 272w\" sizes=\"(max-width: 1170px) 100vw, 1170px\" title=\"Miles de ni\u00f1os desaparecen en Europa cada a\u00f1o, siendo v\u00edctimas de delincuentes\" alt=\"Miles de ni\u00f1os desaparecen en Europa cada a\u00f1o, siendo v\u00edctimas de delincuentes\" \t\tclass=\"so-widget-image\"\/>\n\t<\/div>\n\n<\/div><\/div><\/div><div id=\"pgc-w64108e3e9e30b-1-1\"  class=\"panel-grid-cell\" ><div id=\"panel-w64108e3e9e30b-1-1-0\" class=\"so-panel widget widget_sow-headline panel-first-child\" data-index=\"4\" ><div\n\t\t\t\n\t\t\tclass=\"so-widget-sow-headline so-widget-sow-headline-default-94e39e9287be\"\n\t\t\t\n\t\t><div class=\"sow-headline-container \">\n\t\t\t\t\t\t\t<h2 class=\"sow-headline\">\n\t\t\t\t\t\tInvestigaci\u00f3n: Cada d\u00eda desaparecen en Europa unos 17 ni\u00f1os inmigrantes por intenci\u00f3n de los delincuentes\t\t\t\t\t\t<\/h2>\n\t\t\t\t\t\t\t\t\t\t\t<div class=\"decoration\">\n\t\t\t\t\t\t<div class=\"decoration-inside\"><\/div>\n\t\t\t\t\t<\/div>\n\t\t\t\t\t<\/div>\n<\/div><\/div><div id=\"panel-w64108e3e9e30b-1-1-1\" class=\"so-panel widget widget_sow-editor panel-last-child\" data-index=\"5\" ><div\n\t\t\t\n\t\t\tclass=\"so-widget-sow-editor so-widget-sow-editor-base\"\n\t\t\t\n\t\t>\n<div class=\"siteorigin-widget-tinymce textwidget\">\n\t<div class=\"page\" title=\"P\u00e1gina 13\">\n<div class=\"section\">\n<div class=\"layoutArea\">\n<div class=\"column\">\n<p>El 20 de noviembre de 2022, D\u00eda Mundial del Ni\u00f1o, el Centro de Investigaci\u00f3n de la Di\u00e1spora de la Universidad de Sakarya en Turqu\u00eda <a href=\"https:\/\/www.aa.com.tr\/en\/europe\/human-traffickers-capture-thousands-of-unaccompanied-refugee-children-across-eu\/2742435\" target=\"_blank\" rel=\"noopener\">inform\u00f3<\/a> de que el n\u00famero de casos relacionados con ni\u00f1os migrantes desaparecidos en Europa se est\u00e1 disparando. Seg\u00fan su informe de 2021 \u201cLost in Europe\u201d, m\u00e1s de 18.000 ni\u00f1os migrantes desaparecieron en Europa entre 2018 y 2020, un promedio de 17 ni\u00f1os refugiados cada d\u00eda. Las autoridades europeas se est\u00e1n uniendo para tratar de detener esta marea. La triste realidad detr\u00e1s del elevado n\u00famero de desaparecidos es que las organizaciones criminales se dirigen a los ni\u00f1os refugiados en Europa y los atrapan en el tr\u00e1fico sexual y la mendicidad forzada.<\/p>\n<\/div>\n<\/div>\n<\/div>\n<\/div>\n<\/div>\n<\/div><\/div><\/div><\/div><\/div><div id=\"pg-w64108e3e9e30b-2\"  class=\"panel-grid panel-has-style\" ><div class=\"siteorigin-panels-stretch panel-row-style panel-row-style-for-w64108e3e9e30b-2\" data-stretch-type=\"full\" ><div id=\"pgc-w64108e3e9e30b-2-0\"  class=\"panel-grid-cell\" ><div id=\"panel-w64108e3e9e30b-2-0-0\" class=\"so-panel widget widget_sow-image panel-first-child panel-last-child\" data-index=\"6\" ><div\n\t\t\t\n\t\t\tclass=\"so-widget-sow-image so-widget-sow-image-default-dbf295114b96\"\n\t\t\t\n\t\t>\n<div class=\"sow-image-container\">\n\t\t<img \n\tsrc=\"https:\/\/amberadvocate.org\/wp-content\/uploads\/2023\/03\/We-are-here-for-you2.png\" width=\"1200\" height=\"675\" srcset=\"https:\/\/amberadvocate.org\/wp-content\/uploads\/2023\/03\/We-are-here-for-you2.png 1200w, https:\/\/amberadvocate.org\/wp-content\/uploads\/2023\/03\/We-are-here-for-you2-300x169.png 300w, https:\/\/amberadvocate.org\/wp-content\/uploads\/2023\/03\/We-are-here-for-you2-1024x576.png 1024w, https:\/\/amberadvocate.org\/wp-content\/uploads\/2023\/03\/We-are-here-for-you2-768x432.png 768w\" sizes=\"(max-width: 1200px) 100vw, 1200px\" alt=\"Missing Children Europe dice que se necesita m\u00e1s trabajo\" \t\tclass=\"so-widget-image\"\/>\n\t<\/div>\n\n<\/div><\/div><\/div><div id=\"pgc-w64108e3e9e30b-2-1\"  class=\"panel-grid-cell\" ><div id=\"panel-w64108e3e9e30b-2-1-0\" class=\"so-panel widget widget_sow-headline panel-first-child\" data-index=\"7\" ><div\n\t\t\t\n\t\t\tclass=\"so-widget-sow-headline so-widget-sow-headline-default-94e39e9287be\"\n\t\t\t\n\t\t><div class=\"sow-headline-container \">\n\t\t\t\t\t\t\t<h2 class=\"sow-headline\">\n\t\t\t\t\t\tMissing Children Europe reflexiona sobre el \u00e9xito de 20 a\u00f1os \"pero hay que seguir trabajando\".\t\t\t\t\t\t<\/h2>\n\t\t\t\t\t\t\t\t\t\t\t<div class=\"decoration\">\n\t\t\t\t\t\t<div class=\"decoration-inside\"><\/div>\n\t\t\t\t\t<\/div>\n\t\t\t\t\t<\/div>\n<\/div><\/div><div id=\"panel-w64108e3e9e30b-2-1-1\" class=\"so-panel widget widget_sow-editor panel-last-child\" data-index=\"8\" ><div\n\t\t\t\n\t\t\tclass=\"so-widget-sow-editor so-widget-sow-editor-base\"\n\t\t\t\n\t\t>\n<div class=\"siteorigin-widget-tinymce textwidget\">\n\t<div class=\"page\" title=\"P\u00e1gina 13\">\n<div class=\"section\">\n<div class=\"layoutArea\">\n<div class=\"column\">\n<p>El grupo Missing Children Europe se fund\u00f3 en 2001 para proteger a los ni\u00f1os de la desaparici\u00f3n. El grupo coordina una amplia red de l\u00edneas directas para ni\u00f1os desaparecidos y mediadores familiares transfronterizos en toda Europa. El grupo celebr\u00f3 recientemente su 20<g id=\"gid_0\">o<\/g> aniversario en un evento repleto de famosos. Pero el objetivo principal del evento era destacar el <a href=\"https:\/\/missingchildreneurope.eu\/20-years-of-action-for-missing-children\/\" target=\"_blank\" rel=\"noopener\">hecho<\/a> de que, desde el lanzamiento de sus l\u00edneas directas en 2007, los operadores de toda Europa han respondido a m\u00e1s de dos millones de llamadas y han apoyado m\u00e1s de 70.000 casos relacionados con ni\u00f1os desaparecidos. Esas cifras se vieron atenuadas por esta realidad igualmente cruda: \u201cLa guerra de Ucrania y la expansi\u00f3n de Internet, con sus oportunidades y riesgos de da\u00f1o para los ni\u00f1os, son solo dos de los desaf\u00edos m\u00e1s recientes que deben abordarse\u201d, dijo Missing Children Europe. La organizaci\u00f3n planea continuar protegiendo y empoderando mejor a los ni\u00f1os en riesgo a trav\u00e9s de la investigaci\u00f3n, la promoci\u00f3n, la capacitaci\u00f3n y la educaci\u00f3n.     <\/p>\n<\/div>\n<\/div>\n<\/div>\n<\/div>\n<\/div>\n<\/div><\/div><\/div><\/div><\/div><\/div><\/div><\/div><\/div><\/div>","protected":false},"excerpt":{"rendered":"<p>Noticias breves sobre la Alerta AMBER y la protecci\u00f3n de la infancia en todo el mundo<\/p>\n","protected":false},"author":532,"featured_media":24457,"comment_status":"closed","ping_status":"closed","sticky":false,"template":"","format":"standard","meta":{"_bbp_topic_count":0,"_bbp_reply_count":0,"_bbp_total_topic_count":0,"_bbp_total_reply_count":0,"_bbp_voice_count":0,"_bbp_anonymous_reply_count":0,"_bbp_topic_count_hidden":0,"_bbp_reply_count_hidden":0,"_bbp_forum_subforum_count":0,"_analytify_skip_tracking":false,"footnotes":""},"categories":[649,651],"tags":[],"class_list":["post-30588","post","type-post","status-publish","format-standard","has-post-thumbnail","hentry","category-alerta-amber-breves","category-internacional"],"meta_box":{"aa_theme_enable_blocks_editor":"","aa_theme_featured_img_position":""},"publishpress_future_workflow_manual_trigger":{"enabledWorkflows":[]},"_links":{"self":[{"href":"https:\/\/amberadvocate.org\/es\/wp-json\/wp\/v2\/posts\/30588","targetHints":{"allow":["GET"]}}],"collection":[{"href":"https:\/\/amberadvocate.org\/es\/wp-json\/wp\/v2\/posts"}],"about":[{"href":"https:\/\/amberadvocate.org\/es\/wp-json\/wp\/v2\/types\/post"}],"author":[{"embeddable":true,"href":"https:\/\/amberadvocate.org\/es\/wp-json\/wp\/v2\/users\/532"}],"replies":[{"embeddable":true,"href":"https:\/\/amberadvocate.org\/es\/wp-json\/wp\/v2\/comments?post=30588"}],"version-history":[{"count":0,"href":"https:\/\/amberadvocate.org\/es\/wp-json\/wp\/v2\/posts\/30588\/revisions"}],"wp:featuredmedia":[{"embeddable":true,"href":"https:\/\/amberadvocate.org\/es\/wp-json\/wp\/v2\/media\/24457"}],"wp:attachment":[{"href":"https:\/\/amberadvocate.org\/es\/wp-json\/wp\/v2\/media?parent=30588"}],"wp:term":[{"taxonomy":"category","embeddable":true,"href":"https:\/\/amberadvocate.org\/es\/wp-json\/wp\/v2\/categories?post=30588"},{"taxonomy":"post_tag","embeddable":true,"href":"https:\/\/amberadvocate.org\/es\/wp-json\/wp\/v2\/tags?post=30588"}],"curies":[{"name":"wp","href":"https:\/\/api.w.org\/{rel}","templated":true}]}}