{"id":30567,"date":"2023-10-30T12:02:12","date_gmt":"2023-10-30T17:02:12","guid":{"rendered":"https:\/\/amberadvocate.org\/sin-categorizar\/alerta-amber-breves-internacionales-temas-3-4-2023\/"},"modified":"2025-11-01T14:14:45","modified_gmt":"2025-11-01T19:14:45","slug":"alerta-amber-breves-internacionales-temas-3-4-2023","status":"publish","type":"post","link":"https:\/\/amberadvocate.org\/es\/alerta-amber-breves\/alerta-amber-breves-internacionales-temas-3-4-2023\/","title":{"rendered":"Alerta AMBER Breves Internacionales: Temas 3-4, 2023"},"content":{"rendered":"<div id=\"pl-30567\"  class=\"panel-layout\" ><div id=\"pg-30567-0\"  class=\"panel-grid panel-no-style\" ><div id=\"pgc-30567-0-0\"  class=\"panel-grid-cell\" ><div id=\"panel-30567-0-0-0\" class=\"so-panel widget widget_siteorigin-panels-builder panel-first-child panel-last-child\" data-index=\"0\" ><div id=\"pl-w6532c1f72c4d3\"  class=\"panel-layout\" ><div id=\"pg-w6532c1f72c4d3-0\"  class=\"panel-grid panel-has-style\" ><div class=\"siteorigin-panels-stretch panel-row-style panel-row-style-for-w6532c1f72c4d3-0\" data-stretch-type=\"full\" ><div id=\"pgc-w6532c1f72c4d3-0-0\"  class=\"panel-grid-cell\" ><div id=\"panel-w6532c1f72c4d3-0-0-0\" class=\"so-panel widget widget_sow-image panel-first-child panel-last-child\" data-index=\"0\" ><div\n\t\t\t\n\t\t\tclass=\"so-widget-sow-image so-widget-sow-image-default-dbf295114b96\"\n\t\t\t\n\t\t>\n<div class=\"sow-image-container\">\n\t\t<img \n\tsrc=\"https:\/\/amberadvocate.org\/wp-content\/uploads\/2023\/10\/IN-1.jpg\" width=\"469\" height=\"469\" srcset=\"https:\/\/amberadvocate.org\/wp-content\/uploads\/2023\/10\/IN-1.jpg 469w, https:\/\/amberadvocate.org\/wp-content\/uploads\/2023\/10\/IN-1-300x300.jpg 300w, https:\/\/amberadvocate.org\/wp-content\/uploads\/2023\/10\/IN-1-150x150.jpg 150w\" sizes=\"(max-width: 469px) 100vw, 469px\" alt=\"Imagen que muestra a Edgar Salvador Casian-Garc\u00eda y Araceli Medina, que antes figuraban en la lista de los 15 &quot;m\u00e1s buscados&quot; del FBI, con la palabra &quot;ARRESTED&quot; (DETENIDOS) sobre sus fichas policiales\" \t\tclass=\"so-widget-image\"\/>\n\t<\/div>\n\n<\/div><\/div><\/div><div id=\"pgc-w6532c1f72c4d3-0-1\"  class=\"panel-grid-cell\" ><div id=\"panel-w6532c1f72c4d3-0-1-0\" class=\"so-panel widget widget_sow-headline panel-first-child\" data-index=\"1\" ><div\n\t\t\t\n\t\t\tclass=\"so-widget-sow-headline so-widget-sow-headline-default-37b3fbf9b79b\"\n\t\t\t\n\t\t><div class=\"sow-headline-container \">\n\t\t\t\t\t\t\t<h2 class=\"sow-headline\">\n\t\t\t\t\t\tCapturada en M\u00e9xico la pareja \"m\u00e1s buscada\t\t\t\t\t\t<\/h2>\n\t\t\t\t\t\t\t\t\t\t\t<div class=\"decoration\">\n\t\t\t\t\t\t<div class=\"decoration-inside\"><\/div>\n\t\t\t\t\t<\/div>\n\t\t\t\t\t<\/div>\n<\/div><\/div><div id=\"panel-w6532c1f72c4d3-0-1-1\" class=\"so-panel widget widget_sow-editor panel-last-child\" data-index=\"2\" ><div class=\"panel-widget-style panel-widget-style-for-w6532c1f72c4d3-0-1-1\" ><div\n\t\t\t\n\t\t\tclass=\"so-widget-sow-editor so-widget-sow-editor-base\"\n\t\t\t\n\t\t>\n<div class=\"siteorigin-widget-tinymce textwidget\">\n\t<p>Tras una b\u00fasqueda internacional, cinco ni\u00f1os desaparecidos y en peligro de extinci\u00f3n procedentes de Estados Unidos han sido recuperados sanos y salvos en M\u00e9xico, y su padre fugitivo y su novia han sido detenidos. Edgar Salvador Casian-Garc\u00eda y Araceli Medina, que antes figuraban en la <a href=\"https:\/\/www.usmarshals.gov\/what-we-do\/fugitive-investigations\/15-most-wanted-fugitive\" target=\"_blank\" rel=\"noopener\"><strong>lista de los 15 m\u00e1s buscados<\/strong><\/a> del Servicio de Alguaciles de EE. UU., fueron acusados no solo de m\u00faltiples cargos de abuso sexual infantil, sino tambi\u00e9n del asesinato del hijo de Casian-Garc\u00eda, cuyos restos fueron encontrados cerca del domicilio del ni\u00f1o en el noroeste del Pac\u00edfico. Un funcionario del Centro Nacional para Ni\u00f1os Desaparecidos y Explotados (NCMEC), que ayud\u00f3 a las fuerzas del orden en la b\u00fasqueda, <a href=\"https:\/\/www.missingkids.org\/blog\/2023\/couple-added-to-us-marshals-top-15-children-believed-to-be-in-danger\" target=\"_blank\" rel=\"noopener\"><strong>dijo<\/strong><\/a> que la captura de los fugitivos es un testimonio de la importancia de la colaboraci\u00f3n y la participaci\u00f3n de la comunidad en la protecci\u00f3n de los ni\u00f1os.  <\/p>\n<\/div>\n<\/div><\/div><\/div><\/div><\/div><\/div><div id=\"pg-w6532c1f72c4d3-1\"  class=\"panel-grid panel-has-style\" ><div class=\"siteorigin-panels-stretch panel-row-style panel-row-style-for-w6532c1f72c4d3-1\" data-stretch-type=\"full\" ><div id=\"pgc-w6532c1f72c4d3-1-0\"  class=\"panel-grid-cell\" ><div id=\"panel-w6532c1f72c4d3-1-0-0\" class=\"so-panel widget widget_sow-image panel-first-child panel-last-child\" data-index=\"3\" ><div\n\t\t\t\n\t\t\tclass=\"so-widget-sow-image so-widget-sow-image-default-dbf295114b96\"\n\t\t\t\n\t\t>\n<div class=\"sow-image-container\">\n\t\t<img \n\tsrc=\"https:\/\/amberadvocate.org\/wp-content\/uploads\/2023\/10\/IN-2.jpg\" width=\"469\" height=\"444\" srcset=\"https:\/\/amberadvocate.org\/wp-content\/uploads\/2023\/10\/IN-2.jpg 469w, https:\/\/amberadvocate.org\/wp-content\/uploads\/2023\/10\/IN-2-300x284.jpg 300w\" sizes=\"(max-width: 469px) 100vw, 469px\" alt=\"Foto del ni\u00f1o encontrado sano y salvo en Vietnam despu\u00e9s de ser secuestrado por su tutora de acogida Amanda Dinges y su madre, Amber Dinges, del estado de Washington, EE. UU.\" \t\tclass=\"so-widget-image\"\/>\n\t<\/div>\n\n<\/div><\/div><\/div><div id=\"pgc-w6532c1f72c4d3-1-1\"  class=\"panel-grid-cell\" ><div id=\"panel-w6532c1f72c4d3-1-1-0\" class=\"so-panel widget widget_sow-headline panel-first-child\" data-index=\"4\" ><div\n\t\t\t\n\t\t\tclass=\"so-widget-sow-headline so-widget-sow-headline-default-37b3fbf9b79b\"\n\t\t\t\n\t\t><div class=\"sow-headline-container \">\n\t\t\t\t\t\t\t<h2 class=\"sow-headline\">\n\t\t\t\t\t\tPadre de acogida estadounidense acusado del secuestro de un ni\u00f1o\t\t\t\t\t\t<\/h2>\n\t\t\t\t\t\t\t\t\t\t\t<div class=\"decoration\">\n\t\t\t\t\t\t<div class=\"decoration-inside\"><\/div>\n\t\t\t\t\t<\/div>\n\t\t\t\t\t<\/div>\n<\/div><\/div><div id=\"panel-w6532c1f72c4d3-1-1-1\" class=\"so-panel widget widget_sow-editor panel-last-child\" data-index=\"5\" ><div\n\t\t\t\n\t\t\tclass=\"so-widget-sow-editor so-widget-sow-editor-base\"\n\t\t\t\n\t\t>\n<div class=\"siteorigin-widget-tinymce textwidget\">\n\t<p>Tras ser secuestrado por su madre de acogida y la madre de esta, un ni\u00f1o estadounidense de 5 a\u00f1os fue <a href=\"https:\/\/www.king5.com\/article\/news\/local\/missing-mount-vernon-boy-found-vietnam\/281-6dd44c59-c62b-403d-8e28-405c6108ef8f\" target=\"_blank\" rel=\"noopener\"><strong>encontrado<\/strong><\/a> sano y salvo en Vietnam y devuelto a su madre biol\u00f3gica en el estado de Washington. La tutora de acogida, Amanda Dinges, y su madre, Amber Dinges, huyeron con el ni\u00f1o despu\u00e9s de que pareciera que pronto volver\u00eda a vivir con su madre biol\u00f3gica. Despu\u00e9s de que el personal de seguridad del Servicio Diplom\u00e1tico obtuviera la custodia del ni\u00f1o en el Consulado de los Estados Unidos en Han\u00f3i, los secuestradores fueron acusados de secuestro en segundo grado e interferencia en la custodia en primer grado. Brittany Tri, la abogada de la madre biol\u00f3gica, dijo que el ni\u00f1o est\u00e1 bien; su madre no est\u00e1 segura de c\u00f3mo pudo salir de los EE. UU., ya que nunca solicit\u00f3 que tuviera un pasaporte.<\/p>\n<\/div>\n<\/div><\/div><\/div><\/div><\/div><div id=\"pg-w6532c1f72c4d3-2\"  class=\"panel-grid panel-has-style\" ><div class=\"siteorigin-panels-stretch panel-row-style panel-row-style-for-w6532c1f72c4d3-2\" data-stretch-type=\"full\" ><div id=\"pgc-w6532c1f72c4d3-2-0\"  class=\"panel-grid-cell\" ><div id=\"panel-w6532c1f72c4d3-2-0-0\" class=\"so-panel widget widget_sow-image panel-first-child panel-last-child\" data-index=\"6\" ><div\n\t\t\t\n\t\t\tclass=\"so-widget-sow-image so-widget-sow-image-default-dbf295114b96\"\n\t\t\t\n\t\t>\n<div class=\"sow-image-container\">\n\t\t<img \n\tsrc=\"https:\/\/amberadvocate.org\/wp-content\/uploads\/2023\/10\/IN-3.jpg\" width=\"469\" height=\"469\" srcset=\"https:\/\/amberadvocate.org\/wp-content\/uploads\/2023\/10\/IN-3.jpg 469w, https:\/\/amberadvocate.org\/wp-content\/uploads\/2023\/10\/IN-3-300x300.jpg 300w, https:\/\/amberadvocate.org\/wp-content\/uploads\/2023\/10\/IN-3-150x150.jpg 150w\" sizes=\"(max-width: 469px) 100vw, 469px\" alt=\"Imagen del cartel de la campa\u00f1a &quot;\u00bfMe has visto?&quot; de Missing Child Kenya\" \t\tclass=\"so-widget-image\"\/>\n\t<\/div>\n\n<\/div><\/div><\/div><div id=\"pgc-w6532c1f72c4d3-2-1\"  class=\"panel-grid-cell\" ><div id=\"panel-w6532c1f72c4d3-2-1-0\" class=\"so-panel widget widget_sow-headline panel-first-child\" data-index=\"7\" ><div\n\t\t\t\n\t\t\tclass=\"so-widget-sow-headline so-widget-sow-headline-default-37b3fbf9b79b\"\n\t\t\t\n\t\t><div class=\"sow-headline-container \">\n\t\t\t\t\t\t\t<h2 class=\"sow-headline\">\n\t\t\t\t\t\tGrupo keniano que utiliza im\u00e1genes de progresi\u00f3n de la edad\t\t\t\t\t\t<\/h2>\n\t\t\t\t\t\t\t\t\t\t\t<div class=\"decoration\">\n\t\t\t\t\t\t<div class=\"decoration-inside\"><\/div>\n\t\t\t\t\t<\/div>\n\t\t\t\t\t<\/div>\n<\/div><\/div><div id=\"panel-w6532c1f72c4d3-2-1-1\" class=\"so-panel widget widget_sow-editor panel-last-child\" data-index=\"8\" ><div\n\t\t\t\n\t\t\tclass=\"so-widget-sow-editor so-widget-sow-editor-base\"\n\t\t\t\n\t\t>\n<div class=\"siteorigin-widget-tinymce textwidget\">\n\t<p>Un ni\u00f1o que desaparece a los 4 a\u00f1os tendr\u00e1 un aspecto muy diferente a los 10, y una organizaci\u00f3n keniana est\u00e1 <a href=\"https:\/\/www.voanews.com\/a\/kenyan-group-uses-forensic-imaging-to-help-find-missing-children-\/7115074.html\" target=\"_blank\" rel=\"noopener\"><strong>ayudando<\/strong><\/a> al p\u00fablico a ver los cambios f\u00edsicos. Missing Child Kenya ha estado utilizando tecnolog\u00eda de imagen forense para progresar en la edad de las \u00faltimas im\u00e1genes conocidas de ni\u00f1os desaparecidos. El grupo espera que las im\u00e1genes utilizadas en los carteles aumenten las posibilidades de encontrar a los ni\u00f1os que han estado desaparecidos durante a\u00f1os. Missing Child Kenya dice que ha ayudado a localizar a m\u00e1s de 1.000 ni\u00f1os desde su fundaci\u00f3n hace siete a\u00f1os.<\/p>\n<\/div>\n<\/div><\/div><\/div><\/div><\/div><div id=\"pg-w6532c1f72c4d3-3\"  class=\"panel-grid panel-has-style\" ><div class=\"siteorigin-panels-stretch panel-row-style panel-row-style-for-w6532c1f72c4d3-3\" data-stretch-type=\"full\" ><div id=\"pgc-w6532c1f72c4d3-3-0\"  class=\"panel-grid-cell\" ><div id=\"panel-w6532c1f72c4d3-3-0-0\" class=\"so-panel widget widget_sow-image panel-first-child panel-last-child\" data-index=\"9\" ><div\n\t\t\t\n\t\t\tclass=\"so-widget-sow-image so-widget-sow-image-default-dbf295114b96\"\n\t\t\t\n\t\t>\n<div class=\"sow-image-container\">\n\t\t<img \n\tsrc=\"https:\/\/amberadvocate.org\/wp-content\/uploads\/2023\/10\/IN-4.jpg\" width=\"450\" height=\"469\" srcset=\"https:\/\/amberadvocate.org\/wp-content\/uploads\/2023\/10\/IN-4.jpg 450w, https:\/\/amberadvocate.org\/wp-content\/uploads\/2023\/10\/IN-4-288x300.jpg 288w\" sizes=\"(max-width: 450px) 100vw, 450px\" alt=\"Foto de Aranza Maria Ochoa Lopez, localizada sana y salva en M\u00e9xico despu\u00e9s de ser vista por \u00faltima vez en un centro comercial de Vancouver, Canad\u00e1, cuatro a\u00f1os antes (2018)\" \t\tclass=\"so-widget-image\"\/>\n\t<\/div>\n\n<\/div><\/div><\/div><div id=\"pgc-w6532c1f72c4d3-3-1\"  class=\"panel-grid-cell\" ><div id=\"panel-w6532c1f72c4d3-3-1-0\" class=\"so-panel widget widget_sow-headline panel-first-child\" data-index=\"10\" ><div\n\t\t\t\n\t\t\tclass=\"so-widget-sow-headline so-widget-sow-headline-default-37b3fbf9b79b\"\n\t\t\t\n\t\t><div class=\"sow-headline-container \">\n\t\t\t\t\t\t\t<h2 class=\"sow-headline\">\n\t\t\t\t\t\tCasi 5 a\u00f1os de b\u00fasqueda de una ni\u00f1a estadounidense terminan en M\u00e9xico\t\t\t\t\t\t<\/h2>\n\t\t\t\t\t\t\t\t\t\t\t<div class=\"decoration\">\n\t\t\t\t\t\t<div class=\"decoration-inside\"><\/div>\n\t\t\t\t\t<\/div>\n\t\t\t\t\t<\/div>\n<\/div><\/div><div id=\"panel-w6532c1f72c4d3-3-1-1\" class=\"so-panel widget widget_sow-editor panel-last-child\" data-index=\"11\" ><div\n\t\t\t\n\t\t\tclass=\"so-widget-sow-editor so-widget-sow-editor-base\"\n\t\t\t\n\t\t>\n<div class=\"siteorigin-widget-tinymce textwidget\">\n\t<p>El dulce rostro de Aranza Maria Ochoa Lopez, de 4 a\u00f1os, con una camiseta de \"Stay Kind\" (S\u00e9 amable), sirvi\u00f3 de motivaci\u00f3n continua para las autoridades estadounidenses que trabajaron durante casi cinco a\u00f1os para encontrar a la ni\u00f1a, <a href=\"https:\/\/www.usatoday.com\/story\/news\/world\/2023\/03\/10\/girl-abducted-washington-mall-located-mexico\/11443096002\/\" target=\"_blank\" rel=\"noopener\"><strong>vista por \u00faltima vez<\/strong><\/a> en 2018 en un centro comercial de Vancouver, Washington. A principios de este a\u00f1o, los agentes del FBI recibieron la esperada noticia de que Aranza hab\u00eda sido <a href=\"https:\/\/www.kptv.com\/2023\/03\/08\/vancouver-girl-kidnapped-by-non-custodial-parent-oct-2018-found-safe-mexico\/\" target=\"_blank\" rel=\"noopener\"><strong>localizada<\/strong><\/a> en el oeste de M\u00e9xico, y poco despu\u00e9s pudieron escoltar a la que ahora tiene 8 a\u00f1os de vuelta a casa. Aunque la madre de la ni\u00f1a, que hab\u00eda secuestrado a Aranza, fue detenida en M\u00e9xico en 2019, Aranza permaneci\u00f3 desaparecida. \"Durante m\u00e1s de cuatro a\u00f1os, el FBI y nuestros socios [en los EE. UU. y M\u00e9xico] no se rindieron\", dijo Richard A. Collodi, agente especial a cargo de la oficina del FBI en Seattle. No est\u00e1 claro lo que la ni\u00f1a hab\u00eda experimentado mientras estaba desaparecida, pero \"nuestra preocupaci\u00f3n ahora ser\u00e1 apoyar a Aranza mientras comienza su reintegraci\u00f3n en los EE. UU.\"<\/p>\n<\/div>\n<\/div><\/div><\/div><\/div><\/div><\/div><\/div><\/div><\/div><\/div>","protected":false},"excerpt":{"rendered":"<p>Noticias breves sobre la Alerta AMBER y la protecci\u00f3n de la infancia en todo el mundo<\/p>\n","protected":false},"author":532,"featured_media":25030,"comment_status":"closed","ping_status":"closed","sticky":false,"template":"","format":"standard","meta":{"_bbp_topic_count":0,"_bbp_reply_count":0,"_bbp_total_topic_count":0,"_bbp_total_reply_count":0,"_bbp_voice_count":0,"_bbp_anonymous_reply_count":0,"_bbp_topic_count_hidden":0,"_bbp_reply_count_hidden":0,"_bbp_forum_subforum_count":0,"_analytify_skip_tracking":false,"footnotes":""},"categories":[649,651],"tags":[],"class_list":["post-30567","post","type-post","status-publish","format-standard","has-post-thumbnail","hentry","category-alerta-amber-breves","category-internacional"],"meta_box":{"aa_theme_enable_blocks_editor":"","aa_theme_featured_img_position":""},"publishpress_future_workflow_manual_trigger":{"enabledWorkflows":[]},"_links":{"self":[{"href":"https:\/\/amberadvocate.org\/es\/wp-json\/wp\/v2\/posts\/30567","targetHints":{"allow":["GET"]}}],"collection":[{"href":"https:\/\/amberadvocate.org\/es\/wp-json\/wp\/v2\/posts"}],"about":[{"href":"https:\/\/amberadvocate.org\/es\/wp-json\/wp\/v2\/types\/post"}],"author":[{"embeddable":true,"href":"https:\/\/amberadvocate.org\/es\/wp-json\/wp\/v2\/users\/532"}],"replies":[{"embeddable":true,"href":"https:\/\/amberadvocate.org\/es\/wp-json\/wp\/v2\/comments?post=30567"}],"version-history":[{"count":0,"href":"https:\/\/amberadvocate.org\/es\/wp-json\/wp\/v2\/posts\/30567\/revisions"}],"wp:featuredmedia":[{"embeddable":true,"href":"https:\/\/amberadvocate.org\/es\/wp-json\/wp\/v2\/media\/25030"}],"wp:attachment":[{"href":"https:\/\/amberadvocate.org\/es\/wp-json\/wp\/v2\/media?parent=30567"}],"wp:term":[{"taxonomy":"category","embeddable":true,"href":"https:\/\/amberadvocate.org\/es\/wp-json\/wp\/v2\/categories?post=30567"},{"taxonomy":"post_tag","embeddable":true,"href":"https:\/\/amberadvocate.org\/es\/wp-json\/wp\/v2\/tags?post=30567"}],"curies":[{"name":"wp","href":"https:\/\/api.w.org\/{rel}","templated":true}]}}