{"id":30565,"date":"2023-10-30T12:03:36","date_gmt":"2023-10-30T17:03:36","guid":{"rendered":"https:\/\/amberadvocate.org\/sin-categorizar\/alerta-amber-breves-del-pais-indio-temas-3-4-2023\/"},"modified":"2025-11-01T14:14:44","modified_gmt":"2025-11-01T19:14:44","slug":"alerta-amber-breves-del-pais-indio-temas-3-4-2023","status":"publish","type":"post","link":"https:\/\/amberadvocate.org\/es\/alerta-amber-breves\/alerta-amber-breves-del-pais-indio-temas-3-4-2023\/","title":{"rendered":"Alerta AMBER Breves del Pa\u00eds Indio: Temas 3-4, 2023"},"content":{"rendered":"<div id=\"pl-30565\"  class=\"panel-layout\" ><div id=\"pg-30565-0\"  class=\"panel-grid panel-no-style\" ><div id=\"pgc-30565-0-0\"  class=\"panel-grid-cell\" ><div id=\"panel-30565-0-0-0\" class=\"so-panel widget widget_siteorigin-panels-builder panel-first-child panel-last-child\" data-index=\"0\" ><div id=\"pl-w6530231e33e14\"  class=\"panel-layout\" ><div id=\"pg-w6530231e33e14-0\"  class=\"panel-grid panel-has-style\" ><div class=\"siteorigin-panels-stretch panel-row-style panel-row-style-for-w6530231e33e14-0\" data-stretch-type=\"full\" ><div id=\"pgc-w6530231e33e14-0-0\"  class=\"panel-grid-cell\" ><div id=\"panel-w6530231e33e14-0-0-0\" class=\"so-panel widget widget_sow-image panel-first-child panel-last-child\" data-index=\"0\" ><div\n\t\t\t\n\t\t\tclass=\"so-widget-sow-image so-widget-sow-image-default-dbf295114b96\"\n\t\t\t\n\t\t>\n<div class=\"sow-image-container\">\n\t\t<img \n\tsrc=\"https:\/\/amberadvocate.org\/wp-content\/uploads\/2023\/10\/IC-1.jpg\" width=\"436\" height=\"451\" srcset=\"https:\/\/amberadvocate.org\/wp-content\/uploads\/2023\/10\/IC-1.jpg 436w, https:\/\/amberadvocate.org\/wp-content\/uploads\/2023\/10\/IC-1-290x300.jpg 290w\" sizes=\"(max-width: 436px) 100vw, 436px\" alt=\"Collage de mujeres nativas americanas desaparecidas para ilustrar el informe reci\u00e9n publicado \u201c2022 Missing American Indian and Alaska Native Persons: Age 21 and Under\u201d de la Oficina de Justicia Juvenil y Prevenci\u00f3n de la Delincuencia de EE. UU.\" \t\tclass=\"so-widget-image\"\/>\n\t<\/div>\n\n<\/div><\/div><\/div><div id=\"pgc-w6530231e33e14-0-1\"  class=\"panel-grid-cell\" ><div id=\"panel-w6530231e33e14-0-1-0\" class=\"so-panel widget widget_sow-headline panel-first-child\" data-index=\"1\" ><div\n\t\t\t\n\t\t\tclass=\"so-widget-sow-headline so-widget-sow-headline-default-0c35bd9fba8c\"\n\t\t\t\n\t\t><div class=\"sow-headline-container \">\n\t\t\t\t\t\t\t<h2 class=\"sow-headline\">\n\t\t\t\t\t\tLa OJJDP publica estad\u00edsticas sobre j\u00f3venes desaparecidos\t\t\t\t\t\t<\/h2>\n\t\t\t\t\t\t\t\t\t\t\t<div class=\"decoration\">\n\t\t\t\t\t\t<div class=\"decoration-inside\"><\/div>\n\t\t\t\t\t<\/div>\n\t\t\t\t\t<\/div>\n<\/div><\/div><div id=\"panel-w6530231e33e14-0-1-1\" class=\"so-panel widget widget_sow-editor panel-last-child\" data-index=\"2\" ><div class=\"panel-widget-style panel-widget-style-for-w6530231e33e14-0-1-1\" ><div\n\t\t\t\n\t\t\tclass=\"so-widget-sow-editor so-widget-sow-editor-base\"\n\t\t\t\n\t\t>\n<div class=\"siteorigin-widget-tinymce textwidget\">\n\t<p>Seg\u00fan un <a href=\"https:\/\/ojjdp.ojp.gov\/library\/publications\/2022-missing-american-indian-and-alaska-native-persons-age-21-and-under\" target=\"_blank\" rel=\"noopener\"><strong>informe<\/strong><\/a> reci\u00e9n publicado titulado \u201c2022 Missing American Indian and Alaska Native Persons: Age 21 and Under\u201d (Personas ind\u00edgenas americanas y nativas de Alaska desaparecidas de 2022: menores de 21 a\u00f1os) de la Oficina de Justicia Juvenil y Prevenci\u00f3n de la Delincuencia (OJJDP) de EE. UU., de los m\u00e1s de 10.000 casos de j\u00f3venes ind\u00edgenas americanos y nativos de Alaska denunciados como desaparecidos en 2022, el 65 por ciento ten\u00eda entre 12 y 17 a\u00f1os; las ni\u00f1as representaron 4.000 de esos casos, en comparaci\u00f3n con 2.500 varones. Otras estad\u00edsticas del informe, basadas en datos del Centro Nacional de Informaci\u00f3n sobre Delitos (NCIC) del FBI, mostraron que 190 de las entradas de casos (alrededor del 4 por ciento) correspond\u00edan a varones menores de 12 a\u00f1os, en comparaci\u00f3n con 165 entradas (3 por ciento) para ni\u00f1as desaparecidas menores de 12 a\u00f1os. Puede encontrar informaci\u00f3n m\u00e1s detallada en el informe.<\/p>\n<\/div>\n<\/div><\/div><\/div><\/div><\/div><\/div><div id=\"pg-w6530231e33e14-1\"  class=\"panel-grid panel-has-style\" ><div class=\"siteorigin-panels-stretch panel-row-style panel-row-style-for-w6530231e33e14-1\" data-stretch-type=\"full\" ><div id=\"pgc-w6530231e33e14-1-0\"  class=\"panel-grid-cell\" ><div id=\"panel-w6530231e33e14-1-0-0\" class=\"so-panel widget widget_sow-image panel-first-child panel-last-child\" data-index=\"3\" ><div\n\t\t\t\n\t\t\tclass=\"so-widget-sow-image so-widget-sow-image-default-dbf295114b96\"\n\t\t\t\n\t\t>\n<div class=\"sow-image-container\">\n\t\t<img \n\tsrc=\"https:\/\/amberadvocate.org\/wp-content\/uploads\/2023\/10\/IC-2.jpg\" width=\"441\" height=\"440\" srcset=\"https:\/\/amberadvocate.org\/wp-content\/uploads\/2023\/10\/IC-2.jpg 441w, https:\/\/amberadvocate.org\/wp-content\/uploads\/2023\/10\/IC-2-300x300.jpg 300w, https:\/\/amberadvocate.org\/wp-content\/uploads\/2023\/10\/IC-2-150x150.jpg 150w\" sizes=\"(max-width: 441px) 100vw, 441px\" alt=\"Foto borrosa de una ni\u00f1a en un columpio; fue encontrada asesinada en tierras tribales en Canad\u00e1\" \t\tclass=\"so-widget-image\"\/>\n\t<\/div>\n\n<\/div><\/div><\/div><div id=\"pgc-w6530231e33e14-1-1\"  class=\"panel-grid-cell\" ><div id=\"panel-w6530231e33e14-1-1-0\" class=\"so-panel widget widget_sow-headline panel-first-child\" data-index=\"4\" ><div\n\t\t\t\n\t\t\tclass=\"so-widget-sow-headline so-widget-sow-headline-default-0c35bd9fba8c\"\n\t\t\t\n\t\t><div class=\"sow-headline-container \">\n\t\t\t\t\t\t\t<h2 class=\"sow-headline\">\n\t\t\t\t\t\tOficial: Se necesitan criterios de alerta m\u00e1s inclusivos\t\t\t\t\t\t<\/h2>\n\t\t\t\t\t\t\t\t\t\t\t<div class=\"decoration\">\n\t\t\t\t\t\t<div class=\"decoration-inside\"><\/div>\n\t\t\t\t\t<\/div>\n\t\t\t\t\t<\/div>\n<\/div><\/div><div id=\"panel-w6530231e33e14-1-1-1\" class=\"so-panel widget widget_sow-editor panel-last-child\" data-index=\"5\" ><div\n\t\t\t\n\t\t\tclass=\"so-widget-sow-editor so-widget-sow-editor-base\"\n\t\t\t\n\t\t>\n<div class=\"siteorigin-widget-tinymce textwidget\">\n\t<p>La muerte de una ni\u00f1a ind\u00edgena cuyo cuerpo fue encontrado en tierras tribales cerca de Edmonton, en Alberta (Canad\u00e1), ha provocado llamamientos para ampliar los criterios de la Alerta AMBER. El cuerpo de la ni\u00f1a de 8 a\u00f1os fue encontrado cinco d\u00edas despu\u00e9s de que las autoridades realizaran un control de bienestar y comenzaran a investigar su sospechosa desaparici\u00f3n. Un funcionario del Centro Canadiense para la Protecci\u00f3n de la Infancia dijo que, si bien las Alertas AMBER siguen siendo \u201cmuy, muy importantes\u201d, es necesario establecer un proceso para aquellos que no cumplen los <a href=\"https:\/\/globalnews.ca\/news\/9693580\/amber-alert-missing-indigenous-children-women-criteria\/\" target=\"_blank\" rel=\"noopener\"><strong>criterios<\/strong><\/a> de la Alerta AMBER.  <\/p>\n<\/div>\n<\/div><\/div><\/div><\/div><\/div><div id=\"pg-w6530231e33e14-2\"  class=\"panel-grid panel-has-style\" ><div class=\"siteorigin-panels-stretch panel-row-style panel-row-style-for-w6530231e33e14-2\" data-stretch-type=\"full\" ><div id=\"pgc-w6530231e33e14-2-0\"  class=\"panel-grid-cell\" ><div id=\"panel-w6530231e33e14-2-0-0\" class=\"so-panel widget widget_sow-image panel-first-child panel-last-child\" data-index=\"6\" ><div\n\t\t\t\n\t\t\tclass=\"so-widget-sow-image so-widget-sow-image-default-dbf295114b96\"\n\t\t\t\n\t\t>\n<div class=\"sow-image-container\">\n\t\t<img \n\tsrc=\"https:\/\/amberadvocate.org\/wp-content\/uploads\/2023\/10\/IC-3.jpg\" width=\"469\" height=\"469\" srcset=\"https:\/\/amberadvocate.org\/wp-content\/uploads\/2023\/10\/IC-3.jpg 469w, https:\/\/amberadvocate.org\/wp-content\/uploads\/2023\/10\/IC-3-300x300.jpg 300w, https:\/\/amberadvocate.org\/wp-content\/uploads\/2023\/10\/IC-3-150x150.jpg 150w\" sizes=\"(max-width: 469px) 100vw, 469px\" alt=\"Imagen del cartel que promociona la nueva &quot;Alerta Pluma&quot; en California\" \t\tclass=\"so-widget-image\"\/>\n\t<\/div>\n\n<\/div><\/div><\/div><div id=\"pgc-w6530231e33e14-2-1\"  class=\"panel-grid-cell\" ><div id=\"panel-w6530231e33e14-2-1-0\" class=\"so-panel widget widget_sow-headline panel-first-child\" data-index=\"7\" ><div\n\t\t\t\n\t\t\tclass=\"so-widget-sow-headline so-widget-sow-headline-default-0c35bd9fba8c\"\n\t\t\t\n\t\t><div class=\"sow-headline-container \">\n\t\t\t\t\t\t\t<h2 class=\"sow-headline\">\n\t\t\t\t\t\tCalifornia introduce la nueva Alerta Pluma\t\t\t\t\t\t<\/h2>\n\t\t\t\t\t\t\t\t\t\t\t<div class=\"decoration\">\n\t\t\t\t\t\t<div class=\"decoration-inside\"><\/div>\n\t\t\t\t\t<\/div>\n\t\t\t\t\t<\/div>\n<\/div><\/div><div id=\"panel-w6530231e33e14-2-1-1\" class=\"so-panel widget widget_sow-editor panel-last-child\" data-index=\"8\" ><div\n\t\t\t\n\t\t\tclass=\"so-widget-sow-editor so-widget-sow-editor-base\"\n\t\t\t\n\t\t>\n<div class=\"siteorigin-widget-tinymce textwidget\">\n\t<p>En respuesta a la actual crisis de personas desaparecidas de las comunidades tribales, California ha promulgado una nueva <a href=\"https:\/\/www.nbcsandiego.com\/news\/local\/california-introduces-new-feather-alerts-for-missing-indigenous-people-and-tribal-members\/3138376\/\" target=\"_blank\" rel=\"noopener\"><strong>Alerta Feather<\/strong><\/a> (Alerta Pluma). La notificaci\u00f3n estatal, similar a una Alerta AMBER, puede emitirse para personas ind\u00edgenas o miembros de tribus desaparecidos. \u201cEsperamos que sea beneficioso, porque realmente lo necesitamos\u201d, dijo Keely Linton, que dirige la <a href=\"https:\/\/strongheartednativewomen.org\" target=\"_blank\" rel=\"noopener\"><strong>Strong Hearted Native Women\u2019s Coalition<\/strong><\/a> (Coalici\u00f3n de Mujeres Nativas de Coraz\u00f3n Fuerte) en Escondido. Linton se\u00f1al\u00f3 que, si bien gran parte de la preocupaci\u00f3n se centra en las mujeres ind\u00edgenas desaparecidas, algunas tribus informan de m\u00e1s hombres desaparecidos.<\/p>\n<\/div>\n<\/div><\/div><\/div><\/div><\/div><div id=\"pg-w6530231e33e14-3\"  class=\"panel-grid panel-has-style\" ><div class=\"siteorigin-panels-stretch panel-row-style panel-row-style-for-w6530231e33e14-3\" data-stretch-type=\"full\" ><div id=\"pgc-w6530231e33e14-3-0\"  class=\"panel-grid-cell\" ><div id=\"panel-w6530231e33e14-3-0-0\" class=\"so-panel widget widget_sow-image panel-first-child panel-last-child\" data-index=\"9\" ><div\n\t\t\t\n\t\t\tclass=\"so-widget-sow-image so-widget-sow-image-default-dbf295114b96\"\n\t\t\t\n\t\t>\n<div class=\"sow-image-container\">\n\t\t<img \n\tsrc=\"https:\/\/amberadvocate.org\/wp-content\/uploads\/2023\/10\/IC-4.jpg\" width=\"469\" height=\"455\" srcset=\"https:\/\/amberadvocate.org\/wp-content\/uploads\/2023\/10\/IC-4.jpg 469w, https:\/\/amberadvocate.org\/wp-content\/uploads\/2023\/10\/IC-4-300x291.jpg 300w\" sizes=\"(max-width: 469px) 100vw, 469px\" alt=\"Foto que muestra a manifestantes, vestidos de rojo, para apoyar m\u00e1s investigaciones sobre mujeres y ni\u00f1os ind\u00edgenas asesinados y desaparecidos (MMIWC)\" \t\tclass=\"so-widget-image\"\/>\n\t<\/div>\n\n<\/div><\/div><\/div><div id=\"pgc-w6530231e33e14-3-1\"  class=\"panel-grid-cell\" ><div id=\"panel-w6530231e33e14-3-1-0\" class=\"so-panel widget widget_sow-headline panel-first-child\" data-index=\"10\" ><div\n\t\t\t\n\t\t\tclass=\"so-widget-sow-headline so-widget-sow-headline-default-0c35bd9fba8c\"\n\t\t\t\n\t\t><div class=\"sow-headline-container \">\n\t\t\t\t\t\t\t<h2 class=\"sow-headline\">\n\t\t\t\t\t\tLa Vicegobernadora ind\u00edgena Peggy Flanagan cita la \"necesidad urgente y cr\u00edtica\" de soluciones para el MMIP\t\t\t\t\t\t<\/h2>\n\t\t\t\t\t\t\t\t\t\t\t<div class=\"decoration\">\n\t\t\t\t\t\t<div class=\"decoration-inside\"><\/div>\n\t\t\t\t\t<\/div>\n\t\t\t\t\t<\/div>\n<\/div><\/div><div id=\"panel-w6530231e33e14-3-1-1\" class=\"so-panel widget widget_sow-editor panel-last-child\" data-index=\"11\" ><div\n\t\t\t\n\t\t\tclass=\"so-widget-sow-editor so-widget-sow-editor-base\"\n\t\t\t\n\t\t>\n<div class=\"siteorigin-widget-tinymce textwidget\">\n\t<p>Nativos americanos que perdieron a sus seres queridos por la violencia, o que sufrieron injusticias, testificaron durante una <a href=\"https:\/\/nativenewsonline.net\/currents\/not-invisible-act-hearing-held-in-minneapolis-state-doubles-down-on-mmip-cases\" target=\"_blank\" rel=\"noopener\"><strong>audiencia<\/strong><\/a> sobre el terreno de la Comisi\u00f3n de la Ley No Invisible en Minneapolis. Como parte de los esfuerzos del gobierno federal para abordar la crisis de personas ind\u00edgenas desaparecidas y asesinadas (MMIP), los miembros de las tribus detallaron sus p\u00e9rdidas emocionales y la apat\u00eda que experimentaron al intentar que se investigaran los casos. Recomendaron una formaci\u00f3n m\u00e1s colaborativa entre las fuerzas del orden y las tribus. La vicegobernadora de Minnesota, Peggy Flanagan, nativa americana, dijo que existe una \u201cnecesidad urgente y cr\u00edtica\u201d de mantener seguras a las comunidades y apoyar a quienes han perdido a sus seres queridos. La comisi\u00f3n utilizar\u00e1 la informaci\u00f3n recopilada en sus audiencias para recomendar las mejores pr\u00e1cticas para resolver los casos de MMIP.<\/p>\n<\/div>\n<\/div><\/div><\/div><\/div><\/div><\/div><\/div><\/div><\/div><\/div>","protected":false},"excerpt":{"rendered":"<p>Noticias breves sobre la Alerta AMBER y la protecci\u00f3n de la infancia en el Pa\u00eds Indio<\/p>\n","protected":false},"author":532,"featured_media":18128,"comment_status":"closed","ping_status":"closed","sticky":false,"template":"","format":"standard","meta":{"_bbp_topic_count":0,"_bbp_reply_count":0,"_bbp_total_topic_count":0,"_bbp_total_reply_count":0,"_bbp_voice_count":0,"_bbp_anonymous_reply_count":0,"_bbp_topic_count_hidden":0,"_bbp_reply_count_hidden":0,"_bbp_forum_subforum_count":0,"_analytify_skip_tracking":false,"footnotes":""},"categories":[649,653],"tags":[],"class_list":["post-30565","post","type-post","status-publish","format-standard","has-post-thumbnail","hentry","category-alerta-amber-breves","category-pais-indio"],"meta_box":{"aa_theme_enable_blocks_editor":"","aa_theme_featured_img_position":""},"publishpress_future_workflow_manual_trigger":{"enabledWorkflows":[]},"_links":{"self":[{"href":"https:\/\/amberadvocate.org\/es\/wp-json\/wp\/v2\/posts\/30565","targetHints":{"allow":["GET"]}}],"collection":[{"href":"https:\/\/amberadvocate.org\/es\/wp-json\/wp\/v2\/posts"}],"about":[{"href":"https:\/\/amberadvocate.org\/es\/wp-json\/wp\/v2\/types\/post"}],"author":[{"embeddable":true,"href":"https:\/\/amberadvocate.org\/es\/wp-json\/wp\/v2\/users\/532"}],"replies":[{"embeddable":true,"href":"https:\/\/amberadvocate.org\/es\/wp-json\/wp\/v2\/comments?post=30565"}],"version-history":[{"count":0,"href":"https:\/\/amberadvocate.org\/es\/wp-json\/wp\/v2\/posts\/30565\/revisions"}],"wp:featuredmedia":[{"embeddable":true,"href":"https:\/\/amberadvocate.org\/es\/wp-json\/wp\/v2\/media\/18128"}],"wp:attachment":[{"href":"https:\/\/amberadvocate.org\/es\/wp-json\/wp\/v2\/media?parent=30565"}],"wp:term":[{"taxonomy":"category","embeddable":true,"href":"https:\/\/amberadvocate.org\/es\/wp-json\/wp\/v2\/categories?post=30565"},{"taxonomy":"post_tag","embeddable":true,"href":"https:\/\/amberadvocate.org\/es\/wp-json\/wp\/v2\/tags?post=30565"}],"curies":[{"name":"wp","href":"https:\/\/api.w.org\/{rel}","templated":true}]}}