{"id":30560,"date":"2017-12-12T12:36:51","date_gmt":"2017-12-12T18:36:51","guid":{"rendered":"https:\/\/amberadvocate.org\/sin-categorizar\/rostros-de-la-red-de-alerta-amber-montana-2\/"},"modified":"2025-11-01T14:15:23","modified_gmt":"2025-11-01T19:15:23","slug":"rostros-de-la-red-de-alerta-amber-montana-2","status":"publish","type":"post","link":"https:\/\/amberadvocate.org\/es\/habla-amber\/rostros-de-la-red-de-alerta-amber-montana-2\/","title":{"rendered":"Rostros de la Red de Alerta AMBER: Montana"},"content":{"rendered":"<div id=\"pl-30560\"  class=\"panel-layout\" ><div id=\"pg-30560-0\"  class=\"panel-grid panel-no-style\" ><div id=\"pgc-30560-0-0\"  class=\"panel-grid-cell\" ><div id=\"panel-30560-0-0-0\" class=\"so-panel widget widget_sow-editor panel-first-child panel-last-child\" data-index=\"0\" ><div class=\"panel-widget-style panel-widget-style-for-30560-0-0-0\" ><div\n\t\t\t\n\t\t\tclass=\"so-widget-sow-editor so-widget-sow-editor-base\"\n\t\t\t\n\t\t>\n<div class=\"siteorigin-widget-tinymce textwidget\">\n\t<p class=\"p1\"><img decoding=\"async\" class=\"alignleft wp-image-1847\" src=\"https:\/\/amberadvocate.org\/wp-content\/uploads\/2017\/12\/faces-Vets.png\" alt=\"Jennifer Viets\" width=\"340\" height=\"340\" srcset=\"https:\/\/amberadvocate.org\/wp-content\/uploads\/2017\/12\/faces-Vets.png 500w, https:\/\/amberadvocate.org\/wp-content\/uploads\/2017\/12\/faces-Vets-150x150.png 150w, https:\/\/amberadvocate.org\/wp-content\/uploads\/2017\/12\/faces-Vets-300x300.png 300w\" sizes=\"(max-width: 340px) 100vw, 340px\" \/><\/p>\n<p class=\"p1\">Jennifer Viets es la coordinadora de Alerta AMBER de Montana desde 2012. Es la directora del Centro de Intercambio de Informaci\u00f3n de Personas Desaparecidas del estado desde 2009. Viets comenz\u00f3 como oficial de capacitaci\u00f3n para la Red de Informaci\u00f3n de Justicia Penal de Montana en 1994. Tambi\u00e9n trabaj\u00f3 como operadora y supervisora de seguridad p\u00fablica del 911 durante cinco a\u00f1os.   <\/p>\n<h3>\u00bfQU\u00c9 TIENE DE PARTICULAR TU PROGRAMA DE ALERTA \u00c1MBAR Y DE CENTRO DE INTERCAMBIO DE INFORMACI\u00d3N, Y QU\u00c9 CREES QUE CONTRIBUYE AL \u00c9XITO DE TUS PROGRAMAS?<\/h3>\n<p>No estoy seguro de que usar\u00eda la palabra \u00fanico, pero creo que hay dos claves para el \u00e9xito de nuestros programas: 1) las relaciones que hemos construido con las agencias de aplicaci\u00f3n de la ley de Montana y los socios de la Alerta AMBER de Montana; y 2) la pasi\u00f3n y la dedicaci\u00f3n de nuestro personal.  <\/p>\n<h3>\u00bfA QU\u00c9 RETOS TE ENFRENTAS PARA MANTENER LA EFICACIA Y SOLIDEZ DE TUS PROGRAMAS DE ALERTA \u00c1MBAR Y DE INTERCAMBIO DE INFORMACI\u00d3N?<\/h3>\n<p>La falta de presupuesto, un personal muy reducido, las tareas y \u201cotras tareas que se asignen\u201d afectan nuestra capacidad de tener tiempo para practicar y mantenernos tan actualizados y preparados como nos gustar\u00eda. Adem\u00e1s, la gesti\u00f3n de las listas de contacto para los medios de comunicaci\u00f3n, la alta rotaci\u00f3n, la obtenci\u00f3n de informaci\u00f3n oportuna cuando tenemos una alerta y la demora en la notificaci\u00f3n de las partes que se ponen en contacto con nosotros; todos estos son desaf\u00edos a los que nos enfrentamos y trabajamos para mejorar. <\/p>\n<h3>\u00bfQU\u00c9 TE GUSTAR\u00cdA QUE OCURRIERA EN EL FUTURO CON TUS PROGRAMAS DE ALERTA \u00c1MBAR Y DE CENTRO DE INTERCAMBIO DE INFORMACI\u00d3N?<\/h3>\n<p>Ser\u00eda estupendo utilizar un programa nacional de Alerta AMBER para que los estados pudieran compartir m\u00e1s r\u00e1pidamente las alertas.<\/p>\n<h3>POR FAVOR, COMPARTE DETALLES SOBRE TU HISTORIA DE \u00c9XITO M\u00c1S MEMORABLE TRABAJANDO EN UN CASO DE NI\u00d1O DESAPARECIDO.<\/h3>\n<p>Fue incre\u00edble formar parte de la Alerta AMBER de febrero de 2016 para Maci Lilley, de cuatro a\u00f1os. John Lieba la secuestr\u00f3 de un parque infantil. Toda la comunidad respondi\u00f3 a la Alerta AMBER. Un ciudadano, consciente de la alerta, vio a Lieba y lo llev\u00f3 hasta el agente de la ley m\u00e1s cercano. El sospechoso se neg\u00f3 inicialmente a cooperar, pero m\u00e1s tarde dijo a los investigadores que hab\u00eda estrangulado a Maci. Dibuj\u00f3 un mapa del lugar donde hab\u00eda dejado su cuerpo en un veh\u00edculo abandonado estacionado dentro de un antiguo silo de grano. Los agentes encontraron el veh\u00edculo y se sintieron aliviados al descubrir que estaba viva. Lecci\u00f3n aprendida: \u00a1nunca se rinda!       <\/p>\n<h3>POR FAVOR, DESCRIBE CUALQUIER TRABAJO CON LAS FUERZAS DE SEGURIDAD TRIBALES Y LOS PROGRAMAS TRIBALES DE PROTECCI\u00d3N DE MENORES EN TU ESTADO.<\/h3>\n<p>Cada ni\u00f1o es importante para nosotros. No tratamos a los ni\u00f1os tribales de manera diferente. Lo mismo se aplica a las agencias de aplicaci\u00f3n de la ley tribales. Se les trata con el mismo respeto que a cualquier otra agencia de aplicaci\u00f3n de la ley en Montana. Si una agencia tribal solicita una Alerta AMBER o un Aviso de Persona en Peligro Desaparecida, y las circunstancias cumplen con los criterios de la alerta, se emite la alerta. Nuestras relaciones m\u00e1s s\u00f3lidas con las agencias de aplicaci\u00f3n de la ley tribales se producen cuando esa agencia tiene una terminal de la Red de Informaci\u00f3n de Justicia Penal (CJIN). Las agencias tribales sin una terminal CJIN a menudo trabajan con nosotros a trav\u00e9s de la oficina del sheriff local, pero atenderemos la llamada de cualquiera de ellas en cualquier momento. Somos muy afortunados porque algunas de nuestras agencias de aplicaci\u00f3n de la ley tribales se cruzan con la oficina del sheriff y tienen asociaciones s\u00f3lidas. Hemos descubierto que es importante visitar las agencias tribales en persona cuando se puede. Uno de los desaf\u00edos a los que nos enfrentamos es la rotaci\u00f3n de personal en las agencias tribales y los cambios en el control de la gesti\u00f3n (Oficina de Asuntos Ind\u00edgenas frente a tribal). Puede ser dif\u00edcil mantener los contactos actuales. Mi objetivo ser\u00eda que las agencias tribales supieran que el programa estatal de Alerta AMBER est\u00e1 aqu\u00ed para servirles y que todo lo que tienen que hacer es llamar si nos necesitan.           <\/p>\n<h3>\u00bfC\u00d3MO HAN REFORZADO TU COMPROMISO DE AYUDAR A LOS NI\u00d1OS EN PELIGRO, DESAPARECIDOS Y SECUESTRADOS TUS EXPERIENCIAS PROFESIONALES Y VITALES, INCLUIDO TU TRABAJO COMO COORDINADOR DE LA ALERTA \u00c1MBAR Y GESTOR DEL CENTRO DE INTERCAMBIO DE INFORMACI\u00d3N?<\/h3>\n<p>He tenido mucha suerte de que todos los ni\u00f1os desaparecidos por los que he emitido una alerta hayan sido localizados, aunque lamentablemente cuatro de ellos fallecieron. Me siento impulsado a asegurar que cuando emitimos una alerta, el p\u00fablico la reciba r\u00e1pidamente y que tenga la informaci\u00f3n m\u00e1s precisa y completa posible. <\/p>\n<\/div>\n<\/div><\/div><\/div><\/div><\/div><\/div>","protected":false},"excerpt":{"rendered":"<p>Jennifer Viets es la coordinadora de Alerta AMBER de Montana desde 2012. Es la directora del Centro de Intercambio de Informaci\u00f3n de Personas Desaparecidas del estado desde 2009. Viets comenz\u00f3 como oficial de capacitaci\u00f3n para la Red de Informaci\u00f3n de Justicia Penal de Montana en 1994. Tambi\u00e9n trabaj\u00f3 como operadora y supervisora de seguridad p\u00fablica [&hellip;]<\/p>\n","protected":false},"author":10,"featured_media":1848,"comment_status":"closed","ping_status":"closed","sticky":false,"template":"","format":"standard","meta":{"_bbp_topic_count":0,"_bbp_reply_count":0,"_bbp_total_topic_count":0,"_bbp_total_reply_count":0,"_bbp_voice_count":0,"_bbp_anonymous_reply_count":0,"_bbp_topic_count_hidden":0,"_bbp_reply_count_hidden":0,"_bbp_forum_subforum_count":0,"_analytify_skip_tracking":false,"footnotes":""},"categories":[646],"tags":[],"class_list":["post-30560","post","type-post","status-publish","format-standard","has-post-thumbnail","hentry","category-habla-amber"],"meta_box":{"aa_theme_enable_blocks_editor":"","aa_theme_featured_img_position":""},"publishpress_future_workflow_manual_trigger":{"enabledWorkflows":[]},"_links":{"self":[{"href":"https:\/\/amberadvocate.org\/es\/wp-json\/wp\/v2\/posts\/30560","targetHints":{"allow":["GET"]}}],"collection":[{"href":"https:\/\/amberadvocate.org\/es\/wp-json\/wp\/v2\/posts"}],"about":[{"href":"https:\/\/amberadvocate.org\/es\/wp-json\/wp\/v2\/types\/post"}],"author":[{"embeddable":true,"href":"https:\/\/amberadvocate.org\/es\/wp-json\/wp\/v2\/users\/10"}],"replies":[{"embeddable":true,"href":"https:\/\/amberadvocate.org\/es\/wp-json\/wp\/v2\/comments?post=30560"}],"version-history":[{"count":0,"href":"https:\/\/amberadvocate.org\/es\/wp-json\/wp\/v2\/posts\/30560\/revisions"}],"wp:featuredmedia":[{"embeddable":true,"href":"https:\/\/amberadvocate.org\/es\/wp-json\/wp\/v2\/media\/1848"}],"wp:attachment":[{"href":"https:\/\/amberadvocate.org\/es\/wp-json\/wp\/v2\/media?parent=30560"}],"wp:term":[{"taxonomy":"category","embeddable":true,"href":"https:\/\/amberadvocate.org\/es\/wp-json\/wp\/v2\/categories?post=30560"},{"taxonomy":"post_tag","embeddable":true,"href":"https:\/\/amberadvocate.org\/es\/wp-json\/wp\/v2\/tags?post=30560"}],"curies":[{"name":"wp","href":"https:\/\/api.w.org\/{rel}","templated":true}]}}