{"id":30552,"date":"2018-09-07T15:44:34","date_gmt":"2018-09-07T20:44:34","guid":{"rendered":"https:\/\/amberadvocate.org\/sin-categorizar\/alerta-amber-en-el-pais-indio-verano-2018\/"},"modified":"2025-11-01T14:00:49","modified_gmt":"2025-11-01T19:00:49","slug":"alerta-amber-en-el-pais-indio-verano-2018","status":"publish","type":"post","link":"https:\/\/amberadvocate.org\/es\/pais-indio\/alerta-amber-en-el-pais-indio-verano-2018\/","title":{"rendered":"Alerta AMBER en el Pa\u00eds Indio &#8211; Verano 2018"},"content":{"rendered":"<div id=\"pl-30552\"  class=\"panel-layout\" ><div id=\"pg-30552-0\"  class=\"panel-grid panel-has-style\" ><div class=\"panel-row-style panel-row-style-for-30552-0\" ><div id=\"pgc-30552-0-0\"  class=\"panel-grid-cell\" ><div id=\"panel-30552-0-0-0\" class=\"so-panel widget widget_sow-headline panel-first-child\" data-index=\"0\" ><div\n\t\t\t\n\t\t\tclass=\"so-widget-sow-headline so-widget-sow-headline-default-87aefc6bf6ae-30552\"\n\t\t\t\n\t\t><div class=\"sow-headline-container \">\n\t\t\t\t\t\t\t<h2 class=\"sow-headline\">\n\t\t\t\t\t\tObra de arte dedicada a una v\u00edctima ind\u00edgena en la ceremonia del D\u00eda Nacional de los Ni\u00f1os Desaparecidos 2018\t\t\t\t\t\t<\/h2>\n\t\t\t\t\t\t\t\t\t\t\t<div class=\"decoration\">\n\t\t\t\t\t\t<div class=\"decoration-inside\"><\/div>\n\t\t\t\t\t<\/div>\n\t\t\t\t\t<\/div>\n<\/div><\/div><div id=\"panel-30552-0-0-1\" class=\"so-panel widget widget_sow-editor panel-last-child\" data-index=\"1\" ><div\n\t\t\t\n\t\t\tclass=\"so-widget-sow-editor so-widget-sow-editor-base\"\n\t\t\t\n\t\t>\n<div class=\"siteorigin-widget-tinymce textwidget\">\n\t<figure id=\"attachment_27443\" aria-describedby=\"caption-attachment-27443\" style=\"width: 2000px\" class=\"wp-caption aligncenter\"><img decoding=\"async\" class=\"wp-image-3137 size-full\" src=\"https:\/\/amberadvocate.org\/wp-content\/uploads\/2018\/09\/MCD2018-PORTRAIT2.jpg\" alt=\"\" width=\"2000\" height=\"1486\" srcset=\"https:\/\/amberadvocate.org\/wp-content\/uploads\/2018\/09\/MCD2018-PORTRAIT2.jpg 2000w, https:\/\/amberadvocate.org\/wp-content\/uploads\/2018\/09\/MCD2018-PORTRAIT2-300x223.jpg 300w, https:\/\/amberadvocate.org\/wp-content\/uploads\/2018\/09\/MCD2018-PORTRAIT2-768x571.jpg 768w, https:\/\/amberadvocate.org\/wp-content\/uploads\/2018\/09\/MCD2018-PORTRAIT2-1024x761.jpg 1024w\" sizes=\"(max-width: 2000px) 100vw, 2000px\" \/><figcaption id=\"caption-attachment-27443\" class=\"wp-caption-text\">Kathleen Piccione (izquierda), Pamela Foster y John Clark con el cuadro \"Nunca olvidado\"<\/figcaption><\/figure>\n<p class=\"p1\">Cerca de las escaleras del Gran Sal\u00f3n de la Justicia en Washington D.C., se exhibi\u00f3 una obra de arte para todos los que participaron en la ceremonia del D\u00eda Nacional de los Ni\u00f1os Desaparecidos de 2018. La pintura representa a una ni\u00f1a nativa americana afligida que sostiene una sola pluma de \u00e1guila. La pintura de la artista Kathleen Piccione, de Santa Fe, Nuevo M\u00e9xico, se titula \u201cNunca olvidada\u201d y est\u00e1 dedicada a la memoria de Ashlynne Mike, una ni\u00f1a Navajo secuestrada y asesinada a la edad de once a\u00f1os en mayo de 2016.  <\/p>\n<p class=\"p1\">Piccione dijo que estaba en el proceso de pintar a una ni\u00f1a nativa americana cuando se enter\u00f3 del secuestro de Ashlynne. \u201cComenc\u00e9 a sollozar cuando vi su foto y escuch\u00e9 la horrible historia de su muerte. No pod\u00eda sacudirme la sensaci\u00f3n enfermiza que me invadi\u00f3. Su rostro no se apartaba de mi mente. Entr\u00e9 en mi estudio y mir\u00e9 la pintura en la que hab\u00eda estado trabajando durante el \u00faltimo mes. Su rostro era dulce y joven como el de Ashlynne, pero a la vez profundamente triste\u201d. <\/p>\n<p class=\"p1\">\"En ese momento supe que de alguna manera hab\u00eda pintado esto para Ashlynne, sin saber la tragedia que estaba a punto de desencadenarse. Pint\u00e9 una pluma de \u00e1guila en la mano de la joven para representar a Ashlynne y titul\u00e9 el cuadro \"Nunca olvidada\", dedic\u00e1ndoselo a ella para siempre.\"<\/p>\n<p class=\"p1\">Antes del inicio de la ceremonia del D\u00eda de los Ni\u00f1os Desaparecidos, Piccione y Pamela Foster, madre de Ashlynne, se reunieron con John Clark, CEO del Centro Nacional para Ni\u00f1os Desaparecidos y Explotados (NCMEC), y le entregaron una impresi\u00f3n enmarcada de \u201cNunca olvidada\u201d. El retrato se exhibir\u00e1 en la sede del NCMEC en memoria de Ashlynne y de todos los ni\u00f1os nativos americanos y nativos de Alaska desaparecidos y secuestrados. Clark reconoci\u00f3 a Piccione por su generosa donaci\u00f3n y por el esp\u00edritu de su trabajo para concienciar sobre la tragedia de los secuestros de ni\u00f1os en territorio ind\u00edgena.  <\/p>\n<p class=\"p1\">\u201cEs una pintura hermosa\u201d, dijo Clark. \u201cTambi\u00e9n es importante que no olvidemos a las familias de los ni\u00f1os desaparecidos. Cuando un ni\u00f1o desaparece, la angustia y el dolor tienen un efecto domin\u00f3. No son solo los padres los que sufren. Son los hermanos, las hermanas, las abuelas, los abuelos. Las t\u00edas, los t\u00edos, los primos. Familiares y amigos. Sabemos que hay personas que se preocupan y quieren ayudar, pero a menudo no saben qu\u00e9 hacer o qu\u00e9 decir\u201d. <\/p>\n<p class=\"p1\">Piccione es originaria de Wisconsin y tiene una familia con fuertes lazos con las fuerzas del orden y el servicio p\u00fablico. Tambi\u00e9n ha trabajado con j\u00f3venes tribales y miembros de la comunidad durante a\u00f1os, utilizando el arte como una forma de ense\u00f1ar y sanar. Santa Fe Print and Images don\u00f3 sus servicios para que la impresi\u00f3n se exhibiera en el NCMEC.  <\/p>\n<p class=\"p1\">Piccione tiene previsto seguir colaborando con el NCMEC y el Programa de Formaci\u00f3n y Asistencia T\u00e9cnica de la Alerta AMBER para concienciar sobre la Alerta AMBER en el Pa\u00eds Indio, y espera que su trabajo inspire a otros a hacer lo mismo.<\/p>\n<\/div>\n<\/div><\/div><\/div><\/div><\/div><div id=\"pg-30552-1\"  class=\"panel-grid panel-has-style\" ><div class=\"panel-row-style panel-row-style-for-30552-1\" ><div id=\"pgc-30552-1-0\"  class=\"panel-grid-cell\" ><div id=\"panel-30552-1-0-0\" class=\"so-panel widget widget_sow-headline panel-first-child\" data-index=\"2\" ><div\n\t\t\t\n\t\t\tclass=\"so-widget-sow-headline so-widget-sow-headline-default-87aefc6bf6ae-30552\"\n\t\t\t\n\t\t><div class=\"sow-headline-container \">\n\t\t\t\t\t\t\t<h2 class=\"sow-headline\">\n\t\t\t\t\t\tEl presidente Trump firma un proyecto de ley para mejorar las Alertas AMBER en tierras tribales\t\t\t\t\t\t<\/h2>\n\t\t\t\t\t\t\t\t\t\t\t<div class=\"decoration\">\n\t\t\t\t\t\t<div class=\"decoration-inside\"><\/div>\n\t\t\t\t\t<\/div>\n\t\t\t\t\t<\/div>\n<\/div><\/div><div id=\"panel-30552-1-0-1\" class=\"so-panel widget widget_sow-editor panel-last-child\" data-index=\"3\" ><div\n\t\t\t\n\t\t\tclass=\"so-widget-sow-editor so-widget-sow-editor-base\"\n\t\t\t\n\t\t>\n<div class=\"siteorigin-widget-tinymce textwidget\">\n\t<figure id=\"attachment_27442\" aria-describedby=\"caption-attachment-27442\" style=\"width: 2000px\" class=\"wp-caption aligncenter\"><img decoding=\"async\" class=\"size-full wp-image-3136\" src=\"https:\/\/amberadvocate.org\/wp-content\/uploads\/2018\/09\/aiic-feature.jpg\" alt=\"\" width=\"2000\" height=\"880\" srcset=\"https:\/\/amberadvocate.org\/wp-content\/uploads\/2018\/09\/aiic-feature.jpg 2000w, https:\/\/amberadvocate.org\/wp-content\/uploads\/2018\/09\/aiic-feature-300x132.jpg 300w, https:\/\/amberadvocate.org\/wp-content\/uploads\/2018\/09\/aiic-feature-768x338.jpg 768w, https:\/\/amberadvocate.org\/wp-content\/uploads\/2018\/09\/aiic-feature-1024x451.jpg 1024w\" sizes=\"(max-width: 2000px) 100vw, 2000px\" \/><figcaption id=\"caption-attachment-27442\" class=\"wp-caption-text\">Amigos y familiares se re\u00fanen para celebrar la firma de la Ley Ashlynne Mike de Alerta AMBER en Territorio Ind\u00edgena<\/figcaption><\/figure>\n<p class=\"p1\">El presidente Donald Trump promulg\u00f3 una ley el 13 de abril de 2018 que ampl\u00eda el sistema de Alerta AMBER a las comunidades tribales. La aprobaci\u00f3n de esta legislaci\u00f3n se produce casi dos a\u00f1os despu\u00e9s de que Ashlynne Mike, de once a\u00f1os, fuera agredida sexualmente y asesinada en la reserva de la Naci\u00f3n Navajo en Nuevo M\u00e9xico. La Ley Ashlynne Mike de Alerta AMBER en Territorio Ind\u00edgena otorga a las tribus acceso directo a subvenciones federales para mejorar los sistemas de Alerta AMBER y proporcionar capacitaci\u00f3n y asistencia t\u00e9cnica adicionales.  <\/p>\n<p class=\"p1\">\"Esta nueva ley pone a disposici\u00f3n recursos cr\u00edticos para proteger a los ni\u00f1os ind\u00edgenas americanos y, esperamos, evitar\u00e1 a otros la p\u00e9rdida y el sufrimiento padecidos por la familia de Ashlynne\", declar\u00f3 el fiscal general adjunto en funciones, Jesse Panuccio.<\/p>\n<p class=\"p1\">Amigos y familiares de Ashlynne Mike se reunieron en Waterflow, Nuevo M\u00e9xico, al d\u00eda siguiente de la firma de la ley. Cientos de personas participaron en una carrera de 5 km, una carrera de bicicletas y una visita a la escuela de Ashlynne para presentaciones sobre concienciaci\u00f3n sobre la seguridad. \u201cEs maravilloso tener esta Alerta AMBER disponible para todas las naciones nativas de los Estados Unidos\u201d, dijo Gary Mike, el padre de Ashlynne. \u201cPero tambi\u00e9n es amargo saber que tuvo que llegar a nuestras vidas; que algo as\u00ed le sucediera a nuestra hija para abrir los ojos de la gente\u201d.   <\/p>\n<\/div>\n<\/div><\/div><\/div><\/div><\/div><\/div>","protected":false},"excerpt":{"rendered":"<p>Cerca de las escaleras del Gran Sal\u00f3n de la Justicia en Washington D.C., se exhibi\u00f3 una obra de arte para todos los que participaron en la ceremonia del D\u00eda Nacional de los Ni\u00f1os Desaparecidos de 2018. La pintura representa a una ni\u00f1a nativa americana afligida que sostiene una sola pluma de \u00e1guila. La pintura de [&hellip;]<\/p>\n","protected":false},"author":10,"featured_media":3136,"comment_status":"closed","ping_status":"closed","sticky":false,"template":"","format":"standard","meta":{"_bbp_topic_count":0,"_bbp_reply_count":0,"_bbp_total_topic_count":0,"_bbp_total_reply_count":0,"_bbp_voice_count":0,"_bbp_anonymous_reply_count":0,"_bbp_topic_count_hidden":0,"_bbp_reply_count_hidden":0,"_bbp_forum_subforum_count":0,"_analytify_skip_tracking":false,"footnotes":""},"categories":[653],"tags":[],"class_list":["post-30552","post","type-post","status-publish","format-standard","has-post-thumbnail","hentry","category-pais-indio"],"meta_box":{"aa_theme_enable_blocks_editor":"","aa_theme_featured_img_position":""},"publishpress_future_workflow_manual_trigger":{"enabledWorkflows":[]},"_links":{"self":[{"href":"https:\/\/amberadvocate.org\/es\/wp-json\/wp\/v2\/posts\/30552","targetHints":{"allow":["GET"]}}],"collection":[{"href":"https:\/\/amberadvocate.org\/es\/wp-json\/wp\/v2\/posts"}],"about":[{"href":"https:\/\/amberadvocate.org\/es\/wp-json\/wp\/v2\/types\/post"}],"author":[{"embeddable":true,"href":"https:\/\/amberadvocate.org\/es\/wp-json\/wp\/v2\/users\/10"}],"replies":[{"embeddable":true,"href":"https:\/\/amberadvocate.org\/es\/wp-json\/wp\/v2\/comments?post=30552"}],"version-history":[{"count":0,"href":"https:\/\/amberadvocate.org\/es\/wp-json\/wp\/v2\/posts\/30552\/revisions"}],"wp:featuredmedia":[{"embeddable":true,"href":"https:\/\/amberadvocate.org\/es\/wp-json\/wp\/v2\/media\/3136"}],"wp:attachment":[{"href":"https:\/\/amberadvocate.org\/es\/wp-json\/wp\/v2\/media?parent=30552"}],"wp:term":[{"taxonomy":"category","embeddable":true,"href":"https:\/\/amberadvocate.org\/es\/wp-json\/wp\/v2\/categories?post=30552"},{"taxonomy":"post_tag","embeddable":true,"href":"https:\/\/amberadvocate.org\/es\/wp-json\/wp\/v2\/tags?post=30552"}],"curies":[{"name":"wp","href":"https:\/\/api.w.org\/{rel}","templated":true}]}}