{"id":30550,"date":"2018-10-20T12:02:27","date_gmt":"2018-10-20T17:02:27","guid":{"rendered":"https:\/\/amberadvocate.org\/sin-categorizar\/rostros-de-la-red-de-alerta-amber-michigan-2\/"},"modified":"2025-11-01T14:16:41","modified_gmt":"2025-11-01T19:16:41","slug":"rostros-de-la-red-de-alerta-amber-michigan-2","status":"publish","type":"post","link":"https:\/\/amberadvocate.org\/es\/habla-amber\/rostros-de-la-red-de-alerta-amber-michigan-2\/","title":{"rendered":"Rostros de la Red de Alerta AMBER: Michigan"},"content":{"rendered":"<div id=\"pl-30550\"  class=\"panel-layout\" ><div id=\"pg-30550-0\"  class=\"panel-grid panel-no-style\" ><div id=\"pgc-30550-0-0\"  class=\"panel-grid-cell\" ><div id=\"panel-30550-0-0-0\" class=\"so-panel widget widget_sow-editor panel-first-child panel-last-child\" data-index=\"0\" ><div class=\"panel-widget-style panel-widget-style-for-30550-0-0-0\" ><div\n\t\t\t\n\t\t\tclass=\"so-widget-sow-editor so-widget-sow-editor-base\"\n\t\t\t\n\t\t>\n<div class=\"siteorigin-widget-tinymce textwidget\">\n\t<h3 class=\"p1\"><span class=\"s1\"><b>Sarah Krebs Coordinadora de la Alerta AMBER de Michigan  <\/b><\/span><\/h3>\n<h3 class=\"p1\"><span class=\"s1\"><b>Nunca ceja en su empe\u00f1o por encontrar a los ni\u00f1os desaparecidos y secuestrados<\/b><\/span><\/h3>\n<p class=\"p1\"><img decoding=\"async\" class=\"alignleft wp-image-3280\" src=\"https:\/\/amberadvocate.org\/wp-content\/uploads\/2018\/10\/krebbs.jpg\" alt=\"\" width=\"388\" height=\"388\" srcset=\"https:\/\/amberadvocate.org\/wp-content\/uploads\/2018\/10\/krebbs.jpg 800w, https:\/\/amberadvocate.org\/wp-content\/uploads\/2018\/10\/krebbs-150x150.jpg 150w, https:\/\/amberadvocate.org\/wp-content\/uploads\/2018\/10\/krebbs-300x300.jpg 300w, https:\/\/amberadvocate.org\/wp-content\/uploads\/2018\/10\/krebbs-768x768.jpg 768w\" sizes=\"(max-width: 388px) 100vw, 388px\" \/>Sarah Krebs ha sido la coordinadora de Alerta AMBER de Michigan desde 2014. En ese momento, tambi\u00e9n se desempe\u00f1\u00f3 como Gerente del Centro de Intercambio de Personas Desaparecidas y Gerente de Restos No Identificados, que desde entonces se han reorganizado en tres puestos diferentes. Krebs comenz\u00f3 como agente de la Polic\u00eda Estatal de Michigan en 2000 y asumi\u00f3 funciones adicionales como artista forense en 2002. M\u00e1s tarde se convirti\u00f3 en investigadora antes de ser transferida a la Unidad de Personas Desaparecidas. Krebs todav\u00eda ofrece capacitaci\u00f3n en investigaci\u00f3n y ayuda con casos sin resolver.    <\/p>\n<p class=\"p1\"><b>\u00bfCu\u00e1l es la mejor parte de tu trabajo?  <\/b><\/p>\n<p class=\"p1\">La Alerta AMBER es especial. Es para aquellos casos que realmente lo necesitan. Tengo este puesto muy cerca de mi coraz\u00f3n porque s\u00e9 lo da\u00f1ino que puede ser un secuestro y la Alerta AMBER es la herramienta m\u00e1s poderosa de la naci\u00f3n para traer a un ni\u00f1o secuestrado a casa. Me tomo este trabajo muy en serio porque soy la \u00fanica persona responsable de la Alerta AMBER en mi estado.   <\/p>\n<p class=\"p1\"><b>\u00bfCu\u00e1l es la parte m\u00e1s dif\u00edcil de tu trabajo?  <\/b><\/p>\n<p class=\"p1\">Es muy dif\u00edcil cuando le dice a la polic\u00eda y a una familia que su hijo no recibir\u00e1 una Alerta AMBER. Hay mucha presi\u00f3n porque saben que esta es una herramienta muy poderosa, pero la situaci\u00f3n no siempre se ajusta a nuestros criterios actuales. La Alerta AMBER notifica a tanta gente y tenemos que protegerla para no usarla en exceso.  <\/p>\n<p class=\"p1\">Utilizamos nuestro Aviso de Desaparici\u00f3n en Peligro para los casos que no cumplen con los criterios de Alerta AMBER. Los avisos han sido de gran ayuda. <\/p>\n<p class=\"p1\"><b>Michigan ha cambiado recientemente sus criterios para la Alerta AMBER, \u00bfqu\u00e9 impacto ha tenido eso en el programa?  <\/b><\/p>\n<p class=\"p1\">Cuando Michigan cre\u00f3 nuestra pol\u00edtica en 2001, fuimos el cuarto estado en tener una Alerta AMBER. Nuestros criterios eran extremadamente amplios e inclu\u00edan a todos los ni\u00f1os en peligro. Tantos casos encajaban que emitir\u00edamos 40 o m\u00e1s Alertas AMBER cada a\u00f1o. Sin embargo, nadie se quej\u00f3 de las altas cifras porque muchas de las alertas eran regionales. El p\u00fablico no not\u00f3 el alto n\u00famero de alertas, pero pens\u00f3 que cualquier ni\u00f1o que estuviera desaparecido y en peligro era elegible para una Alerta AMBER.    <\/p>\n<p class=\"p1\">La Alerta de Emergencia Inal\u00e1mbrica (WEA) cambi\u00f3 la Alerta AMBER y la convirti\u00f3 en una herramienta m\u00e1s poderosa porque est\u00e1 despertando a la gente con alertas en sus tel\u00e9fonos celulares. Quer\u00edamos cambiar los criterios para cumplir con los est\u00e1ndares nacionales. Por ejemplo, la alerta se enviar\u00eda para un ni\u00f1o que est\u00e1 desaparecido con un delincuente sexual, incluso si el padre fuera el delincuente sexual.  <\/p>\n<p class=\"p1\">No pod\u00edamos enviar WEA 40 veces al a\u00f1o. As\u00ed que en 2017, cambiamos los criterios para que fueran solo para secuestros de ni\u00f1os. Pasamos de 15  <\/p>\n<p class=\"p1\">Alertas AMBER en 2016 a tres en 2017. Fue realmente revelador. Solo los secuestros leg\u00edtimos tienen Alertas AMBER emitidas para ellos ahora. Todav\u00eda hay cierta confusi\u00f3n p\u00fablica porque anteriormente emit\u00edamos alertas para ni\u00f1os en peligro. Acab\u00e1bamos de tener un ni\u00f1o autista desaparecido y la gente en las redes sociales preguntaba '\u00bfD\u00f3nde est\u00e1 la Alerta AMBER?' La comunidad est\u00e1 empezando a responder a esas preguntas y a hacer saber a los dem\u00e1s que los criterios no encajan.    <\/p>\n<p class=\"p1\">Nunca tuvimos una alerta secundaria y es por eso que la Alerta AMBER inicialmente inclu\u00eda todo, porque era nuestra \u00fanica opci\u00f3n. Agregamos el Aviso de Desaparici\u00f3n en Peligro; y esa herramienta de alerta todav\u00eda depende de la participaci\u00f3n y la ayuda del p\u00fablico. El aviso se puede utilizar para personas con Alzheimer y demencia, ni\u00f1os con autismo o ni\u00f1os que est\u00e1n en peligro por otra raz\u00f3n no relacionada con un secuestro. El nuevo programa realmente est\u00e1 funcionando a la perfecci\u00f3n. Todav\u00eda tenemos cierto rechazo, pero ahora podemos ofrecer otra opci\u00f3n de alerta incluso cuando no emitimos una Alerta AMBER. Sin embargo, no llega a los tel\u00e9fonos celulares de todos.     <\/p>\n<p class=\"p1\">Las redes sociales tambi\u00e9n se pueden utilizar para ayudar a difundir la informaci\u00f3n, y ese enfoque realmente est\u00e1 funcionando bien. Las redes sociales son un gran socio para la Alerta AMBER y el Aviso de Desaparici\u00f3n en Peligro. Recuperamos m\u00e1s ni\u00f1os de consejos y pistas generadas por Facebook que de cualquier otra cosa. Las redes sociales son el 'cart\u00f3n de leche' del siglo XXI y utilizan Internet para llegar r\u00e1pidamente a un gran n\u00famero de personas. Desear\u00eda tener a alguien que pudiera trabajar a tiempo completo con un enfoque exclusivo en maximizar y gestionar el uso de las redes sociales con casos de personas desaparecidas y secuestradas en peligro.    <\/p>\n<p class=\"p1\"><b>\u00bfQu\u00e9 otras iniciativas has tomado para ayudar a encontrar a ni\u00f1os desaparecidos y secuestrados?  <\/b><\/p>\n<p class=\"p1\">Creamos un movimiento con un evento llamado D\u00eda de los Desaparecidos en Michigan que comenz\u00f3 en 2011. Bas\u00e1ndonos en su crecimiento, creamos una organizaci\u00f3n sin fines de lucro para apoyarlo y manejar todas las donaciones. Ha comenzado una revoluci\u00f3n en todo el pa\u00eds. Ahora tenemos eventos similares en todo el pa\u00eds, como 'Desaparecidos en Arizona' o 'Desaparecidos en California'. El p\u00fablico se une para recordar a las personas que est\u00e1n desaparecidas. Tambi\u00e9n continuamos trabajando durante todo el a\u00f1o recopilando ADN y haciendo informes. Es un evento proactivo de aplicaci\u00f3n de la ley donde las personas pueden reunirse para hablar sobre sus seres queridos desaparecidos. Hemos reunido m\u00e1s de 100 casos de desaparecidos no identificados desde que comenz\u00f3 el evento en 2011.      <\/p>\n<p class=\"p1\">Tambi\u00e9n acabamos de aprobar una ley que convierte a Michigan en el primer estado del pa\u00eds que exige a todas las fuerzas de seguridad que introduzcan inmediatamente la informaci\u00f3n sobre personas desaparecidas en el Sistema Nacional de Personas Desaparecidas y No Identificadas (NAMUS).<\/p>\n<p class=\"p1\"><b>\u00bfQu\u00e9 te motiva a encontrar ni\u00f1os desaparecidos y secuestrados?<\/b><\/p>\n<p class=\"p1\">Creo que mi trabajo como artista forense y trabajando con restos no identificados fue el comienzo. Estos casos son terribles. He visto la agon\u00eda que han pasado las familias cuando un ser querido est\u00e1 desaparecido. Soy padre de una ni\u00f1a de seis a\u00f1os, una ni\u00f1a de un a\u00f1o y un beb\u00e9 en camino. Nadie es m\u00e1s vulnerable que un ni\u00f1o desaparecido.    <\/p>\n<p class=\"p1\"><b>\u00bfQu\u00e9 consejo dar\u00edas a otras personas que trabajan con el programa Alerta AMBER?<\/b><\/p>\n<p class=\"p1\">Creo que la coordinaci\u00f3n entre los estados es esencial. En la Nacional <\/p>\n<p class=\"p1\">Simposio de Alerta AMBER, tuvimos representantes de los 50 estados. Fue muy importante poder conectar caras con nombres; y reunirse y establecer contactos con otros Coordinadores de Alerta AMBER, Gerentes del Centro de Intercambio de Personas Desaparecidas y miembros del programa CART de cada estado, especialmente cuando tiene secuestros entre estados. Es importante conocer a la gente y confiar en ella.  <\/p>\n<p class=\"p1\">Por ejemplo, tuvimos una Alerta AMBER y un oficial en Colorado ejecut\u00f3 una placa y vio la alerta en Michigan. El programa Alerta AMBER es poderoso y estoy orgulloso de ser parte de \u00e9l. <\/p>\n<p class=\"p1\"><b>\u00bfCu\u00e1l ha sido tu Alerta AMBER m\u00e1s memorable?<\/b><\/p>\n<p class=\"p1\">Probablemente las alertas multiestatales son las que m\u00e1s me destacan debido a la coordinaci\u00f3n entre todos los estados. La primera Alerta AMBER que hice fue para ni\u00f1os que fueron secuestrados en Indiana y encontrados en Detroit. Un agente del FBI me dijo que los ni\u00f1os de Indiana estaban en Detroit. Llam\u00e9 al coordinador de Alerta AMBER de Indiana y pudimos emitir una Alerta AMBER de manera r\u00e1pida y efectiva; esto fue ayudado por el hecho de que nos conoc\u00edamos y ten\u00edamos esa relaci\u00f3n personal. La alerta termin\u00f3 con una persecuci\u00f3n en coche y ambos ni\u00f1os fueron recuperados de forma segura. Entonces, mi primera Alerta AMBER involucr\u00f3 a varios estados, dos ni\u00f1os y un pistolero que se llev\u00f3 a los ni\u00f1os durante la noche y pidi\u00f3 un rescate. Literalmente suena como algo que podr\u00eda haberse convertido en una pel\u00edcula. Pero trabajamos duro para obtener el mejor resultado posible: la recuperaci\u00f3n segura de los ni\u00f1os.       <\/p>\n<\/div>\n<\/div><\/div><\/div><\/div><\/div><\/div>","protected":false},"excerpt":{"rendered":"<p>Sarah Krebs Coordinadora de la Alerta AMBER de Michigan Nunca ceja en su empe\u00f1o por encontrar a los ni\u00f1os desaparecidos y secuestrados Sarah Krebs ha sido la coordinadora de Alerta AMBER de Michigan desde 2014. En ese momento, tambi\u00e9n se desempe\u00f1\u00f3 como Gerente del Centro de Intercambio de Personas Desaparecidas y Gerente de Restos No [&hellip;]<\/p>\n","protected":false},"author":10,"featured_media":3288,"comment_status":"closed","ping_status":"closed","sticky":false,"template":"","format":"standard","meta":{"_bbp_topic_count":0,"_bbp_reply_count":0,"_bbp_total_topic_count":0,"_bbp_total_reply_count":0,"_bbp_voice_count":0,"_bbp_anonymous_reply_count":0,"_bbp_topic_count_hidden":0,"_bbp_reply_count_hidden":0,"_bbp_forum_subforum_count":0,"_analytify_skip_tracking":false,"footnotes":""},"categories":[646],"tags":[],"class_list":["post-30550","post","type-post","status-publish","format-standard","has-post-thumbnail","hentry","category-habla-amber"],"meta_box":{"aa_theme_enable_blocks_editor":"","aa_theme_featured_img_position":""},"publishpress_future_workflow_manual_trigger":{"enabledWorkflows":[]},"_links":{"self":[{"href":"https:\/\/amberadvocate.org\/es\/wp-json\/wp\/v2\/posts\/30550","targetHints":{"allow":["GET"]}}],"collection":[{"href":"https:\/\/amberadvocate.org\/es\/wp-json\/wp\/v2\/posts"}],"about":[{"href":"https:\/\/amberadvocate.org\/es\/wp-json\/wp\/v2\/types\/post"}],"author":[{"embeddable":true,"href":"https:\/\/amberadvocate.org\/es\/wp-json\/wp\/v2\/users\/10"}],"replies":[{"embeddable":true,"href":"https:\/\/amberadvocate.org\/es\/wp-json\/wp\/v2\/comments?post=30550"}],"version-history":[{"count":0,"href":"https:\/\/amberadvocate.org\/es\/wp-json\/wp\/v2\/posts\/30550\/revisions"}],"wp:featuredmedia":[{"embeddable":true,"href":"https:\/\/amberadvocate.org\/es\/wp-json\/wp\/v2\/media\/3288"}],"wp:attachment":[{"href":"https:\/\/amberadvocate.org\/es\/wp-json\/wp\/v2\/media?parent=30550"}],"wp:term":[{"taxonomy":"category","embeddable":true,"href":"https:\/\/amberadvocate.org\/es\/wp-json\/wp\/v2\/categories?post=30550"},{"taxonomy":"post_tag","embeddable":true,"href":"https:\/\/amberadvocate.org\/es\/wp-json\/wp\/v2\/tags?post=30550"}],"curies":[{"name":"wp","href":"https:\/\/api.w.org\/{rel}","templated":true}]}}