{"id":30544,"date":"2018-10-20T12:38:13","date_gmt":"2018-10-20T17:38:13","guid":{"rendered":"https:\/\/amberadvocate.org\/sin-categorizar\/alerta-amber-otono-2018\/"},"modified":"2025-11-01T14:10:54","modified_gmt":"2025-11-01T19:10:54","slug":"alerta-amber-otono-2018","status":"publish","type":"post","link":"https:\/\/amberadvocate.org\/es\/alerta-amber-breves\/alerta-amber-otono-2018\/","title":{"rendered":"Alerta AMBER &#8211; Oto\u00f1o 2018"},"content":{"rendered":"<div id=\"pl-30544\"  class=\"panel-layout\" ><div id=\"pg-30544-0\"  class=\"panel-grid panel-has-style\" ><div class=\"siteorigin-panels-stretch panel-row-style panel-row-style-for-30544-0\" data-stretch-type=\"full\" ><div id=\"pgc-30544-0-0\"  class=\"panel-grid-cell\" ><div id=\"panel-30544-0-0-0\" class=\"so-panel widget widget_sow-image panel-first-child panel-last-child\" data-index=\"0\" ><div\n\t\t\t\n\t\t\tclass=\"so-widget-sow-image so-widget-sow-image-default-8b5b6f678277-30544\"\n\t\t\t\n\t\t>\n<div class=\"sow-image-container\">\n\t\t<img \n\tsrc=\"https:\/\/amberadvocate.org\/wp-content\/uploads\/2018\/10\/brief-1.jpg\" width=\"800\" height=\"800\" srcset=\"https:\/\/amberadvocate.org\/wp-content\/uploads\/2018\/10\/brief-1.jpg 800w, https:\/\/amberadvocate.org\/wp-content\/uploads\/2018\/10\/brief-1-150x150.jpg 150w, https:\/\/amberadvocate.org\/wp-content\/uploads\/2018\/10\/brief-1-300x300.jpg 300w, https:\/\/amberadvocate.org\/wp-content\/uploads\/2018\/10\/brief-1-768x768.jpg 768w\" sizes=\"(max-width: 800px) 100vw, 800px\" alt=\"\" \t\tclass=\"so-widget-image\"\/>\n\t<\/div>\n\n<\/div><\/div><\/div><div id=\"pgc-30544-0-1\"  class=\"panel-grid-cell\" ><div id=\"panel-30544-0-1-0\" class=\"so-panel widget widget_sow-headline panel-first-child\" data-index=\"1\" ><div\n\t\t\t\n\t\t\tclass=\"so-widget-sow-headline so-widget-sow-headline-default-5d74d290e9c0-30544\"\n\t\t\t\n\t\t><div class=\"sow-headline-container \">\n\t\t\t\t\t\t\t<h2 class=\"sow-headline\">\n\t\t\t\t\t\tLa Alerta AMBER motiva a Nueva York a sustituir las matr\u00edculas despegadas\t\t\t\t\t\t<\/h2>\n\t\t\t\t\t\t\t\t\t\t\t<div class=\"decoration\">\n\t\t\t\t\t\t<div class=\"decoration-inside\"><\/div>\n\t\t\t\t\t<\/div>\n\t\t\t\t\t<\/div>\n<\/div><\/div><div id=\"panel-30544-0-1-1\" class=\"so-panel widget widget_sow-editor panel-last-child\" data-index=\"2\" ><div\n\t\t\t\n\t\t\tclass=\"so-widget-sow-editor so-widget-sow-editor-base\"\n\t\t\t\n\t\t>\n<div class=\"siteorigin-widget-tinymce textwidget\">\n\t<p class=\"p1\">Los agentes del orden de Nueva York est\u00e1n deteniendo a los automovilistas y pidi\u00e9ndoles que reemplacen las matr\u00edculas despegadas por su propia seguridad y la de los dem\u00e1s. \u201cSi no podemos leer la matr\u00edcula, nos resultar\u00eda dif\u00edcil detectar veh\u00edculos robados o veh\u00edculos sobre los que pesa una alerta o una Alerta AMBER\u201d, declar\u00f3 el agente John Gleason, del Departamento del Sheriff del Condado de Jefferson. Las matr\u00edculas despegadas se pueden reemplazar de forma gratuita.<\/p>\n<\/div>\n<\/div><\/div><\/div><\/div><\/div><div id=\"pg-30544-1\"  class=\"panel-grid panel-has-style\" ><div class=\"siteorigin-panels-stretch panel-row-style panel-row-style-for-30544-1\" data-stretch-type=\"full\" ><div id=\"pgc-30544-1-0\"  class=\"panel-grid-cell\" ><div id=\"panel-30544-1-0-0\" class=\"so-panel widget widget_sow-image panel-first-child panel-last-child\" data-index=\"3\" ><div\n\t\t\t\n\t\t\tclass=\"so-widget-sow-image so-widget-sow-image-default-8b5b6f678277-30544\"\n\t\t\t\n\t\t>\n<div class=\"sow-image-container\">\n\t\t<img \n\tsrc=\"https:\/\/amberadvocate.org\/wp-content\/uploads\/2018\/10\/brief-2.jpg\" width=\"800\" height=\"800\" srcset=\"https:\/\/amberadvocate.org\/wp-content\/uploads\/2018\/10\/brief-2.jpg 800w, https:\/\/amberadvocate.org\/wp-content\/uploads\/2018\/10\/brief-2-150x150.jpg 150w, https:\/\/amberadvocate.org\/wp-content\/uploads\/2018\/10\/brief-2-300x300.jpg 300w, https:\/\/amberadvocate.org\/wp-content\/uploads\/2018\/10\/brief-2-768x768.jpg 768w\" sizes=\"(max-width: 800px) 100vw, 800px\" alt=\"\" \t\tclass=\"so-widget-image\"\/>\n\t<\/div>\n\n<\/div><\/div><\/div><div id=\"pgc-30544-1-1\"  class=\"panel-grid-cell\" ><div id=\"panel-30544-1-1-0\" class=\"so-panel widget widget_sow-headline panel-first-child\" data-index=\"4\" ><div\n\t\t\t\n\t\t\tclass=\"so-widget-sow-headline so-widget-sow-headline-default-5d74d290e9c0-30544\"\n\t\t\t\n\t\t><div class=\"sow-headline-container \">\n\t\t\t\t\t\t\t<h2 class=\"sow-headline\">\n\t\t\t\t\t\tEl Congreso estudia un proyecto de ley para que haya Alertas AMBER en todos los territorios de EE.UU.\t\t\t\t\t\t<\/h2>\n\t\t\t\t\t\t\t\t\t\t\t<div class=\"decoration\">\n\t\t\t\t\t\t<div class=\"decoration-inside\"><\/div>\n\t\t\t\t\t<\/div>\n\t\t\t\t\t<\/div>\n<\/div><\/div><div id=\"panel-30544-1-1-1\" class=\"so-panel widget widget_sow-editor panel-last-child\" data-index=\"5\" ><div\n\t\t\t\n\t\t\tclass=\"so-widget-sow-editor so-widget-sow-editor-base\"\n\t\t\t\n\t\t>\n<div class=\"siteorigin-widget-tinymce textwidget\">\n\t<p class=\"p1\">La representante del Congreso de los Estados Unidos de Guam ha presentado un proyecto de ley que proporcionar\u00eda financiaci\u00f3n para integrar los territorios en la Red Nacional de Alerta AMBER. La Ley Nacional de Alerta AMBER de la Congresista Madeleine Bordall cuenta con apoyo bipartidista y ha sido respaldada por el Centro Nacional para Ni\u00f1os Desaparecidos y Explotados. <\/p>\n<\/div>\n<\/div><\/div><\/div><\/div><\/div><div id=\"pg-30544-2\"  class=\"panel-grid panel-has-style\" ><div class=\"siteorigin-panels-stretch panel-row-style panel-row-style-for-30544-2\" data-stretch-type=\"full\" ><div id=\"pgc-30544-2-0\"  class=\"panel-grid-cell\" ><div id=\"panel-30544-2-0-0\" class=\"so-panel widget widget_sow-image panel-first-child panel-last-child\" data-index=\"6\" ><div\n\t\t\t\n\t\t\tclass=\"so-widget-sow-image so-widget-sow-image-default-8b5b6f678277-30544\"\n\t\t\t\n\t\t>\n<div class=\"sow-image-container\">\n\t\t<img \n\tsrc=\"https:\/\/amberadvocate.org\/wp-content\/uploads\/2018\/10\/brief-3.jpg\" width=\"800\" height=\"800\" srcset=\"https:\/\/amberadvocate.org\/wp-content\/uploads\/2018\/10\/brief-3.jpg 800w, https:\/\/amberadvocate.org\/wp-content\/uploads\/2018\/10\/brief-3-150x150.jpg 150w, https:\/\/amberadvocate.org\/wp-content\/uploads\/2018\/10\/brief-3-300x300.jpg 300w, https:\/\/amberadvocate.org\/wp-content\/uploads\/2018\/10\/brief-3-768x768.jpg 768w\" sizes=\"(max-width: 800px) 100vw, 800px\" alt=\"\" \t\tclass=\"so-widget-image\"\/>\n\t<\/div>\n\n<\/div><\/div><\/div><div id=\"pgc-30544-2-1\"  class=\"panel-grid-cell\" ><div id=\"panel-30544-2-1-0\" class=\"so-panel widget widget_sow-headline panel-first-child\" data-index=\"7\" ><div\n\t\t\t\n\t\t\tclass=\"so-widget-sow-headline so-widget-sow-headline-default-5d74d290e9c0-30544\"\n\t\t\t\n\t\t><div class=\"sow-headline-container \">\n\t\t\t\t\t\t\t<h2 class=\"sow-headline\">\n\t\t\t\t\t\tEE.UU. actualiza el Sistema de Alerta de Emergencia para evitar falsas alarmas\t\t\t\t\t\t<\/h2>\n\t\t\t\t\t\t\t\t\t\t\t<div class=\"decoration\">\n\t\t\t\t\t\t<div class=\"decoration-inside\"><\/div>\n\t\t\t\t\t<\/div>\n\t\t\t\t\t<\/div>\n<\/div><\/div><div id=\"panel-30544-2-1-1\" class=\"so-panel widget widget_sow-editor panel-last-child\" data-index=\"8\" ><div\n\t\t\t\n\t\t\tclass=\"so-widget-sow-editor so-widget-sow-editor-base\"\n\t\t\t\n\t\t>\n<div class=\"siteorigin-widget-tinymce textwidget\">\n\t<p class=\"p1\">La Comisi\u00f3n Federal de Comunicaciones (FCC) mejorar\u00e1 el Sistema de Alerta de Emergencia (EAS) para evitar \u201cfalsas alarmas inesperadas\u201d como la que advirti\u00f3 a los residentes de Haw\u00e1i de un ataque con misiles bal\u00edsticos. Los funcionarios estatales y locales ahora pueden realizar pruebas de \u201cc\u00f3digo en vivo\u201d para tel\u00e9fonos inal\u00e1mbricos con los mismos c\u00f3digos y procedimientos utilizados durante una emergencia real. La FCC dijo que las actualizaciones ayudar\u00e1n a prevenir la \u201cfatiga de las alertas\u201d.  <\/p>\n<\/div>\n<\/div><\/div><\/div><\/div><\/div><div id=\"pg-30544-3\"  class=\"panel-grid panel-has-style\" ><div class=\"siteorigin-panels-stretch panel-row-style panel-row-style-for-30544-3\" data-stretch-type=\"full\" ><div id=\"pgc-30544-3-0\"  class=\"panel-grid-cell\" ><div id=\"panel-30544-3-0-0\" class=\"so-panel widget widget_sow-image panel-first-child panel-last-child\" data-index=\"9\" ><div\n\t\t\t\n\t\t\tclass=\"so-widget-sow-image so-widget-sow-image-default-8b5b6f678277-30544\"\n\t\t\t\n\t\t>\n<div class=\"sow-image-container\">\n\t\t<img \n\tsrc=\"https:\/\/amberadvocate.org\/wp-content\/uploads\/2018\/10\/brief-4.jpg\" width=\"800\" height=\"800\" srcset=\"https:\/\/amberadvocate.org\/wp-content\/uploads\/2018\/10\/brief-4.jpg 800w, https:\/\/amberadvocate.org\/wp-content\/uploads\/2018\/10\/brief-4-150x150.jpg 150w, https:\/\/amberadvocate.org\/wp-content\/uploads\/2018\/10\/brief-4-300x300.jpg 300w, https:\/\/amberadvocate.org\/wp-content\/uploads\/2018\/10\/brief-4-768x768.jpg 768w\" sizes=\"(max-width: 800px) 100vw, 800px\" alt=\"\" \t\tclass=\"so-widget-image\"\/>\n\t<\/div>\n\n<\/div><\/div><\/div><div id=\"pgc-30544-3-1\"  class=\"panel-grid-cell\" ><div id=\"panel-30544-3-1-0\" class=\"so-panel widget widget_sow-headline panel-first-child\" data-index=\"10\" ><div\n\t\t\t\n\t\t\tclass=\"so-widget-sow-headline so-widget-sow-headline-default-5d74d290e9c0-30544\"\n\t\t\t\n\t\t><div class=\"sow-headline-container \">\n\t\t\t\t\t\t\t<h2 class=\"sow-headline\">\n\t\t\t\t\t\tLa Polic\u00eda Estatal de Virginia utiliza la Alerta Ashanti para encontrar a adultos desaparecidos\t\t\t\t\t\t<\/h2>\n\t\t\t\t\t\t\t\t\t\t\t<div class=\"decoration\">\n\t\t\t\t\t\t<div class=\"decoration-inside\"><\/div>\n\t\t\t\t\t<\/div>\n\t\t\t\t\t<\/div>\n<\/div><\/div><div id=\"panel-30544-3-1-1\" class=\"so-panel widget widget_sow-editor panel-last-child\" data-index=\"11\" ><div\n\t\t\t\n\t\t\tclass=\"so-widget-sow-editor so-widget-sow-editor-base\"\n\t\t\t\n\t\t>\n<div class=\"siteorigin-widget-tinymce textwidget\">\n\t<p class=\"p1\">La Polic\u00eda Estatal de Virginia ha comenzado a emitir una Alerta Ashanti o una alerta de Adulto Desaparecido en Estado Cr\u00edtico para encontrar adultos desaparecidos que puedan estar en peligro. La alerta se lanz\u00f3 el 1 de julio de 2018 y lleva el nombre de Ashanti Billie, v\u00edctima de secuestro y asesinato. La primera alerta se emiti\u00f3 para un hombre que se cre\u00eda que estaba en peligro y necesitaba atenci\u00f3n m\u00e9dica. La segunda alerta se envi\u00f3 para una madre de cuatro hijos que se cre\u00eda que hab\u00eda sido secuestrada.   <\/p>\n<\/div>\n<\/div><\/div><\/div><\/div><\/div><div id=\"pg-30544-4\"  class=\"panel-grid panel-has-style\" ><div class=\"siteorigin-panels-stretch panel-row-style panel-row-style-for-30544-4\" data-stretch-type=\"full\" ><div id=\"pgc-30544-4-0\"  class=\"panel-grid-cell\" ><div id=\"panel-30544-4-0-0\" class=\"so-panel widget widget_sow-image panel-first-child panel-last-child\" data-index=\"12\" ><div\n\t\t\t\n\t\t\tclass=\"so-widget-sow-image so-widget-sow-image-default-8b5b6f678277-30544\"\n\t\t\t\n\t\t>\n<div class=\"sow-image-container\">\n\t\t<img \n\tsrc=\"https:\/\/amberadvocate.org\/wp-content\/uploads\/2018\/10\/brief-5.jpg\" width=\"800\" height=\"800\" srcset=\"https:\/\/amberadvocate.org\/wp-content\/uploads\/2018\/10\/brief-5.jpg 800w, https:\/\/amberadvocate.org\/wp-content\/uploads\/2018\/10\/brief-5-150x150.jpg 150w, https:\/\/amberadvocate.org\/wp-content\/uploads\/2018\/10\/brief-5-300x300.jpg 300w, https:\/\/amberadvocate.org\/wp-content\/uploads\/2018\/10\/brief-5-768x768.jpg 768w\" sizes=\"(max-width: 800px) 100vw, 800px\" alt=\"\" \t\tclass=\"so-widget-image\"\/>\n\t<\/div>\n\n<\/div><\/div><\/div><div id=\"pgc-30544-4-1\"  class=\"panel-grid-cell\" ><div id=\"panel-30544-4-1-0\" class=\"so-panel widget widget_sow-headline panel-first-child\" data-index=\"13\" ><div\n\t\t\t\n\t\t\tclass=\"so-widget-sow-headline so-widget-sow-headline-default-5d74d290e9c0-30544\"\n\t\t\t\n\t\t><div class=\"sow-headline-container \">\n\t\t\t\t\t\t\t<h2 class=\"sow-headline\">\n\t\t\t\t\t\tAlerta AMBER y actos de identificaci\u00f3n de ni\u00f1os en EE.UU. en 2018  \t\t\t\t\t\t<\/h2>\n\t\t\t\t\t\t\t\t\t\t\t<div class=\"decoration\">\n\t\t\t\t\t\t<div class=\"decoration-inside\"><\/div>\n\t\t\t\t\t<\/div>\n\t\t\t\t\t<\/div>\n<\/div><\/div><div id=\"panel-30544-4-1-1\" class=\"so-panel widget widget_sow-editor panel-last-child\" data-index=\"14\" ><div\n\t\t\t\n\t\t\tclass=\"so-widget-sow-editor so-widget-sow-editor-base\"\n\t\t\t\n\t\t>\n<div class=\"siteorigin-widget-tinymce textwidget\">\n\t<p class=\"p1\">La Oficina del Sheriff de El Paso, Texas, registr\u00f3 a ni\u00f1os con tarjetas de Alerta AMBER el 10 de julio de 2018. Esta informaci\u00f3n se puede utilizar si se denuncia la desaparici\u00f3n o el secuestro de un ni\u00f1o, e incluye una foto en color, huellas dactilares e informaci\u00f3n de identificaci\u00f3n sobre el ni\u00f1o. <\/p>\n<p class=\"p1\">Tambi\u00e9n se distribuyeron kits gratuitos de identificaci\u00f3n infantil el 17 de julio en una feria en Ionia, Michigan. El proceso crea una unidad flash con una foto, un v\u00eddeo, huellas dactilares digitales y otra informaci\u00f3n vital. <\/p>\n<p class=\"p1\">Tambi\u00e9n se celebr\u00f3 un evento de identificaci\u00f3n infantil esa misma semana en Bridgman, Michigan. Hasta la fecha, m\u00e1s de 90.000 ni\u00f1os de Michigan han participado en el Programa de Identificaci\u00f3n Infantil del estado. <\/p>\n<p class=\"p1\">En Birmingham, Alabama, un concesionario Ford decidi\u00f3 celebrar su centenario organizando un programa de toma de huellas dactilares y seguridad infantil a trav\u00e9s de Operation Kidsafe. Adamson Ford celebr\u00f3 el evento en febrero de 2018 y se crearon tarjetas de identificaci\u00f3n para m\u00e1s de 150 ni\u00f1os. <\/p>\n<\/div>\n<\/div><\/div><\/div><\/div><\/div><div id=\"pg-30544-5\"  class=\"panel-grid panel-has-style\" ><div class=\"siteorigin-panels-stretch panel-row-style panel-row-style-for-30544-5\" data-stretch-type=\"full\" ><div id=\"pgc-30544-5-0\"  class=\"panel-grid-cell\" ><div id=\"panel-30544-5-0-0\" class=\"so-panel widget widget_sow-image panel-first-child panel-last-child\" data-index=\"15\" ><div\n\t\t\t\n\t\t\tclass=\"so-widget-sow-image so-widget-sow-image-default-8b5b6f678277-30544\"\n\t\t\t\n\t\t>\n<div class=\"sow-image-container\">\n\t\t<img \n\tsrc=\"https:\/\/amberadvocate.org\/wp-content\/uploads\/2018\/10\/brief-6.jpg\" width=\"800\" height=\"800\" srcset=\"https:\/\/amberadvocate.org\/wp-content\/uploads\/2018\/10\/brief-6.jpg 800w, https:\/\/amberadvocate.org\/wp-content\/uploads\/2018\/10\/brief-6-150x150.jpg 150w, https:\/\/amberadvocate.org\/wp-content\/uploads\/2018\/10\/brief-6-300x300.jpg 300w, https:\/\/amberadvocate.org\/wp-content\/uploads\/2018\/10\/brief-6-768x768.jpg 768w\" sizes=\"(max-width: 800px) 100vw, 800px\" alt=\"\" \t\tclass=\"so-widget-image\"\/>\n\t<\/div>\n\n<\/div><\/div><\/div><div id=\"pgc-30544-5-1\"  class=\"panel-grid-cell\" ><div id=\"panel-30544-5-1-0\" class=\"so-panel widget widget_sow-headline panel-first-child\" data-index=\"16\" ><div\n\t\t\t\n\t\t\tclass=\"so-widget-sow-headline so-widget-sow-headline-default-5d74d290e9c0-30544\"\n\t\t\t\n\t\t><div class=\"sow-headline-container \">\n\t\t\t\t\t\t\t<h2 class=\"sow-headline\">\n\t\t\t\t\t\tFlorida aumenta las formas de notificar al p\u00fablico durante las alertas por ni\u00f1os secuestrados y desaparecidos\t\t\t\t\t\t<\/h2>\n\t\t\t\t\t\t\t\t\t\t\t<div class=\"decoration\">\n\t\t\t\t\t\t<div class=\"decoration-inside\"><\/div>\n\t\t\t\t\t<\/div>\n\t\t\t\t\t<\/div>\n<\/div><\/div><div id=\"panel-30544-5-1-1\" class=\"so-panel widget widget_sow-editor panel-last-child\" data-index=\"17\" ><div\n\t\t\t\n\t\t\tclass=\"so-widget-sow-editor so-widget-sow-editor-base\"\n\t\t\t\n\t\t>\n<div class=\"siteorigin-widget-tinymce textwidget\">\n\t<p class=\"p1\">El Departamento de Polic\u00eda de Florida ha ampliado los sistemas de notificaci\u00f3n p\u00fablica de Alerta AMBER y Ni\u00f1o Desaparecido para incluir m\u00e1s formas de notificar al p\u00fablico. Los residentes ya reciben correos electr\u00f3nicos y mensajes de texto sobre la alerta, y ahora las personas pueden registrarse para recibir alertas a trav\u00e9s de llamadas de voz, TDD\/TTY (mensajes de texto para personas con problemas de audici\u00f3n) y otras aplicaciones para dispositivos m\u00f3viles. <\/p>\n<\/div>\n<\/div><\/div><\/div><\/div><\/div><div id=\"pg-30544-6\"  class=\"panel-grid panel-has-style\" ><div class=\"siteorigin-panels-stretch panel-row-style panel-row-style-for-30544-6\" data-stretch-type=\"full\" ><div id=\"pgc-30544-6-0\"  class=\"panel-grid-cell\" ><div id=\"panel-30544-6-0-0\" class=\"so-panel widget widget_sow-image panel-first-child panel-last-child\" data-index=\"18\" ><div\n\t\t\t\n\t\t\tclass=\"so-widget-sow-image so-widget-sow-image-default-8b5b6f678277-30544\"\n\t\t\t\n\t\t>\n<div class=\"sow-image-container\">\n\t\t<img \n\tsrc=\"https:\/\/amberadvocate.org\/wp-content\/uploads\/2018\/10\/brief-7.jpg\" width=\"800\" height=\"800\" srcset=\"https:\/\/amberadvocate.org\/wp-content\/uploads\/2018\/10\/brief-7.jpg 800w, https:\/\/amberadvocate.org\/wp-content\/uploads\/2018\/10\/brief-7-150x150.jpg 150w, https:\/\/amberadvocate.org\/wp-content\/uploads\/2018\/10\/brief-7-300x300.jpg 300w, https:\/\/amberadvocate.org\/wp-content\/uploads\/2018\/10\/brief-7-768x768.jpg 768w\" sizes=\"(max-width: 800px) 100vw, 800px\" alt=\"\" \t\tclass=\"so-widget-image\"\/>\n\t<\/div>\n\n<\/div><\/div><\/div><div id=\"pgc-30544-6-1\"  class=\"panel-grid-cell\" ><div id=\"panel-30544-6-1-0\" class=\"so-panel widget widget_sow-headline panel-first-child\" data-index=\"19\" ><div\n\t\t\t\n\t\t\tclass=\"so-widget-sow-headline so-widget-sow-headline-default-5d74d290e9c0-30544\"\n\t\t\t\n\t\t><div class=\"sow-headline-container \">\n\t\t\t\t\t\t\t<h2 class=\"sow-headline\">\n\t\t\t\t\t\tUna mujer de Mississippi contrata a un abogado tras ser identificada por error como sospechosa de la Alerta AMBER\t\t\t\t\t\t<\/h2>\n\t\t\t\t\t\t\t\t\t\t\t<div class=\"decoration\">\n\t\t\t\t\t\t<div class=\"decoration-inside\"><\/div>\n\t\t\t\t\t<\/div>\n\t\t\t\t\t<\/div>\n<\/div><\/div><div id=\"panel-30544-6-1-1\" class=\"so-panel widget widget_sow-editor panel-last-child\" data-index=\"20\" ><div\n\t\t\t\n\t\t\tclass=\"so-widget-sow-editor so-widget-sow-editor-base\"\n\t\t\t\n\t\t>\n<div class=\"siteorigin-widget-tinymce textwidget\">\n\t<p class=\"p1\">Una mujer que fue identificada err\u00f3neamente como sospechosa en una Alerta AMBER en Jacksonville, Mississippi, ha contratado a un abogado para investigar la confusi\u00f3n. La alerta se emiti\u00f3 para una ni\u00f1a de seis a\u00f1os e identific\u00f3 a Jasmine Simmons como la sospechosa. M\u00e1s tarde, la polic\u00eda revis\u00f3 la alerta e identific\u00f3 a Jazzlyn Tommynik Simmons como la sospechosa. El abogado pidi\u00f3 a los medios de comunicaci\u00f3n que se retractaran o corrigieran cualquier noticia que identificara a su cliente como involucrado en el presunto secuestro.   <\/p>\n<\/div>\n<\/div><\/div><\/div><\/div><\/div><div id=\"pg-30544-7\"  class=\"panel-grid panel-has-style\" ><div class=\"siteorigin-panels-stretch panel-row-style panel-row-style-for-30544-7\" data-stretch-type=\"full\" ><div id=\"pgc-30544-7-0\"  class=\"panel-grid-cell\" ><div id=\"panel-30544-7-0-0\" class=\"so-panel widget widget_sow-image panel-first-child panel-last-child\" data-index=\"21\" ><div\n\t\t\t\n\t\t\tclass=\"so-widget-sow-image so-widget-sow-image-default-8b5b6f678277-30544\"\n\t\t\t\n\t\t>\n<div class=\"sow-image-container\">\n\t\t<img \n\tsrc=\"https:\/\/amberadvocate.org\/wp-content\/uploads\/2018\/10\/brief-8.jpg\" width=\"800\" height=\"800\" srcset=\"https:\/\/amberadvocate.org\/wp-content\/uploads\/2018\/10\/brief-8.jpg 800w, https:\/\/amberadvocate.org\/wp-content\/uploads\/2018\/10\/brief-8-150x150.jpg 150w, https:\/\/amberadvocate.org\/wp-content\/uploads\/2018\/10\/brief-8-300x300.jpg 300w, https:\/\/amberadvocate.org\/wp-content\/uploads\/2018\/10\/brief-8-768x768.jpg 768w\" sizes=\"(max-width: 800px) 100vw, 800px\" alt=\"\" \t\tclass=\"so-widget-image\"\/>\n\t<\/div>\n\n<\/div><\/div><\/div><div id=\"pgc-30544-7-1\"  class=\"panel-grid-cell\" ><div id=\"panel-30544-7-1-0\" class=\"so-panel widget widget_sow-headline panel-first-child\" data-index=\"22\" ><div\n\t\t\t\n\t\t\tclass=\"so-widget-sow-headline so-widget-sow-headline-default-5d74d290e9c0-30544\"\n\t\t\t\n\t\t><div class=\"sow-headline-container \">\n\t\t\t\t\t\t\t<h2 class=\"sow-headline\">\n\t\t\t\t\t\tDos mujeres acusadas de denunciar falsamente el robo de sus coches con ni\u00f1os dentro\t\t\t\t\t\t<\/h2>\n\t\t\t\t\t\t\t\t\t\t\t<div class=\"decoration\">\n\t\t\t\t\t\t<div class=\"decoration-inside\"><\/div>\n\t\t\t\t\t<\/div>\n\t\t\t\t\t<\/div>\n<\/div><\/div><div id=\"panel-30544-7-1-1\" class=\"so-panel widget widget_sow-editor panel-last-child\" data-index=\"23\" ><div\n\t\t\t\n\t\t\tclass=\"so-widget-sow-editor so-widget-sow-editor-base\"\n\t\t\t\n\t\t>\n<div class=\"siteorigin-widget-tinymce textwidget\">\n\t<p class=\"p1\">Una madre de 25 a\u00f1os fue arrestada despu\u00e9s de decirle a la polic\u00eda de Saraland, Alabama, que su coche fue robado por un exnovio con su hijo de tres a\u00f1os dentro. La polic\u00eda emiti\u00f3 una Alerta AMBER y activ\u00f3 el Equipo de Respuesta al Secuestro de Ni\u00f1os (CART) para ayudar en la investigaci\u00f3n. La polic\u00eda dice que la mujer cambi\u00f3 su historia varias veces y finalmente determinaron que el ni\u00f1o estaba con miembros de la familia.  <\/p>\n<p class=\"p1\">La polic\u00eda de Grand Prairie, Texas, acus\u00f3 a una mujer de presentar una denuncia policial falsa despu\u00e9s de que se emitiera una Alerta AMBER para su beb\u00e9 de diez meses. La polic\u00eda dice que la mujer quer\u00eda acelerar la recuperaci\u00f3n de su coche robado afirmando que su hijo estaba en el asiento trasero. La polic\u00eda determin\u00f3 que el coche de la mujer fue robado, pero que no ten\u00eda un beb\u00e9.  <\/p>\n<\/div>\n<\/div><\/div><\/div><\/div><\/div><div id=\"pg-30544-8\"  class=\"panel-grid panel-has-style\" ><div class=\"siteorigin-panels-stretch panel-row-style panel-row-style-for-30544-8\" data-stretch-type=\"full\" ><div id=\"pgc-30544-8-0\"  class=\"panel-grid-cell\" ><div id=\"panel-30544-8-0-0\" class=\"so-panel widget widget_sow-image panel-first-child panel-last-child\" data-index=\"24\" ><div\n\t\t\t\n\t\t\tclass=\"so-widget-sow-image so-widget-sow-image-default-8b5b6f678277-30544\"\n\t\t\t\n\t\t>\n<div class=\"sow-image-container\">\n\t\t<img \n\tsrc=\"https:\/\/amberadvocate.org\/wp-content\/uploads\/2018\/10\/brief-9.jpg\" width=\"800\" height=\"800\" srcset=\"https:\/\/amberadvocate.org\/wp-content\/uploads\/2018\/10\/brief-9.jpg 800w, https:\/\/amberadvocate.org\/wp-content\/uploads\/2018\/10\/brief-9-150x150.jpg 150w, https:\/\/amberadvocate.org\/wp-content\/uploads\/2018\/10\/brief-9-300x300.jpg 300w, https:\/\/amberadvocate.org\/wp-content\/uploads\/2018\/10\/brief-9-768x768.jpg 768w\" sizes=\"(max-width: 800px) 100vw, 800px\" alt=\"\" \t\tclass=\"so-widget-image\"\/>\n\t<\/div>\n\n<\/div><\/div><\/div><div id=\"pgc-30544-8-1\"  class=\"panel-grid-cell\" ><div id=\"panel-30544-8-1-0\" class=\"so-panel widget widget_sow-headline panel-first-child\" data-index=\"25\" ><div\n\t\t\t\n\t\t\tclass=\"so-widget-sow-headline so-widget-sow-headline-default-5d74d290e9c0-30544\"\n\t\t\t\n\t\t><div class=\"sow-headline-container \">\n\t\t\t\t\t\t\t<h2 class=\"sow-headline\">\n\t\t\t\t\t\tPreocupaci\u00f3n por las matr\u00edculas digitales\t\t\t\t\t\t<\/h2>\n\t\t\t\t\t\t\t\t\t\t\t<div class=\"decoration\">\n\t\t\t\t\t\t<div class=\"decoration-inside\"><\/div>\n\t\t\t\t\t<\/div>\n\t\t\t\t\t<\/div>\n<\/div><\/div><div id=\"panel-30544-8-1-1\" class=\"so-panel widget widget_sow-editor panel-last-child\" data-index=\"26\" ><div\n\t\t\t\n\t\t\tclass=\"so-widget-sow-editor so-widget-sow-editor-base\"\n\t\t\t\n\t\t>\n<div class=\"siteorigin-widget-tinymce textwidget\">\n\t<p class=\"p1\">A un legislador del estado de Washington le preocupa que las matr\u00edculas digitales permitan al gobierno rastrear a los automovilistas e invadir su privacidad. Las matr\u00edculas digitales muestran informaci\u00f3n de la licencia, pero tambi\u00e9n podr\u00edan proporcionar mensajes de que un coche est\u00e1 averiado, robado o involucrado en una Alerta AMBER o Silver. California y Arizona tienen programas piloto para matr\u00edculas digitales similares.  <\/p>\n<\/div>\n<\/div><\/div><\/div><\/div><\/div><div id=\"pg-30544-9\"  class=\"panel-grid panel-has-style\" ><div class=\"siteorigin-panels-stretch panel-row-style panel-row-style-for-30544-9\" data-stretch-type=\"full\" ><div id=\"pgc-30544-9-0\"  class=\"panel-grid-cell\" ><div id=\"panel-30544-9-0-0\" class=\"so-panel widget widget_sow-image panel-first-child panel-last-child\" data-index=\"27\" ><div\n\t\t\t\n\t\t\tclass=\"so-widget-sow-image so-widget-sow-image-default-8b5b6f678277-30544\"\n\t\t\t\n\t\t>\n<div class=\"sow-image-container\">\n\t\t<img \n\tsrc=\"https:\/\/amberadvocate.org\/wp-content\/uploads\/2018\/10\/brief-10.jpg\" width=\"800\" height=\"800\" srcset=\"https:\/\/amberadvocate.org\/wp-content\/uploads\/2018\/10\/brief-10.jpg 800w, https:\/\/amberadvocate.org\/wp-content\/uploads\/2018\/10\/brief-10-150x150.jpg 150w, https:\/\/amberadvocate.org\/wp-content\/uploads\/2018\/10\/brief-10-300x300.jpg 300w, https:\/\/amberadvocate.org\/wp-content\/uploads\/2018\/10\/brief-10-768x768.jpg 768w\" sizes=\"(max-width: 800px) 100vw, 800px\" alt=\"\" \t\tclass=\"so-widget-image\"\/>\n\t<\/div>\n\n<\/div><\/div><\/div><div id=\"pgc-30544-9-1\"  class=\"panel-grid-cell\" ><div id=\"panel-30544-9-1-0\" class=\"so-panel widget widget_sow-headline panel-first-child\" data-index=\"28\" ><div\n\t\t\t\n\t\t\tclass=\"so-widget-sow-headline so-widget-sow-headline-default-5d74d290e9c0-30544\"\n\t\t\t\n\t\t><div class=\"sow-headline-container \">\n\t\t\t\t\t\t\t<h2 class=\"sow-headline\">\n\t\t\t\t\t\tMaine advierte al p\u00fablico sobre una falsa Alerta AMBER en las redes sociales\t\t\t\t\t\t<\/h2>\n\t\t\t\t\t\t\t\t\t\t\t<div class=\"decoration\">\n\t\t\t\t\t\t<div class=\"decoration-inside\"><\/div>\n\t\t\t\t\t<\/div>\n\t\t\t\t\t<\/div>\n<\/div><\/div><div id=\"panel-30544-9-1-1\" class=\"so-panel widget widget_sow-editor panel-last-child\" data-index=\"29\" ><div\n\t\t\t\n\t\t\tclass=\"so-widget-sow-editor so-widget-sow-editor-base\"\n\t\t\t\n\t\t>\n<div class=\"siteorigin-widget-tinymce textwidget\">\n\t<p class=\"p1\">La Oficina del Sheriff del Condado de Somerset, en Maine, emiti\u00f3 una advertencia en junio de 2018 sobre una Alerta AMBER falsa que se estaba compartiendo en Facebook. La alerta afirma que un taxi fue robado con un pasajero y podr\u00eda estar en cualquier lugar de la zona. Maine ha activado las Alertas AMBER solo dos veces desde que el estado comenz\u00f3 el programa hace 13 a\u00f1os.  <\/p>\n<\/div>\n<\/div><\/div><\/div><\/div><\/div><div id=\"pg-30544-10\"  class=\"panel-grid panel-has-style\" ><div class=\"siteorigin-panels-stretch panel-row-style panel-row-style-for-30544-10\" data-stretch-type=\"full\" ><div id=\"pgc-30544-10-0\"  class=\"panel-grid-cell\" ><div id=\"panel-30544-10-0-0\" class=\"so-panel widget widget_sow-image panel-first-child panel-last-child\" data-index=\"30\" ><div\n\t\t\t\n\t\t\tclass=\"so-widget-sow-image so-widget-sow-image-default-8b5b6f678277-30544\"\n\t\t\t\n\t\t>\n<div class=\"sow-image-container\">\n\t\t<img \n\tsrc=\"https:\/\/amberadvocate.org\/wp-content\/uploads\/2018\/10\/brief-11.jpg\" width=\"800\" height=\"800\" srcset=\"https:\/\/amberadvocate.org\/wp-content\/uploads\/2018\/10\/brief-11.jpg 800w, https:\/\/amberadvocate.org\/wp-content\/uploads\/2018\/10\/brief-11-150x150.jpg 150w, https:\/\/amberadvocate.org\/wp-content\/uploads\/2018\/10\/brief-11-300x300.jpg 300w, https:\/\/amberadvocate.org\/wp-content\/uploads\/2018\/10\/brief-11-768x768.jpg 768w\" sizes=\"(max-width: 800px) 100vw, 800px\" alt=\"\" \t\tclass=\"so-widget-image\"\/>\n\t<\/div>\n\n<\/div><\/div><\/div><div id=\"pgc-30544-10-1\"  class=\"panel-grid-cell\" ><div id=\"panel-30544-10-1-0\" class=\"so-panel widget widget_sow-headline panel-first-child\" data-index=\"31\" ><div\n\t\t\t\n\t\t\tclass=\"so-widget-sow-headline so-widget-sow-headline-default-5d74d290e9c0-30544\"\n\t\t\t\n\t\t><div class=\"sow-headline-container \">\n\t\t\t\t\t\t\t<h2 class=\"sow-headline\">\n\t\t\t\t\t\tEl FBI realiza un simulacro de secuestro infantil para la polic\u00eda de Chicago\t\t\t\t\t\t<\/h2>\n\t\t\t\t\t\t\t\t\t\t\t<div class=\"decoration\">\n\t\t\t\t\t\t<div class=\"decoration-inside\"><\/div>\n\t\t\t\t\t<\/div>\n\t\t\t\t\t<\/div>\n<\/div><\/div><div id=\"panel-30544-10-1-1\" class=\"so-panel widget widget_sow-editor panel-last-child\" data-index=\"32\" ><div\n\t\t\t\n\t\t\tclass=\"so-widget-sow-editor so-widget-sow-editor-base\"\n\t\t\t\n\t\t>\n<div class=\"siteorigin-widget-tinymce textwidget\">\n\t<p class=\"p1\">El FBI ofreci\u00f3 un simulacro de acci\u00f3n en vivo en Frankfurt, Illinois, el 9 de agosto de 2018, para capacitar a los agentes del \u00e1rea de Chicago sobre c\u00f3mo manejar los secuestros de ni\u00f1os. El escenario involucr\u00f3 a una ni\u00f1a de 10 a\u00f1os que desapareci\u00f3 despu\u00e9s de ir a ver a su tutor. Los agentes del orden locales, el FBI y los reporteros con equipos de c\u00e1mara participaron en el ejercicio. Los agentes recopilaron informaci\u00f3n de entrevistas y v\u00eddeos de vigilancia para determinar que la ni\u00f1a entr\u00f3 en el coche de un hombre que afirmaba que necesitaba ayuda para encontrar un perro perdido. Los simulacros se llevan a cabo para asegurarse de que las fuerzas del orden est\u00e9n preparadas durante un secuestro real. \u201cDespu\u00e9s de 46 a\u00f1os, he aprendido que nunca se deja de aprender; que aprender nuevos procedimientos, protocolos y m\u00e9todos es lo que hace que su agencia sea capaz de manejar un incidente como este\u201d, dijo Tim McCarthy, de la polic\u00eda de Orland Park.     <\/p>\n<\/div>\n<\/div><\/div><\/div><\/div><\/div><\/div>","protected":false},"excerpt":{"rendered":"<p>Los agentes del orden de Nueva York est\u00e1n deteniendo a los automovilistas y pidi\u00e9ndoles que reemplacen las matr\u00edculas despegadas por su propia seguridad y la de los dem\u00e1s. \u201cSi no podemos leer la matr\u00edcula, nos resultar\u00eda dif\u00edcil detectar veh\u00edculos robados o veh\u00edculos sobre los que pesa una alerta o una Alerta AMBER\u201d, declar\u00f3 el agente [&hellip;]<\/p>\n","protected":false},"author":10,"featured_media":3313,"comment_status":"closed","ping_status":"closed","sticky":false,"template":"","format":"standard","meta":{"_bbp_topic_count":0,"_bbp_reply_count":0,"_bbp_total_topic_count":0,"_bbp_total_reply_count":0,"_bbp_voice_count":0,"_bbp_anonymous_reply_count":0,"_bbp_topic_count_hidden":0,"_bbp_reply_count_hidden":0,"_bbp_forum_subforum_count":0,"_analytify_skip_tracking":false,"footnotes":""},"categories":[649],"tags":[],"class_list":["post-30544","post","type-post","status-publish","format-standard","has-post-thumbnail","hentry","category-alerta-amber-breves"],"meta_box":{"aa_theme_enable_blocks_editor":"","aa_theme_featured_img_position":""},"publishpress_future_workflow_manual_trigger":{"enabledWorkflows":[]},"_links":{"self":[{"href":"https:\/\/amberadvocate.org\/es\/wp-json\/wp\/v2\/posts\/30544","targetHints":{"allow":["GET"]}}],"collection":[{"href":"https:\/\/amberadvocate.org\/es\/wp-json\/wp\/v2\/posts"}],"about":[{"href":"https:\/\/amberadvocate.org\/es\/wp-json\/wp\/v2\/types\/post"}],"author":[{"embeddable":true,"href":"https:\/\/amberadvocate.org\/es\/wp-json\/wp\/v2\/users\/10"}],"replies":[{"embeddable":true,"href":"https:\/\/amberadvocate.org\/es\/wp-json\/wp\/v2\/comments?post=30544"}],"version-history":[{"count":0,"href":"https:\/\/amberadvocate.org\/es\/wp-json\/wp\/v2\/posts\/30544\/revisions"}],"wp:featuredmedia":[{"embeddable":true,"href":"https:\/\/amberadvocate.org\/es\/wp-json\/wp\/v2\/media\/3313"}],"wp:attachment":[{"href":"https:\/\/amberadvocate.org\/es\/wp-json\/wp\/v2\/media?parent=30544"}],"wp:term":[{"taxonomy":"category","embeddable":true,"href":"https:\/\/amberadvocate.org\/es\/wp-json\/wp\/v2\/categories?post=30544"},{"taxonomy":"post_tag","embeddable":true,"href":"https:\/\/amberadvocate.org\/es\/wp-json\/wp\/v2\/tags?post=30544"}],"curies":[{"name":"wp","href":"https:\/\/api.w.org\/{rel}","templated":true}]}}