{"id":30542,"date":"2018-10-20T12:47:29","date_gmt":"2018-10-20T17:47:29","guid":{"rendered":"https:\/\/amberadvocate.org\/sin-categorizar\/alerta-amber-internacional-otono-2018\/"},"modified":"2025-11-01T14:10:53","modified_gmt":"2025-11-01T19:10:53","slug":"alerta-amber-internacional-otono-2018","status":"publish","type":"post","link":"https:\/\/amberadvocate.org\/es\/internacional\/alerta-amber-internacional-otono-2018\/","title":{"rendered":"Alerta AMBER Internacional &#8211; Oto\u00f1o 2018"},"content":{"rendered":"<div id=\"pl-30542\"  class=\"panel-layout\" ><div id=\"pg-30542-0\"  class=\"panel-grid panel-has-style\" ><div class=\"siteorigin-panels-stretch panel-row-style panel-row-style-for-30542-0\" data-stretch-type=\"full\" ><div id=\"pgc-30542-0-0\"  class=\"panel-grid-cell\" ><div id=\"panel-30542-0-0-0\" class=\"so-panel widget widget_sow-headline panel-first-child\" data-index=\"0\" ><div class=\"panel-widget-style panel-widget-style-for-30542-0-0-0\" ><div\n\t\t\t\n\t\t\tclass=\"so-widget-sow-headline so-widget-sow-headline-default-f2a1341d8031-30542\"\n\t\t\t\n\t\t><div class=\"sow-headline-container \">\n\t\t\t\t\t\t\t<h2 class=\"sow-headline\">\n\t\t\t\t\t\tBahamas lanza un sistema de alerta de secuestro de menores\t\t\t\t\t\t<\/h2>\n\t\t\t\t\t\t\t\t\t\t\t<div class=\"decoration\">\n\t\t\t\t\t\t<div class=\"decoration-inside\"><\/div>\n\t\t\t\t\t<\/div>\n\t\t\t\t\t<\/div>\n<\/div><\/div><\/div><div id=\"panel-30542-0-0-1\" class=\"so-panel widget widget_sow-editor panel-last-child\" data-index=\"1\" ><div\n\t\t\t\n\t\t\tclass=\"so-widget-sow-editor so-widget-sow-editor-base\"\n\t\t\t\n\t\t>\n<div class=\"siteorigin-widget-tinymce textwidget\">\n\t<p class=\"p1\">Las Bahamas iniciaron un programa piloto de alerta por secuestro de menores en julio de 2018, similar a la Alerta AMBER de EE. UU. El pa\u00eds llama a las notificaciones \u201cAlerta de Marco\u201d, en memoria de Marco Archer, de 11 a\u00f1os, quien desapareci\u00f3 y fue encontrado muerto en 2011. El p\u00fablico debe registrarse para recibir la alerta, pero la polic\u00eda puede decidir si la situaci\u00f3n es tan cr\u00edtica que se enviar\u00e1 un mensaje a todos, independientemente de si se han registrado o no. Las alertas se pueden enviar por tel\u00e9fono, correo electr\u00f3nico, buscapersonas, fax, pantallas emergentes de ordenador y redes sociales.   <\/p>\n<\/div>\n<\/div><\/div><\/div><\/div><\/div><div id=\"pg-30542-1\"  class=\"panel-grid panel-has-style\" ><div class=\"siteorigin-panels-stretch panel-row-style panel-row-style-for-30542-1\" data-stretch-type=\"full\" ><div id=\"pgc-30542-1-0\"  class=\"panel-grid-cell\" ><div id=\"panel-30542-1-0-0\" class=\"so-panel widget widget_sow-image panel-first-child panel-last-child\" data-index=\"2\" ><div\n\t\t\t\n\t\t\tclass=\"so-widget-sow-image so-widget-sow-image-default-8b5b6f678277-30542\"\n\t\t\t\n\t\t>\n<div class=\"sow-image-container\">\n\t\t<img \n\tsrc=\"https:\/\/amberadvocate.org\/wp-content\/uploads\/2018\/10\/international-2.jpg\" width=\"800\" height=\"800\" srcset=\"https:\/\/amberadvocate.org\/wp-content\/uploads\/2018\/10\/international-2.jpg 800w, https:\/\/amberadvocate.org\/wp-content\/uploads\/2018\/10\/international-2-150x150.jpg 150w, https:\/\/amberadvocate.org\/wp-content\/uploads\/2018\/10\/international-2-300x300.jpg 300w, https:\/\/amberadvocate.org\/wp-content\/uploads\/2018\/10\/international-2-768x768.jpg 768w\" sizes=\"(max-width: 800px) 100vw, 800px\" alt=\"\" \t\tclass=\"so-widget-image\"\/>\n\t<\/div>\n\n<\/div><\/div><\/div><div id=\"pgc-30542-1-1\"  class=\"panel-grid-cell\" ><div id=\"panel-30542-1-1-0\" class=\"so-panel widget widget_sow-headline panel-first-child\" data-index=\"3\" ><div class=\"panel-widget-style panel-widget-style-for-30542-1-1-0\" ><div\n\t\t\t\n\t\t\tclass=\"so-widget-sow-headline so-widget-sow-headline-default-f2a1341d8031-30542\"\n\t\t\t\n\t\t><div class=\"sow-headline-container \">\n\t\t\t\t\t\t\t<h2 class=\"sow-headline\">\n\t\t\t\t\t\tLa Alerta Plateada se prueba en ciudades canadienses\t\t\t\t\t\t<\/h2>\n\t\t\t\t\t\t\t\t\t\t\t<div class=\"decoration\">\n\t\t\t\t\t\t<div class=\"decoration-inside\"><\/div>\n\t\t\t\t\t<\/div>\n\t\t\t\t\t<\/div>\n<\/div><\/div><\/div><div id=\"panel-30542-1-1-1\" class=\"so-panel widget widget_sow-editor panel-last-child\" data-index=\"4\" ><div\n\t\t\t\n\t\t\tclass=\"so-widget-sow-editor so-widget-sow-editor-base\"\n\t\t\t\n\t\t>\n<div class=\"siteorigin-widget-tinymce textwidget\">\n\t<p class=\"p1\">La polic\u00eda de varias ciudades canadienses prob\u00f3 una Alerta Silver, una notificaci\u00f3n que se enviar\u00eda a un \u00e1rea espec\u00edfica cuando desapareciera una persona mayor. Los residentes pueden registrarse para recibir las alertas, cuyo objetivo es ayudar a encontrar a personas mayores perdidas con enfermedad de Alzheimer o demencia. La polic\u00eda se asoci\u00f3 con trabajadores de servicios sociales y de salud y voluntarios durante un ejercicio de capacitaci\u00f3n de un d\u00eda para probar el nuevo sistema de Alerta Silver.  <\/p>\n<\/div>\n<\/div><\/div><\/div><\/div><\/div><div id=\"pg-30542-2\"  class=\"panel-grid panel-has-style\" ><div class=\"siteorigin-panels-stretch panel-row-style panel-row-style-for-30542-2\" data-stretch-type=\"full\" ><div id=\"pgc-30542-2-0\"  class=\"panel-grid-cell\" ><div id=\"panel-30542-2-0-0\" class=\"so-panel widget widget_sow-image panel-first-child panel-last-child\" data-index=\"5\" ><div\n\t\t\t\n\t\t\tclass=\"so-widget-sow-image so-widget-sow-image-default-8b5b6f678277-30542\"\n\t\t\t\n\t\t>\n<div class=\"sow-image-container\">\n\t\t<img \n\tsrc=\"https:\/\/amberadvocate.org\/wp-content\/uploads\/2018\/10\/international-3.jpg\" width=\"800\" height=\"800\" srcset=\"https:\/\/amberadvocate.org\/wp-content\/uploads\/2018\/10\/international-3.jpg 800w, https:\/\/amberadvocate.org\/wp-content\/uploads\/2018\/10\/international-3-150x150.jpg 150w, https:\/\/amberadvocate.org\/wp-content\/uploads\/2018\/10\/international-3-300x300.jpg 300w, https:\/\/amberadvocate.org\/wp-content\/uploads\/2018\/10\/international-3-768x768.jpg 768w\" sizes=\"(max-width: 800px) 100vw, 800px\" alt=\"\" \t\tclass=\"so-widget-image\"\/>\n\t<\/div>\n\n<\/div><\/div><\/div><div id=\"pgc-30542-2-1\"  class=\"panel-grid-cell\" ><div id=\"panel-30542-2-1-0\" class=\"so-panel widget widget_sow-headline panel-first-child\" data-index=\"6\" ><div class=\"panel-widget-style panel-widget-style-for-30542-2-1-0\" ><div\n\t\t\t\n\t\t\tclass=\"so-widget-sow-headline so-widget-sow-headline-default-f2a1341d8031-30542\"\n\t\t\t\n\t\t><div class=\"sow-headline-container \">\n\t\t\t\t\t\t\t<h2 class=\"sow-headline\">\n\t\t\t\t\t\tCanad\u00e1 instituye nuevas normas sobre pasaportes para proteger a los ni\u00f1os\t\t\t\t\t\t<\/h2>\n\t\t\t\t\t\t\t\t\t\t\t<div class=\"decoration\">\n\t\t\t\t\t\t<div class=\"decoration-inside\"><\/div>\n\t\t\t\t\t<\/div>\n\t\t\t\t\t<\/div>\n<\/div><\/div><\/div><div id=\"panel-30542-2-1-1\" class=\"so-panel widget widget_sow-editor panel-last-child\" data-index=\"7\" ><div\n\t\t\t\n\t\t\tclass=\"so-widget-sow-editor so-widget-sow-editor-base\"\n\t\t\t\n\t\t>\n<div class=\"siteorigin-widget-tinymce textwidget\">\n\t<p class=\"p1\">Canad\u00e1 ha introducido cambios en las normas de pasaportes para proteger a los ni\u00f1os menores de 16 a\u00f1os. El ministro de Inmigraci\u00f3n canadiense ahora puede emitir un pasaporte sin solicitud, y puede negarse a emitir o revocar un pasaporte para proteger la seguridad del ni\u00f1o. Un ni\u00f1o ahora tambi\u00e9n puede solicitar un documento de viaje para escapar del abuso seg\u00fan las nuevas reglas.  <\/p>\n<\/div>\n<\/div><\/div><\/div><\/div><\/div><div id=\"pg-30542-3\"  class=\"panel-grid panel-has-style\" ><div class=\"siteorigin-panels-stretch panel-row-style panel-row-style-for-30542-3\" data-stretch-type=\"full\" ><div id=\"pgc-30542-3-0\"  class=\"panel-grid-cell\" ><div id=\"panel-30542-3-0-0\" class=\"so-panel widget widget_sow-image panel-first-child panel-last-child\" data-index=\"8\" ><div\n\t\t\t\n\t\t\tclass=\"so-widget-sow-image so-widget-sow-image-default-8b5b6f678277-30542\"\n\t\t\t\n\t\t>\n<div class=\"sow-image-container\">\n\t\t<img \n\tsrc=\"https:\/\/amberadvocate.org\/wp-content\/uploads\/2018\/10\/international-4.jpg\" width=\"800\" height=\"800\" srcset=\"https:\/\/amberadvocate.org\/wp-content\/uploads\/2018\/10\/international-4.jpg 800w, https:\/\/amberadvocate.org\/wp-content\/uploads\/2018\/10\/international-4-150x150.jpg 150w, https:\/\/amberadvocate.org\/wp-content\/uploads\/2018\/10\/international-4-300x300.jpg 300w, https:\/\/amberadvocate.org\/wp-content\/uploads\/2018\/10\/international-4-768x768.jpg 768w\" sizes=\"(max-width: 800px) 100vw, 800px\" alt=\"\" \t\tclass=\"so-widget-image\"\/>\n\t<\/div>\n\n<\/div><\/div><\/div><div id=\"pgc-30542-3-1\"  class=\"panel-grid-cell\" ><div id=\"panel-30542-3-1-0\" class=\"so-panel widget widget_sow-headline panel-first-child\" data-index=\"9\" ><div class=\"panel-widget-style panel-widget-style-for-30542-3-1-0\" ><div\n\t\t\t\n\t\t\tclass=\"so-widget-sow-headline so-widget-sow-headline-default-f2a1341d8031-30542\"\n\t\t\t\n\t\t><div class=\"sow-headline-container \">\n\t\t\t\t\t\t\t<h2 class=\"sow-headline\">\n\t\t\t\t\t\tAustralia estudia un sistema de alerta para localizar a pacientes con demencia\t\t\t\t\t\t<\/h2>\n\t\t\t\t\t\t\t\t\t\t\t<div class=\"decoration\">\n\t\t\t\t\t\t<div class=\"decoration-inside\"><\/div>\n\t\t\t\t\t<\/div>\n\t\t\t\t\t<\/div>\n<\/div><\/div><\/div><div id=\"panel-30542-3-1-1\" class=\"so-panel widget widget_sow-editor panel-last-child\" data-index=\"10\" ><div\n\t\t\t\n\t\t\tclass=\"so-widget-sow-editor so-widget-sow-editor-base\"\n\t\t\t\n\t\t>\n<div class=\"siteorigin-widget-tinymce textwidget\">\n\t<p class=\"p1\">Un acad\u00e9mico australiano est\u00e1 instando al gobierno a crear un sistema de notificaci\u00f3n p\u00fablica similar a las Alertas Silver utilizadas en los EE. UU. para ayudar a encontrar personas perdidas con demencia. La Dra. Margie MacAndrew realiz\u00f3 un estudio sobre personas desaparecidas con demencia. \u201cDeambular puede resultar en resultados potencialmente mortales, como desnutrici\u00f3n, mayor riesgo de ca\u00eddas, lesiones, agotamiento, hipotermia, p\u00e9rdida y muerte\u201d, dijo. \u201cTambi\u00e9n se sabe que la notificaci\u00f3n r\u00e1pida dentro de una hora despu\u00e9s de saber que una persona est\u00e1 desaparecida ayuda a la b\u00fasqueda y al rescate a tener una mejor oportunidad de encontrar a una persona viva y bien.   <\/p>\n<\/div>\n<\/div><\/div><\/div><\/div><\/div><div id=\"pg-30542-4\"  class=\"panel-grid panel-has-style\" ><div class=\"siteorigin-panels-stretch panel-row-style panel-row-style-for-30542-4\" data-stretch-type=\"full\" ><div id=\"pgc-30542-4-0\"  class=\"panel-grid-cell\" ><div id=\"panel-30542-4-0-0\" class=\"so-panel widget widget_sow-headline panel-first-child\" data-index=\"11\" ><div class=\"panel-widget-style panel-widget-style-for-30542-4-0-0\" ><div\n\t\t\t\n\t\t\tclass=\"so-widget-sow-headline so-widget-sow-headline-default-f2a1341d8031-30542\"\n\t\t\t\n\t\t><div class=\"sow-headline-container \">\n\t\t\t\t\t\t\t<h2 class=\"sow-headline\">\n\t\t\t\t\t\tLa primera Alerta AMBER de Luxemburgo consigue encontrar a un ni\u00f1o\t\t\t\t\t\t<\/h2>\n\t\t\t\t\t\t\t\t\t\t\t<div class=\"decoration\">\n\t\t\t\t\t\t<div class=\"decoration-inside\"><\/div>\n\t\t\t\t\t<\/div>\n\t\t\t\t\t<\/div>\n<\/div><\/div><\/div><div id=\"panel-30542-4-0-1\" class=\"so-panel widget widget_sow-editor panel-last-child\" data-index=\"12\" ><div\n\t\t\t\n\t\t\tclass=\"so-widget-sow-editor so-widget-sow-editor-base\"\n\t\t\t\n\t\t>\n<div class=\"siteorigin-widget-tinymce textwidget\">\n\t<p class=\"p1\">Luxemburgo emiti\u00f3 su primera Alerta AMBER el 26 de junio de 2018, para un ni\u00f1o de siete a\u00f1os que fue secuestrado por la fuerza por su padre. Las fuerzas del orden cre\u00edan que el padre era peligroso debido a un trastorno mental. La alerta se envi\u00f3 a los medios de comunicaci\u00f3n, las redes sociales, las vallas publicitarias y los paneles de tr\u00e1fico. La polic\u00eda pudo encontrar al padre y al ni\u00f1o en Francia. El ni\u00f1o fue devuelto a su madre y el padre fue extraditado de vuelta a Luxemburgo para enfrentar cargos criminales.    <\/p>\n<\/div>\n<\/div><\/div><\/div><\/div><\/div><div id=\"pg-30542-5\"  class=\"panel-grid panel-has-style\" ><div class=\"siteorigin-panels-stretch panel-row-style panel-row-style-for-30542-5\" data-stretch-type=\"full\" ><div id=\"pgc-30542-5-0\"  class=\"panel-grid-cell\" ><div id=\"panel-30542-5-0-0\" class=\"so-panel widget widget_sow-headline panel-first-child\" data-index=\"13\" ><div class=\"panel-widget-style panel-widget-style-for-30542-5-0-0\" ><div\n\t\t\t\n\t\t\tclass=\"so-widget-sow-headline so-widget-sow-headline-default-f2a1341d8031-30542\"\n\t\t\t\n\t\t><div class=\"sow-headline-container \">\n\t\t\t\t\t\t\t<h2 class=\"sow-headline\">\n\t\t\t\t\t\tRepresentantes de Alerta AMBER Europa visitan Francia para reforzar los esfuerzos de b\u00fasqueda de ni\u00f1os desaparecidos\t\t\t\t\t\t<\/h2>\n\t\t\t\t\t\t\t\t\t\t\t<div class=\"decoration\">\n\t\t\t\t\t\t<div class=\"decoration-inside\"><\/div>\n\t\t\t\t\t<\/div>\n\t\t\t\t\t<\/div>\n<\/div><\/div><\/div><div id=\"panel-30542-5-0-1\" class=\"so-panel widget widget_sow-editor panel-last-child\" data-index=\"14\" ><div\n\t\t\t\n\t\t\tclass=\"so-widget-sow-editor so-widget-sow-editor-base\"\n\t\t\t\n\t\t>\n<div class=\"siteorigin-widget-tinymce textwidget\">\n\t<p class=\"p1\">Funcionarios de AMBER Alert Europe visitaron la sede de la Polic\u00eda Judicial francesa el 25 de junio de 2018 para comprender mejor el desarrollo del sistema de ni\u00f1os desaparecidos de Francia. La reuni\u00f3n tambi\u00e9n se utiliz\u00f3 para mejorar la cooperaci\u00f3n entre AMBER Alert Europe y la unidad policial francesa especializada en personas desaparecidas. Francia fue el primer pa\u00eds en tener un sistema de notificaci\u00f3n de ni\u00f1os desaparecidos que difunde informaci\u00f3n a la televisi\u00f3n, la radio, las se\u00f1ales de las autopistas, las estaciones de ferrocarril, las redes sociales y los sitios web. La \u2018Alerte Enl\u00e8vement\u2019 se ha utilizado 22 veces en Francia y ha resultado en la recuperaci\u00f3n exitosa de todos los ni\u00f1os desaparecidos para los que se emitieron las alertas.   <\/p>\n<\/div>\n<\/div><\/div><\/div><\/div><\/div><\/div>","protected":false},"excerpt":{"rendered":"<p>Las Bahamas iniciaron un programa piloto de alerta por secuestro de menores en julio de 2018, similar a la Alerta AMBER de EE. UU. El pa\u00eds llama a las notificaciones \u201cAlerta de Marco\u201d, en memoria de Marco Archer, de 11 a\u00f1os, quien desapareci\u00f3 y fue encontrado muerto en 2011. El p\u00fablico debe registrarse para recibir [&hellip;]<\/p>\n","protected":false},"author":10,"featured_media":24457,"comment_status":"closed","ping_status":"closed","sticky":false,"template":"","format":"standard","meta":{"_bbp_topic_count":0,"_bbp_reply_count":0,"_bbp_total_topic_count":0,"_bbp_total_reply_count":0,"_bbp_voice_count":0,"_bbp_anonymous_reply_count":0,"_bbp_topic_count_hidden":0,"_bbp_reply_count_hidden":0,"_bbp_forum_subforum_count":0,"_analytify_skip_tracking":false,"footnotes":""},"categories":[651],"tags":[],"class_list":["post-30542","post","type-post","status-publish","format-standard","has-post-thumbnail","hentry","category-internacional"],"meta_box":{"aa_theme_enable_blocks_editor":"","aa_theme_featured_img_position":""},"publishpress_future_workflow_manual_trigger":{"enabledWorkflows":[]},"_links":{"self":[{"href":"https:\/\/amberadvocate.org\/es\/wp-json\/wp\/v2\/posts\/30542","targetHints":{"allow":["GET"]}}],"collection":[{"href":"https:\/\/amberadvocate.org\/es\/wp-json\/wp\/v2\/posts"}],"about":[{"href":"https:\/\/amberadvocate.org\/es\/wp-json\/wp\/v2\/types\/post"}],"author":[{"embeddable":true,"href":"https:\/\/amberadvocate.org\/es\/wp-json\/wp\/v2\/users\/10"}],"replies":[{"embeddable":true,"href":"https:\/\/amberadvocate.org\/es\/wp-json\/wp\/v2\/comments?post=30542"}],"version-history":[{"count":0,"href":"https:\/\/amberadvocate.org\/es\/wp-json\/wp\/v2\/posts\/30542\/revisions"}],"wp:featuredmedia":[{"embeddable":true,"href":"https:\/\/amberadvocate.org\/es\/wp-json\/wp\/v2\/media\/24457"}],"wp:attachment":[{"href":"https:\/\/amberadvocate.org\/es\/wp-json\/wp\/v2\/media?parent=30542"}],"wp:term":[{"taxonomy":"category","embeddable":true,"href":"https:\/\/amberadvocate.org\/es\/wp-json\/wp\/v2\/categories?post=30542"},{"taxonomy":"post_tag","embeddable":true,"href":"https:\/\/amberadvocate.org\/es\/wp-json\/wp\/v2\/tags?post=30542"}],"curies":[{"name":"wp","href":"https:\/\/api.w.org\/{rel}","templated":true}]}}