{"id":30537,"date":"2019-01-12T11:02:40","date_gmt":"2019-01-12T17:02:40","guid":{"rendered":"https:\/\/amberadvocate.org\/sin-categorizar\/resumenes-de-la-alerta-amber-numero-iv-2018\/"},"modified":"2025-11-01T14:11:50","modified_gmt":"2025-11-01T19:11:50","slug":"resumenes-de-la-alerta-amber-numero-iv-2018","status":"publish","type":"post","link":"https:\/\/amberadvocate.org\/es\/alerta-amber-breves\/resumenes-de-la-alerta-amber-numero-iv-2018\/","title":{"rendered":"Res\u00famenes de la Alerta AMBER &#8211; N\u00famero IV 2018"},"content":{"rendered":"<div id=\"pl-30537\"  class=\"panel-layout\" ><div id=\"pg-30537-0\"  class=\"panel-grid panel-has-style\" ><div class=\"siteorigin-panels-stretch panel-row-style panel-row-style-for-30537-0\" data-stretch-type=\"full\" ><div id=\"pgc-30537-0-0\"  class=\"panel-grid-cell\" ><div id=\"panel-30537-0-0-0\" class=\"so-panel widget widget_sow-image panel-first-child panel-last-child\" data-index=\"0\" ><div\n\t\t\t\n\t\t\tclass=\"so-widget-sow-image so-widget-sow-image-default-8b5b6f678277-30537\"\n\t\t\t\n\t\t>\n<div class=\"sow-image-container\">\n\t\t<img \n\tsrc=\"https:\/\/amberadvocate.org\/wp-content\/uploads\/2019\/01\/Brief-drone.jpg\" width=\"800\" height=\"800\" srcset=\"https:\/\/amberadvocate.org\/wp-content\/uploads\/2019\/01\/Brief-drone.jpg 800w, https:\/\/amberadvocate.org\/wp-content\/uploads\/2019\/01\/Brief-drone-150x150.jpg 150w, https:\/\/amberadvocate.org\/wp-content\/uploads\/2019\/01\/Brief-drone-300x300.jpg 300w, https:\/\/amberadvocate.org\/wp-content\/uploads\/2019\/01\/Brief-drone-768x768.jpg 768w\" sizes=\"(max-width: 800px) 100vw, 800px\" title=\"Breve-drone\" alt=\"\" \t\tclass=\"so-widget-image\"\/>\n\t<\/div>\n\n<\/div><\/div><\/div><div id=\"pgc-30537-0-1\"  class=\"panel-grid-cell\" ><div id=\"panel-30537-0-1-0\" class=\"so-panel widget widget_sow-headline panel-first-child\" data-index=\"1\" ><div\n\t\t\t\n\t\t\tclass=\"so-widget-sow-headline so-widget-sow-headline-default-5d74d290e9c0-30537\"\n\t\t\t\n\t\t><div class=\"sow-headline-container \">\n\t\t\t\t\t\t\t<h2 class=\"sow-headline\">\n\t\t\t\t\t\tEL DEPARTAMENTO DE POLIC\u00cdA DE OHIO UTILIZA DRONES EN LAS ALERTAS \u00c1MBAR\t\t\t\t\t\t<\/h2>\n\t\t\t\t\t\t\t\t\t\t\t<div class=\"decoration\">\n\t\t\t\t\t\t<div class=\"decoration-inside\"><\/div>\n\t\t\t\t\t<\/div>\n\t\t\t\t\t<\/div>\n<\/div><\/div><div id=\"panel-30537-0-1-1\" class=\"so-panel widget widget_sow-editor panel-last-child\" data-index=\"2\" ><div\n\t\t\t\n\t\t\tclass=\"so-widget-sow-editor so-widget-sow-editor-base\"\n\t\t\t\n\t\t>\n<div class=\"siteorigin-widget-tinymce textwidget\">\n\t<p class=\"p1\">El Departamento de Polic\u00eda de Ontario, Ohio, est\u00e1 utilizando dos drones para buscar en Alertas AMBER y otros casos relacionados con menores desaparecidos o adultos mayores. El departamento utiliz\u00f3 dinero procedente de drogas incautadas federalmente para comprar los drones, que cuestan 14.000 d\u00f3lares cada uno. Los drones proporcionan transmisiones de v\u00eddeo en directo y se han utilizado docenas de veces, incluso cuando se activ\u00f3 una Alerta AMBER. \"En resumen, esta es una tecnolog\u00eda irremplazable\", dijo el jefe de polic\u00eda de Ontario, Tommy Hill. \"No hay valor demasiado grande que podamos ahorrar para salvar una vida\".    <\/p>\n<\/div>\n<\/div><\/div><\/div><\/div><\/div><div id=\"pg-30537-1\"  class=\"panel-grid panel-has-style\" ><div class=\"siteorigin-panels-stretch panel-row-style panel-row-style-for-30537-1\" data-stretch-type=\"full\" ><div id=\"pgc-30537-1-0\"  class=\"panel-grid-cell\" ><div id=\"panel-30537-1-0-0\" class=\"so-panel widget widget_sow-image panel-first-child panel-last-child\" data-index=\"3\" ><div\n\t\t\t\n\t\t\tclass=\"so-widget-sow-image so-widget-sow-image-default-8b5b6f678277-30537\"\n\t\t\t\n\t\t>\n<div class=\"sow-image-container\">\n\t\t<img \n\tsrc=\"https:\/\/amberadvocate.org\/wp-content\/uploads\/2019\/01\/Brief-Patrol.jpg\" width=\"800\" height=\"800\" srcset=\"https:\/\/amberadvocate.org\/wp-content\/uploads\/2019\/01\/Brief-Patrol.jpg 800w, https:\/\/amberadvocate.org\/wp-content\/uploads\/2019\/01\/Brief-Patrol-150x150.jpg 150w, https:\/\/amberadvocate.org\/wp-content\/uploads\/2019\/01\/Brief-Patrol-300x300.jpg 300w, https:\/\/amberadvocate.org\/wp-content\/uploads\/2019\/01\/Brief-Patrol-768x768.jpg 768w\" sizes=\"(max-width: 800px) 100vw, 800px\" title=\"Breve-patrulla\" alt=\"\" \t\tclass=\"so-widget-image\"\/>\n\t<\/div>\n\n<\/div><\/div><\/div><div id=\"pgc-30537-1-1\"  class=\"panel-grid-cell\" ><div id=\"panel-30537-1-1-0\" class=\"so-panel widget widget_sow-headline panel-first-child\" data-index=\"4\" ><div\n\t\t\t\n\t\t\tclass=\"so-widget-sow-headline so-widget-sow-headline-default-5d74d290e9c0-30537\"\n\t\t\t\n\t\t><div class=\"sow-headline-container \">\n\t\t\t\t\t\t\t<h2 class=\"sow-headline\">\n\t\t\t\t\t\tNEBRASKA DISPONE DE UN NUEVO M\u00c9TODO PARA NOTIFICAR AL P\u00daBLICO LOS AVISOS DE DESAPARICI\u00d3N EN PELIGRO\t\t\t\t\t\t<\/h2>\n\t\t\t\t\t\t\t\t\t\t\t<div class=\"decoration\">\n\t\t\t\t\t\t<div class=\"decoration-inside\"><\/div>\n\t\t\t\t\t<\/div>\n\t\t\t\t\t<\/div>\n<\/div><\/div><div id=\"panel-30537-1-1-1\" class=\"so-panel widget widget_sow-editor panel-last-child\" data-index=\"5\" ><div\n\t\t\t\n\t\t\tclass=\"so-widget-sow-editor so-widget-sow-editor-base\"\n\t\t\t\n\t\t>\n<div class=\"siteorigin-widget-tinymce textwidget\">\n\t<p class=\"p1\">Los residentes de Nebraska ahora pueden recibir Avisos de Desaparici\u00f3n en Peligro (EMA) a trav\u00e9s de mensajes de texto. El EMA notifica al p\u00fablico sobre una persona desaparecida en peligro que no cumple los requisitos para una Alerta AMBER. La Patrulla Estatal de Nebraska (NSP) dijo que miles de personas ya se han registrado para recibir el EMA por correo electr\u00f3nico desde que se lanz\u00f3 el programa en enero de 2018. \"Ya hemos visto varias veces que el p\u00fablico puede marcar la diferencia en la localizaci\u00f3n de una persona vulnerable desaparecida\", dijo el capit\u00e1n Jeromy McCoy, coordinador de Alertas AMBER\/EMA de la NSP. \"La nueva opci\u00f3n de mensajes de texto ayudar\u00e1 a difundir las alertas EMA m\u00e1s r\u00e1pido y a m\u00e1s personas\".    <\/p>\n<\/div>\n<\/div><\/div><\/div><\/div><\/div><div id=\"pg-30537-2\"  class=\"panel-grid panel-has-style\" ><div class=\"siteorigin-panels-stretch panel-row-style panel-row-style-for-30537-2\" data-stretch-type=\"full\" ><div id=\"pgc-30537-2-0\"  class=\"panel-grid-cell\" ><div id=\"panel-30537-2-0-0\" class=\"so-panel widget widget_sow-image panel-first-child panel-last-child\" data-index=\"6\" ><div\n\t\t\t\n\t\t\tclass=\"so-widget-sow-image so-widget-sow-image-default-8b5b6f678277-30537\"\n\t\t\t\n\t\t>\n<div class=\"sow-image-container\">\n\t\t<img \n\tsrc=\"https:\/\/amberadvocate.org\/wp-content\/uploads\/2019\/01\/Brief-false.jpg\" width=\"800\" height=\"800\" srcset=\"https:\/\/amberadvocate.org\/wp-content\/uploads\/2019\/01\/Brief-false.jpg 800w, https:\/\/amberadvocate.org\/wp-content\/uploads\/2019\/01\/Brief-false-150x150.jpg 150w, https:\/\/amberadvocate.org\/wp-content\/uploads\/2019\/01\/Brief-false-300x300.jpg 300w, https:\/\/amberadvocate.org\/wp-content\/uploads\/2019\/01\/Brief-false-768x768.jpg 768w\" sizes=\"(max-width: 800px) 100vw, 800px\" title=\"Breve-falso\" alt=\"\" \t\tclass=\"so-widget-image\"\/>\n\t<\/div>\n\n<\/div><\/div><\/div><div id=\"pgc-30537-2-1\"  class=\"panel-grid-cell\" ><div id=\"panel-30537-2-1-0\" class=\"so-panel widget widget_sow-headline panel-first-child\" data-index=\"7\" ><div\n\t\t\t\n\t\t\tclass=\"so-widget-sow-headline so-widget-sow-headline-default-5d74d290e9c0-30537\"\n\t\t\t\n\t\t><div class=\"sow-headline-container \">\n\t\t\t\t\t\t\t<h2 class=\"sow-headline\">\n\t\t\t\t\t\tUNA FALSA ALERTA \u00c1MBAR PUEDE COSTAR 500.000 D\u00d3LARES A LOS CONTRIBUYENTES DE FLORIDA\t\t\t\t\t\t<\/h2>\n\t\t\t\t\t\t\t\t\t\t\t<div class=\"decoration\">\n\t\t\t\t\t\t<div class=\"decoration-inside\"><\/div>\n\t\t\t\t\t<\/div>\n\t\t\t\t\t<\/div>\n<\/div><\/div><div id=\"panel-30537-2-1-1\" class=\"so-panel widget widget_sow-editor panel-last-child\" data-index=\"8\" ><div\n\t\t\t\n\t\t\tclass=\"so-widget-sow-editor so-widget-sow-editor-base\"\n\t\t\t\n\t\t>\n<div class=\"siteorigin-widget-tinymce textwidget\">\n\t<p class=\"p1\">Una madre de Largo, Florida, acusada de asesinar a su hijo de dos a\u00f1os tambi\u00e9n ha sido acusada de mentir a la polic\u00eda despu\u00e9s de que se emitiera una Alerta AMBER. Clarissa Stinson afirm\u00f3 que su hijo fue secuestrado despu\u00e9s de que aceptaran un viaje de un desconocido el 1 de septiembre de 2018. La polic\u00eda dice que las mentiras les costaron un tiempo cr\u00edtico para encontrar al ni\u00f1o y resultaron en 500.000 d\u00f3lares en costos de aplicaci\u00f3n de la ley. Quince agencias, incluyendo 163 agentes de la ley y 28 miembros del personal, participaron en la b\u00fasqueda. \"No se le puede poner precio a eso\", dijo el portavoz de la polic\u00eda de Largo, Randy Chaney. Stinson podr\u00eda enfrentarse a cinco a\u00f1os adicionales de prisi\u00f3n por dar la historia falsa a la polic\u00eda.     <\/p>\n<\/div>\n<\/div><\/div><\/div><\/div><\/div><div id=\"pg-30537-3\"  class=\"panel-grid panel-has-style\" ><div class=\"siteorigin-panels-stretch panel-row-style panel-row-style-for-30537-3\" data-stretch-type=\"full\" ><div id=\"pgc-30537-3-0\"  class=\"panel-grid-cell\" ><div id=\"panel-30537-3-0-0\" class=\"so-panel widget widget_sow-image panel-first-child panel-last-child\" data-index=\"9\" ><div\n\t\t\t\n\t\t\tclass=\"so-widget-sow-image so-widget-sow-image-default-8b5b6f678277-30537\"\n\t\t\t\n\t\t>\n<div class=\"sow-image-container\">\n\t\t<img \n\tsrc=\"https:\/\/amberadvocate.org\/wp-content\/uploads\/2019\/01\/Brief-text.jpg\" width=\"800\" height=\"800\" srcset=\"https:\/\/amberadvocate.org\/wp-content\/uploads\/2019\/01\/Brief-text.jpg 800w, https:\/\/amberadvocate.org\/wp-content\/uploads\/2019\/01\/Brief-text-150x150.jpg 150w, https:\/\/amberadvocate.org\/wp-content\/uploads\/2019\/01\/Brief-text-300x300.jpg 300w, https:\/\/amberadvocate.org\/wp-content\/uploads\/2019\/01\/Brief-text-768x768.jpg 768w\" sizes=\"(max-width: 800px) 100vw, 800px\" title=\"Breve-texto\" alt=\"\" \t\tclass=\"so-widget-image\"\/>\n\t<\/div>\n\n<\/div><\/div><\/div><div id=\"pgc-30537-3-1\"  class=\"panel-grid-cell\" ><div id=\"panel-30537-3-1-0\" class=\"so-panel widget widget_sow-headline panel-first-child\" data-index=\"10\" ><div\n\t\t\t\n\t\t\tclass=\"so-widget-sow-headline so-widget-sow-headline-default-5d74d290e9c0-30537\"\n\t\t\t\n\t\t><div class=\"sow-headline-container \">\n\t\t\t\t\t\t\t<h2 class=\"sow-headline\">\n\t\t\t\t\t\tLOS USUARIOS DE TEL\u00c9FONOS M\u00d3VILES DEL GCI YA PUEDEN RECIBIR ALERTAS \u00c1MBAR\t\t\t\t\t\t<\/h2>\n\t\t\t\t\t\t\t\t\t\t\t<div class=\"decoration\">\n\t\t\t\t\t\t<div class=\"decoration-inside\"><\/div>\n\t\t\t\t\t<\/div>\n\t\t\t\t\t<\/div>\n<\/div><\/div><div id=\"panel-30537-3-1-1\" class=\"so-panel widget widget_sow-editor panel-last-child\" data-index=\"11\" ><div\n\t\t\t\n\t\t\tclass=\"so-widget-sow-editor so-widget-sow-editor-base\"\n\t\t\t\n\t\t>\n<div class=\"siteorigin-widget-tinymce textwidget\">\n\t<p class=\"p1\">GCI se ha unido a otras compa\u00f1\u00edas de telecomunicaciones en los EE.UU. y Canad\u00e1 para utilizar la Alerta de Emergencia Inal\u00e1mbrica (WEA). GCI utilizar\u00e1 el sistema WEA que env\u00eda mensajes de texto geogr\u00e1ficamente dirigidos a los tel\u00e9fonos celulares para las Alertas AMBER y otras emergencias. En el pasado, los usuarios de GCI ten\u00edan que descargar una aplicaci\u00f3n para recibir las alertas de emergencia.  <\/p>\n<\/div>\n<\/div><\/div><\/div><\/div><\/div><div id=\"pg-30537-4\"  class=\"panel-grid panel-has-style\" ><div class=\"siteorigin-panels-stretch panel-row-style panel-row-style-for-30537-4\" data-stretch-type=\"full\" ><div id=\"pgc-30537-4-0\"  class=\"panel-grid-cell\" ><div id=\"panel-30537-4-0-0\" class=\"so-panel widget widget_sow-image panel-first-child panel-last-child\" data-index=\"12\" ><div\n\t\t\t\n\t\t\tclass=\"so-widget-sow-image so-widget-sow-image-default-8b5b6f678277-30537\"\n\t\t\t\n\t\t>\n<div class=\"sow-image-container\">\n\t\t<img \n\tsrc=\"https:\/\/amberadvocate.org\/wp-content\/uploads\/2019\/01\/Brief-mom.jpg\" width=\"800\" height=\"800\" srcset=\"https:\/\/amberadvocate.org\/wp-content\/uploads\/2019\/01\/Brief-mom.jpg 800w, https:\/\/amberadvocate.org\/wp-content\/uploads\/2019\/01\/Brief-mom-150x150.jpg 150w, https:\/\/amberadvocate.org\/wp-content\/uploads\/2019\/01\/Brief-mom-300x300.jpg 300w, https:\/\/amberadvocate.org\/wp-content\/uploads\/2019\/01\/Brief-mom-768x768.jpg 768w\" sizes=\"(max-width: 800px) 100vw, 800px\" title=\"Breve-mam\u00e1\" alt=\"\" \t\tclass=\"so-widget-image\"\/>\n\t<\/div>\n\n<\/div><\/div><\/div><div id=\"pgc-30537-4-1\"  class=\"panel-grid-cell\" ><div id=\"panel-30537-4-1-0\" class=\"so-panel widget widget_sow-headline panel-first-child\" data-index=\"13\" ><div\n\t\t\t\n\t\t\tclass=\"so-widget-sow-headline so-widget-sow-headline-default-5d74d290e9c0-30537\"\n\t\t\t\n\t\t><div class=\"sow-headline-container \">\n\t\t\t\t\t\t\t<h2 class=\"sow-headline\">\n\t\t\t\t\t\tUNA MADRE DE MICHIGAN SE ENFRENTA A LA C\u00c1RCEL POR MENTIR SOBRE EL SECUESTRO DE SU BEB\u00c9\t\t\t\t\t\t<\/h2>\n\t\t\t\t\t\t\t\t\t\t\t<div class=\"decoration\">\n\t\t\t\t\t\t<div class=\"decoration-inside\"><\/div>\n\t\t\t\t\t<\/div>\n\t\t\t\t\t<\/div>\n<\/div><\/div><div id=\"panel-30537-4-1-1\" class=\"so-panel widget widget_sow-editor panel-last-child\" data-index=\"14\" ><div\n\t\t\t\n\t\t\tclass=\"so-widget-sow-editor so-widget-sow-editor-base\"\n\t\t\t\n\t\t>\n<div class=\"siteorigin-widget-tinymce textwidget\">\n\t<p class=\"p1\">Una madre de Grand Rapids, Michigan, se enfrenta a prisi\u00f3n despu\u00e9s de decirle a la polic\u00eda que su hija de 18 meses hab\u00eda sido robada por un extra\u00f1o el 5 de agosto de 2018. Una Alerta AMBER despert\u00f3 a los residentes despu\u00e9s de su emisi\u00f3n a las 3:21 a.m. Jennell Ross se mantuvo fiel a su historia hasta que el padre del beb\u00e9 le dijo a la polic\u00eda que la ni\u00f1a estaba con \u00e9l todo el tiempo. \"De alguna manera destruye la credibilidad de la Alerta AMBER, lo cual es realmente triste que una persona haya hecho eso, y deber\u00eda ser acusada\", dijo la sargento detective de la Polic\u00eda Estatal de Michigan, Sara Krebs. \"Es muy frustrante para nosotros, pero siempre errar\u00e9 por el lado de la precauci\u00f3n para ese ni\u00f1o\". Ross podr\u00eda enfrentarse a hasta cuatro a\u00f1os de prisi\u00f3n y una multa de 2.000 d\u00f3lares.     <\/p>\n<\/div>\n<\/div><\/div><\/div><\/div><\/div><div id=\"pg-30537-5\"  class=\"panel-grid panel-has-style\" ><div class=\"siteorigin-panels-stretch panel-row-style panel-row-style-for-30537-5\" data-stretch-type=\"full\" ><div id=\"pgc-30537-5-0\"  class=\"panel-grid-cell\" ><div id=\"panel-30537-5-0-0\" class=\"so-panel widget widget_sow-image panel-first-child panel-last-child\" data-index=\"15\" ><div\n\t\t\t\n\t\t\tclass=\"so-widget-sow-image so-widget-sow-image-default-8b5b6f678277-30537\"\n\t\t\t\n\t\t>\n<div class=\"sow-image-container\">\n\t\t<img \n\tsrc=\"https:\/\/amberadvocate.org\/wp-content\/uploads\/2019\/01\/Brief-president.jpg\" width=\"800\" height=\"800\" srcset=\"https:\/\/amberadvocate.org\/wp-content\/uploads\/2019\/01\/Brief-president.jpg 800w, https:\/\/amberadvocate.org\/wp-content\/uploads\/2019\/01\/Brief-president-150x150.jpg 150w, https:\/\/amberadvocate.org\/wp-content\/uploads\/2019\/01\/Brief-president-300x300.jpg 300w, https:\/\/amberadvocate.org\/wp-content\/uploads\/2019\/01\/Brief-president-768x768.jpg 768w\" sizes=\"(max-width: 800px) 100vw, 800px\" title=\"Breve-presidente\" alt=\"\" \t\tclass=\"so-widget-image\"\/>\n\t<\/div>\n\n<\/div><\/div><\/div><div id=\"pgc-30537-5-1\"  class=\"panel-grid-cell\" ><div id=\"panel-30537-5-1-0\" class=\"so-panel widget widget_sow-headline panel-first-child\" data-index=\"16\" ><div\n\t\t\t\n\t\t\tclass=\"so-widget-sow-headline so-widget-sow-headline-default-5d74d290e9c0-30537\"\n\t\t\t\n\t\t><div class=\"sow-headline-container \">\n\t\t\t\t\t\t\t<h2 class=\"sow-headline\">\n\t\t\t\t\t\tEL GOBIERNO FEDERAL PRUEBA EN TODO EL PA\u00cdS LA ALERTA DE EMERGENCIA INAL\u00c1MBRICA\t\t\t\t\t\t<\/h2>\n\t\t\t\t\t\t\t\t\t\t\t<div class=\"decoration\">\n\t\t\t\t\t\t<div class=\"decoration-inside\"><\/div>\n\t\t\t\t\t<\/div>\n\t\t\t\t\t<\/div>\n<\/div><\/div><div id=\"panel-30537-5-1-1\" class=\"so-panel widget widget_sow-editor panel-last-child\" data-index=\"17\" ><div\n\t\t\t\n\t\t\tclass=\"so-widget-sow-editor so-widget-sow-editor-base\"\n\t\t\t\n\t\t>\n<div class=\"siteorigin-widget-tinymce textwidget\">\n\t<p class=\"p1\">La Agencia Federal para el Manejo de Emergencias (FEMA) llev\u00f3 a cabo una prueba nacional de la Alerta de Emergencia Inal\u00e1mbrica (WEA) el 3 de octubre de 2018. La prueba se pospuso desde el 20 de septiembre debido al clima severo en la costa este. <\/p>\n<p class=\"p1\">El sistema WEA se utiliza para advertir al p\u00fablico sobre clima peligroso, ni\u00f1os desaparecidos y otras situaciones cr\u00edticas a trav\u00e9s de alertas en los tel\u00e9fonos celulares. La prueba nacional utiliza el mismo tono y vibraci\u00f3n especiales que con todos los mensajes WEA (es decir, Advertencia de Tornado, Alerta AMBER). Los usuarios no pueden optar por no recibir la prueba WEA.  <\/p>\n<p class=\"p1\">Este primer mensaje nacional de prueba de la AEM se envi\u00f3 a tel\u00e9fonos m\u00f3viles conectados a proveedores de servicios inal\u00e1mbricos que participan en la AEM, con un encabezamiento en el que se le\u00eda \"Alerta presidencial\" y el texto \"ESTO ES UNA PRUEBA del Sistema Nacional Inal\u00e1mbrico de Alerta de Emergencia. No es necesaria ninguna acci\u00f3n\".<\/p>\n<p class=\"p1\">El condado de Sonoma en California prob\u00f3 su alerta de emergencia el 10 y 12 de septiembre antes del simulacro nacional para WEA. El sistema se est\u00e1 probando porque los residentes se quejaron de advertencias inadecuadas durante las tormentas de fuego el pasado octubre. El ex gerente de emergencias del condado de Sonoma no utiliz\u00f3 WEA durante los incendios porque no estaba seguro de si pod\u00eda utilizarse en un \u00e1rea m\u00e1s peque\u00f1a que todo el condado. El condado ahora conf\u00eda en que las alertas pueden ir a \u00e1reas espec\u00edficas, pero est\u00e1 solicitando comentarios del p\u00fablico despu\u00e9s de las pruebas.   <\/p>\n<p class=\"p1\">Denver llev\u00f3 a cabo su primera prueba de WEA el 5 de septiembre para asegurarse de que el sistema funciona correctamente y para crear conciencia p\u00fablica. La prueba lleg\u00f3 a aproximadamente un mill\u00f3n de personas en el \u00e1rea de Denver. <\/p>\n<\/div>\n<\/div><\/div><\/div><\/div><\/div><div id=\"pg-30537-6\"  class=\"panel-grid panel-has-style\" ><div class=\"siteorigin-panels-stretch panel-row-style panel-row-style-for-30537-6\" data-stretch-type=\"full\" ><div id=\"pgc-30537-6-0\"  class=\"panel-grid-cell\" ><div id=\"panel-30537-6-0-0\" class=\"so-panel widget widget_sow-image panel-first-child panel-last-child\" data-index=\"18\" ><div\n\t\t\t\n\t\t\tclass=\"so-widget-sow-image so-widget-sow-image-default-8b5b6f678277-30537\"\n\t\t\t\n\t\t>\n<div class=\"sow-image-container\">\n\t\t<img \n\tsrc=\"https:\/\/amberadvocate.org\/wp-content\/uploads\/2019\/01\/Brief-soldiers.jpg\" width=\"800\" height=\"800\" srcset=\"https:\/\/amberadvocate.org\/wp-content\/uploads\/2019\/01\/Brief-soldiers.jpg 800w, https:\/\/amberadvocate.org\/wp-content\/uploads\/2019\/01\/Brief-soldiers-150x150.jpg 150w, https:\/\/amberadvocate.org\/wp-content\/uploads\/2019\/01\/Brief-soldiers-300x300.jpg 300w, https:\/\/amberadvocate.org\/wp-content\/uploads\/2019\/01\/Brief-soldiers-768x768.jpg 768w\" sizes=\"(max-width: 800px) 100vw, 800px\" title=\"Breve-soldados\" alt=\"\" \t\tclass=\"so-widget-image\"\/>\n\t<\/div>\n\n<\/div><\/div><\/div><div id=\"pgc-30537-6-1\"  class=\"panel-grid-cell\" ><div id=\"panel-30537-6-1-0\" class=\"so-panel widget widget_sow-headline panel-first-child\" data-index=\"19\" ><div\n\t\t\t\n\t\t\tclass=\"so-widget-sow-headline so-widget-sow-headline-default-5d74d290e9c0-30537\"\n\t\t\t\n\t\t><div class=\"sow-headline-container \">\n\t\t\t\t\t\t\t<h2 class=\"sow-headline\">\n\t\t\t\t\t\tILLINOIS AMPL\u00cdA LA ALERTA PLATEADA PARA LOS VETERANOS\t\t\t\t\t\t<\/h2>\n\t\t\t\t\t\t\t\t\t\t\t<div class=\"decoration\">\n\t\t\t\t\t\t<div class=\"decoration-inside\"><\/div>\n\t\t\t\t\t<\/div>\n\t\t\t\t\t<\/div>\n<\/div><\/div><div id=\"panel-30537-6-1-1\" class=\"so-panel widget widget_sow-editor panel-last-child\" data-index=\"20\" ><div\n\t\t\t\n\t\t\tclass=\"so-widget-sow-editor so-widget-sow-editor-base\"\n\t\t\t\n\t\t>\n<div class=\"siteorigin-widget-tinymce textwidget\">\n\t<p class=\"p1\">Illinois ahora utiliza la Alerta Plateada para notificar al p\u00fablico sobre un veterano desaparecido o un miembro militar en servicio activo con condiciones de salud f\u00edsica o mental. La expansi\u00f3n de los criterios tiene como objetivo reducir los suicidios entre los veteranos. <\/p>\n<\/div>\n<\/div><\/div><\/div><\/div><\/div><div id=\"pg-30537-7\"  class=\"panel-grid panel-has-style\" ><div class=\"siteorigin-panels-stretch panel-row-style panel-row-style-for-30537-7\" data-stretch-type=\"full\" ><div id=\"pgc-30537-7-0\"  class=\"panel-grid-cell\" ><div id=\"panel-30537-7-0-0\" class=\"so-panel widget widget_sow-image panel-first-child panel-last-child\" data-index=\"21\" ><div\n\t\t\t\n\t\t\tclass=\"so-widget-sow-image so-widget-sow-image-default-8b5b6f678277-30537\"\n\t\t\t\n\t\t>\n<div class=\"sow-image-container\">\n\t\t<img \n\tsrc=\"https:\/\/amberadvocate.org\/wp-content\/uploads\/2019\/01\/Brief-Utah.jpg\" width=\"800\" height=\"800\" srcset=\"https:\/\/amberadvocate.org\/wp-content\/uploads\/2019\/01\/Brief-Utah.jpg 800w, https:\/\/amberadvocate.org\/wp-content\/uploads\/2019\/01\/Brief-Utah-150x150.jpg 150w, https:\/\/amberadvocate.org\/wp-content\/uploads\/2019\/01\/Brief-Utah-300x300.jpg 300w, https:\/\/amberadvocate.org\/wp-content\/uploads\/2019\/01\/Brief-Utah-768x768.jpg 768w\" sizes=\"(max-width: 800px) 100vw, 800px\" title=\"Breve-utah\" alt=\"\" \t\tclass=\"so-widget-image\"\/>\n\t<\/div>\n\n<\/div><\/div><\/div><div id=\"pgc-30537-7-1\"  class=\"panel-grid-cell\" ><div id=\"panel-30537-7-1-0\" class=\"so-panel widget widget_sow-headline panel-first-child\" data-index=\"22\" ><div\n\t\t\t\n\t\t\tclass=\"so-widget-sow-headline so-widget-sow-headline-default-5d74d290e9c0-30537\"\n\t\t\t\n\t\t><div class=\"sow-headline-container \">\n\t\t\t\t\t\t\t<h2 class=\"sow-headline\">\n\t\t\t\t\t\tSE RECUERDA A LA V\u00cdCTIMA DE SECUESTRO Y ASESINATO DE UTAH DURANTE UNA VIGILIA\t\t\t\t\t\t<\/h2>\n\t\t\t\t\t\t\t\t\t\t\t<div class=\"decoration\">\n\t\t\t\t\t\t<div class=\"decoration-inside\"><\/div>\n\t\t\t\t\t<\/div>\n\t\t\t\t\t<\/div>\n<\/div><\/div><div id=\"panel-30537-7-1-1\" class=\"so-panel widget widget_sow-editor panel-last-child\" data-index=\"23\" ><div\n\t\t\t\n\t\t\tclass=\"so-widget-sow-editor so-widget-sow-editor-base\"\n\t\t\t\n\t\t>\n<div class=\"siteorigin-widget-tinymce textwidget\">\n\t<p class=\"p1\">Amigos y familiares se reunieron y soltaron globos y cintas en el mismo parque de Sun-set, Utah, donde Rachael Runyan, de tres a\u00f1os, fue secuestrada y asesinada posteriormente el 26 de agosto de 1982. \"Ella era tan preciosa\", dijo Elaine Runyan de su hija asesinada. \"Ella simplemente toc\u00f3 el coraz\u00f3n de todos\". Utah inicialmente nombr\u00f3 su aviso de secuestro de ni\u00f1os la Alerta Rachael en 2002. \"Hay ni\u00f1os que est\u00e1n vivos hoy gracias a Rachael\", dijo el jefe de polic\u00eda de Sunset, Ken Eborn. El nombre de la alerta se cambi\u00f3 a Alerta AMBER despu\u00e9s de que se utilizara por primera vez para el secuestro de Elizabeth Smart. \"No ten\u00eda idea de lo que era la alerta en ese momento\", dijo Ed Smart, el padre de Elizabeth, quien habl\u00f3 en el evento el 25 de agosto de 2018.      <\/p>\n<\/div>\n<\/div><\/div><\/div><\/div><\/div><div id=\"pg-30537-8\"  class=\"panel-grid panel-has-style\" ><div class=\"siteorigin-panels-stretch panel-row-style panel-row-style-for-30537-8\" data-stretch-type=\"full\" ><div id=\"pgc-30537-8-0\"  class=\"panel-grid-cell\" ><div id=\"panel-30537-8-0-0\" class=\"so-panel widget widget_sow-image panel-first-child panel-last-child\" data-index=\"24\" ><div\n\t\t\t\n\t\t\tclass=\"so-widget-sow-image so-widget-sow-image-default-8b5b6f678277-30537\"\n\t\t\t\n\t\t>\n<div class=\"sow-image-container\">\n\t\t<img \n\tsrc=\"https:\/\/amberadvocate.org\/wp-content\/uploads\/2019\/01\/Brief-Survey.jpg\" width=\"800\" height=\"800\" srcset=\"https:\/\/amberadvocate.org\/wp-content\/uploads\/2019\/01\/Brief-Survey.jpg 800w, https:\/\/amberadvocate.org\/wp-content\/uploads\/2019\/01\/Brief-Survey-150x150.jpg 150w, https:\/\/amberadvocate.org\/wp-content\/uploads\/2019\/01\/Brief-Survey-300x300.jpg 300w, https:\/\/amberadvocate.org\/wp-content\/uploads\/2019\/01\/Brief-Survey-768x768.jpg 768w\" sizes=\"(max-width: 800px) 100vw, 800px\" title=\"Breve-encuesta\" alt=\"\" \t\tclass=\"so-widget-image\"\/>\n\t<\/div>\n\n<\/div><\/div><\/div><div id=\"pgc-30537-8-1\"  class=\"panel-grid-cell\" ><div id=\"panel-30537-8-1-0\" class=\"so-panel widget widget_sow-headline panel-first-child\" data-index=\"25\" ><div\n\t\t\t\n\t\t\tclass=\"so-widget-sow-headline so-widget-sow-headline-default-5d74d290e9c0-30537\"\n\t\t\t\n\t\t><div class=\"sow-headline-container \">\n\t\t\t\t\t\t\t<h2 class=\"sow-headline\">\n\t\t\t\t\t\tLA POLIC\u00cdA DE TENNESSEE UTILIZA C\u00c1MARAS DE VIDEOVIGILANCIA PARA LAS ALERTAS \u00c1MBAR\t\t\t\t\t\t<\/h2>\n\t\t\t\t\t\t\t\t\t\t\t<div class=\"decoration\">\n\t\t\t\t\t\t<div class=\"decoration-inside\"><\/div>\n\t\t\t\t\t<\/div>\n\t\t\t\t\t<\/div>\n<\/div><\/div><div id=\"panel-30537-8-1-1\" class=\"so-panel widget widget_sow-editor panel-last-child\" data-index=\"26\" ><div\n\t\t\t\n\t\t\tclass=\"so-widget-sow-editor so-widget-sow-editor-base\"\n\t\t\t\n\t\t>\n<div class=\"siteorigin-widget-tinymce textwidget\">\n\t<p class=\"p1\">El Departamento de Polic\u00eda de Bell Meade, Tennessee, est\u00e1 utilizando nuevas c\u00e1maras de videovigilancia para capturar veh\u00edculos conectados a delitos graves, incluyendo secuestros de ni\u00f1os. La ciudad gast\u00f3 500.000 d\u00f3lares para colocar c\u00e1maras en 20 sitios en toda la ciudad. Si una placa de matr\u00edcula est\u00e1 conectada a una Alerta AMBER, un caso de persona desaparecida u otro delito, la polic\u00eda puede dirigir la c\u00e1mara para buscar esa placa. La polic\u00eda es notificada si se localiza la placa.   <\/p>\n<\/div>\n<\/div><\/div><\/div><\/div><\/div><div id=\"pg-30537-9\"  class=\"panel-grid panel-has-style\" ><div class=\"siteorigin-panels-stretch panel-row-style panel-row-style-for-30537-9\" data-stretch-type=\"full\" ><div id=\"pgc-30537-9-0\"  class=\"panel-grid-cell\" ><div id=\"panel-30537-9-0-0\" class=\"so-panel widget widget_sow-image panel-first-child panel-last-child\" data-index=\"27\" ><div\n\t\t\t\n\t\t\tclass=\"so-widget-sow-image so-widget-sow-image-default-8b5b6f678277-30537\"\n\t\t\t\n\t\t>\n<div class=\"sow-image-container\">\n\t\t<img \n\tsrc=\"https:\/\/amberadvocate.org\/wp-content\/uploads\/2019\/01\/Brief-ChildID.jpg\" width=\"800\" height=\"800\" srcset=\"https:\/\/amberadvocate.org\/wp-content\/uploads\/2019\/01\/Brief-ChildID.jpg 800w, https:\/\/amberadvocate.org\/wp-content\/uploads\/2019\/01\/Brief-ChildID-150x150.jpg 150w, https:\/\/amberadvocate.org\/wp-content\/uploads\/2019\/01\/Brief-ChildID-300x300.jpg 300w, https:\/\/amberadvocate.org\/wp-content\/uploads\/2019\/01\/Brief-ChildID-768x768.jpg 768w\" sizes=\"(max-width: 800px) 100vw, 800px\" title=\"Breve-ChildID\" alt=\"\" \t\tclass=\"so-widget-image\"\/>\n\t<\/div>\n\n<\/div><\/div><\/div><div id=\"pgc-30537-9-1\"  class=\"panel-grid-cell\" ><div id=\"panel-30537-9-1-0\" class=\"so-panel widget widget_sow-headline panel-first-child\" data-index=\"28\" ><div\n\t\t\t\n\t\t\tclass=\"so-widget-sow-headline so-widget-sow-headline-default-5d74d290e9c0-30537\"\n\t\t\t\n\t\t><div class=\"sow-headline-container \">\n\t\t\t\t\t\t\t<h2 class=\"sow-headline\">\n\t\t\t\t\t\tLA CIUDAD DE MISSOURI INSCRIBE A LOS NI\u00d1OS EN EL PROGRAMA DE IDENTIFICACI\u00d3N\t\t\t\t\t\t<\/h2>\n\t\t\t\t\t\t\t\t\t\t\t<div class=\"decoration\">\n\t\t\t\t\t\t<div class=\"decoration-inside\"><\/div>\n\t\t\t\t\t<\/div>\n\t\t\t\t\t<\/div>\n<\/div><\/div><div id=\"panel-30537-9-1-1\" class=\"so-panel widget widget_sow-editor panel-last-child\" data-index=\"29\" ><div\n\t\t\t\n\t\t\tclass=\"so-widget-sow-editor so-widget-sow-editor-base\"\n\t\t\t\n\t\t>\n<div class=\"siteorigin-widget-tinymce textwidget\">\n\t<p class=\"p1\">M\u00e1s de 100 ni\u00f1os en Hannibal, Missouri, se inscribieron en el programa gratuito MoChip Child ID el 18 de agosto de 2018. El programa proporciona fotos digitales, huellas dactilares e impresiones de mordida dental en un CD, junto con informaci\u00f3n personal y de emergencia en una tarjeta de identificaci\u00f3n. <\/p>\n<\/div>\n<\/div><\/div><\/div><\/div><\/div><\/div>","protected":false},"excerpt":{"rendered":"<p>El Departamento de Polic\u00eda de Ontario, Ohio, est\u00e1 utilizando dos drones para buscar en Alertas AMBER y otros casos relacionados con menores desaparecidos o adultos mayores. El departamento utiliz\u00f3 dinero procedente de drogas incautadas federalmente para comprar los drones, que cuestan 14.000 d\u00f3lares cada uno. Los drones proporcionan transmisiones de v\u00eddeo en directo y se [&hellip;]<\/p>\n","protected":false},"author":10,"featured_media":3593,"comment_status":"closed","ping_status":"closed","sticky":false,"template":"","format":"standard","meta":{"_bbp_topic_count":0,"_bbp_reply_count":0,"_bbp_total_topic_count":0,"_bbp_total_reply_count":0,"_bbp_voice_count":0,"_bbp_anonymous_reply_count":0,"_bbp_topic_count_hidden":0,"_bbp_reply_count_hidden":0,"_bbp_forum_subforum_count":0,"_analytify_skip_tracking":false,"footnotes":""},"categories":[649],"tags":[],"class_list":["post-30537","post","type-post","status-publish","format-standard","has-post-thumbnail","hentry","category-alerta-amber-breves"],"meta_box":{"aa_theme_enable_blocks_editor":"","aa_theme_featured_img_position":""},"publishpress_future_workflow_manual_trigger":{"enabledWorkflows":[]},"_links":{"self":[{"href":"https:\/\/amberadvocate.org\/es\/wp-json\/wp\/v2\/posts\/30537","targetHints":{"allow":["GET"]}}],"collection":[{"href":"https:\/\/amberadvocate.org\/es\/wp-json\/wp\/v2\/posts"}],"about":[{"href":"https:\/\/amberadvocate.org\/es\/wp-json\/wp\/v2\/types\/post"}],"author":[{"embeddable":true,"href":"https:\/\/amberadvocate.org\/es\/wp-json\/wp\/v2\/users\/10"}],"replies":[{"embeddable":true,"href":"https:\/\/amberadvocate.org\/es\/wp-json\/wp\/v2\/comments?post=30537"}],"version-history":[{"count":0,"href":"https:\/\/amberadvocate.org\/es\/wp-json\/wp\/v2\/posts\/30537\/revisions"}],"wp:featuredmedia":[{"embeddable":true,"href":"https:\/\/amberadvocate.org\/es\/wp-json\/wp\/v2\/media\/3593"}],"wp:attachment":[{"href":"https:\/\/amberadvocate.org\/es\/wp-json\/wp\/v2\/media?parent=30537"}],"wp:term":[{"taxonomy":"category","embeddable":true,"href":"https:\/\/amberadvocate.org\/es\/wp-json\/wp\/v2\/categories?post=30537"},{"taxonomy":"post_tag","embeddable":true,"href":"https:\/\/amberadvocate.org\/es\/wp-json\/wp\/v2\/tags?post=30537"}],"curies":[{"name":"wp","href":"https:\/\/api.w.org\/{rel}","templated":true}]}}