{"id":30535,"date":"2019-01-12T11:14:57","date_gmt":"2019-01-12T17:14:57","guid":{"rendered":"https:\/\/amberadvocate.org\/sin-categorizar\/alerta-amber-internacional-numero-iv-2018\/"},"modified":"2025-11-01T14:00:02","modified_gmt":"2025-11-01T19:00:02","slug":"alerta-amber-internacional-numero-iv-2018","status":"publish","type":"post","link":"https:\/\/amberadvocate.org\/es\/internacional\/alerta-amber-internacional-numero-iv-2018\/","title":{"rendered":"Alerta AMBER Internacional &#8211; N\u00famero IV 2018"},"content":{"rendered":"<div id=\"pl-30535\"  class=\"panel-layout\" ><div id=\"pg-30535-0\"  class=\"panel-grid panel-has-style\" ><div class=\"siteorigin-panels-stretch panel-row-style panel-row-style-for-30535-0\" data-stretch-type=\"full\" ><div id=\"pgc-30535-0-0\"  class=\"panel-grid-cell\" ><div id=\"panel-30535-0-0-0\" class=\"so-panel widget widget_sow-headline panel-first-child\" data-index=\"0\" ><div class=\"panel-widget-style panel-widget-style-for-30535-0-0-0\" ><div\n\t\t\t\n\t\t\tclass=\"so-widget-sow-headline so-widget-sow-headline-default-f2a1341d8031-30535\"\n\t\t\t\n\t\t><div class=\"sow-headline-container \">\n\t\t\t\t\t\t\t<h2 class=\"sow-headline\">\n\t\t\t\t\t\tECUADOR LANZA UNA ALERTA POR NI\u00d1OS SECUESTRADOS Y EN PELIGRO\t\t\t\t\t\t<\/h2>\n\t\t\t\t\t\t\t\t\t\t\t<div class=\"decoration\">\n\t\t\t\t\t\t<div class=\"decoration-inside\"><\/div>\n\t\t\t\t\t<\/div>\n\t\t\t\t\t<\/div>\n<\/div><\/div><\/div><div id=\"panel-30535-0-0-1\" class=\"so-panel widget widget_sow-editor panel-last-child\" data-index=\"1\" ><div\n\t\t\t\n\t\t\tclass=\"so-widget-sow-editor so-widget-sow-editor-base\"\n\t\t\t\n\t\t>\n<div class=\"siteorigin-widget-tinymce textwidget\">\n\t<p class=\"p1\">Ecuador afirma que se ha convertido en el primer pa\u00eds sudamericano en tener una alerta para ni\u00f1os que han sido secuestrados o se cree que est\u00e1n en peligro inmediato. La Alerta Emilia lleva el nombre de una ni\u00f1a de nueve a\u00f1os que fue secuestrada y asesinada en 2017 por traficantes de personas. \u201cEn Ecuador, la Alerta AMBER se llamar\u00e1 Alerta Emilia, en memoria de Emilia Benavides, cuya muerte marc\u00f3 una pauta para fortalecer estas acciones con una pol\u00edtica de Estado que involucre a toda la sociedad\u201d, declar\u00f3 C\u00e9sar Navas, Ministro del Interior de Ecuador. La alerta enviar\u00e1 informaci\u00f3n e im\u00e1genes del ni\u00f1o desaparecido a trav\u00e9s de la televisi\u00f3n, el correo electr\u00f3nico y las redes sociales. El Centro Internacional para Ni\u00f1os Desaparecidos y Explotados (ICMEC) incluir\u00e1 a Ecuador como el 28\u00ba pa\u00eds miembro de su Red Global de Ni\u00f1os Desaparecidos.    <\/p>\n<\/div>\n<\/div><\/div><\/div><\/div><\/div><div id=\"pg-30535-1\"  class=\"panel-grid panel-has-style\" ><div class=\"siteorigin-panels-stretch panel-row-style panel-row-style-for-30535-1\" data-stretch-type=\"full\" ><div id=\"pgc-30535-1-0\"  class=\"panel-grid-cell\" ><div id=\"panel-30535-1-0-0\" class=\"so-panel widget widget_sow-headline panel-first-child\" data-index=\"2\" ><div class=\"panel-widget-style panel-widget-style-for-30535-1-0-0\" ><div\n\t\t\t\n\t\t\tclass=\"so-widget-sow-headline so-widget-sow-headline-default-f2a1341d8031-30535\"\n\t\t\t\n\t\t><div class=\"sow-headline-container \">\n\t\t\t\t\t\t\t<h2 class=\"sow-headline\">\n\t\t\t\t\t\tLA PROVINCIA CANADIENSE TIENE AHORA UNA ALERTA PLATEADA\t\t\t\t\t\t<\/h2>\n\t\t\t\t\t\t\t\t\t\t\t<div class=\"decoration\">\n\t\t\t\t\t\t<div class=\"decoration-inside\"><\/div>\n\t\t\t\t\t<\/div>\n\t\t\t\t\t<\/div>\n<\/div><\/div><\/div><div id=\"panel-30535-1-0-1\" class=\"so-panel widget widget_sow-editor panel-last-child\" data-index=\"3\" ><div\n\t\t\t\n\t\t\tclass=\"so-widget-sow-editor so-widget-sow-editor-base\"\n\t\t\t\n\t\t>\n<div class=\"siteorigin-widget-tinymce textwidget\">\n\t<p class=\"p1\">La provincia canadiense de Manitoba est\u00e1 utilizando ahora la Alerta Silver para notificar al p\u00fablico sobre personas mayores desaparecidas o personas con demencia, autismo o s\u00edndrome de Down. La polic\u00eda mantiene una base de datos de personas que calificar\u00edan para una Alerta Silver si desaparecen. \u201cLos criterios principales son que la persona est\u00e9 desaparecida, que sea vulnerable y que tenga una discapacidad cognitiva\u201d, declar\u00f3 la Inspectora de Polic\u00eda de Winnipeg, Kelly Dennison.  <\/p>\n<\/div>\n<\/div><\/div><\/div><\/div><\/div><\/div>","protected":false},"excerpt":{"rendered":"<p>Ecuador afirma que se ha convertido en el primer pa\u00eds sudamericano en tener una alerta para ni\u00f1os que han sido secuestrados o se cree que est\u00e1n en peligro inmediato. La Alerta Emilia lleva el nombre de una ni\u00f1a de nueve a\u00f1os que fue secuestrada y asesinada en 2017 por traficantes de personas. \u201cEn Ecuador, la [&hellip;]<\/p>\n","protected":false},"author":10,"featured_media":24457,"comment_status":"closed","ping_status":"closed","sticky":false,"template":"","format":"standard","meta":{"_bbp_topic_count":0,"_bbp_reply_count":0,"_bbp_total_topic_count":0,"_bbp_total_reply_count":0,"_bbp_voice_count":0,"_bbp_anonymous_reply_count":0,"_bbp_topic_count_hidden":0,"_bbp_reply_count_hidden":0,"_bbp_forum_subforum_count":0,"_analytify_skip_tracking":false,"footnotes":""},"categories":[651],"tags":[],"class_list":["post-30535","post","type-post","status-publish","format-standard","has-post-thumbnail","hentry","category-internacional"],"meta_box":{"aa_theme_enable_blocks_editor":"","aa_theme_featured_img_position":""},"publishpress_future_workflow_manual_trigger":{"enabledWorkflows":[]},"_links":{"self":[{"href":"https:\/\/amberadvocate.org\/es\/wp-json\/wp\/v2\/posts\/30535","targetHints":{"allow":["GET"]}}],"collection":[{"href":"https:\/\/amberadvocate.org\/es\/wp-json\/wp\/v2\/posts"}],"about":[{"href":"https:\/\/amberadvocate.org\/es\/wp-json\/wp\/v2\/types\/post"}],"author":[{"embeddable":true,"href":"https:\/\/amberadvocate.org\/es\/wp-json\/wp\/v2\/users\/10"}],"replies":[{"embeddable":true,"href":"https:\/\/amberadvocate.org\/es\/wp-json\/wp\/v2\/comments?post=30535"}],"version-history":[{"count":0,"href":"https:\/\/amberadvocate.org\/es\/wp-json\/wp\/v2\/posts\/30535\/revisions"}],"wp:featuredmedia":[{"embeddable":true,"href":"https:\/\/amberadvocate.org\/es\/wp-json\/wp\/v2\/media\/24457"}],"wp:attachment":[{"href":"https:\/\/amberadvocate.org\/es\/wp-json\/wp\/v2\/media?parent=30535"}],"wp:term":[{"taxonomy":"category","embeddable":true,"href":"https:\/\/amberadvocate.org\/es\/wp-json\/wp\/v2\/categories?post=30535"},{"taxonomy":"post_tag","embeddable":true,"href":"https:\/\/amberadvocate.org\/es\/wp-json\/wp\/v2\/tags?post=30535"}],"curies":[{"name":"wp","href":"https:\/\/api.w.org\/{rel}","templated":true}]}}