{"id":30509,"date":"2019-11-11T11:02:02","date_gmt":"2019-11-11T17:02:02","guid":{"rendered":"https:\/\/amberadvocate.org\/sin-categorizar\/rostros-de-la-red-de-alerta-amber-wisconsin-2\/"},"modified":"2025-11-01T14:19:12","modified_gmt":"2025-11-01T19:19:12","slug":"rostros-de-la-red-de-alerta-amber-wisconsin-2","status":"publish","type":"post","link":"https:\/\/amberadvocate.org\/es\/habla-amber\/rostros-de-la-red-de-alerta-amber-wisconsin-2\/","title":{"rendered":"Rostros de la Red de Alerta AMBER: Wisconsin"},"content":{"rendered":"<div id=\"pl-30509\"  class=\"panel-layout\" ><div id=\"pg-30509-0\"  class=\"panel-grid panel-no-style\" ><div id=\"pgc-30509-0-0\"  class=\"panel-grid-cell\" ><div id=\"panel-30509-0-0-0\" class=\"so-panel widget widget_sow-editor panel-first-child panel-last-child\" data-index=\"0\" ><div class=\"panel-widget-style panel-widget-style-for-30509-0-0-0\" ><div\n\t\t\t\n\t\t\tclass=\"so-widget-sow-editor so-widget-sow-editor-base\"\n\t\t\t\n\t\t>\n<div class=\"siteorigin-widget-tinymce textwidget\">\n\t<p class=\"p1\"><img decoding=\"async\" class=\"alignleft size-full wp-image-4579\" src=\"https:\/\/amberadvocate.org\/wp-content\/uploads\/2019\/11\/aa39-profiles-Price.png\" alt=\"Jenniffer Precio\" width=\"400\" height=\"400\" srcset=\"https:\/\/amberadvocate.org\/wp-content\/uploads\/2019\/11\/aa39-profiles-Price.png 400w, https:\/\/amberadvocate.org\/wp-content\/uploads\/2019\/11\/aa39-profiles-Price-150x150.png 150w, https:\/\/amberadvocate.org\/wp-content\/uploads\/2019\/11\/aa39-profiles-Price-300x300.png 300w\" sizes=\"(max-width: 400px) 100vw, 400px\" \/><\/p>\n<p class=\"p1\">Jenniffer Price supervisa el Programa AMBER Alert de Wisconsin y ejerce como comandante del Equipo de Respuesta a la Sustracci\u00f3n de Menores (CART). Ha estado en las fuerzas del orden desde 1997, tras comenzar como agente de patrulla en el Departamento de Polic\u00eda de Wausau. Price trabaj\u00f3 brevemente con el Departamento de Polic\u00eda de Madison en la Universidad de Wisconsin antes de convertirse en agente especial de narc\u00f3ticos para el Departamento de Justicia de Wisconsin en 2005. En 2008, se convirti\u00f3 en miembro fundador del CART del Departamento de Justicia de Wisconsin y ha sido la comandante desde 2011.   <\/p>\n<p class=\"p1\">Price fue ascendida a Directora de Operaciones Especiales en 2013, supervisando varios departamentos, entre ellos el Grupo de Trabajo sobre Delitos en Internet contra Ni\u00f1os (ICAC), el Centro de Inteligencia Estatal, el Centro de Intercambio de Informaci\u00f3n sobre Ni\u00f1os y Adultos Desaparecidos y Explotados, y el Programa AMBER Alert. En 2017, dirigi\u00f3 a su equipo para convertirse en el \u00fanico equipo certificado en Wisconsin y el 22\u00ba CART certificado del pa\u00eds. <\/p>\n<h3 class=\"p3\"><b>\u00bfQu\u00e9 tiene de particular tu programa de Alerta AMBER\/personas desaparecidas, y qu\u00e9 crees que hace que tenga \u00e9xito?<\/b><\/h3>\n<p class=\"p1\">El Programa AMBER Alert de Wisconsin est\u00e1 integrado en nuestro centro de fusi\u00f3n junto con el Centro de Intercambio de Informaci\u00f3n y el CART. Esta integraci\u00f3n proporciona acceso inmediato a tecnolog\u00edas de inteligencia criminal, apoyo anal\u00edtico, recursos del CART, as\u00ed como apoyo de enlace familiar para cualquier caso de ni\u00f1o desaparecido. <\/p>\n<p class=\"p1\">El programa es un esfuerzo de colaboraci\u00f3n con nuestros socios de la Asociaci\u00f3n de Radiodifusores de Wisconsin, la Radio P\u00fablica, la Junta de Comunicaciones Educativas, el Comit\u00e9 EAS, el Departamento de Transporte, la Divisi\u00f3n de Loter\u00eda y el Centro de Comunicaciones de Seguridad P\u00fablica del Condado de Dane. Este esfuerzo de colaboraci\u00f3n hace que el programa tenga \u00e9xito al garantizar que cada activaci\u00f3n de AMBER Alert sea lo m\u00e1s oportuna y precisa posible. <\/p>\n<h3 class=\"p3\"><b>\u00bfQu\u00e9 te motiva a encontrar ni\u00f1os desaparecidos y secuestrados?<\/b><\/h3>\n<p class=\"p1\">El 4 de julio de 1994, mi primo de 14 a\u00f1os desapareci\u00f3 de su casa y su cuerpo fue localizado menos de una semana despu\u00e9s. Su asesino, Joe Clark, no fue identificado hasta 1995, cuando intent\u00f3 matar a otro adolescente. Clark fue declarado culpable por un jurado del asesinato de mi primo y condenado a cadena perpetua.  <\/p>\n<p class=\"p1\">Cuando mi primo desapareci\u00f3, yo estaba asistiendo a la Universidad de Wisconsin - Madison, estudiando dise\u00f1o de vestuario. Cuando encontraron su cuerpo, cambi\u00e9 mi trayectoria profesional y empec\u00e9 a estudiar Ciencias del Comportamiento y Derecho y Justicia Penal. Me gradu\u00e9 con una licenciatura en Ciencias del Comportamiento y Derecho y una especializaci\u00f3n en Justicia Penal. Desde entonces, mi impulso y pasi\u00f3n han sido participar en la protecci\u00f3n de los ni\u00f1os desaparecidos y explotados.   <span class=\"Apple-converted-space\">   <\/span><\/p>\n<p class=\"p1\">A menudo me pregunto si el Programa AMBER Alert podr\u00eda haber marcado la diferencia en la desaparici\u00f3n y el asesinato de mi primo. Haber visto que el Programa AMBER Alert de Wisconsin ha resultado en la recuperaci\u00f3n segura de ni\u00f1os tambi\u00e9n me motiva a continuar con este trabajo. <\/p>\n<h3 class=\"p3\"><b>\u00bfA qu\u00e9 carga emocional te enfrentas durante una Alerta AMBER?<\/b><\/h3>\n<p class=\"p1\">Me siento muy motivada porque tengo una conexi\u00f3n personal muy fuerte y eso me impulsa a poner todo lo que tengo en estas Alertas AMBER. Nunca quiero que termine como termin\u00f3 para mi familia. Eso es lo que me ha impulsado todos estos a\u00f1os. Todas las Alertas AMBER de Wisconsin, excepto una, han resultado en una recuperaci\u00f3n segura.   <\/p>\n<h3 class=\"p3\"><b>Por favor, comparte detalles sobre tu historia de \u00e9xito m\u00e1s memorable trabajando en un caso de menor desaparecido.  <\/b><\/h3>\n<p class=\"p1\">Es dif\u00edcil identificar una historia de todas las Alertas AMBER exitosas en Wisconsin porque cada una conlleva un recuerdo \u00fanico. Ya sea la recuperaci\u00f3n segura de gemelos de diez meses que fueron secuestrados durante el robo de un coche; el ni\u00f1o de ocho a\u00f1os que fue devuelto sano y salvo despu\u00e9s de que su secuestrador viera la Alerta AMBER y se entregara; o Jayme Closs, donde un ciudadano vio a Jayme despu\u00e9s de escapar de su captor y la reconoci\u00f3 por la Alerta AMBER. <\/p>\n<p class=\"p1\">En cada caso, aprendemos valiosas lecciones sobre nuestro proceso de Alerta AMBER, sobre c\u00f3mo mejorar continuamente nuestras activaciones de Alerta AMBER y sobre c\u00f3mo nuestro CART puede mejorar los esfuerzos de investigaci\u00f3n durante una Alerta AMBER.<\/p>\n<h3 class=\"p3\"><b>\u00bfC\u00f3mo han reforzado tu carrera y tus experiencias vitales tu compromiso de ayudar a los ni\u00f1os en peligro, desaparecidos y secuestrados?<\/b><\/h3>\n<p class=\"p1\">Tener un ni\u00f1o en la familia que desaparece y nunca regresa da forma a mi compromiso con los ni\u00f1os desaparecidos y secuestrados. Mi trabajo en el grupo de trabajo ICAC, el programa AMBER Alert y el CART no ha hecho m\u00e1s que fortalecer mi compromiso a trav\u00e9s de varias investigaciones de explotaci\u00f3n infantil y ni\u00f1os desaparecidos en las que he trabajado a lo largo de los a\u00f1os. <\/p>\n<h3 class=\"p3\"><b>\u00bfSer padre influye en lo que haces en el trabajo?<\/b><\/h3>\n<p class=\"p1\">Ser padre realmente me impacta mucho. Incluso cuando veo una Alerta AMBER en otro estado, siempre me preocupo y espero que encuentren al ni\u00f1o. Tengo una hija de 17 a\u00f1os y dos hijastros, de 10 y 12 a\u00f1os.  <span class=\"Apple-converted-space\">  <\/span>Tener un hijo propio golpea en casa, sobre todo cuando el hijo desaparecido tiene la misma edad y es del mismo sexo.<\/p>\n<h3 class=\"p3\"><b>\u00bfQu\u00e9 te gustar\u00eda que ocurriera con tu programa de Alerta AMBER y otros programas en el futuro?<\/b><\/h3>\n<p class=\"p1\">El programa AMBER Alert es s\u00f3lido, con una larga historia de \u00e9xito en la b\u00fasqueda de ni\u00f1os desaparecidos, tanto en Wisconsin como en todo Estados Unidos. Creo que se necesita financiaci\u00f3n continua para apoyar los programas AMBER Alert y los Centros de Intercambio de Informaci\u00f3n en cada estado. <\/p>\n<h3 class=\"p3\"><b>\u00bfC\u00f3mo te ha ayudado la formaci\u00f3n en los casos de Alerta AMBER?  <\/b><span class=\"s1\"> <\/span><\/h3>\n<p class=\"p1\">La formaci\u00f3n en AMBER Alert y CART me ha ayudado a m\u00ed, as\u00ed como a los miembros de nuestro programa AMBER Alert y CART. La formaci\u00f3n ha sido fundamental para mantener las competencias y mantenerse al tanto de las tendencias y tecnolog\u00edas de investigaci\u00f3n actuales. <\/p>\n<p class=\"p1\">Las activaciones de AMBER Alert y CART son eventos de baja frecuencia y alto riesgo. La formaci\u00f3n continua es necesaria para que nuestros equipos sean los mejores de los mejores cuando buscan a un ni\u00f1o desaparecido. Tal vez mi primo podr\u00eda haber sido encontrado con vida si un programa AMBER Alert y personal capacitado del CART hubieran estado disponibles para proporcionar el apoyo necesario de investigaci\u00f3n, an\u00e1lisis y enlace familiar que tenemos en marcha hoy en d\u00eda.  <\/p>\n<h3 class=\"p3\"><b>\u00bfQu\u00e9 consejo dar\u00edas a otros socios de Alerta AMBER?<\/b><\/h3>\n<p class=\"p1\">Eval\u00fae siempre todas y cada una de las activaciones para aprender de ellas y mejorar o potenciar sus esfuerzos. Aseg\u00farese de que su personal est\u00e9 capacitado y reciba formaci\u00f3n continua para evaluar y activar cualquier Alerta AMBER. Unir sus programas AMBER Alert y CART es la forma m\u00e1s eficaz de responder a un ni\u00f1o desaparecido. Esos esfuerzos no s\u00f3lo son cr\u00edticos en la investigaci\u00f3n, sino que son importantes y significativos para la familia del ni\u00f1o desaparecido.   <\/p>\n<h3 class=\"p1\"><\/h3>\n<\/div>\n<\/div><\/div><\/div><\/div><\/div><\/div>","protected":false},"excerpt":{"rendered":"<p>Cada Alerta AMBER es personal para Jenniffer Price, de Wisconsin  <\/p>\n","protected":false},"author":10,"featured_media":4580,"comment_status":"closed","ping_status":"closed","sticky":false,"template":"","format":"standard","meta":{"_bbp_topic_count":0,"_bbp_reply_count":0,"_bbp_total_topic_count":0,"_bbp_total_reply_count":0,"_bbp_voice_count":0,"_bbp_anonymous_reply_count":0,"_bbp_topic_count_hidden":0,"_bbp_reply_count_hidden":0,"_bbp_forum_subforum_count":0,"_analytify_skip_tracking":false,"footnotes":""},"categories":[646],"tags":[],"class_list":["post-30509","post","type-post","status-publish","format-standard","has-post-thumbnail","hentry","category-habla-amber"],"meta_box":{"aa_theme_enable_blocks_editor":"","aa_theme_featured_img_position":""},"publishpress_future_workflow_manual_trigger":{"enabledWorkflows":[]},"_links":{"self":[{"href":"https:\/\/amberadvocate.org\/es\/wp-json\/wp\/v2\/posts\/30509","targetHints":{"allow":["GET"]}}],"collection":[{"href":"https:\/\/amberadvocate.org\/es\/wp-json\/wp\/v2\/posts"}],"about":[{"href":"https:\/\/amberadvocate.org\/es\/wp-json\/wp\/v2\/types\/post"}],"author":[{"embeddable":true,"href":"https:\/\/amberadvocate.org\/es\/wp-json\/wp\/v2\/users\/10"}],"replies":[{"embeddable":true,"href":"https:\/\/amberadvocate.org\/es\/wp-json\/wp\/v2\/comments?post=30509"}],"version-history":[{"count":0,"href":"https:\/\/amberadvocate.org\/es\/wp-json\/wp\/v2\/posts\/30509\/revisions"}],"wp:featuredmedia":[{"embeddable":true,"href":"https:\/\/amberadvocate.org\/es\/wp-json\/wp\/v2\/media\/4580"}],"wp:attachment":[{"href":"https:\/\/amberadvocate.org\/es\/wp-json\/wp\/v2\/media?parent=30509"}],"wp:term":[{"taxonomy":"category","embeddable":true,"href":"https:\/\/amberadvocate.org\/es\/wp-json\/wp\/v2\/categories?post=30509"},{"taxonomy":"post_tag","embeddable":true,"href":"https:\/\/amberadvocate.org\/es\/wp-json\/wp\/v2\/tags?post=30509"}],"curies":[{"name":"wp","href":"https:\/\/api.w.org\/{rel}","templated":true}]}}