{"id":30500,"date":"2020-03-27T15:45:16","date_gmt":"2020-03-27T20:45:16","guid":{"rendered":"https:\/\/amberadvocate.org\/sin-categorizar\/alerta-amber-internacional-numero-1-2020\/"},"modified":"2025-11-01T14:22:24","modified_gmt":"2025-11-01T19:22:24","slug":"alerta-amber-internacional-numero-1-2020","status":"publish","type":"post","link":"https:\/\/amberadvocate.org\/es\/internacional\/alerta-amber-internacional-numero-1-2020\/","title":{"rendered":"Alerta AMBER Internacional &#8211; N\u00famero 1 2020"},"content":{"rendered":"<div id=\"pl-30500\"  class=\"panel-layout\" ><div id=\"pg-30500-0\"  class=\"panel-grid panel-has-style\" ><div class=\"siteorigin-panels-stretch panel-row-style panel-row-style-for-30500-0\" data-stretch-type=\"full\" ><div id=\"pgc-30500-0-0\"  class=\"panel-grid-cell\" ><div id=\"panel-30500-0-0-0\" class=\"so-panel widget widget_sow-image panel-first-child panel-last-child\" data-index=\"0\" ><div\n\t\t\t\n\t\t\tclass=\"so-widget-sow-image so-widget-sow-image-default-dbf295114b96-30500\"\n\t\t\t\n\t\t>\n<div class=\"sow-image-container\">\n\t\t<img \n\tsrc=\"https:\/\/amberadvocate.org\/wp-content\/uploads\/2020\/03\/aa41-int-lithuania.jpg\" width=\"300\" height=\"300\" srcset=\"https:\/\/amberadvocate.org\/wp-content\/uploads\/2020\/03\/aa41-int-lithuania.jpg 300w, https:\/\/amberadvocate.org\/wp-content\/uploads\/2020\/03\/aa41-int-lithuania-150x150.jpg 150w\" sizes=\"(max-width: 300px) 100vw, 300px\" alt=\"Insignia de la polic\u00eda de Lituania\" \t\tclass=\"so-widget-image\"\/>\n\t<\/div>\n\n<\/div><\/div><\/div><div id=\"pgc-30500-0-1\"  class=\"panel-grid-cell\" ><div id=\"panel-30500-0-1-0\" class=\"so-panel widget widget_sow-headline panel-first-child\" data-index=\"1\" ><div class=\"panel-widget-style panel-widget-style-for-30500-0-1-0\" ><div\n\t\t\t\n\t\t\tclass=\"so-widget-sow-headline so-widget-sow-headline-default-f2a1341d8031-30500\"\n\t\t\t\n\t\t><div class=\"sow-headline-container \">\n\t\t\t\t\t\t\t<h2 class=\"sow-headline\">\n\t\t\t\t\t\tLituania pone en marcha el Sistema de Alerta AMBER\t\t\t\t\t\t<\/h2>\n\t\t\t\t\t\t\t\t\t\t\t<div class=\"decoration\">\n\t\t\t\t\t\t<div class=\"decoration-inside\"><\/div>\n\t\t\t\t\t<\/div>\n\t\t\t\t\t<\/div>\n<\/div><\/div><\/div><div id=\"panel-30500-0-1-1\" class=\"so-panel widget widget_sow-editor panel-last-child\" data-index=\"2\" ><div\n\t\t\t\n\t\t\tclass=\"so-widget-sow-editor so-widget-sow-editor-base\"\n\t\t\t\n\t\t>\n<div class=\"siteorigin-widget-tinymce textwidget\">\n\t<p class=\"p1\">La Polic\u00eda Nacional de Lituania se ha unido oficialmente a AMBER Alert Europe y ahora emitir\u00e1 alertas en casos de secuestro de menores. El 10 de octubre de 2019, Lituania se uni\u00f3 a 21 pa\u00edses con 33 organizaciones que utilizan las herramientas y los m\u00e9todos del programa AMBER Alert. \u00ab(Esto) nos permite difundir informaci\u00f3n sobre estos casos por toda Europa, al tiempo que aprendemos sobre las \u00faltimas tecnolog\u00edas en la b\u00fasqueda de personas desaparecidas. Todo lo anterior contribuir\u00e1 en gran medida a la b\u00fasqueda de ni\u00f1os desaparecidos\u00bb, declar\u00f3 Irena Ambrasaite, especialista jefe de la Oficina de la Polic\u00eda Criminal Lituana.  <\/p>\n<\/div>\n<\/div><\/div><\/div><\/div><\/div><div id=\"pg-30500-1\"  class=\"panel-grid panel-has-style\" ><div class=\"siteorigin-panels-stretch panel-row-style panel-row-style-for-30500-1\" data-stretch-type=\"full\" ><div id=\"pgc-30500-1-0\"  class=\"panel-grid-cell panel-grid-cell-empty\" ><\/div><div id=\"pgc-30500-1-1\"  class=\"panel-grid-cell\" ><div id=\"panel-30500-1-1-0\" class=\"so-panel widget widget_sow-headline panel-first-child\" data-index=\"3\" ><div class=\"panel-widget-style panel-widget-style-for-30500-1-1-0\" ><div\n\t\t\t\n\t\t\tclass=\"so-widget-sow-headline so-widget-sow-headline-default-f2a1341d8031-30500\"\n\t\t\t\n\t\t><div class=\"sow-headline-container \">\n\t\t\t\t\t\t\t<h2 class=\"sow-headline\">\n\t\t\t\t\t\tLa Uni\u00f3n Europea reconoce la Red de Personas Desaparecidas\t\t\t\t\t\t<\/h2>\n\t\t\t\t\t\t\t\t\t\t\t<div class=\"decoration\">\n\t\t\t\t\t\t<div class=\"decoration-inside\"><\/div>\n\t\t\t\t\t<\/div>\n\t\t\t\t\t<\/div>\n<\/div><\/div><\/div><div id=\"panel-30500-1-1-1\" class=\"so-panel widget widget_sow-editor panel-last-child\" data-index=\"4\" ><div\n\t\t\t\n\t\t\tclass=\"so-widget-sow-editor so-widget-sow-editor-base\"\n\t\t\t\n\t\t>\n<div class=\"siteorigin-widget-tinymce textwidget\">\n\t<p class=\"p1\">Todos los miembros de la Uni\u00f3n Europea (UE) reconocen oficialmente la Red de Expertos Policiales en Personas Desaparecidas como la primera y \u00fanica red policial para las alertas AMBER. En una reuni\u00f3n celebrada el 18 de octubre de 2019, un \u00f3rgano del Consejo de la UE identific\u00f3 al grupo como el \u00fanico punto de contacto para los especialistas en personas desaparecidas de 21 pa\u00edses de la UE. \u00abA trav\u00e9s de la red, los agentes de polic\u00eda de toda Europa saben exactamente a qui\u00e9n deben (contactar) en otro pa\u00eds a las 3 de la madrugada\u00bb, declar\u00f3 Frank Hoen, presidente de AMBER Alert Europe.  <\/p>\n<\/div>\n<\/div><\/div><\/div><\/div><\/div><div id=\"pg-30500-2\"  class=\"panel-grid panel-has-style\" ><div class=\"siteorigin-panels-stretch panel-row-style panel-row-style-for-30500-2\" data-stretch-type=\"full\" ><div id=\"pgc-30500-2-0\"  class=\"panel-grid-cell panel-grid-cell-empty\" ><\/div><div id=\"pgc-30500-2-1\"  class=\"panel-grid-cell\" ><div id=\"panel-30500-2-1-0\" class=\"so-panel widget widget_sow-headline panel-first-child\" data-index=\"5\" ><div class=\"panel-widget-style panel-widget-style-for-30500-2-1-0\" ><div\n\t\t\t\n\t\t\tclass=\"so-widget-sow-headline so-widget-sow-headline-default-f2a1341d8031-30500\"\n\t\t\t\n\t\t><div class=\"sow-headline-container \">\n\t\t\t\t\t\t\t<h2 class=\"sow-headline\">\n\t\t\t\t\t\tSud\u00e1frica y Facebook se unen para las alertas AMBER\t\t\t\t\t\t<\/h2>\n\t\t\t\t\t\t\t\t\t\t\t<div class=\"decoration\">\n\t\t\t\t\t\t<div class=\"decoration-inside\"><\/div>\n\t\t\t\t\t<\/div>\n\t\t\t\t\t<\/div>\n<\/div><\/div><\/div><div id=\"panel-30500-2-1-1\" class=\"so-panel widget widget_sow-editor panel-last-child\" data-index=\"6\" ><div\n\t\t\t\n\t\t\tclass=\"so-widget-sow-editor so-widget-sow-editor-base\"\n\t\t\t\n\t\t>\n<div class=\"siteorigin-widget-tinymce textwidget\">\n\t<p class=\"p1\">El Servicio de Polic\u00eda de Sud\u00e1frica y Facebook est\u00e1n colaborando para resolver los secuestros de menores y encontrar a los ni\u00f1os desaparecidos. A partir del 6 de diciembre de 2019, Sud\u00e1frica comenz\u00f3 a utilizar el canal de las redes sociales para distribuir las alertas AMBER. Las alertas se publicar\u00e1n durante 24 horas y se difundir\u00e1n a todos los usuarios de Facebook en un radio de 160 kil\u00f3metros del lugar donde se vio por \u00faltima vez al ni\u00f1o.  <\/p>\n<\/div>\n<\/div><\/div><\/div><\/div><\/div><div id=\"pg-30500-3\"  class=\"panel-grid panel-has-style\" ><div class=\"siteorigin-panels-stretch panel-row-style panel-row-style-for-30500-3\" data-stretch-type=\"full\" ><div id=\"pgc-30500-3-0\"  class=\"panel-grid-cell panel-grid-cell-empty\" ><\/div><div id=\"pgc-30500-3-1\"  class=\"panel-grid-cell\" ><div id=\"panel-30500-3-1-0\" class=\"so-panel widget widget_sow-headline panel-first-child\" data-index=\"7\" ><div class=\"panel-widget-style panel-widget-style-for-30500-3-1-0\" ><div\n\t\t\t\n\t\t\tclass=\"so-widget-sow-headline so-widget-sow-headline-default-f2a1341d8031-30500\"\n\t\t\t\n\t\t><div class=\"sow-headline-container \">\n\t\t\t\t\t\t\t<h2 class=\"sow-headline\">\n\t\t\t\t\t\tCanad\u00e1 reticente a iniciar un programa nacional de alerta plateada\t\t\t\t\t\t<\/h2>\n\t\t\t\t\t\t\t\t\t\t\t<div class=\"decoration\">\n\t\t\t\t\t\t<div class=\"decoration-inside\"><\/div>\n\t\t\t\t\t<\/div>\n\t\t\t\t\t<\/div>\n<\/div><\/div><\/div><div id=\"panel-30500-3-1-1\" class=\"so-panel widget widget_sow-editor panel-last-child\" data-index=\"8\" ><div\n\t\t\t\n\t\t\tclass=\"so-widget-sow-editor so-widget-sow-editor-base\"\n\t\t\t\n\t\t>\n<div class=\"siteorigin-widget-tinymce textwidget\">\n\t<p class=\"p1\">Algunas jurisdicciones canadienses no est\u00e1n interesadas en crear un programa nacional de Alerta Plateada para personas con enfermedad de Alzheimer o demencia. La Sociedad de Alzheimer de Canad\u00e1 (ASC) tambi\u00e9n se opone a la idea. \u00abNo las respaldamos porque no hay pruebas s\u00f3lidas de que realmente funcionen\u00bb, declar\u00f3 Mary Schulz, directora de Educaci\u00f3n de la ASC. Los defensores de la Alerta Plateada afirman que el sistema podr\u00eda salvar la vida de las personas mayores desaparecidas.   <\/p>\n<p class=\"p1\">Bill VanGorder, portavoz de la Asociaci\u00f3n Canadiense de Personas Jubiladas (CARP) de Nueva Escocia, dijo que las alertas refuerzan los estereotipos. \u00abCiertamente, no nos gusta la idea de sugerir que, si tienes el pelo canoso, como yo, de alguna manera voy a ser propenso a deambular autom\u00e1ticamente\u00bb. En 2017, Alberta y Manitoba modificaron su Ley de Personas Desaparecidas para permitir las Alertas Plateadas. Sin embargo, Alberta a\u00fan no ha emitido una Alerta Plateada.   <\/p>\n<\/div>\n<\/div><\/div><\/div><\/div><\/div><\/div>","protected":false},"excerpt":{"rendered":"<p>Breves noticias sobre la Alerta AMBER y la protecci\u00f3n de la infancia en todo el mundo<\/p>\n","protected":false},"author":10,"featured_media":24457,"comment_status":"closed","ping_status":"closed","sticky":false,"template":"","format":"standard","meta":{"_bbp_topic_count":0,"_bbp_reply_count":0,"_bbp_total_topic_count":0,"_bbp_total_reply_count":0,"_bbp_voice_count":0,"_bbp_anonymous_reply_count":0,"_bbp_topic_count_hidden":0,"_bbp_reply_count_hidden":0,"_bbp_forum_subforum_count":0,"_analytify_skip_tracking":false,"footnotes":""},"categories":[651],"tags":[],"class_list":["post-30500","post","type-post","status-publish","format-standard","has-post-thumbnail","hentry","category-internacional"],"meta_box":{"aa_theme_enable_blocks_editor":"","aa_theme_featured_img_position":""},"publishpress_future_workflow_manual_trigger":{"enabledWorkflows":[]},"_links":{"self":[{"href":"https:\/\/amberadvocate.org\/es\/wp-json\/wp\/v2\/posts\/30500","targetHints":{"allow":["GET"]}}],"collection":[{"href":"https:\/\/amberadvocate.org\/es\/wp-json\/wp\/v2\/posts"}],"about":[{"href":"https:\/\/amberadvocate.org\/es\/wp-json\/wp\/v2\/types\/post"}],"author":[{"embeddable":true,"href":"https:\/\/amberadvocate.org\/es\/wp-json\/wp\/v2\/users\/10"}],"replies":[{"embeddable":true,"href":"https:\/\/amberadvocate.org\/es\/wp-json\/wp\/v2\/comments?post=30500"}],"version-history":[{"count":0,"href":"https:\/\/amberadvocate.org\/es\/wp-json\/wp\/v2\/posts\/30500\/revisions"}],"wp:featuredmedia":[{"embeddable":true,"href":"https:\/\/amberadvocate.org\/es\/wp-json\/wp\/v2\/media\/24457"}],"wp:attachment":[{"href":"https:\/\/amberadvocate.org\/es\/wp-json\/wp\/v2\/media?parent=30500"}],"wp:term":[{"taxonomy":"category","embeddable":true,"href":"https:\/\/amberadvocate.org\/es\/wp-json\/wp\/v2\/categories?post=30500"},{"taxonomy":"post_tag","embeddable":true,"href":"https:\/\/amberadvocate.org\/es\/wp-json\/wp\/v2\/tags?post=30500"}],"curies":[{"name":"wp","href":"https:\/\/api.w.org\/{rel}","templated":true}]}}