{"id":30499,"date":"2020-03-27T16:42:32","date_gmt":"2020-03-27T21:42:32","guid":{"rendered":"https:\/\/amberadvocate.org\/sin-categorizar\/resumenes-de-la-alerta-amber-numero-1-2020\/"},"modified":"2025-11-01T14:21:02","modified_gmt":"2025-11-01T19:21:02","slug":"resumenes-de-la-alerta-amber-numero-1-2020","status":"publish","type":"post","link":"https:\/\/amberadvocate.org\/es\/alerta-amber-breves\/resumenes-de-la-alerta-amber-numero-1-2020\/","title":{"rendered":"Res\u00famenes de la Alerta AMBER &#8211; N\u00famero 1 2020"},"content":{"rendered":"<div id=\"pl-30499\"  class=\"panel-layout\" ><div id=\"pg-30499-0\"  class=\"panel-grid panel-has-style\" ><div class=\"siteorigin-panels-stretch panel-row-style panel-row-style-for-30499-0\" data-stretch-type=\"full\" ><div id=\"pgc-30499-0-0\"  class=\"panel-grid-cell panel-grid-cell-empty\" ><\/div><div id=\"pgc-30499-0-1\"  class=\"panel-grid-cell\" ><div id=\"panel-30499-0-1-0\" class=\"so-panel widget widget_sow-headline panel-first-child\" data-index=\"0\" ><div\n\t\t\t\n\t\t\tclass=\"so-widget-sow-headline so-widget-sow-headline-default-5d74d290e9c0-30499\"\n\t\t\t\n\t\t><div class=\"sow-headline-container \">\n\t\t\t\t\t\t\t<h2 class=\"sow-headline\">\n\t\t\t\t\t\tFlorida actualiza los criterios de la Alerta AMBER para incluir a todos los ni\u00f1os en peligro inminente\t\t\t\t\t\t<\/h2>\n\t\t\t\t\t\t\t\t\t\t\t<div class=\"decoration\">\n\t\t\t\t\t\t<div class=\"decoration-inside\"><\/div>\n\t\t\t\t\t<\/div>\n\t\t\t\t\t<\/div>\n<\/div><\/div><div id=\"panel-30499-0-1-1\" class=\"so-panel widget widget_sow-editor panel-last-child\" data-index=\"1\" ><div\n\t\t\t\n\t\t\tclass=\"so-widget-sow-editor so-widget-sow-editor-base\"\n\t\t\t\n\t\t>\n<div class=\"siteorigin-widget-tinymce textwidget\">\n\t<p class=\"p1\">El Departamento de Polic\u00eda de Florida (FDLE) ha actualizado los criterios para una Alerta AMBER tras la adopci\u00f3n por parte del Comit\u00e9 de Revisi\u00f3n de Alertas AMBER del estado de una Alerta Mejorada para Ni\u00f1os Desaparecidos a finales de 2019. \u201cEsto significa que ahora se pueden emitir Alertas AMBER si las autoridades creen que un ni\u00f1o se enfrenta a un peligro inminente, independientemente de si ha sido secuestrado o no\u201d, declar\u00f3 la Directora de Comunicaciones del FDLE, Gretl Plessinger. <\/p>\n<\/div>\n<\/div><\/div><\/div><\/div><\/div><div id=\"pg-30499-1\"  class=\"panel-grid panel-has-style\" ><div class=\"siteorigin-panels-stretch panel-row-style panel-row-style-for-30499-1\" data-stretch-type=\"full\" ><div id=\"pgc-30499-1-0\"  class=\"panel-grid-cell panel-grid-cell-empty\" ><\/div><div id=\"pgc-30499-1-1\"  class=\"panel-grid-cell\" ><div id=\"panel-30499-1-1-0\" class=\"so-panel widget widget_sow-headline panel-first-child\" data-index=\"2\" ><div\n\t\t\t\n\t\t\tclass=\"so-widget-sow-headline so-widget-sow-headline-default-5d74d290e9c0-30499\"\n\t\t\t\n\t\t><div class=\"sow-headline-container \">\n\t\t\t\t\t\t\t<h2 class=\"sow-headline\">\n\t\t\t\t\t\tPrograma de Alerta AMBER de Missouri actualizado para notificaciones m\u00e1s r\u00e1pidas\t\t\t\t\t\t<\/h2>\n\t\t\t\t\t\t\t\t\t\t\t<div class=\"decoration\">\n\t\t\t\t\t\t<div class=\"decoration-inside\"><\/div>\n\t\t\t\t\t<\/div>\n\t\t\t\t\t<\/div>\n<\/div><\/div><div id=\"panel-30499-1-1-1\" class=\"so-panel widget widget_sow-editor panel-last-child\" data-index=\"3\" ><div\n\t\t\t\n\t\t\tclass=\"so-widget-sow-editor so-widget-sow-editor-base\"\n\t\t\t\n\t\t>\n<div class=\"siteorigin-widget-tinymce textwidget\">\n\t<p class=\"p1\">La Patrulla de Carreteras de Misuri agiliz\u00f3 su proceso para emitir Alertas AMBER para una notificaci\u00f3n p\u00fablica m\u00e1s r\u00e1pida. Las autoridades actualizaron el sistema para permitir que el Sistema Integrado de Alerta P\u00fablica y Advertencia de la Agencia Federal para el Manejo de Emergencias entregue alertas directamente a las compa\u00f1\u00edas de telefon\u00eda celular. Anteriormente, el Centro Nacional para Ni\u00f1os Desaparecidos y Explotados distribu\u00eda los mensajes a los tel\u00e9fonos celulares. Otras caracter\u00edsticas incluyen: reducir la posibilidad de que se sigan compartiendo informaciones obsoletas en las redes sociales, actualizar autom\u00e1ticamente las cuentas de Facebook y Twitter, y la opci\u00f3n de suscribirse a las alertas en su sitio web en <a href=\"http:\/\/www.mo.gov\/alerts\/\">www.mo.gov\/alerts\/<\/a>.   <\/p>\n<\/div>\n<\/div><\/div><\/div><\/div><\/div><div id=\"pg-30499-2\"  class=\"panel-grid panel-has-style\" ><div class=\"siteorigin-panels-stretch panel-row-style panel-row-style-for-30499-2\" data-stretch-type=\"full\" ><div id=\"pgc-30499-2-0\"  class=\"panel-grid-cell panel-grid-cell-empty\" ><\/div><div id=\"pgc-30499-2-1\"  class=\"panel-grid-cell\" ><div id=\"panel-30499-2-1-0\" class=\"so-panel widget widget_sow-headline panel-first-child\" data-index=\"4\" ><div\n\t\t\t\n\t\t\tclass=\"so-widget-sow-headline so-widget-sow-headline-default-5d74d290e9c0-30499\"\n\t\t\t\n\t\t><div class=\"sow-headline-container \">\n\t\t\t\t\t\t\t<h2 class=\"sow-headline\">\n\t\t\t\t\t\tKansas presenta un nuevo sitio web sobre personas desaparecidas\t\t\t\t\t\t<\/h2>\n\t\t\t\t\t\t\t\t\t\t\t<div class=\"decoration\">\n\t\t\t\t\t\t<div class=\"decoration-inside\"><\/div>\n\t\t\t\t\t<\/div>\n\t\t\t\t\t<\/div>\n<\/div><\/div><div id=\"panel-30499-2-1-1\" class=\"so-panel widget widget_sow-editor panel-last-child\" data-index=\"5\" ><div\n\t\t\t\n\t\t\tclass=\"so-widget-sow-editor so-widget-sow-editor-base\"\n\t\t\t\n\t\t>\n<div class=\"siteorigin-widget-tinymce textwidget\">\n\t<p class=\"p1\">La Oficina de Investigaci\u00f3n de Kansas (KBI) lanz\u00f3 un nuevo sitio web en octubre de 2019, www.kbi.ks.gov\/MissingPersons, para difundir informaci\u00f3n sobre casos de personas desaparecidas originados en el estado. Los usuarios pueden buscar por nombre, condado, g\u00e9nero, edad o por la fecha en que se vio por \u00faltima vez a la persona desaparecida; y pueden enviar consejos o informaci\u00f3n a la KBI directamente a trav\u00e9s del sitio web. El sitio tambi\u00e9n incluye enlaces a informaci\u00f3n sobre los programas AMBER y Silver Alert.  <\/p>\n<\/div>\n<\/div><\/div><\/div><\/div><\/div><div id=\"pg-30499-3\"  class=\"panel-grid panel-has-style\" ><div class=\"siteorigin-panels-stretch panel-row-style panel-row-style-for-30499-3\" data-stretch-type=\"full\" ><div id=\"pgc-30499-3-0\"  class=\"panel-grid-cell panel-grid-cell-empty\" ><\/div><div id=\"pgc-30499-3-1\"  class=\"panel-grid-cell\" ><div id=\"panel-30499-3-1-0\" class=\"so-panel widget widget_sow-headline panel-first-child\" data-index=\"6\" ><div\n\t\t\t\n\t\t\tclass=\"so-widget-sow-headline so-widget-sow-headline-default-5d74d290e9c0-30499\"\n\t\t\t\n\t\t><div class=\"sow-headline-container \">\n\t\t\t\t\t\t\t<h2 class=\"sow-headline\">\n\t\t\t\t\t\tEl Departamento de Polic\u00eda de Virginia compra drones para ayudar en las alertas AMBER\t\t\t\t\t\t<\/h2>\n\t\t\t\t\t\t\t\t\t\t\t<div class=\"decoration\">\n\t\t\t\t\t\t<div class=\"decoration-inside\"><\/div>\n\t\t\t\t\t<\/div>\n\t\t\t\t\t<\/div>\n<\/div><\/div><div id=\"panel-30499-3-1-1\" class=\"so-panel widget widget_sow-editor panel-last-child\" data-index=\"7\" ><div\n\t\t\t\n\t\t\tclass=\"so-widget-sow-editor so-widget-sow-editor-base\"\n\t\t\t\n\t\t>\n<div class=\"siteorigin-widget-tinymce textwidget\">\n\t<p class=\"p1\">El Departamento de Polic\u00eda de Richmond, Virginia, compr\u00f3 una flota de drones para ayudar en las investigaciones, incluidos los casos relacionados con las Alertas AMBER. Veinte agentes han sido capacitados para volar los cuatro drones del departamento. La Administraci\u00f3n Federal de Aviaci\u00f3n regula los drones y el c\u00f3digo estatal exige una orden de registro a menos que exista un peligro inmediato, como en el caso de una Alerta AMBER. \u201cSon peque\u00f1os. Son port\u00e1tiles. Se despliegan f\u00e1cilmente y son relativamente baratos\u201d, dijo el capit\u00e1n de la polic\u00eda de Richmond, Michael Snawder. \u201cEsto es un cambio de juego para nosotros\u201d.    <\/p>\n<\/div>\n<\/div><\/div><\/div><\/div><\/div><div id=\"pg-30499-4\"  class=\"panel-grid panel-has-style\" ><div class=\"siteorigin-panels-stretch panel-row-style panel-row-style-for-30499-4\" data-stretch-type=\"full\" ><div id=\"pgc-30499-4-0\"  class=\"panel-grid-cell panel-grid-cell-empty\" ><\/div><div id=\"pgc-30499-4-1\"  class=\"panel-grid-cell\" ><div id=\"panel-30499-4-1-0\" class=\"so-panel widget widget_sow-headline panel-first-child\" data-index=\"8\" ><div\n\t\t\t\n\t\t\tclass=\"so-widget-sow-headline so-widget-sow-headline-default-5d74d290e9c0-30499\"\n\t\t\t\n\t\t><div class=\"sow-headline-container \">\n\t\t\t\t\t\t\t<h2 class=\"sow-headline\">\n\t\t\t\t\t\tLa familia de un ni\u00f1o desaparecido presiona para que se emita una alerta de serenidad\t\t\t\t\t\t<\/h2>\n\t\t\t\t\t\t\t\t\t\t\t<div class=\"decoration\">\n\t\t\t\t\t\t<div class=\"decoration-inside\"><\/div>\n\t\t\t\t\t<\/div>\n\t\t\t\t\t<\/div>\n<\/div><\/div><div id=\"panel-30499-4-1-1\" class=\"so-panel widget widget_sow-editor panel-last-child\" data-index=\"9\" ><div\n\t\t\t\n\t\t\tclass=\"so-widget-sow-editor so-widget-sow-editor-base\"\n\t\t\t\n\t\t>\n<div class=\"siteorigin-widget-tinymce textwidget\">\n\t<p class=\"p1\">Una familia de Dakota del Sur est\u00e1 promoviendo una Alerta Serenity para ni\u00f1os desaparecidos y en peligro cuyos casos no cumplen con los criterios de Alerta AMBER. La alerta llevar\u00eda el nombre de Serenity Dennard, quien, al momento de escribir este art\u00edculo, permanece desaparecida despu\u00e9s de huir en febrero de 2019 de un hogar de ni\u00f1os en Rockerville, Dakota del Sur. La familia quiere que la legislatura cree un sistema para que el p\u00fablico reciba un mensaje de texto sobre un ni\u00f1o desaparecido.  <\/p>\n<\/div>\n<\/div><\/div><\/div><\/div><\/div><div id=\"pg-30499-5\"  class=\"panel-grid panel-has-style\" ><div class=\"siteorigin-panels-stretch panel-row-style panel-row-style-for-30499-5\" data-stretch-type=\"full\" ><div id=\"pgc-30499-5-0\"  class=\"panel-grid-cell panel-grid-cell-empty\" ><\/div><div id=\"pgc-30499-5-1\"  class=\"panel-grid-cell\" ><div id=\"panel-30499-5-1-0\" class=\"so-panel widget widget_sow-headline panel-first-child\" data-index=\"10\" ><div\n\t\t\t\n\t\t\tclass=\"so-widget-sow-headline so-widget-sow-headline-default-5d74d290e9c0-30499\"\n\t\t\t\n\t\t><div class=\"sow-headline-container \">\n\t\t\t\t\t\t\t<h2 class=\"sow-headline\">\n\t\t\t\t\t\tMontana ofrece formaci\u00f3n sobre la b\u00fasqueda de personas desaparecidas\t\t\t\t\t\t<\/h2>\n\t\t\t\t\t\t\t\t\t\t\t<div class=\"decoration\">\n\t\t\t\t\t\t<div class=\"decoration-inside\"><\/div>\n\t\t\t\t\t<\/div>\n\t\t\t\t\t<\/div>\n<\/div><\/div><div id=\"panel-30499-5-1-1\" class=\"so-panel widget widget_sow-editor panel-last-child\" data-index=\"11\" ><div\n\t\t\t\n\t\t\tclass=\"so-widget-sow-editor so-widget-sow-editor-base\"\n\t\t\t\n\t\t>\n<div class=\"siteorigin-widget-tinymce textwidget\">\n\t<p class=\"p1\">La Oficina del Fiscal General de Montana y el Fiscal de los Estados Unidos del estado ofrecieron una segunda ronda de capacitaci\u00f3n en octubre de 2019 para ayudar a resolver casos de personas desaparecidas. La capacitaci\u00f3n en Billings, Montana, tuvo pistas separadas para el p\u00fablico y la polic\u00eda. Los expertos discutieron el programa Alerta AMBER y la relaci\u00f3n entre las personas desaparecidas y la trata de personas.  <\/p>\n<\/div>\n<\/div><\/div><\/div><\/div><\/div><div id=\"pg-30499-6\"  class=\"panel-grid panel-has-style\" ><div class=\"siteorigin-panels-stretch panel-row-style panel-row-style-for-30499-6\" data-stretch-type=\"full\" ><div id=\"pgc-30499-6-0\"  class=\"panel-grid-cell panel-grid-cell-empty\" ><\/div><div id=\"pgc-30499-6-1\"  class=\"panel-grid-cell\" ><div id=\"panel-30499-6-1-0\" class=\"so-panel widget widget_sow-headline panel-first-child\" data-index=\"12\" ><div\n\t\t\t\n\t\t\tclass=\"so-widget-sow-headline so-widget-sow-headline-default-5d74d290e9c0-30499\"\n\t\t\t\n\t\t><div class=\"sow-headline-container \">\n\t\t\t\t\t\t\t<h2 class=\"sow-headline\">\n\t\t\t\t\t\tOklahoma honra a los ayudantes del sheriff por localizar a un beb\u00e9 secuestrado\t\t\t\t\t\t<\/h2>\n\t\t\t\t\t\t\t\t\t\t\t<div class=\"decoration\">\n\t\t\t\t\t\t<div class=\"decoration-inside\"><\/div>\n\t\t\t\t\t<\/div>\n\t\t\t\t\t<\/div>\n<\/div><\/div><div id=\"panel-30499-6-1-1\" class=\"so-panel widget widget_sow-editor panel-last-child\" data-index=\"13\" ><div\n\t\t\t\n\t\t\tclass=\"so-widget-sow-editor so-widget-sow-editor-base\"\n\t\t\t\n\t\t>\n<div class=\"siteorigin-widget-tinymce textwidget\">\n\t<p class=\"p1\">Tres agentes de la Oficina del Sheriff del Condado de Carter recibieron un premio de reconocimiento en la Conferencia del Medio Oeste de la Asociaci\u00f3n de Sheriffs de Oklahoma de agosto de 2019. Los agentes localizaron y recuperaron de forma segura a un beb\u00e9 de 4 meses secuestrado por un hombre que amenaz\u00f3 con atropellar a la madre del ni\u00f1o con su veh\u00edculo. Los agentes Joel Ramirez, Jared Trotts y David Duggan fueron honrados por recuperar a la v\u00edctima 27 horas despu\u00e9s de que fuera secuestrado el 12 de junio de 2019.  <\/p>\n<\/div>\n<\/div><\/div><\/div><\/div><\/div><div id=\"pg-30499-7\"  class=\"panel-grid panel-has-style\" ><div class=\"siteorigin-panels-stretch panel-row-style panel-row-style-for-30499-7\" data-stretch-type=\"full\" ><div id=\"pgc-30499-7-0\"  class=\"panel-grid-cell panel-grid-cell-empty\" ><\/div><div id=\"pgc-30499-7-1\"  class=\"panel-grid-cell\" ><div id=\"panel-30499-7-1-0\" class=\"so-panel widget widget_sow-headline panel-first-child\" data-index=\"14\" ><div\n\t\t\t\n\t\t\tclass=\"so-widget-sow-headline so-widget-sow-headline-default-5d74d290e9c0-30499\"\n\t\t\t\n\t\t><div class=\"sow-headline-container \">\n\t\t\t\t\t\t\t<h2 class=\"sow-headline\">\n\t\t\t\t\t\tEl Programa de Alerta AMBER de Texas pone en marcha un nuevo Comit\u00e9 para abordar la desaparici\u00f3n de menores\t\t\t\t\t\t<\/h2>\n\t\t\t\t\t\t\t\t\t\t\t<div class=\"decoration\">\n\t\t\t\t\t\t<div class=\"decoration-inside\"><\/div>\n\t\t\t\t\t<\/div>\n\t\t\t\t\t<\/div>\n<\/div><\/div><div id=\"panel-30499-7-1-1\" class=\"so-panel widget widget_sow-editor panel-last-child\" data-index=\"15\" ><div\n\t\t\t\n\t\t\tclass=\"so-widget-sow-editor so-widget-sow-editor-base\"\n\t\t\t\n\t\t>\n<div class=\"siteorigin-widget-tinymce textwidget\">\n\t<p class=\"p1\">La Red de Alerta AMBER del Valle de Brazos en College Station, Texas, form\u00f3 un nuevo comit\u00e9 para identificar los recursos necesarios para los ni\u00f1os desaparecidos en la comunidad. Un promedio de 330 ni\u00f1os en el Valle de Brazos son reportados como desaparecidos cada a\u00f1o. \u201cLos n\u00fameros nos est\u00e1n diciendo que tenemos un problema\u201d, dijo el Jefe Adjunto de la Polic\u00eda de College Station, Chuck Fleeger. \u201cAhora es el momento de abordarlo\u201d.   <\/p>\n<\/div>\n<\/div><\/div><\/div><\/div><\/div><\/div>","protected":false},"excerpt":{"rendered":"<p>Breves noticias sobre la Alerta AMBER y la Protecci\u00f3n de la Infancia<\/p>\n","protected":false},"author":10,"featured_media":24447,"comment_status":"closed","ping_status":"closed","sticky":false,"template":"","format":"standard","meta":{"_bbp_topic_count":0,"_bbp_reply_count":0,"_bbp_total_topic_count":0,"_bbp_total_reply_count":0,"_bbp_voice_count":0,"_bbp_anonymous_reply_count":0,"_bbp_topic_count_hidden":0,"_bbp_reply_count_hidden":0,"_bbp_forum_subforum_count":0,"_analytify_skip_tracking":false,"footnotes":""},"categories":[649],"tags":[],"class_list":["post-30499","post","type-post","status-publish","format-standard","has-post-thumbnail","hentry","category-alerta-amber-breves"],"meta_box":{"aa_theme_enable_blocks_editor":"","aa_theme_featured_img_position":""},"publishpress_future_workflow_manual_trigger":{"enabledWorkflows":[]},"_links":{"self":[{"href":"https:\/\/amberadvocate.org\/es\/wp-json\/wp\/v2\/posts\/30499","targetHints":{"allow":["GET"]}}],"collection":[{"href":"https:\/\/amberadvocate.org\/es\/wp-json\/wp\/v2\/posts"}],"about":[{"href":"https:\/\/amberadvocate.org\/es\/wp-json\/wp\/v2\/types\/post"}],"author":[{"embeddable":true,"href":"https:\/\/amberadvocate.org\/es\/wp-json\/wp\/v2\/users\/10"}],"replies":[{"embeddable":true,"href":"https:\/\/amberadvocate.org\/es\/wp-json\/wp\/v2\/comments?post=30499"}],"version-history":[{"count":0,"href":"https:\/\/amberadvocate.org\/es\/wp-json\/wp\/v2\/posts\/30499\/revisions"}],"wp:featuredmedia":[{"embeddable":true,"href":"https:\/\/amberadvocate.org\/es\/wp-json\/wp\/v2\/media\/24447"}],"wp:attachment":[{"href":"https:\/\/amberadvocate.org\/es\/wp-json\/wp\/v2\/media?parent=30499"}],"wp:term":[{"taxonomy":"category","embeddable":true,"href":"https:\/\/amberadvocate.org\/es\/wp-json\/wp\/v2\/categories?post=30499"},{"taxonomy":"post_tag","embeddable":true,"href":"https:\/\/amberadvocate.org\/es\/wp-json\/wp\/v2\/tags?post=30499"}],"curies":[{"name":"wp","href":"https:\/\/api.w.org\/{rel}","templated":true}]}}