{"id":30497,"date":"2020-03-27T16:56:58","date_gmt":"2020-03-27T21:56:58","guid":{"rendered":"https:\/\/amberadvocate.org\/sin-categorizar\/alerta-amber-en-el-pais-indio-numero-1-2020\/"},"modified":"2025-11-01T14:20:49","modified_gmt":"2025-11-01T19:20:49","slug":"alerta-amber-en-el-pais-indio-numero-1-2020","status":"publish","type":"post","link":"https:\/\/amberadvocate.org\/es\/pais-indio\/alerta-amber-en-el-pais-indio-numero-1-2020\/","title":{"rendered":"Alerta AMBER en el Pa\u00eds Indio &#8211; N\u00famero 1 2020"},"content":{"rendered":"<div id=\"pl-30497\"  class=\"panel-layout\" ><div id=\"pg-30497-0\"  class=\"panel-grid panel-has-style\" ><div class=\"siteorigin-panels-stretch panel-row-style panel-row-style-for-30497-0\" data-stretch-type=\"full\" ><div id=\"pgc-30497-0-0\"  class=\"panel-grid-cell\" ><div id=\"panel-30497-0-0-0\" class=\"so-panel widget widget_sow-headline panel-first-child\" data-index=\"0\" ><div class=\"panel-widget-style panel-widget-style-for-30497-0-0-0\" ><div\n\t\t\t\n\t\t\tclass=\"so-widget-sow-headline so-widget-sow-headline-default-f2a1341d8031-30497\"\n\t\t\t\n\t\t><div class=\"sow-headline-container \">\n\t\t\t\t\t\t\t<h2 class=\"sow-headline\">\n\t\t\t\t\t\tEl sitio web de la Alerta AMBER se actualiza con m\u00e1s recursos para el Pa\u00eds Indio\t\t\t\t\t\t<\/h2>\n\t\t\t\t\t\t\t\t\t\t\t<div class=\"decoration\">\n\t\t\t\t\t\t<div class=\"decoration-inside\"><\/div>\n\t\t\t\t\t<\/div>\n\t\t\t\t\t<\/div>\n<\/div><\/div><\/div><div id=\"panel-30497-0-0-1\" class=\"so-panel widget widget_sow-editor panel-last-child\" data-index=\"1\" ><div\n\t\t\t\n\t\t\tclass=\"so-widget-sow-editor so-widget-sow-editor-base\"\n\t\t\t\n\t\t>\n<div class=\"siteorigin-widget-tinymce textwidget\">\n\t<p class=\"p1\">La Oficina de Programas de Justicia del Departamento de Justicia de EEUU ha actualizado recientemente su sitio web de Alerta AMBER en <a href=\"https:\/\/amberalert.ojp.gov\">https:\/\/amberalert.ojp.gov,<\/a> que ahora incluye acceso a informaci\u00f3n sobre la Alerta AMBER en el Pa\u00eds Indio y la Ley Ashlynne Mike de Alerta AMBER en el Pa\u00eds Indio de 2018 y las iniciativas resultantes.<\/p>\n<\/div>\n<\/div><\/div><\/div><\/div><\/div><div id=\"pg-30497-1\"  class=\"panel-grid panel-has-style\" ><div class=\"siteorigin-panels-stretch panel-row-style panel-row-style-for-30497-1\" data-stretch-type=\"full\" ><div id=\"pgc-30497-1-0\"  class=\"panel-grid-cell\" ><div id=\"panel-30497-1-0-0\" class=\"so-panel widget widget_sow-headline panel-first-child\" data-index=\"2\" ><div class=\"panel-widget-style panel-widget-style-for-30497-1-0-0\" ><div\n\t\t\t\n\t\t\tclass=\"so-widget-sow-headline so-widget-sow-headline-default-f2a1341d8031-30497\"\n\t\t\t\n\t\t><div class=\"sow-headline-container \">\n\t\t\t\t\t\t\t<h2 class=\"sow-headline\">\n\t\t\t\t\t\tLegisladores de Wyoming trabajan para aumentar la seguridad de los nativos americanos\t\t\t\t\t\t<\/h2>\n\t\t\t\t\t\t\t\t\t\t\t<div class=\"decoration\">\n\t\t\t\t\t\t<div class=\"decoration-inside\"><\/div>\n\t\t\t\t\t<\/div>\n\t\t\t\t\t<\/div>\n<\/div><\/div><\/div><div id=\"panel-30497-1-0-1\" class=\"so-panel widget widget_sow-editor panel-last-child\" data-index=\"3\" ><div\n\t\t\t\n\t\t\tclass=\"so-widget-sow-editor so-widget-sow-editor-base\"\n\t\t\t\n\t\t>\n<div class=\"siteorigin-widget-tinymce textwidget\">\n\t<p class=\"p1\">Los legisladores de Wyoming est\u00e1n redactando una ley para abordar los problemas relacionados con las v\u00edctimas desaparecidas y asesinadas de las comunidades ind\u00edgenas. El 31 de octubre de 2019, el Comit\u00e9 Judicial vot\u00f3 a favor de un proyecto de ley que: 1) recopilar\u00eda y publicar\u00eda datos sobre personas desaparecidas con datos biogr\u00e1ficos; 2) exigir\u00eda la cooperaci\u00f3n de las agencias de aplicaci\u00f3n de la ley; 3) ofrecer\u00eda capacitaci\u00f3n sobre personas ind\u00edgenas desaparecidas y asesinadas; y 4) ayudar\u00eda a las tribus Eastern Shoshone y Northern Arapaho si deciden implementar y administrar su propio sistema de Alerta AMBER. Los legisladores tambi\u00e9n est\u00e1n considerando una propuesta que permitir\u00eda a la polic\u00eda tribal arrestar o citar a los delincuentes no nativos americanos.      <\/p>\n<\/div>\n<\/div><\/div><\/div><\/div><\/div><div id=\"pg-30497-2\"  class=\"panel-grid panel-has-style\" ><div class=\"siteorigin-panels-stretch panel-row-style panel-row-style-for-30497-2\" data-stretch-type=\"full\" ><div id=\"pgc-30497-2-0\"  class=\"panel-grid-cell\" ><div id=\"panel-30497-2-0-0\" class=\"so-panel widget widget_sow-headline panel-first-child\" data-index=\"4\" ><div class=\"panel-widget-style panel-widget-style-for-30497-2-0-0\" ><div\n\t\t\t\n\t\t\tclass=\"so-widget-sow-headline so-widget-sow-headline-default-f2a1341d8031-30497\"\n\t\t\t\n\t\t><div class=\"sow-headline-container \">\n\t\t\t\t\t\t\t<h2 class=\"sow-headline\">\n\t\t\t\t\t\tLa Naci\u00f3n Navajo celebra un Foro para V\u00edctimas Desaparecidas y Asesinadas\t\t\t\t\t\t<\/h2>\n\t\t\t\t\t\t\t\t\t\t\t<div class=\"decoration\">\n\t\t\t\t\t\t<div class=\"decoration-inside\"><\/div>\n\t\t\t\t\t<\/div>\n\t\t\t\t\t<\/div>\n<\/div><\/div><\/div><div id=\"panel-30497-2-0-1\" class=\"so-panel widget widget_sow-editor panel-last-child\" data-index=\"5\" ><div\n\t\t\t\n\t\t\tclass=\"so-widget-sow-editor so-widget-sow-editor-base\"\n\t\t\t\n\t\t>\n<div class=\"siteorigin-widget-tinymce textwidget\">\n\t<p class=\"p1\">El Grupo de Trabajo de Familiares Din\u00e9 Desaparecidos y Asesinados organiz\u00f3 un foro del 21 al 22 de noviembre de 2019 en Gallup, Nuevo M\u00e9xico. El foro incluy\u00f3 debates sobre la Alerta AMBER, la justicia para las familias Navajo y los factores de riesgo para los ancianos y discapacitados. <\/p>\n<\/div>\n<\/div><\/div><\/div><\/div><\/div><\/div>","protected":false},"excerpt":{"rendered":"<p>Breves noticias sobre la Alerta AMBER y la protecci\u00f3n de la infancia en el Pa\u00eds Indio<\/p>\n","protected":false},"author":10,"featured_media":5056,"comment_status":"closed","ping_status":"closed","sticky":false,"template":"","format":"standard","meta":{"_bbp_topic_count":0,"_bbp_reply_count":0,"_bbp_total_topic_count":0,"_bbp_total_reply_count":0,"_bbp_voice_count":0,"_bbp_anonymous_reply_count":0,"_bbp_topic_count_hidden":0,"_bbp_reply_count_hidden":0,"_bbp_forum_subforum_count":0,"_analytify_skip_tracking":false,"footnotes":""},"categories":[653],"tags":[],"class_list":["post-30497","post","type-post","status-publish","format-standard","has-post-thumbnail","hentry","category-pais-indio"],"meta_box":{"aa_theme_enable_blocks_editor":"","aa_theme_featured_img_position":""},"publishpress_future_workflow_manual_trigger":{"enabledWorkflows":[]},"_links":{"self":[{"href":"https:\/\/amberadvocate.org\/es\/wp-json\/wp\/v2\/posts\/30497","targetHints":{"allow":["GET"]}}],"collection":[{"href":"https:\/\/amberadvocate.org\/es\/wp-json\/wp\/v2\/posts"}],"about":[{"href":"https:\/\/amberadvocate.org\/es\/wp-json\/wp\/v2\/types\/post"}],"author":[{"embeddable":true,"href":"https:\/\/amberadvocate.org\/es\/wp-json\/wp\/v2\/users\/10"}],"replies":[{"embeddable":true,"href":"https:\/\/amberadvocate.org\/es\/wp-json\/wp\/v2\/comments?post=30497"}],"version-history":[{"count":0,"href":"https:\/\/amberadvocate.org\/es\/wp-json\/wp\/v2\/posts\/30497\/revisions"}],"wp:featuredmedia":[{"embeddable":true,"href":"https:\/\/amberadvocate.org\/es\/wp-json\/wp\/v2\/media\/5056"}],"wp:attachment":[{"href":"https:\/\/amberadvocate.org\/es\/wp-json\/wp\/v2\/media?parent=30497"}],"wp:term":[{"taxonomy":"category","embeddable":true,"href":"https:\/\/amberadvocate.org\/es\/wp-json\/wp\/v2\/categories?post=30497"},{"taxonomy":"post_tag","embeddable":true,"href":"https:\/\/amberadvocate.org\/es\/wp-json\/wp\/v2\/tags?post=30497"}],"curies":[{"name":"wp","href":"https:\/\/api.w.org\/{rel}","templated":true}]}}