{"id":30491,"date":"2020-05-21T17:21:43","date_gmt":"2020-05-21T22:21:43","guid":{"rendered":"https:\/\/amberadvocate.org\/sin-categorizar\/el-director-y-el-agente-especial-del-grupo-especial-de-wisconsin-galardonados-con-la-mencion-especial-del-fiscal-general-de-ee-uu\/"},"modified":"2020-05-21T17:21:43","modified_gmt":"2020-05-21T22:21:43","slug":"el-director-y-el-agente-especial-del-grupo-especial-de-wisconsin-galardonados-con-la-mencion-especial-del-fiscal-general-de-ee-uu","status":"publish","type":"post","link":"https:\/\/amberadvocate.org\/es\/alerta-amber-en-accion\/el-director-y-el-agente-especial-del-grupo-especial-de-wisconsin-galardonados-con-la-mencion-especial-del-fiscal-general-de-ee-uu\/","title":{"rendered":"El Director y el Agente Especial del Grupo Especial de Wisconsin galardonados con la Menci\u00f3n Especial del Fiscal General de EE.UU."},"content":{"rendered":"<p>Como parte de la 37\u00aa conmemoraci\u00f3n anual del D\u00eda Nacional del Menor Desaparecido por parte del Departamento de Justicia de EE.UU., se concedi\u00f3 el premio Special Commendation del Fiscal General al Director de Investigaci\u00f3n Criminal <img decoding=\"async\" class=\" wp-image-5407 alignright\" src=\"https:\/\/amberadvocate.org\/wp-content\/uploads\/2020\/05\/Joy-240x300.jpg\" alt=\"Matthew Joy, Grupo Especial de Delitos contra Menores en Internet de Wisconsin, Departamento de Justicia de Wisconsin\" width=\"201\" height=\"252\">, Matthew Joy, Comandante del Grupo Especial de Delitos contra Menores por Internet del Departamento de Justicia de Wisconsin en Appleton, Wisconsin, y al Agente Especial al Cargo Jesse Crowe, Supervisor del Grupo Especial de Delitos contra Menores por Internet del Distrito Oeste de Wisconsin.<br \/>\nEn enero de 2019, el Director Joy y el SAC Crowe dirigieron una b\u00fasqueda urgente para localizar a una ni\u00f1a de 14 a\u00f1os desaparecida que hab\u00eda sido transportada a trav\u00e9s de las fronteras estatales por un presunto pederasta con el que hab\u00eda estado chateando por Internet.<br \/>\nEl autor fue detenido, condenado y ahora cumple una pena de 11 a\u00f1os y 3 meses en una prisi\u00f3n federal.<br \/>\nEl premio de Encomio Especial del Fiscal General reconoce los esfuerzos extraordinarios y las contribuciones significativas en materia de investigaci\u00f3n o programas de un grupo de trabajo sobre Delitos contra Menores en Internet o de una agencia afiliada, o de una persona asignada a cualquiera de ellos.<br \/>\nEl Programa de Formaci\u00f3n y Asistencia T\u00e9cnica de la Alerta AMBER tiene el honor de unirse al DOJ para felicitar al Director Joy por este importante reconocimiento a su firme compromiso y diligencia en la protecci\u00f3n de los ni\u00f1os.      <\/p>\n<p style=\"text-align: center;\"><strong><a href=\"https:\/\/www.justice.gov\/opa\/pr\/justice-department-honors-wisconsin-task-force-director-and-special-agent-capture-child\" target=\"_blank\" rel=\"noopener noreferrer\"><a href=\"https:\/\/www.justice.gov\/opa\/pr\/justice-department-honors-wisconsin-task-force-director-and-special-agent-capture-child\">Lee el comunicado de prensa completo del DOJ aqu\u00ed.<\/a><\/a><\/strong><\/p>\n","protected":false},"excerpt":{"rendered":"<p>Como parte de la 37\u00aa conmemoraci\u00f3n anual del D\u00eda Nacional del Menor Desaparecido por parte del Departamento de Justicia de EE.UU., se concedi\u00f3 el premio Special Commendation del Fiscal General al Director de Investigaci\u00f3n Criminal , Matthew Joy, Comandante del Grupo Especial de Delitos contra Menores por Internet del Departamento de Justicia de Wisconsin en [&hellip;]<\/p>\n","protected":false},"author":38,"featured_media":27805,"comment_status":"closed","ping_status":"closed","sticky":false,"template":"","format":"standard","meta":{"_bbp_topic_count":0,"_bbp_reply_count":0,"_bbp_total_topic_count":0,"_bbp_total_reply_count":0,"_bbp_voice_count":0,"_bbp_anonymous_reply_count":0,"_bbp_topic_count_hidden":0,"_bbp_reply_count_hidden":0,"_bbp_forum_subforum_count":0,"_analytify_skip_tracking":false,"footnotes":""},"categories":[648],"tags":[],"class_list":["post-30491","post","type-post","status-publish","format-standard","has-post-thumbnail","hentry","category-alerta-amber-en-accion"],"meta_box":{"aa_theme_enable_blocks_editor":"","aa_theme_featured_img_position":""},"publishpress_future_workflow_manual_trigger":{"enabledWorkflows":[]},"_links":{"self":[{"href":"https:\/\/amberadvocate.org\/es\/wp-json\/wp\/v2\/posts\/30491","targetHints":{"allow":["GET"]}}],"collection":[{"href":"https:\/\/amberadvocate.org\/es\/wp-json\/wp\/v2\/posts"}],"about":[{"href":"https:\/\/amberadvocate.org\/es\/wp-json\/wp\/v2\/types\/post"}],"author":[{"embeddable":true,"href":"https:\/\/amberadvocate.org\/es\/wp-json\/wp\/v2\/users\/38"}],"replies":[{"embeddable":true,"href":"https:\/\/amberadvocate.org\/es\/wp-json\/wp\/v2\/comments?post=30491"}],"version-history":[{"count":0,"href":"https:\/\/amberadvocate.org\/es\/wp-json\/wp\/v2\/posts\/30491\/revisions"}],"wp:featuredmedia":[{"embeddable":true,"href":"https:\/\/amberadvocate.org\/es\/wp-json\/wp\/v2\/media\/27805"}],"wp:attachment":[{"href":"https:\/\/amberadvocate.org\/es\/wp-json\/wp\/v2\/media?parent=30491"}],"wp:term":[{"taxonomy":"category","embeddable":true,"href":"https:\/\/amberadvocate.org\/es\/wp-json\/wp\/v2\/categories?post=30491"},{"taxonomy":"post_tag","embeddable":true,"href":"https:\/\/amberadvocate.org\/es\/wp-json\/wp\/v2\/tags?post=30491"}],"curies":[{"name":"wp","href":"https:\/\/api.w.org\/{rel}","templated":true}]}}