{"id":30474,"date":"2020-06-30T12:51:18","date_gmt":"2020-06-30T17:51:18","guid":{"rendered":"https:\/\/amberadvocate.org\/sin-categorizar\/amber-alert-international-numero-2-2020\/"},"modified":"2025-11-01T14:21:16","modified_gmt":"2025-11-01T19:21:16","slug":"amber-alert-international-numero-2-2020","status":"publish","type":"post","link":"https:\/\/amberadvocate.org\/es\/internacional\/amber-alert-international-numero-2-2020\/","title":{"rendered":"AMBER Alert International &#8211; N\u00famero 2 2020"},"content":{"rendered":"<div id=\"pl-30474\"  class=\"panel-layout\" ><div id=\"pg-30474-0\"  class=\"panel-grid panel-has-style\" ><div class=\"siteorigin-panels-stretch panel-row-style panel-row-style-for-30474-0\" data-stretch-type=\"full\" ><div id=\"pgc-30474-0-0\"  class=\"panel-grid-cell\" ><div id=\"panel-30474-0-0-0\" class=\"so-panel widget widget_sow-headline panel-first-child\" data-index=\"0\" ><div class=\"panel-widget-style panel-widget-style-for-30474-0-0-0\" ><div\n\t\t\t\n\t\t\tclass=\"so-widget-sow-headline so-widget-sow-headline-default-f2a1341d8031-30474\"\n\t\t\t\n\t\t><div class=\"sow-headline-container \">\n\t\t\t\t\t\t\t<h2 class=\"sow-headline\">\n\t\t\t\t\t\talertas \u00e1mbar en cajeros autom\u00e1ticos de toda europa\t\t\t\t\t\t<\/h2>\n\t\t\t\t\t\t\t\t\t\t\t<div class=\"decoration\">\n\t\t\t\t\t\t<div class=\"decoration-inside\"><\/div>\n\t\t\t\t\t<\/div>\n\t\t\t\t\t<\/div>\n<\/div><\/div><\/div><div id=\"panel-30474-0-0-1\" class=\"so-panel widget widget_sow-editor panel-last-child\" data-index=\"1\" ><div\n\t\t\t\n\t\t\tclass=\"so-widget-sow-editor so-widget-sow-editor-base\"\n\t\t\t\n\t\t>\n<div class=\"siteorigin-widget-tinymce textwidget\">\n\t<p class=\"p1\">AMBER Alert Europe se ha asociado con una empresa de tecnolog\u00eda para que las alertas AMBER se vean en 23.000 pantallas de cajeros autom\u00e1ticos en toda Europa, con el potencial de ser vistas por millones de usuarios y otras personas que pasen por all\u00ed. El concepto comenz\u00f3 en los Pa\u00edses Bajos con Euronet Worldwide en el verano de 2019. \u201cEsta asociaci\u00f3n aumentar\u00e1 significativamente la cantidad de exposici\u00f3n que recibir\u00e1n los ni\u00f1os desaparecidos\u201d, dijo Frank Hoen, presidente y fundador de AMBER Alert Europe. \u201cEstoy seguro de que esto salvar\u00e1 vidas de ni\u00f1os en el futuro\u201d.   <\/p>\n<\/div>\n<\/div><\/div><\/div><\/div><\/div><div id=\"pg-30474-1\"  class=\"panel-grid panel-has-style\" ><div class=\"siteorigin-panels-stretch panel-row-style panel-row-style-for-30474-1\" data-stretch-type=\"full\" ><div id=\"pgc-30474-1-0\"  class=\"panel-grid-cell\" ><div id=\"panel-30474-1-0-0\" class=\"so-panel widget widget_sow-headline panel-first-child\" data-index=\"2\" ><div class=\"panel-widget-style panel-widget-style-for-30474-1-0-0\" ><div\n\t\t\t\n\t\t\tclass=\"so-widget-sow-headline so-widget-sow-headline-default-f2a1341d8031-30474\"\n\t\t\t\n\t\t><div class=\"sow-headline-container \">\n\t\t\t\t\t\t\t<h2 class=\"sow-headline\">\n\t\t\t\t\t\tUNA CUANTIOSA RECOMPENSA CONDUCE A LA DETENCI\u00d3N DE UNA NI\u00d1A DE 7 A\u00d1OS SECUESTRADA Y ASESINADA EN LA CIUDAD DE M\u00c9XICO\t\t\t\t\t\t<\/h2>\n\t\t\t\t\t\t\t\t\t\t\t<div class=\"decoration\">\n\t\t\t\t\t\t<div class=\"decoration-inside\"><\/div>\n\t\t\t\t\t<\/div>\n\t\t\t\t\t<\/div>\n<\/div><\/div><\/div><div id=\"panel-30474-1-0-1\" class=\"so-panel widget widget_sow-editor panel-last-child\" data-index=\"3\" ><div\n\t\t\t\n\t\t\tclass=\"so-widget-sow-editor so-widget-sow-editor-base\"\n\t\t\t\n\t\t>\n<div class=\"siteorigin-widget-tinymce textwidget\">\n\t<p class=\"p1\">Una pareja fue detenida despu\u00e9s de que la Procuradur\u00eda General de Justicia del Distrito Federal ofreciera una recompensa de 2 millones de pesos (aproximadamente 80.000 d\u00f3lares estadounidenses) por informaci\u00f3n que condujera a la captura de las personas implicadas en el secuestro y asesinato de una ni\u00f1a de 7 a\u00f1os.<\/p>\n<p class=\"p1\">Una mujer recogi\u00f3 a la ni\u00f1a de su escuela primaria el 11 de febrero de 2020 y dijo que la iba a llevar a casa. Un v\u00eddeo de vigilancia muestra a la mujer y a la ni\u00f1a caminando por la calle. Cinco d\u00edas despu\u00e9s, la ni\u00f1a fue encontrada muerta en una bolsa de basura.  <\/p>\n<p class=\"p1\">La polic\u00eda dice que la mujer le dio la ni\u00f1a como un \u201cregalo\u201d a su marido maltratador. La ni\u00f1a fue asesinada cuando el marido vio un reportaje en la televisi\u00f3n sobre su desaparici\u00f3n y la b\u00fasqueda policial activa. Una autopsia revel\u00f3 que la ni\u00f1a hab\u00eda sido agredida sexualmente antes de su muerte. El Ministerio P\u00fablico mexicano est\u00e1 solicitando la pena m\u00e1xima para el secuestrador y el asesino, una condena de 70 a\u00f1os cada uno.   <\/p>\n<\/div>\n<\/div><\/div><\/div><\/div><\/div><div id=\"pg-30474-2\"  class=\"panel-grid panel-has-style\" ><div class=\"siteorigin-panels-stretch panel-row-style panel-row-style-for-30474-2\" data-stretch-type=\"full\" ><div id=\"pgc-30474-2-0\"  class=\"panel-grid-cell\" ><div id=\"panel-30474-2-0-0\" class=\"so-panel widget widget_sow-headline panel-first-child\" data-index=\"4\" ><div class=\"panel-widget-style panel-widget-style-for-30474-2-0-0\" ><div\n\t\t\t\n\t\t\tclass=\"so-widget-sow-headline so-widget-sow-headline-default-f2a1341d8031-30474\"\n\t\t\t\n\t\t><div class=\"sow-headline-container \">\n\t\t\t\t\t\t\t<h2 class=\"sow-headline\">\n\t\t\t\t\t\tBOSNIA Y HERZEGOVINA AHORA FORMA PARTE DE EUROPA ALERTA \u00c1MBAR\t\t\t\t\t\t<\/h2>\n\t\t\t\t\t\t\t\t\t\t\t<div class=\"decoration\">\n\t\t\t\t\t\t<div class=\"decoration-inside\"><\/div>\n\t\t\t\t\t<\/div>\n\t\t\t\t\t<\/div>\n<\/div><\/div><\/div><div id=\"panel-30474-2-0-1\" class=\"so-panel widget widget_sow-editor panel-last-child\" data-index=\"5\" ><div\n\t\t\t\n\t\t\tclass=\"so-widget-sow-editor so-widget-sow-editor-base\"\n\t\t\t\n\t\t>\n<div class=\"siteorigin-widget-tinymce textwidget\">\n\t<p class=\"p1\">El pa\u00eds del sudeste de Europa, Bosnia-Herzegovina, ahora forma parte del programa de alerta de secuestro de ni\u00f1os del continente. El pa\u00eds es el 21\u00ba en unirse a AMBER Alert Europe, que ahora cuenta con 34 organizaciones participantes. \u201cAl unirnos, queremos contribuir a resolver r\u00e1pida y exitosamente los casos de ni\u00f1os desaparecidos mediante la cooperaci\u00f3n con colegas de otros pa\u00edses\u201d, dijo Mirsad Vili\u0107, Director de Coordinaci\u00f3n de los Cuerpos de Polic\u00eda de Bosnia y Herzegovina. El pa\u00eds tambi\u00e9n se une a la Red de Expertos Policiales en Personas Desaparecidas, una red que permite a las fuerzas del orden consultar r\u00e1pidamente con miembros de otros pa\u00edses sobre personas desaparecidas.   <\/p>\n<\/div>\n<\/div><\/div><\/div><\/div><\/div><div id=\"pg-30474-3\"  class=\"panel-grid panel-has-style\" ><div class=\"siteorigin-panels-stretch panel-row-style panel-row-style-for-30474-3\" data-stretch-type=\"full\" ><div id=\"pgc-30474-3-0\"  class=\"panel-grid-cell\" ><div id=\"panel-30474-3-0-0\" class=\"so-panel widget widget_sow-headline panel-first-child\" data-index=\"6\" ><div class=\"panel-widget-style panel-widget-style-for-30474-3-0-0\" ><div\n\t\t\t\n\t\t\tclass=\"so-widget-sow-headline so-widget-sow-headline-default-f2a1341d8031-30474\"\n\t\t\t\n\t\t><div class=\"sow-headline-container \">\n\t\t\t\t\t\t\t<h2 class=\"sow-headline\">\n\t\t\t\t\t\tPAKIST\u00c1N LANZA UN PROGRAMA DE ALERTA SOBRE EL SECUESTRO DE NI\u00d1OS\t\t\t\t\t\t<\/h2>\n\t\t\t\t\t\t\t\t\t\t\t<div class=\"decoration\">\n\t\t\t\t\t\t<div class=\"decoration-inside\"><\/div>\n\t\t\t\t\t<\/div>\n\t\t\t\t\t<\/div>\n<\/div><\/div><\/div><div id=\"panel-30474-3-0-1\" class=\"so-panel widget widget_sow-editor panel-last-child\" data-index=\"7\" ><div\n\t\t\t\n\t\t\tclass=\"so-widget-sow-editor so-widget-sow-editor-base\"\n\t\t\t\n\t\t>\n<div class=\"siteorigin-widget-tinymce textwidget\">\n\t<p class=\"p1\">Pakist\u00e1n ahora tiene una \u201cAlerta Mera Bacha\u201d para ayudar a recuperar a los ni\u00f1os desaparecidos. El sistema utiliza una aplicaci\u00f3n m\u00f3vil para enviar detalles sobre un ni\u00f1o desaparecido a los tel\u00e9fonos inteligentes. La alerta forma parte del programa Digital Pakistan Vision, que se lanz\u00f3 en 2018 para ayudar a empoderar a las mujeres.  <\/p>\n<\/div>\n<\/div><\/div><\/div><\/div><\/div><div id=\"pg-30474-4\"  class=\"panel-grid panel-has-style\" ><div class=\"siteorigin-panels-stretch panel-row-style panel-row-style-for-30474-4\" data-stretch-type=\"full\" ><div id=\"pgc-30474-4-0\"  class=\"panel-grid-cell\" ><div id=\"panel-30474-4-0-0\" class=\"so-panel widget widget_sow-headline panel-first-child\" data-index=\"8\" ><div class=\"panel-widget-style panel-widget-style-for-30474-4-0-0\" ><div\n\t\t\t\n\t\t\tclass=\"so-widget-sow-headline so-widget-sow-headline-default-f2a1341d8031-30474\"\n\t\t\t\n\t\t><div class=\"sow-headline-container \">\n\t\t\t\t\t\t\t<h2 class=\"sow-headline\">\n\t\t\t\t\t\tLA POLIC\u00cdA DE BELICE ACTUALIZA LOS CRITERIOS PARA LAS ALERTAS JASMINE\t\t\t\t\t\t<\/h2>\n\t\t\t\t\t\t\t\t\t\t\t<div class=\"decoration\">\n\t\t\t\t\t\t<div class=\"decoration-inside\"><\/div>\n\t\t\t\t\t<\/div>\n\t\t\t\t\t<\/div>\n<\/div><\/div><\/div><div id=\"panel-30474-4-0-1\" class=\"so-panel widget widget_sow-editor panel-last-child\" data-index=\"9\" ><div\n\t\t\t\n\t\t\tclass=\"so-widget-sow-editor so-widget-sow-editor-base\"\n\t\t\t\n\t\t>\n<div class=\"siteorigin-widget-tinymce textwidget\">\n\t<p class=\"p1\">El pa\u00eds centroamericano de Belice est\u00e1 cambiando los criterios para la Alerta Jasmine, una alerta nacional que se env\u00eda al p\u00fablico cuando un ni\u00f1o est\u00e1 desaparecido o ha sido secuestrado. El Departamento de Polic\u00eda de Belice firm\u00f3 un MOU con el programa Alerta Jasmine para aclarar los criterios de la alerta, de modo que est\u00e9 alineada con los criterios de la Alerta AMBER utilizados en la mayor\u00eda de los pa\u00edses. El programa Alerta Jasmine se inici\u00f3 en 2012 tras la desaparici\u00f3n de Jasmine Lowe, de 13 a\u00f1os, que fue encontrada muerta posteriormente.  <\/p>\n<\/div>\n<\/div><\/div><\/div><\/div><\/div><div id=\"pg-30474-5\"  class=\"panel-grid panel-has-style\" ><div class=\"siteorigin-panels-stretch panel-row-style panel-row-style-for-30474-5\" data-stretch-type=\"full\" ><div id=\"pgc-30474-5-0\"  class=\"panel-grid-cell\" ><div id=\"panel-30474-5-0-0\" class=\"so-panel widget widget_sow-headline panel-first-child\" data-index=\"10\" ><div class=\"panel-widget-style panel-widget-style-for-30474-5-0-0\" ><div\n\t\t\t\n\t\t\tclass=\"so-widget-sow-headline so-widget-sow-headline-default-f2a1341d8031-30474\"\n\t\t\t\n\t\t><div class=\"sow-headline-container \">\n\t\t\t\t\t\t\t<h2 class=\"sow-headline\">\n\t\t\t\t\t\tNUEVO PRESIDENTE DE LA RED EUROPEA DE PERSONAS DESAPARECIDAS\t\t\t\t\t\t<\/h2>\n\t\t\t\t\t\t\t\t\t\t\t<div class=\"decoration\">\n\t\t\t\t\t\t<div class=\"decoration-inside\"><\/div>\n\t\t\t\t\t<\/div>\n\t\t\t\t\t<\/div>\n<\/div><\/div><\/div><div id=\"panel-30474-5-0-1\" class=\"so-panel widget widget_sow-editor panel-last-child\" data-index=\"11\" ><div\n\t\t\t\n\t\t\tclass=\"so-widget-sow-editor so-widget-sow-editor-base\"\n\t\t\t\n\t\t>\n<div class=\"siteorigin-widget-tinymce textwidget\">\n\t<p class=\"p1\">Damjan Mikli\u010d, inspector especialista superior de la polic\u00eda criminal de la Direcci\u00f3n de Polic\u00eda de Eslovenia, ha sido nombrado presidente de la Red Europea de Expertos Policiales en Personas Desaparecidas. La red est\u00e1 formada por m\u00e1s de 50 expertos en aplicaci\u00f3n de la ley en el campo de las personas desaparecidas, espec\u00edficamente ni\u00f1os, de 21 pa\u00edses europeos. <\/p>\n<\/div>\n<\/div><\/div><\/div><\/div><\/div><\/div>","protected":false},"excerpt":{"rendered":"<p>Breves noticias sobre la Alerta AMBER y la protecci\u00f3n de la infancia en todo el mundo<\/p>\n","protected":false},"author":10,"featured_media":24457,"comment_status":"closed","ping_status":"closed","sticky":false,"template":"","format":"standard","meta":{"_bbp_topic_count":0,"_bbp_reply_count":0,"_bbp_total_topic_count":0,"_bbp_total_reply_count":0,"_bbp_voice_count":0,"_bbp_anonymous_reply_count":0,"_bbp_topic_count_hidden":0,"_bbp_reply_count_hidden":0,"_bbp_forum_subforum_count":0,"_analytify_skip_tracking":false,"footnotes":""},"categories":[651],"tags":[],"class_list":["post-30474","post","type-post","status-publish","format-standard","has-post-thumbnail","hentry","category-internacional"],"meta_box":{"aa_theme_enable_blocks_editor":"","aa_theme_featured_img_position":""},"publishpress_future_workflow_manual_trigger":{"enabledWorkflows":[]},"_links":{"self":[{"href":"https:\/\/amberadvocate.org\/es\/wp-json\/wp\/v2\/posts\/30474","targetHints":{"allow":["GET"]}}],"collection":[{"href":"https:\/\/amberadvocate.org\/es\/wp-json\/wp\/v2\/posts"}],"about":[{"href":"https:\/\/amberadvocate.org\/es\/wp-json\/wp\/v2\/types\/post"}],"author":[{"embeddable":true,"href":"https:\/\/amberadvocate.org\/es\/wp-json\/wp\/v2\/users\/10"}],"replies":[{"embeddable":true,"href":"https:\/\/amberadvocate.org\/es\/wp-json\/wp\/v2\/comments?post=30474"}],"version-history":[{"count":0,"href":"https:\/\/amberadvocate.org\/es\/wp-json\/wp\/v2\/posts\/30474\/revisions"}],"wp:featuredmedia":[{"embeddable":true,"href":"https:\/\/amberadvocate.org\/es\/wp-json\/wp\/v2\/media\/24457"}],"wp:attachment":[{"href":"https:\/\/amberadvocate.org\/es\/wp-json\/wp\/v2\/media?parent=30474"}],"wp:term":[{"taxonomy":"category","embeddable":true,"href":"https:\/\/amberadvocate.org\/es\/wp-json\/wp\/v2\/categories?post=30474"},{"taxonomy":"post_tag","embeddable":true,"href":"https:\/\/amberadvocate.org\/es\/wp-json\/wp\/v2\/tags?post=30474"}],"curies":[{"name":"wp","href":"https:\/\/api.w.org\/{rel}","templated":true}]}}