{"id":30473,"date":"2020-10-04T17:46:39","date_gmt":"2020-10-04T22:46:39","guid":{"rendered":"https:\/\/amberadvocate.org\/sin-categorizar\/resumenes-de-la-alerta-amber-numero-3-2020\/"},"modified":"2025-11-01T14:19:24","modified_gmt":"2025-11-01T19:19:24","slug":"resumenes-de-la-alerta-amber-numero-3-2020","status":"publish","type":"post","link":"https:\/\/amberadvocate.org\/es\/alerta-amber-breves\/resumenes-de-la-alerta-amber-numero-3-2020\/","title":{"rendered":"Res\u00famenes de la Alerta AMBER &#8211; N\u00famero 3 2020"},"content":{"rendered":"<div id=\"pl-30473\"  class=\"panel-layout\" ><div id=\"pg-30473-0\"  class=\"panel-grid panel-has-style\" ><div class=\"siteorigin-panels-stretch panel-row-style panel-row-style-for-30473-0\" data-stretch-type=\"full\" ><div id=\"pgc-30473-0-0\"  class=\"panel-grid-cell\" ><div id=\"panel-30473-0-0-0\" class=\"so-panel widget widget_sow-headline panel-first-child\" data-index=\"0\" ><div\n\t\t\t\n\t\t\tclass=\"so-widget-sow-headline so-widget-sow-headline-default-5d74d290e9c0-30473\"\n\t\t\t\n\t\t><div class=\"sow-headline-container \">\n\t\t\t\t\t\t\t<h2 class=\"sow-headline\">\n\t\t\t\t\t\tAlabama lanza una Alerta de Persona Desaparecida y en Peligro\t\t\t\t\t\t<\/h2>\n\t\t\t\t\t\t\t\t\t\t\t<div class=\"decoration\">\n\t\t\t\t\t\t<div class=\"decoration-inside\"><\/div>\n\t\t\t\t\t<\/div>\n\t\t\t\t\t<\/div>\n<\/div><\/div><div id=\"panel-30473-0-0-1\" class=\"so-panel widget widget_sow-editor panel-last-child\" data-index=\"1\" ><div\n\t\t\t\n\t\t\tclass=\"so-widget-sow-editor so-widget-sow-editor-base\"\n\t\t\t\n\t\t>\n<div class=\"siteorigin-widget-tinymce textwidget\">\n\t<p class=\"p1\">Alabama ahora emitir\u00e1 una Alerta de Persona Desaparecida y en Peligro para personas de 18 a\u00f1os o m\u00e1s con una discapacidad mental o f\u00edsica y en riesgo de da\u00f1o corporal o muerte. La alerta ampl\u00eda lo que antes se llamaba Alerta de Persona Mayor Desaparecida para ayudar a gestionar m\u00e1s casos que no cumplen los criterios de Alerta AMBER. <\/p>\n<\/div>\n<\/div><\/div><\/div><\/div><\/div><div id=\"pg-30473-1\"  class=\"panel-grid panel-has-style\" ><div class=\"siteorigin-panels-stretch panel-row-style panel-row-style-for-30473-1\" data-stretch-type=\"full\" ><div id=\"pgc-30473-1-0\"  class=\"panel-grid-cell\" ><div id=\"panel-30473-1-0-0\" class=\"so-panel widget widget_sow-headline panel-first-child\" data-index=\"2\" ><div\n\t\t\t\n\t\t\tclass=\"so-widget-sow-headline so-widget-sow-headline-default-5d74d290e9c0-30473\"\n\t\t\t\n\t\t><div class=\"sow-headline-container \">\n\t\t\t\t\t\t\t<h2 class=\"sow-headline\">\n\t\t\t\t\t\tFlorida tiene una nueva ley para proteger a los ni\u00f1os de los abusos en los hogares de acogida\t\t\t\t\t\t<\/h2>\n\t\t\t\t\t\t\t\t\t\t\t<div class=\"decoration\">\n\t\t\t\t\t\t<div class=\"decoration-inside\"><\/div>\n\t\t\t\t\t<\/div>\n\t\t\t\t\t<\/div>\n<\/div><\/div><div id=\"panel-30473-1-0-1\" class=\"so-panel widget widget_sow-editor panel-last-child\" data-index=\"3\" ><div\n\t\t\t\n\t\t\tclass=\"so-widget-sow-editor so-widget-sow-editor-base\"\n\t\t\t\n\t\t>\n<div class=\"siteorigin-widget-tinymce textwidget\">\n\t<p class=\"p1\">El gobernador de Florida, Ron DeSantis, firm\u00f3 un proyecto de ley el 18 de junio de 2020 para crear la Ley de Jordan, que proporciona recursos y capacitaci\u00f3n adicionales para los trabajadores sociales y otras personas en el sistema de bienestar infantil del estado. La ley lleva el nombre de Jordan Belliveau, cuyo cuerpo de dos a\u00f1os fue encontrado despu\u00e9s de que su madre supuestamente lo golpeara en la cabeza y lo abandonara en el bosque. <\/p>\n<\/div>\n<\/div><\/div><\/div><\/div><\/div><div id=\"pg-30473-2\"  class=\"panel-grid panel-has-style\" ><div class=\"siteorigin-panels-stretch panel-row-style panel-row-style-for-30473-2\" data-stretch-type=\"full\" ><div id=\"pgc-30473-2-0\"  class=\"panel-grid-cell\" ><div id=\"panel-30473-2-0-0\" class=\"so-panel widget widget_sow-headline panel-first-child\" data-index=\"4\" ><div\n\t\t\t\n\t\t\tclass=\"so-widget-sow-headline so-widget-sow-headline-default-5d74d290e9c0-30473\"\n\t\t\t\n\t\t><div class=\"sow-headline-container \">\n\t\t\t\t\t\t\t<h2 class=\"sow-headline\">\n\t\t\t\t\t\tLas vallas publicitarias de Houston mostrar\u00e1n ahora a los ni\u00f1os desaparecidos\t\t\t\t\t\t<\/h2>\n\t\t\t\t\t\t\t\t\t\t\t<div class=\"decoration\">\n\t\t\t\t\t\t<div class=\"decoration-inside\"><\/div>\n\t\t\t\t\t<\/div>\n\t\t\t\t\t<\/div>\n<\/div><\/div><div id=\"panel-30473-2-0-1\" class=\"so-panel widget widget_sow-editor panel-last-child\" data-index=\"5\" ><div\n\t\t\t\n\t\t\tclass=\"so-widget-sow-editor so-widget-sow-editor-base\"\n\t\t\t\n\t\t>\n<div class=\"siteorigin-widget-tinymce textwidget\">\n\t<p class=\"p1\">El Centro de Texas para Personas Desaparecidas se ha asociado con Clear Channel Outdoor Americas para utilizar vallas publicitarias digitales para proporcionar informaci\u00f3n sobre ni\u00f1os desaparecidos. El esfuerzo se inici\u00f3 para ayudar a Robyn Bennett a encontrar a su hija desaparecida de 16 a\u00f1os. Los mensajes se transmitir\u00e1n unas 1250 veces al d\u00eda en cada una de las 10 vallas publicitarias en toda el \u00e1rea de Houston. \u201cEstos casos se pueden resolver si todos trabajamos juntos y buscamos activamente a estos ni\u00f1os desaparecidos e informamos lo que vemos si vemos algo\u201d, dijo Beth Alberts, directora ejecutiva del Centro de Texas para Personas Desaparecidas.   <\/p>\n<\/div>\n<\/div><\/div><\/div><\/div><\/div><div id=\"pg-30473-3\"  class=\"panel-grid panel-has-style\" ><div class=\"siteorigin-panels-stretch panel-row-style panel-row-style-for-30473-3\" data-stretch-type=\"full\" ><div id=\"pgc-30473-3-0\"  class=\"panel-grid-cell\" ><div id=\"panel-30473-3-0-0\" class=\"so-panel widget widget_sow-headline panel-first-child\" data-index=\"6\" ><div\n\t\t\t\n\t\t\tclass=\"so-widget-sow-headline so-widget-sow-headline-default-5d74d290e9c0-30473\"\n\t\t\t\n\t\t><div class=\"sow-headline-container \">\n\t\t\t\t\t\t\t<h2 class=\"sow-headline\">\n\t\t\t\t\t\tMissouri emite ahora notificaciones estatales de Alerta Azul  \t\t\t\t\t\t<\/h2>\n\t\t\t\t\t\t\t\t\t\t\t<div class=\"decoration\">\n\t\t\t\t\t\t<div class=\"decoration-inside\"><\/div>\n\t\t\t\t\t<\/div>\n\t\t\t\t\t<\/div>\n<\/div><\/div><div id=\"panel-30473-3-0-1\" class=\"so-panel widget widget_sow-editor panel-last-child\" data-index=\"7\" ><div\n\t\t\t\n\t\t\tclass=\"so-widget-sow-editor so-widget-sow-editor-base\"\n\t\t\t\n\t\t>\n<div class=\"siteorigin-widget-tinymce textwidget\">\n\t<p class=\"p1\">El sistema de notificaci\u00f3n de Missouri utilizado para las Alertas AMBER ahora tambi\u00e9n se utilizar\u00e1 para las Alertas Azules, una alerta que notifica al p\u00fablico cuando un miembro de las fuerzas del orden muere o resulta gravemente herido. Las Alertas Azules incluir\u00e1n fotos y descripciones de los sospechosos y veh\u00edculos y se enviar\u00e1n a las personas que se registraron para Mo-Alerts en <a href=\"http:\/\/www.moalerts.mo.gov\"><span class=\"s1\"><b>www.moalerts.mo.gov<\/b><\/span><\/a>. <\/p>\n<\/div>\n<\/div><\/div><\/div><\/div><\/div><div id=\"pg-30473-4\"  class=\"panel-grid panel-has-style\" ><div class=\"siteorigin-panels-stretch panel-row-style panel-row-style-for-30473-4\" data-stretch-type=\"full\" ><div id=\"pgc-30473-4-0\"  class=\"panel-grid-cell\" ><div id=\"panel-30473-4-0-0\" class=\"so-panel widget widget_sow-headline panel-first-child\" data-index=\"8\" ><div\n\t\t\t\n\t\t\tclass=\"so-widget-sow-headline so-widget-sow-headline-default-5d74d290e9c0-30473\"\n\t\t\t\n\t\t><div class=\"sow-headline-container \">\n\t\t\t\t\t\t\t<h2 class=\"sow-headline\">\n\t\t\t\t\t\tTennessee considera la \"Ley de Evelyn\" para exigir la notificaci\u00f3n de ni\u00f1os desaparecidos\t\t\t\t\t\t<\/h2>\n\t\t\t\t\t\t\t\t\t\t\t<div class=\"decoration\">\n\t\t\t\t\t\t<div class=\"decoration-inside\"><\/div>\n\t\t\t\t\t<\/div>\n\t\t\t\t\t<\/div>\n<\/div><\/div><div id=\"panel-30473-4-0-1\" class=\"so-panel widget widget_sow-editor panel-last-child\" data-index=\"9\" ><div\n\t\t\t\n\t\t\tclass=\"so-widget-sow-editor so-widget-sow-editor-base\"\n\t\t\t\n\t\t>\n<div class=\"siteorigin-widget-tinymce textwidget\">\n\t<p class=\"p1\">Los legisladores de Tennessee est\u00e1n trabajando en un proyecto de ley que tipificar\u00eda como delito no denunciar a un ni\u00f1o desaparecido en un plazo de 48 horas. La \u201cLey de Evelyn\u201d lleva el nombre de Evelyn Boswell, una beb\u00e9 encontrada muerta dos meses despu\u00e9s de ser vista por \u00faltima vez. La madre de la ni\u00f1a ha sido acusada de mentir a la polic\u00eda sobre qui\u00e9n ten\u00eda a la beb\u00e9.  <\/p>\n<\/div>\n<\/div><\/div><\/div><\/div><\/div><div id=\"pg-30473-5\"  class=\"panel-grid panel-has-style\" ><div class=\"siteorigin-panels-stretch panel-row-style panel-row-style-for-30473-5\" data-stretch-type=\"full\" ><div id=\"pgc-30473-5-0\"  class=\"panel-grid-cell\" ><div id=\"panel-30473-5-0-0\" class=\"so-panel widget widget_sow-headline panel-first-child\" data-index=\"10\" ><div\n\t\t\t\n\t\t\tclass=\"so-widget-sow-headline so-widget-sow-headline-default-5d74d290e9c0-30473\"\n\t\t\t\n\t\t><div class=\"sow-headline-container \">\n\t\t\t\t\t\t\t<h2 class=\"sow-headline\">\n\t\t\t\t\t\tLa polic\u00eda de Ohio teme que las b\u00fasquedas de la Alerta AMBER se vean obstaculizadas por la nueva ley de matr\u00edculas  \t\t\t\t\t\t<\/h2>\n\t\t\t\t\t\t\t\t\t\t\t<div class=\"decoration\">\n\t\t\t\t\t\t<div class=\"decoration-inside\"><\/div>\n\t\t\t\t\t<\/div>\n\t\t\t\t\t<\/div>\n<\/div><\/div><div id=\"panel-30473-5-0-1\" class=\"so-panel widget widget_sow-editor panel-last-child\" data-index=\"11\" ><div\n\t\t\t\n\t\t\tclass=\"so-widget-sow-editor so-widget-sow-editor-base\"\n\t\t\t\n\t\t>\n<div class=\"siteorigin-widget-tinymce textwidget\">\n\t<p class=\"p1\">A los funcionarios encargados de hacer cumplir la ley de Ohio les preocupa que las b\u00fasquedas durante las Alertas AMBER se vean obstaculizadas despu\u00e9s de que se modificara una ley estatal para que ya no se requieran las placas delanteras. Dicen que ser\u00e1 m\u00e1s dif\u00edcil para los agentes y los lectores de matr\u00edculas identificar el veh\u00edculo de un sospechoso. Los legisladores de Ohio cambiaron la ley despu\u00e9s de que un estudio descubriera que ahorrar\u00eda al estado 1,4 millones de d\u00f3lares anuales necesarios para producir las placas delanteras.  <\/p>\n<\/div>\n<\/div><\/div><\/div><\/div><\/div><div id=\"pg-30473-6\"  class=\"panel-grid panel-has-style\" ><div class=\"siteorigin-panels-stretch panel-row-style panel-row-style-for-30473-6\" data-stretch-type=\"full\" ><div id=\"pgc-30473-6-0\"  class=\"panel-grid-cell\" ><div id=\"panel-30473-6-0-0\" class=\"so-panel widget widget_sow-headline panel-first-child\" data-index=\"12\" ><div\n\t\t\t\n\t\t\tclass=\"so-widget-sow-headline so-widget-sow-headline-default-5d74d290e9c0-30473\"\n\t\t\t\n\t\t><div class=\"sow-headline-container \">\n\t\t\t\t\t\t\t<h2 class=\"sow-headline\">\n\t\t\t\t\t\tLos legisladores de Tennessee estudian a\u00f1adir c\u00e1maras de vigilancia a las carreteras interestatales\t\t\t\t\t\t<\/h2>\n\t\t\t\t\t\t\t\t\t\t\t<div class=\"decoration\">\n\t\t\t\t\t\t<div class=\"decoration-inside\"><\/div>\n\t\t\t\t\t<\/div>\n\t\t\t\t\t<\/div>\n<\/div><\/div><div id=\"panel-30473-6-0-1\" class=\"so-panel widget widget_sow-editor panel-last-child\" data-index=\"13\" ><div\n\t\t\t\n\t\t\tclass=\"so-widget-sow-editor so-widget-sow-editor-base\"\n\t\t\t\n\t\t>\n<div class=\"siteorigin-widget-tinymce textwidget\">\n\t<p class=\"p1\">Un proyecto de ley de Tennessee colocar\u00eda c\u00e1maras de vigilancia policial en las carreteras m\u00e1s transitadas del estado. La ley estatal actual proh\u00edbe las c\u00e1maras de vigilancia de tr\u00e1fico no tripuladas, pero el representante Mark White quiere que las c\u00e1maras se utilicen para rastrear a presuntos delincuentes, incluidos los sospechosos de Alerta AMBER. Los cr\u00edticos est\u00e1n planteando preocupaciones sobre la privacidad sobre la ley propuesta.  <\/p>\n<\/div>\n<\/div><\/div><\/div><\/div><\/div><div id=\"pg-30473-7\"  class=\"panel-grid panel-has-style\" ><div class=\"siteorigin-panels-stretch panel-row-style panel-row-style-for-30473-7\" data-stretch-type=\"full\" ><div id=\"pgc-30473-7-0\"  class=\"panel-grid-cell\" ><div id=\"panel-30473-7-0-0\" class=\"so-panel widget widget_sow-headline panel-first-child\" data-index=\"14\" ><div\n\t\t\t\n\t\t\tclass=\"so-widget-sow-headline so-widget-sow-headline-default-5d74d290e9c0-30473\"\n\t\t\t\n\t\t><div class=\"sow-headline-container \">\n\t\t\t\t\t\t\t<h2 class=\"sow-headline\">\n\t\t\t\t\t\tLa Academia de las Fuerzas A\u00e9reas espera que los lectores de matr\u00edculas ayuden en las Alertas AMBER\t\t\t\t\t\t<\/h2>\n\t\t\t\t\t\t\t\t\t\t\t<div class=\"decoration\">\n\t\t\t\t\t\t<div class=\"decoration-inside\"><\/div>\n\t\t\t\t\t<\/div>\n\t\t\t\t\t<\/div>\n<\/div><\/div><div id=\"panel-30473-7-0-1\" class=\"so-panel widget widget_sow-editor panel-last-child\" data-index=\"15\" ><div\n\t\t\t\n\t\t\tclass=\"so-widget-sow-editor so-widget-sow-editor-base\"\n\t\t\t\n\t\t>\n<div class=\"siteorigin-widget-tinymce textwidget\">\n\t<p class=\"p1\">La Academia de la Fuerza A\u00e9rea de EE. UU. en Colorado Springs, Colorado, ahora tiene lectores de matr\u00edculas que pueden ayudar a las fuerzas del orden a identificar veh\u00edculos si se roba un autom\u00f3vil o se emite una Alerta AMBER. \u201cSon solo otra herramienta excelente para mantener segura a nuestra comunidad\u201d, dijo el capit\u00e1n Moses Lee, oficial de operaciones del 10\u00ba Escuadr\u00f3n de Fuerzas de Seguridad. <\/p>\n<\/div>\n<\/div><\/div><\/div><\/div><\/div><div id=\"pg-30473-8\"  class=\"panel-grid panel-has-style\" ><div class=\"siteorigin-panels-stretch panel-row-style panel-row-style-for-30473-8\" data-stretch-type=\"full\" ><div id=\"pgc-30473-8-0\"  class=\"panel-grid-cell\" ><div id=\"panel-30473-8-0-0\" class=\"so-panel widget widget_sow-headline panel-first-child\" data-index=\"16\" ><div\n\t\t\t\n\t\t\tclass=\"so-widget-sow-headline so-widget-sow-headline-default-5d74d290e9c0-30473\"\n\t\t\t\n\t\t><div class=\"sow-headline-container \">\n\t\t\t\t\t\t\t<h2 class=\"sow-headline\">\n\t\t\t\t\t\tLas madres impulsan una ley que exige una alerta para los soldados desaparecidos\t\t\t\t\t\t<\/h2>\n\t\t\t\t\t\t\t\t\t\t\t<div class=\"decoration\">\n\t\t\t\t\t\t<div class=\"decoration-inside\"><\/div>\n\t\t\t\t\t<\/div>\n\t\t\t\t\t<\/div>\n<\/div><\/div><div id=\"panel-30473-8-0-1\" class=\"so-panel widget widget_sow-editor panel-last-child\" data-index=\"17\" ><div\n\t\t\t\n\t\t\tclass=\"so-widget-sow-editor so-widget-sow-editor-base\"\n\t\t\t\n\t\t>\n<div class=\"siteorigin-widget-tinymce textwidget\">\n\t<p class=\"p1\">Las madres de dos soldados fallecidos de Fort Hood quieren que los legisladores federales creen la \u201cLey de Dakota\u201d, que establecer\u00eda un sistema similar a la Alerta AMBER para encontrar soldados desaparecidos. La ley est\u00e1 siendo defendida por la madre de un soldado que fue encontrado muerto junto a su autom\u00f3vil tres semanas despu\u00e9s de que desapareciera en 2017, y la madre de un soldado que fue encontrado enterrado 10 meses despu\u00e9s de que se denunciara su desaparici\u00f3n en 2019. La ley tambi\u00e9n requerir\u00eda que las fuerzas del orden comenzaran una b\u00fasqueda inmediata.  <\/p>\n<\/div>\n<\/div><\/div><\/div><\/div><\/div><\/div>","protected":false},"excerpt":{"rendered":"<p>Breves noticias sobre la Alerta AMBER y la Protecci\u00f3n de la Infancia<\/p>\n","protected":false},"author":10,"featured_media":24447,"comment_status":"closed","ping_status":"closed","sticky":false,"template":"","format":"standard","meta":{"_bbp_topic_count":0,"_bbp_reply_count":0,"_bbp_total_topic_count":0,"_bbp_total_reply_count":0,"_bbp_voice_count":0,"_bbp_anonymous_reply_count":0,"_bbp_topic_count_hidden":0,"_bbp_reply_count_hidden":0,"_bbp_forum_subforum_count":0,"_analytify_skip_tracking":false,"footnotes":""},"categories":[649],"tags":[],"class_list":["post-30473","post","type-post","status-publish","format-standard","has-post-thumbnail","hentry","category-alerta-amber-breves"],"meta_box":{"aa_theme_enable_blocks_editor":"","aa_theme_featured_img_position":""},"publishpress_future_workflow_manual_trigger":{"enabledWorkflows":[]},"_links":{"self":[{"href":"https:\/\/amberadvocate.org\/es\/wp-json\/wp\/v2\/posts\/30473","targetHints":{"allow":["GET"]}}],"collection":[{"href":"https:\/\/amberadvocate.org\/es\/wp-json\/wp\/v2\/posts"}],"about":[{"href":"https:\/\/amberadvocate.org\/es\/wp-json\/wp\/v2\/types\/post"}],"author":[{"embeddable":true,"href":"https:\/\/amberadvocate.org\/es\/wp-json\/wp\/v2\/users\/10"}],"replies":[{"embeddable":true,"href":"https:\/\/amberadvocate.org\/es\/wp-json\/wp\/v2\/comments?post=30473"}],"version-history":[{"count":0,"href":"https:\/\/amberadvocate.org\/es\/wp-json\/wp\/v2\/posts\/30473\/revisions"}],"wp:featuredmedia":[{"embeddable":true,"href":"https:\/\/amberadvocate.org\/es\/wp-json\/wp\/v2\/media\/24447"}],"wp:attachment":[{"href":"https:\/\/amberadvocate.org\/es\/wp-json\/wp\/v2\/media?parent=30473"}],"wp:term":[{"taxonomy":"category","embeddable":true,"href":"https:\/\/amberadvocate.org\/es\/wp-json\/wp\/v2\/categories?post=30473"},{"taxonomy":"post_tag","embeddable":true,"href":"https:\/\/amberadvocate.org\/es\/wp-json\/wp\/v2\/tags?post=30473"}],"curies":[{"name":"wp","href":"https:\/\/api.w.org\/{rel}","templated":true}]}}