{"id":30469,"date":"2020-12-11T12:32:52","date_gmt":"2020-12-11T18:32:52","guid":{"rendered":"https:\/\/amberadvocate.org\/sin-categorizar\/alerta-amber-en-el-pais-indio-numero-4-2020\/"},"modified":"2025-11-01T14:12:03","modified_gmt":"2025-11-01T19:12:03","slug":"alerta-amber-en-el-pais-indio-numero-4-2020","status":"publish","type":"post","link":"https:\/\/amberadvocate.org\/es\/pais-indio\/alerta-amber-en-el-pais-indio-numero-4-2020\/","title":{"rendered":"Alerta AMBER en el Pa\u00eds Indio &#8211; N\u00famero 4 2020"},"content":{"rendered":"<div id=\"pl-30469\"  class=\"panel-layout\" ><div id=\"pg-30469-0\"  class=\"panel-grid panel-has-style\" ><div class=\"siteorigin-panels-stretch panel-row-style panel-row-style-for-30469-0\" data-stretch-type=\"full\" ><div id=\"pgc-30469-0-0\"  class=\"panel-grid-cell\" ><div id=\"panel-30469-0-0-0\" class=\"so-panel widget widget_sow-headline panel-first-child\" data-index=\"0\" ><div class=\"panel-widget-style panel-widget-style-for-30469-0-0-0\" ><div\n\t\t\t\n\t\t\tclass=\"so-widget-sow-headline so-widget-sow-headline-default-f2a1341d8031-30469\"\n\t\t\t\n\t\t><div class=\"sow-headline-container \">\n\t\t\t\t\t\t\t<h2 class=\"sow-headline\">\n\t\t\t\t\t\tEl grupo de trabajo de Utah inicia un informe sobre mujeres y ni\u00f1as ind\u00edgenas asesinadas y desaparecidas\t\t\t\t\t\t<\/h2>\n\t\t\t\t\t\t\t\t\t\t\t<div class=\"decoration\">\n\t\t\t\t\t\t<div class=\"decoration-inside\"><\/div>\n\t\t\t\t\t<\/div>\n\t\t\t\t\t<\/div>\n<\/div><\/div><\/div><div id=\"panel-30469-0-0-1\" class=\"so-panel widget widget_sow-editor panel-last-child\" data-index=\"1\" ><div\n\t\t\t\n\t\t\tclass=\"so-widget-sow-editor so-widget-sow-editor-base\"\n\t\t\t\n\t\t>\n<div class=\"siteorigin-widget-tinymce textwidget\">\n\t<figure id=\"attachment_27892\" aria-describedby=\"caption-attachment-27892\" style=\"width: 449px\" class=\"wp-caption alignleft\"><img decoding=\"async\" class=\" wp-image-6689\" src=\"https:\/\/amberadvocate.org\/wp-content\/uploads\/2020\/12\/Angela-Romero.jpg\" alt=\"Representante de Utah Angela Romero\" width=\"449\" height=\"240\" srcset=\"https:\/\/amberadvocate.org\/wp-content\/uploads\/2020\/12\/Angela-Romero.jpg 500w, https:\/\/amberadvocate.org\/wp-content\/uploads\/2020\/12\/Angela-Romero-300x160.jpg 300w\" sizes=\"(max-width: 449px) 100vw, 449px\" \/><figcaption id=\"caption-attachment-27892\" class=\"wp-caption-text\">Representante de Utah Angela Romero<\/figcaption><\/figure>\n<p class=\"p1\">Un grupo de trabajo de nueve miembros ha comenzado a recopilar un informe sobre mujeres y ni\u00f1as ind\u00edgenas asesinadas y desaparecidas en Utah. El grupo de trabajo espera comprender el alcance del problema y evitar que se produzcan m\u00e1s injusticias. Entre los miembros se encuentran representantes de Restoring Ancestral Winds, el Urban Indian Center, la tribu india Paiute y varios funcionarios estatales.  <span class=\"Apple-converted-space\"> <\/span><\/p>\n<p class=\"p1\">La representante de Utah, Angela Romero, patrocin\u00f3 una resoluci\u00f3n en 2019 que declar\u00f3 el 5 de mayo como D\u00eda de Concienciaci\u00f3n sobre Mujeres, Ni\u00f1as y LGBT+ Ind\u00edgenas Desaparecidas y Asesinadas. La resoluci\u00f3n fue aprobada, brindando apoyo a un grupo de trabajo. \u201cPresentamos la resoluci\u00f3n en honor a la memoria de las mujeres ind\u00edgenas asesinadas y desaparecidas y para recordar a la gente que esta es una epidemia en nuestro pa\u00eds\u201d, dijo Romero, quien se identifica como hispana y assiniboine (parte de la naci\u00f3n Sioux). \u201cY cuando se aprob\u00f3 la resoluci\u00f3n, supimos que ten\u00edamos suficiente apoyo para formar un grupo de trabajo\u201d. Estaba previsto que el informe se completara en noviembre de 2020, pero se ha retrasado debido a la pandemia.    <\/p>\n<\/div>\n<\/div><\/div><\/div><\/div><\/div><div id=\"pg-30469-1\"  class=\"panel-grid panel-no-style\" ><div id=\"pgc-30469-1-0\"  class=\"panel-grid-cell\" ><div id=\"panel-30469-1-0-0\" class=\"so-panel widget widget_sow-headline panel-first-child\" data-index=\"2\" ><div class=\"panel-widget-style panel-widget-style-for-30469-1-0-0\" ><div\n\t\t\t\n\t\t\tclass=\"so-widget-sow-headline so-widget-sow-headline-default-f2a1341d8031-30469\"\n\t\t\t\n\t\t><div class=\"sow-headline-container \">\n\t\t\t\t\t\t\t<h2 class=\"sow-headline\">\n\t\t\t\t\t\tUna organizaci\u00f3n ind\u00edgena canadiense pide cambios en las pol\u00edticas de la Alerta AMBER\t\t\t\t\t\t<\/h2>\n\t\t\t\t\t\t\t\t\t\t\t<div class=\"decoration\">\n\t\t\t\t\t\t<div class=\"decoration-inside\"><\/div>\n\t\t\t\t\t<\/div>\n\t\t\t\t\t<\/div>\n<\/div><\/div><\/div><div id=\"panel-30469-1-0-1\" class=\"so-panel widget widget_sow-editor panel-last-child\" data-index=\"3\" ><div\n\t\t\t\n\t\t\tclass=\"so-widget-sow-editor so-widget-sow-editor-base\"\n\t\t\t\n\t\t>\n<div class=\"siteorigin-widget-tinymce textwidget\">\n\t<p class=\"p1\">La Asociaci\u00f3n de Mujeres Nativas de Canad\u00e1 quiere que las fuerzas del orden actualicen la forma en que aplican los criterios de la Alerta AMBER para los casos que involucran a ni\u00f1as ind\u00edgenas. La demanda se produce despu\u00e9s de que una ni\u00f1a ind\u00edgena de 14 a\u00f1os fuera encontrada en una zona boscosa con el sospechoso una semana despu\u00e9s de su desaparici\u00f3n. Las fuerzas del orden catalogaron a la ni\u00f1a como fugitiva, pero el grupo dijo que se deber\u00eda haber emitido una Alerta AMBER debido a su edad y al problema m\u00e1s amplio de las mujeres y ni\u00f1as ind\u00edgenas desaparecidas y asesinadas. \u201cPuede que se hayan escapado, pero tenemos que analizarlo m\u00e1s a fondo\u201d, dijo Lorraine Whitman, presidenta de la asociaci\u00f3n. \u201cNo podemos tomarlo como un caso en el que quer\u00edan irse. Tenemos que investigarlo porque hay m\u00e1s \u00e1reas subyacentes que tambi\u00e9n tenemos que investigar\u201d. La Real Polic\u00eda Montada de Canad\u00e1 (RCMP) en Nueva Escocia est\u00e1 revisando sus protocolos y pol\u00edticas.     <\/p>\n<\/div>\n<\/div><\/div><\/div><\/div><\/div>","protected":false},"excerpt":{"rendered":"<p>Breves noticias sobre la Alerta AMBER y la protecci\u00f3n de la infancia en el Pa\u00eds Indio<\/p>\n","protected":false},"author":10,"featured_media":7116,"comment_status":"closed","ping_status":"closed","sticky":false,"template":"","format":"standard","meta":{"_bbp_topic_count":0,"_bbp_reply_count":0,"_bbp_total_topic_count":0,"_bbp_total_reply_count":0,"_bbp_voice_count":0,"_bbp_anonymous_reply_count":0,"_bbp_topic_count_hidden":0,"_bbp_reply_count_hidden":0,"_bbp_forum_subforum_count":0,"_analytify_skip_tracking":false,"footnotes":""},"categories":[653],"tags":[],"class_list":["post-30469","post","type-post","status-publish","format-standard","has-post-thumbnail","hentry","category-pais-indio"],"meta_box":{"aa_theme_enable_blocks_editor":"","aa_theme_featured_img_position":""},"publishpress_future_workflow_manual_trigger":{"enabledWorkflows":[]},"_links":{"self":[{"href":"https:\/\/amberadvocate.org\/es\/wp-json\/wp\/v2\/posts\/30469","targetHints":{"allow":["GET"]}}],"collection":[{"href":"https:\/\/amberadvocate.org\/es\/wp-json\/wp\/v2\/posts"}],"about":[{"href":"https:\/\/amberadvocate.org\/es\/wp-json\/wp\/v2\/types\/post"}],"author":[{"embeddable":true,"href":"https:\/\/amberadvocate.org\/es\/wp-json\/wp\/v2\/users\/10"}],"replies":[{"embeddable":true,"href":"https:\/\/amberadvocate.org\/es\/wp-json\/wp\/v2\/comments?post=30469"}],"version-history":[{"count":0,"href":"https:\/\/amberadvocate.org\/es\/wp-json\/wp\/v2\/posts\/30469\/revisions"}],"wp:featuredmedia":[{"embeddable":true,"href":"https:\/\/amberadvocate.org\/es\/wp-json\/wp\/v2\/media\/7116"}],"wp:attachment":[{"href":"https:\/\/amberadvocate.org\/es\/wp-json\/wp\/v2\/media?parent=30469"}],"wp:term":[{"taxonomy":"category","embeddable":true,"href":"https:\/\/amberadvocate.org\/es\/wp-json\/wp\/v2\/categories?post=30469"},{"taxonomy":"post_tag","embeddable":true,"href":"https:\/\/amberadvocate.org\/es\/wp-json\/wp\/v2\/tags?post=30469"}],"curies":[{"name":"wp","href":"https:\/\/api.w.org\/{rel}","templated":true}]}}