{"id":30467,"date":"2020-12-11T12:50:53","date_gmt":"2020-12-11T18:50:53","guid":{"rendered":"https:\/\/amberadvocate.org\/sin-categorizar\/resumenes-de-la-alerta-amber-numero-4-2020\/"},"modified":"2025-11-01T14:12:14","modified_gmt":"2025-11-01T19:12:14","slug":"resumenes-de-la-alerta-amber-numero-4-2020","status":"publish","type":"post","link":"https:\/\/amberadvocate.org\/es\/alerta-amber-breves\/resumenes-de-la-alerta-amber-numero-4-2020\/","title":{"rendered":"Res\u00famenes de la Alerta AMBER &#8211; N\u00famero 4 2020"},"content":{"rendered":"<div id=\"pl-30467\"  class=\"panel-layout\" ><div id=\"pg-30467-0\"  class=\"panel-grid panel-has-style\" ><div class=\"siteorigin-panels-stretch panel-row-style panel-row-style-for-30467-0\" data-stretch-type=\"full\" ><div id=\"pgc-30467-0-0\"  class=\"panel-grid-cell\" ><div id=\"panel-30467-0-0-0\" class=\"so-panel widget widget_sow-image panel-first-child panel-last-child\" data-index=\"0\" ><div\n\t\t\t\n\t\t\tclass=\"so-widget-sow-image so-widget-sow-image-default-dbf295114b96-30467\"\n\t\t\t\n\t\t>\n<div class=\"sow-image-container\">\n\t\t<img \n\tsrc=\"https:\/\/amberadvocate.org\/wp-content\/uploads\/2020\/12\/AA44-brief1.png\" width=\"300\" height=\"300\" srcset=\"https:\/\/amberadvocate.org\/wp-content\/uploads\/2020\/12\/AA44-brief1.png 300w, https:\/\/amberadvocate.org\/wp-content\/uploads\/2020\/12\/AA44-brief1-150x150.png 150w\" sizes=\"(max-width: 300px) 100vw, 300px\" alt=\"AA44 Brief 1\" \t\tclass=\"so-widget-image\"\/>\n\t<\/div>\n\n<\/div><\/div><\/div><div id=\"pgc-30467-0-1\"  class=\"panel-grid-cell\" ><div id=\"panel-30467-0-1-0\" class=\"so-panel widget widget_sow-headline panel-first-child\" data-index=\"1\" ><div\n\t\t\t\n\t\t\tclass=\"so-widget-sow-headline so-widget-sow-headline-default-5d74d290e9c0-30467\"\n\t\t\t\n\t\t><div class=\"sow-headline-container \">\n\t\t\t\t\t\t\t<h2 class=\"sow-headline\">\n\t\t\t\t\t\tFotos de progresi\u00f3n de edad creadas para ni\u00f1os de Tennessee desaparecidos hace tiempo\t\t\t\t\t\t<\/h2>\n\t\t\t\t\t\t\t\t\t\t\t<div class=\"decoration\">\n\t\t\t\t\t\t<div class=\"decoration-inside\"><\/div>\n\t\t\t\t\t<\/div>\n\t\t\t\t\t<\/div>\n<\/div><\/div><div id=\"panel-30467-0-1-1\" class=\"so-panel widget widget_sow-editor panel-last-child\" data-index=\"2\" ><div\n\t\t\t\n\t\t\tclass=\"so-widget-sow-editor so-widget-sow-editor-base\"\n\t\t\t\n\t\t>\n<div class=\"siteorigin-widget-tinymce textwidget\">\n\t<p class=\"p1\">El Centro Nacional para Ni\u00f1os Desaparecidos y Explotados (NCMEC) public\u00f3 nuevas fotos de progresi\u00f3n de edad de dos ni\u00f1os que desaparecieron en un incendio dom\u00e9stico el 23 de septiembre de 2012. En ese momento, se emitieron alertas AMBER para Chloie Leverette, de nueve a\u00f1os, y Gage Daniel, de siete a\u00f1os. Sus restos nunca fueron encontrados. \u201cLas alertas AMBER no caducan\u201d, dijo Leslie Earhart, portavoz de la Oficina de Investigaciones de Tennessee. \u201cPermanecen activas hasta que tengamos informaci\u00f3n definitiva sobre el paradero del ni\u00f1o\u201d.    <\/p>\n<\/div>\n<\/div><\/div><\/div><\/div><\/div><div id=\"pg-30467-1\"  class=\"panel-grid panel-has-style\" ><div class=\"siteorigin-panels-stretch panel-row-style panel-row-style-for-30467-1\" data-stretch-type=\"full\" ><div id=\"pgc-30467-1-0\"  class=\"panel-grid-cell\" ><div id=\"panel-30467-1-0-0\" class=\"so-panel widget widget_sow-image panel-first-child panel-last-child\" data-index=\"3\" ><div\n\t\t\t\n\t\t\tclass=\"so-widget-sow-image so-widget-sow-image-default-dbf295114b96-30467\"\n\t\t\t\n\t\t>\n<div class=\"sow-image-container\">\n\t\t<img \n\tsrc=\"https:\/\/amberadvocate.org\/wp-content\/uploads\/2020\/12\/AA44-brief2.png\" width=\"300\" height=\"300\" srcset=\"https:\/\/amberadvocate.org\/wp-content\/uploads\/2020\/12\/AA44-brief2.png 300w, https:\/\/amberadvocate.org\/wp-content\/uploads\/2020\/12\/AA44-brief2-150x150.png 150w\" sizes=\"(max-width: 300px) 100vw, 300px\" alt=\"AA44 Brief 2\" \t\tclass=\"so-widget-image\"\/>\n\t<\/div>\n\n<\/div><\/div><\/div><div id=\"pgc-30467-1-1\"  class=\"panel-grid-cell\" ><div id=\"panel-30467-1-1-0\" class=\"so-panel widget widget_sow-headline panel-first-child\" data-index=\"4\" ><div\n\t\t\t\n\t\t\tclass=\"so-widget-sow-headline so-widget-sow-headline-default-5d74d290e9c0-30467\"\n\t\t\t\n\t\t><div class=\"sow-headline-container \">\n\t\t\t\t\t\t\t<h2 class=\"sow-headline\">\n\t\t\t\t\t\tUn problema con el Wi-Fi provoca una Alerta AMBER adicional\t\t\t\t\t\t<\/h2>\n\t\t\t\t\t\t\t\t\t\t\t<div class=\"decoration\">\n\t\t\t\t\t\t<div class=\"decoration-inside\"><\/div>\n\t\t\t\t\t<\/div>\n\t\t\t\t\t<\/div>\n<\/div><\/div><div id=\"panel-30467-1-1-1\" class=\"so-panel widget widget_sow-editor panel-last-child\" data-index=\"5\" ><div\n\t\t\t\n\t\t\tclass=\"so-widget-sow-editor so-widget-sow-editor-base\"\n\t\t\t\n\t\t>\n<div class=\"siteorigin-widget-tinymce textwidget\">\n\t<p class=\"p1\">Algunos residentes de Maryland recibieron una segunda alerta AMBER al d\u00eda siguiente de que se localizara a la ni\u00f1a debido a problemas de conexi\u00f3n Wi-Fi. La primera alerta se emiti\u00f3 el 27 de septiembre de 2020, despu\u00e9s de que una ni\u00f1a de nueve meses fuera supuestamente secuestrada por el novio de su madre. La alerta se cancel\u00f3 el mismo d\u00eda, pero algunas personas recibieron la alerta al d\u00eda siguiente cuando sus tel\u00e9fonos se conectaron a una red Wi-Fi.  <\/p>\n<\/div>\n<\/div><\/div><\/div><\/div><\/div><div id=\"pg-30467-2\"  class=\"panel-grid panel-has-style\" ><div class=\"siteorigin-panels-stretch panel-row-style panel-row-style-for-30467-2\" data-stretch-type=\"full\" ><div id=\"pgc-30467-2-0\"  class=\"panel-grid-cell\" ><div id=\"panel-30467-2-0-0\" class=\"so-panel widget widget_sow-image panel-first-child panel-last-child\" data-index=\"6\" ><div\n\t\t\t\n\t\t\tclass=\"so-widget-sow-image so-widget-sow-image-default-dbf295114b96-30467\"\n\t\t\t\n\t\t>\n<div class=\"sow-image-container\">\n\t\t<img \n\tsrc=\"https:\/\/amberadvocate.org\/wp-content\/uploads\/2020\/12\/AA44-brief3.png\" width=\"300\" height=\"300\" srcset=\"https:\/\/amberadvocate.org\/wp-content\/uploads\/2020\/12\/AA44-brief3.png 300w, https:\/\/amberadvocate.org\/wp-content\/uploads\/2020\/12\/AA44-brief3-150x150.png 150w\" sizes=\"(max-width: 300px) 100vw, 300px\" alt=\"AA44 Brief 3\" \t\tclass=\"so-widget-image\"\/>\n\t<\/div>\n\n<\/div><\/div><\/div><div id=\"pgc-30467-2-1\"  class=\"panel-grid-cell\" ><div id=\"panel-30467-2-1-0\" class=\"so-panel widget widget_sow-headline panel-first-child\" data-index=\"7\" ><div\n\t\t\t\n\t\t\tclass=\"so-widget-sow-headline so-widget-sow-headline-default-5d74d290e9c0-30467\"\n\t\t\t\n\t\t><div class=\"sow-headline-container \">\n\t\t\t\t\t\t\t<h2 class=\"sow-headline\">\n\t\t\t\t\t\tLos fiscales generales de los estados piden apoyo para el programa nacional de identificaci\u00f3n infantil\t\t\t\t\t\t<\/h2>\n\t\t\t\t\t\t\t\t\t\t\t<div class=\"decoration\">\n\t\t\t\t\t\t<div class=\"decoration-inside\"><\/div>\n\t\t\t\t\t<\/div>\n\t\t\t\t\t<\/div>\n<\/div><\/div><div id=\"panel-30467-2-1-1\" class=\"so-panel widget widget_sow-editor panel-last-child\" data-index=\"8\" ><div\n\t\t\t\n\t\t\tclass=\"so-widget-sow-editor so-widget-sow-editor-base\"\n\t\t\t\n\t\t>\n<div class=\"siteorigin-widget-tinymce textwidget\">\n\t<p class=\"p1\">Una coalici\u00f3n de fiscales generales estatales est\u00e1 solicitando la aprobaci\u00f3n de la Ley Nacional de Identificaci\u00f3n Infantil para ayudar a los padres y a las fuerzas del orden a proteger mejor a los ni\u00f1os de la explotaci\u00f3n, el secuestro y la trata de personas. Esta legislaci\u00f3n permite a cada fiscal general solicitar fondos de subvenci\u00f3n para comprar kits de identificaci\u00f3n infantil para ni\u00f1os desde jard\u00edn de infancia hasta sexto grado. El kit permite a los padres recopilar informaci\u00f3n espec\u00edfica registrando las caracter\u00edsticas f\u00edsicas, las huellas dactilares y el ADN de sus hijos.  <span class=\"Apple-converted-space\"> <\/span><\/p>\n<\/div>\n<\/div><\/div><\/div><\/div><\/div><div id=\"pg-30467-3\"  class=\"panel-grid panel-has-style\" ><div class=\"siteorigin-panels-stretch panel-row-style panel-row-style-for-30467-3\" data-stretch-type=\"full\" ><div id=\"pgc-30467-3-0\"  class=\"panel-grid-cell\" ><div id=\"panel-30467-3-0-0\" class=\"so-panel widget widget_sow-image panel-first-child panel-last-child\" data-index=\"9\" ><div\n\t\t\t\n\t\t\tclass=\"so-widget-sow-image so-widget-sow-image-default-dbf295114b96-30467\"\n\t\t\t\n\t\t>\n<div class=\"sow-image-container\">\n\t\t<img \n\tsrc=\"https:\/\/amberadvocate.org\/wp-content\/uploads\/2020\/12\/AA44-brief4.png\" width=\"300\" height=\"300\" srcset=\"https:\/\/amberadvocate.org\/wp-content\/uploads\/2020\/12\/AA44-brief4.png 300w, https:\/\/amberadvocate.org\/wp-content\/uploads\/2020\/12\/AA44-brief4-150x150.png 150w\" sizes=\"(max-width: 300px) 100vw, 300px\" alt=\"AA44 Brief 4\" \t\tclass=\"so-widget-image\"\/>\n\t<\/div>\n\n<\/div><\/div><\/div><div id=\"pgc-30467-3-1\"  class=\"panel-grid-cell\" ><div id=\"panel-30467-3-1-0\" class=\"so-panel widget widget_sow-headline panel-first-child\" data-index=\"10\" ><div\n\t\t\t\n\t\t\tclass=\"so-widget-sow-headline so-widget-sow-headline-default-5d74d290e9c0-30467\"\n\t\t\t\n\t\t><div class=\"sow-headline-container \">\n\t\t\t\t\t\t\t<h2 class=\"sow-headline\">\n\t\t\t\t\t\tUna historia falsa provoca una alerta AMBER en Missouri\t\t\t\t\t\t<\/h2>\n\t\t\t\t\t\t\t\t\t\t\t<div class=\"decoration\">\n\t\t\t\t\t\t<div class=\"decoration-inside\"><\/div>\n\t\t\t\t\t<\/div>\n\t\t\t\t\t<\/div>\n<\/div><\/div><div id=\"panel-30467-3-1-1\" class=\"so-panel widget widget_sow-editor panel-last-child\" data-index=\"11\" ><div\n\t\t\t\n\t\t\tclass=\"so-widget-sow-editor so-widget-sow-editor-base\"\n\t\t\t\n\t\t>\n<div class=\"siteorigin-widget-tinymce textwidget\">\n\t<p class=\"p1\">El sheriff del condado de Laclede, Missouri, David Millsap, dijo que se emiti\u00f3 una alerta AMBER despu\u00e9s de que una madre afirmara falsamente que un hombre se hab\u00eda llevado a su beb\u00e9 reci\u00e9n nacido. La mujer dijo que el beb\u00e9 fue arrebatado despu\u00e9s de que el ni\u00f1o naciera al borde de la carretera. El sheriff determin\u00f3 que el beb\u00e9 naci\u00f3 en un remolque y que se dio la informaci\u00f3n falsa porque la madre y el padre del beb\u00e9 ten\u00edan \u00f3rdenes de detenci\u00f3n pendientes.  <\/p>\n<\/div>\n<\/div><\/div><\/div><\/div><\/div><div id=\"pg-30467-4\"  class=\"panel-grid panel-has-style\" ><div class=\"siteorigin-panels-stretch panel-row-style panel-row-style-for-30467-4\" data-stretch-type=\"full\" ><div id=\"pgc-30467-4-0\"  class=\"panel-grid-cell\" ><div id=\"panel-30467-4-0-0\" class=\"so-panel widget widget_sow-image panel-first-child panel-last-child\" data-index=\"12\" ><div\n\t\t\t\n\t\t\tclass=\"so-widget-sow-image so-widget-sow-image-default-dbf295114b96-30467\"\n\t\t\t\n\t\t>\n<div class=\"sow-image-container\">\n\t\t<img \n\tsrc=\"https:\/\/amberadvocate.org\/wp-content\/uploads\/2020\/12\/AA44-brief5.png\" width=\"300\" height=\"300\" srcset=\"https:\/\/amberadvocate.org\/wp-content\/uploads\/2020\/12\/AA44-brief5.png 300w, https:\/\/amberadvocate.org\/wp-content\/uploads\/2020\/12\/AA44-brief5-150x150.png 150w\" sizes=\"(max-width: 300px) 100vw, 300px\" alt=\"AA44 Brief 5\" \t\tclass=\"so-widget-image\"\/>\n\t<\/div>\n\n<\/div><\/div><\/div><div id=\"pgc-30467-4-1\"  class=\"panel-grid-cell\" ><div id=\"panel-30467-4-1-0\" class=\"so-panel widget widget_sow-headline panel-first-child\" data-index=\"13\" ><div\n\t\t\t\n\t\t\tclass=\"so-widget-sow-headline so-widget-sow-headline-default-5d74d290e9c0-30467\"\n\t\t\t\n\t\t><div class=\"sow-headline-container \">\n\t\t\t\t\t\t\t<h2 class=\"sow-headline\">\n\t\t\t\t\t\tCampe\u00f3n de Alerta AMBER desde hace mucho tiempo honrado en su jubilaci\u00f3n\t\t\t\t\t\t<\/h2>\n\t\t\t\t\t\t\t\t\t\t\t<div class=\"decoration\">\n\t\t\t\t\t\t<div class=\"decoration-inside\"><\/div>\n\t\t\t\t\t<\/div>\n\t\t\t\t\t<\/div>\n<\/div><\/div><div id=\"panel-30467-4-1-1\" class=\"so-panel widget widget_sow-editor panel-last-child\" data-index=\"14\" ><div\n\t\t\t\n\t\t\tclass=\"so-widget-sow-editor so-widget-sow-editor-base\"\n\t\t\t\n\t\t>\n<div class=\"siteorigin-widget-tinymce textwidget\">\n\t<p class=\"p1\">El jefe adjunto de polic\u00eda de College Station, Texas, Charles \u201cChuck\u201d Fleeger, fue homenajeado por su trabajo para ayudar a los ni\u00f1os desaparecidos y secuestrados cuando se jubil\u00f3 despu\u00e9s de servir en la agencia desde 1989. El Departamento de Justicia de EE. UU. honr\u00f3 a Fleeger como Coordinador del A\u00f1o de la Alerta AMBER en 2010. Fleeger ahora dirigir\u00e1 la organizaci\u00f3n sin fines de lucro Brazos Valley AMBER Alert Network, y continuar\u00e1 ense\u00f1ando y asesorando sobre temas relacionados con ni\u00f1os desaparecidos y explotados, incluido su trabajo con el Programa de Capacitaci\u00f3n y Asistencia T\u00e9cnica de Alerta AMBER y el Centro Nacional de Capacitaci\u00f3n en Justicia Penal de Fox Valley Technical College.  <\/p>\n<\/div>\n<\/div><\/div><\/div><\/div><\/div><div id=\"pg-30467-5\"  class=\"panel-grid panel-has-style\" ><div class=\"siteorigin-panels-stretch panel-row-style panel-row-style-for-30467-5\" data-stretch-type=\"full\" ><div id=\"pgc-30467-5-0\"  class=\"panel-grid-cell\" ><div id=\"panel-30467-5-0-0\" class=\"so-panel widget widget_sow-image panel-first-child panel-last-child\" data-index=\"15\" ><div\n\t\t\t\n\t\t\tclass=\"so-widget-sow-image so-widget-sow-image-default-dbf295114b96-30467\"\n\t\t\t\n\t\t>\n<div class=\"sow-image-container\">\n\t\t<img \n\tsrc=\"https:\/\/amberadvocate.org\/wp-content\/uploads\/2020\/12\/AA44-brief6.png\" width=\"300\" height=\"300\" srcset=\"https:\/\/amberadvocate.org\/wp-content\/uploads\/2020\/12\/AA44-brief6.png 300w, https:\/\/amberadvocate.org\/wp-content\/uploads\/2020\/12\/AA44-brief6-150x150.png 150w\" sizes=\"(max-width: 300px) 100vw, 300px\" alt=\"AA44 Brief 6\" \t\tclass=\"so-widget-image\"\/>\n\t<\/div>\n\n<\/div><\/div><\/div><div id=\"pgc-30467-5-1\"  class=\"panel-grid-cell\" ><div id=\"panel-30467-5-1-0\" class=\"so-panel widget widget_sow-headline panel-first-child\" data-index=\"16\" ><div\n\t\t\t\n\t\t\tclass=\"so-widget-sow-headline so-widget-sow-headline-default-5d74d290e9c0-30467\"\n\t\t\t\n\t\t><div class=\"sow-headline-container \">\n\t\t\t\t\t\t\t<h2 class=\"sow-headline\">\n\t\t\t\t\t\tYa hay financiaci\u00f3n disponible para crear programas de Alerta Ashanti\t\t\t\t\t\t<\/h2>\n\t\t\t\t\t\t\t\t\t\t\t<div class=\"decoration\">\n\t\t\t\t\t\t<div class=\"decoration-inside\"><\/div>\n\t\t\t\t\t<\/div>\n\t\t\t\t\t<\/div>\n<\/div><\/div><div id=\"panel-30467-5-1-1\" class=\"so-panel widget widget_sow-editor panel-last-child\" data-index=\"17\" ><div\n\t\t\t\n\t\t\tclass=\"so-widget-sow-editor so-widget-sow-editor-base\"\n\t\t\t\n\t\t>\n<div class=\"siteorigin-widget-tinymce textwidget\">\n\t<p class=\"p1\">Los estados ahora pueden solicitar financiaci\u00f3n federal para el programa piloto Ashanti Alert. La Alerta Ashanti notifica al p\u00fablico sobre adultos desaparecidos o en peligro, de entre 18 y 64 a\u00f1os, y establece una red nacional de comunicaciones para ayudar a las fuerzas del orden en la b\u00fasqueda. La Oficina de Asistencia Judicial pondr\u00e1 a disposici\u00f3n 1 mill\u00f3n de d\u00f3lares en asistencia t\u00e9cnica para facilitar y acelerar el desarrollo de programas Ashanti Alert en todo el estado. La alerta lleva el nombre de Ashanti Billie, la estudiante universitaria de 19 a\u00f1os que fue secuestrada y asesinada en Carolina del Norte en 2017.   <\/p>\n<\/div>\n<\/div><\/div><\/div><\/div><\/div><div id=\"pg-30467-6\"  class=\"panel-grid panel-has-style\" ><div class=\"siteorigin-panels-stretch panel-row-style panel-row-style-for-30467-6\" data-stretch-type=\"full\" ><div id=\"pgc-30467-6-0\"  class=\"panel-grid-cell\" ><div id=\"panel-30467-6-0-0\" class=\"so-panel widget widget_sow-image panel-first-child panel-last-child\" data-index=\"18\" ><div\n\t\t\t\n\t\t\tclass=\"so-widget-sow-image so-widget-sow-image-default-dbf295114b96-30467\"\n\t\t\t\n\t\t>\n<div class=\"sow-image-container\">\n\t\t<img \n\tsrc=\"https:\/\/amberadvocate.org\/wp-content\/uploads\/2020\/12\/AA44-brief7.png\" width=\"300\" height=\"300\" srcset=\"https:\/\/amberadvocate.org\/wp-content\/uploads\/2020\/12\/AA44-brief7.png 300w, https:\/\/amberadvocate.org\/wp-content\/uploads\/2020\/12\/AA44-brief7-150x150.png 150w\" sizes=\"(max-width: 300px) 100vw, 300px\" alt=\"AA44 Brief 7\" \t\tclass=\"so-widget-image\"\/>\n\t<\/div>\n\n<\/div><\/div><\/div><div id=\"pgc-30467-6-1\"  class=\"panel-grid-cell\" ><div id=\"panel-30467-6-1-0\" class=\"so-panel widget widget_sow-headline panel-first-child\" data-index=\"19\" ><div\n\t\t\t\n\t\t\tclass=\"so-widget-sow-headline so-widget-sow-headline-default-5d74d290e9c0-30467\"\n\t\t\t\n\t\t><div class=\"sow-headline-container \">\n\t\t\t\t\t\t\t<h2 class=\"sow-headline\">\n\t\t\t\t\t\tKansas City recauda dinero para honrar a un ni\u00f1o asesinado\t\t\t\t\t\t<\/h2>\n\t\t\t\t\t\t\t\t\t\t\t<div class=\"decoration\">\n\t\t\t\t\t\t<div class=\"decoration-inside\"><\/div>\n\t\t\t\t\t<\/div>\n\t\t\t\t\t<\/div>\n<\/div><\/div><div id=\"panel-30467-6-1-1\" class=\"so-panel widget widget_sow-editor panel-last-child\" data-index=\"20\" ><div\n\t\t\t\n\t\t\tclass=\"so-widget-sow-editor so-widget-sow-editor-base\"\n\t\t\t\n\t\t>\n<div class=\"siteorigin-widget-tinymce textwidget\">\n\t<p class=\"p1\">Familiares y amigos en Kansas City est\u00e1n recaudando dinero para bancos conmemorativos en honor a Olivia Jansen, una ni\u00f1a de tres a\u00f1os que fue supuestamente asesinada por su padre y su novia. La polic\u00eda emiti\u00f3 una alerta AMBER el 12 de julio de 2020, despu\u00e9s de que el padre informara que su hija estaba desaparecida. \u201cToda la situaci\u00f3n ha tocado tantos corazones y llega a casa\u201d, dijo la amiga de la familia Ramona Olivas, \u201cEs hermoso ver a toda esta gente saliendo por ella\u201d. Un grupo de motociclistas organiz\u00f3 un paseo para recaudar dinero y se planean recaudaciones de fondos adicionales.   <\/p>\n<\/div>\n<\/div><\/div><\/div><\/div><\/div><\/div>","protected":false},"excerpt":{"rendered":"<p>Breves noticias sobre la Alerta AMBER y la Protecci\u00f3n de la Infancia<\/p>\n","protected":false},"author":10,"featured_media":24447,"comment_status":"closed","ping_status":"closed","sticky":false,"template":"","format":"standard","meta":{"_bbp_topic_count":0,"_bbp_reply_count":0,"_bbp_total_topic_count":0,"_bbp_total_reply_count":0,"_bbp_voice_count":0,"_bbp_anonymous_reply_count":0,"_bbp_topic_count_hidden":0,"_bbp_reply_count_hidden":0,"_bbp_forum_subforum_count":0,"_analytify_skip_tracking":false,"footnotes":""},"categories":[649],"tags":[],"class_list":["post-30467","post","type-post","status-publish","format-standard","has-post-thumbnail","hentry","category-alerta-amber-breves"],"meta_box":{"aa_theme_enable_blocks_editor":"","aa_theme_featured_img_position":""},"publishpress_future_workflow_manual_trigger":{"enabledWorkflows":[]},"_links":{"self":[{"href":"https:\/\/amberadvocate.org\/es\/wp-json\/wp\/v2\/posts\/30467","targetHints":{"allow":["GET"]}}],"collection":[{"href":"https:\/\/amberadvocate.org\/es\/wp-json\/wp\/v2\/posts"}],"about":[{"href":"https:\/\/amberadvocate.org\/es\/wp-json\/wp\/v2\/types\/post"}],"author":[{"embeddable":true,"href":"https:\/\/amberadvocate.org\/es\/wp-json\/wp\/v2\/users\/10"}],"replies":[{"embeddable":true,"href":"https:\/\/amberadvocate.org\/es\/wp-json\/wp\/v2\/comments?post=30467"}],"version-history":[{"count":0,"href":"https:\/\/amberadvocate.org\/es\/wp-json\/wp\/v2\/posts\/30467\/revisions"}],"wp:featuredmedia":[{"embeddable":true,"href":"https:\/\/amberadvocate.org\/es\/wp-json\/wp\/v2\/media\/24447"}],"wp:attachment":[{"href":"https:\/\/amberadvocate.org\/es\/wp-json\/wp\/v2\/media?parent=30467"}],"wp:term":[{"taxonomy":"category","embeddable":true,"href":"https:\/\/amberadvocate.org\/es\/wp-json\/wp\/v2\/categories?post=30467"},{"taxonomy":"post_tag","embeddable":true,"href":"https:\/\/amberadvocate.org\/es\/wp-json\/wp\/v2\/tags?post=30467"}],"curies":[{"name":"wp","href":"https:\/\/api.w.org\/{rel}","templated":true}]}}