{"id":30465,"date":"2020-12-11T13:01:15","date_gmt":"2020-12-11T19:01:15","guid":{"rendered":"https:\/\/amberadvocate.org\/sin-categorizar\/amber-alert-international-numero-4-2020\/"},"modified":"2025-11-01T14:15:46","modified_gmt":"2025-11-01T19:15:46","slug":"amber-alert-international-numero-4-2020","status":"publish","type":"post","link":"https:\/\/amberadvocate.org\/es\/internacional\/amber-alert-international-numero-4-2020\/","title":{"rendered":"AMBER Alert International &#8211; N\u00famero 4 2020"},"content":{"rendered":"<div id=\"pl-30465\"  class=\"panel-layout\" ><div id=\"pg-30465-0\"  class=\"panel-grid panel-has-style\" ><div class=\"siteorigin-panels-stretch panel-row-style panel-row-style-for-30465-0\" data-stretch-type=\"full\" ><div id=\"pgc-30465-0-0\"  class=\"panel-grid-cell\" ><div id=\"panel-30465-0-0-0\" class=\"so-panel widget widget_sow-image panel-first-child panel-last-child\" data-index=\"0\" ><div\n\t\t\t\n\t\t\tclass=\"so-widget-sow-image so-widget-sow-image-default-dbf295114b96-30465\"\n\t\t\t\n\t\t>\n<div class=\"sow-image-container\">\n\t\t<img \n\tsrc=\"https:\/\/amberadvocate.org\/wp-content\/uploads\/2020\/12\/AA44-International-1.png\" width=\"300\" height=\"300\" srcset=\"https:\/\/amberadvocate.org\/wp-content\/uploads\/2020\/12\/AA44-International-1.png 300w, https:\/\/amberadvocate.org\/wp-content\/uploads\/2020\/12\/AA44-International-1-150x150.png 150w\" sizes=\"(max-width: 300px) 100vw, 300px\" title=\"AA44-internacional-1\" alt=\"Internacional 1\" \t\tclass=\"so-widget-image\"\/>\n\t<\/div>\n\n<\/div><\/div><\/div><div id=\"pgc-30465-0-1\"  class=\"panel-grid-cell\" ><div id=\"panel-30465-0-1-0\" class=\"so-panel widget widget_sow-headline panel-first-child\" data-index=\"1\" ><div class=\"panel-widget-style panel-widget-style-for-30465-0-1-0\" ><div\n\t\t\t\n\t\t\tclass=\"so-widget-sow-headline so-widget-sow-headline-default-f2a1341d8031-30465\"\n\t\t\t\n\t\t><div class=\"sow-headline-container \">\n\t\t\t\t\t\t\t<h2 class=\"sow-headline\">\n\t\t\t\t\t\tLos repartidores de comida holandeses tambi\u00e9n prestan ayuda durante las Alertas AMBER\t\t\t\t\t\t<\/h2>\n\t\t\t\t\t\t\t\t\t\t\t<div class=\"decoration\">\n\t\t\t\t\t\t<div class=\"decoration-inside\"><\/div>\n\t\t\t\t\t<\/div>\n\t\t\t\t\t<\/div>\n<\/div><\/div><\/div><div id=\"panel-30465-0-1-1\" class=\"so-panel widget widget_sow-editor panel-last-child\" data-index=\"2\" ><div\n\t\t\t\n\t\t\tclass=\"so-widget-sow-editor so-widget-sow-editor-base\"\n\t\t\t\n\t\t>\n<div class=\"siteorigin-widget-tinymce textwidget\">\n\t<p class=\"p1\">Los repartidores de comida a domicilio en los Pa\u00edses Bajos ahora est\u00e1n ayudando a encontrar ni\u00f1os desaparecidos y secuestrados. Los repartidores de comida de Deliveroo est\u00e1n participando en una campa\u00f1a nacional llamada \"Ride to Find\", y buscar\u00e1n ni\u00f1os desaparecidos despu\u00e9s de recibir una Alerta AMBER en su aplicaci\u00f3n de trabajo. Los repartidores tambi\u00e9n tendr\u00e1n carteles de personas desaparecidas en sus bolsas de reparto.  <\/p>\n<\/div>\n<\/div><\/div><\/div><\/div><\/div><div id=\"pg-30465-1\"  class=\"panel-grid panel-has-style\" ><div class=\"siteorigin-panels-stretch panel-row-style panel-row-style-for-30465-1\" data-stretch-type=\"full\" ><div id=\"pgc-30465-1-0\"  class=\"panel-grid-cell\" ><div id=\"panel-30465-1-0-0\" class=\"so-panel widget widget_sow-image panel-first-child panel-last-child\" data-index=\"3\" ><div\n\t\t\t\n\t\t\tclass=\"so-widget-sow-image so-widget-sow-image-default-dbf295114b96-30465\"\n\t\t\t\n\t\t>\n<div class=\"sow-image-container\">\n\t\t<img \n\tsrc=\"https:\/\/amberadvocate.org\/wp-content\/uploads\/2020\/12\/AA44-International-2.png\" width=\"300\" height=\"300\" srcset=\"https:\/\/amberadvocate.org\/wp-content\/uploads\/2020\/12\/AA44-International-2.png 300w, https:\/\/amberadvocate.org\/wp-content\/uploads\/2020\/12\/AA44-International-2-150x150.png 150w\" sizes=\"(max-width: 300px) 100vw, 300px\" title=\"AA44-internacional-2\" alt=\"Internacional 2\" \t\tclass=\"so-widget-image\"\/>\n\t<\/div>\n\n<\/div><\/div><\/div><div id=\"pgc-30465-1-1\"  class=\"panel-grid-cell\" ><div id=\"panel-30465-1-1-0\" class=\"so-panel widget widget_sow-headline panel-first-child\" data-index=\"4\" ><div class=\"panel-widget-style panel-widget-style-for-30465-1-1-0\" ><div\n\t\t\t\n\t\t\tclass=\"so-widget-sow-headline so-widget-sow-headline-default-f2a1341d8031-30465\"\n\t\t\t\n\t\t><div class=\"sow-headline-container \">\n\t\t\t\t\t\t\t<h2 class=\"sow-headline\">\n\t\t\t\t\t\tLa loter\u00eda australiana vuelve a apostar por ayudar a los ni\u00f1os desaparecidos\t\t\t\t\t\t<\/h2>\n\t\t\t\t\t\t\t\t\t\t\t<div class=\"decoration\">\n\t\t\t\t\t\t<div class=\"decoration-inside\"><\/div>\n\t\t\t\t\t<\/div>\n\t\t\t\t\t<\/div>\n<\/div><\/div><\/div><div id=\"panel-30465-1-1-1\" class=\"so-panel widget widget_sow-editor panel-last-child\" data-index=\"5\" ><div\n\t\t\t\n\t\t\tclass=\"so-widget-sow-editor so-widget-sow-editor-base\"\n\t\t\t\n\t\t>\n<div class=\"siteorigin-widget-tinymce textwidget\">\n\t<p class=\"p1\">Golden Casket, parte de la loter\u00eda oficial de Australia, don\u00f3 300.000 d\u00f3lares australianos a una organizaci\u00f3n dedicada a ayudar a las v\u00edctimas de delitos y personas desaparecidas. La Fundaci\u00f3n Daniel Marcombe ayuda a las v\u00edctimas, pero tambi\u00e9n ofrece programas y eventos de seguridad infantil. La loter\u00eda tambi\u00e9n env\u00eda Alertas AMBER a m\u00e1s de 900 puntos de venta en Queensland.  <\/p>\n<\/div>\n<\/div><\/div><\/div><\/div><\/div><div id=\"pg-30465-2\"  class=\"panel-grid panel-has-style\" ><div class=\"siteorigin-panels-stretch panel-row-style panel-row-style-for-30465-2\" data-stretch-type=\"full\" ><div id=\"pgc-30465-2-0\"  class=\"panel-grid-cell\" ><div id=\"panel-30465-2-0-0\" class=\"so-panel widget widget_sow-image panel-first-child panel-last-child\" data-index=\"6\" ><div\n\t\t\t\n\t\t\tclass=\"so-widget-sow-image so-widget-sow-image-default-dbf295114b96-30465\"\n\t\t\t\n\t\t>\n<div class=\"sow-image-container\">\n\t\t<img \n\tsrc=\"https:\/\/amberadvocate.org\/wp-content\/uploads\/2020\/12\/AA44-International-3.png\" width=\"300\" height=\"300\" srcset=\"https:\/\/amberadvocate.org\/wp-content\/uploads\/2020\/12\/AA44-International-3.png 300w, https:\/\/amberadvocate.org\/wp-content\/uploads\/2020\/12\/AA44-International-3-150x150.png 150w\" sizes=\"(max-width: 300px) 100vw, 300px\" title=\"AA44-internacional-3\" alt=\"Internacional 3\" \t\tclass=\"so-widget-image\"\/>\n\t<\/div>\n\n<\/div><\/div><\/div><div id=\"pgc-30465-2-1\"  class=\"panel-grid-cell\" ><div id=\"panel-30465-2-1-0\" class=\"so-panel widget widget_sow-headline panel-first-child\" data-index=\"7\" ><div class=\"panel-widget-style panel-widget-style-for-30465-2-1-0\" ><div\n\t\t\t\n\t\t\tclass=\"so-widget-sow-headline so-widget-sow-headline-default-f2a1341d8031-30465\"\n\t\t\t\n\t\t><div class=\"sow-headline-container \">\n\t\t\t\t\t\t\t<h2 class=\"sow-headline\">\n\t\t\t\t\t\tLa polic\u00eda finlandesa se une a la red de personas desaparecidas\t\t\t\t\t\t<\/h2>\n\t\t\t\t\t\t\t\t\t\t\t<div class=\"decoration\">\n\t\t\t\t\t\t<div class=\"decoration-inside\"><\/div>\n\t\t\t\t\t<\/div>\n\t\t\t\t\t<\/div>\n<\/div><\/div><\/div><div id=\"panel-30465-2-1-1\" class=\"so-panel widget widget_sow-editor panel-last-child\" data-index=\"8\" ><div\n\t\t\t\n\t\t\tclass=\"so-widget-sow-editor so-widget-sow-editor-base\"\n\t\t\t\n\t\t>\n<div class=\"siteorigin-widget-tinymce textwidget\">\n\t<p class=\"p1\">La Polic\u00eda Nacional Finlandesa se ha unido oficialmente a la Red de Expertos Policiales en Personas Desaparecidas (PEN-MP) de AMBER Alert Europe. Finlandia se une a m\u00e1s de 70 expertos policiales de 24 pa\u00edses que trabajan en casos de personas desaparecidas. PEN-MP se cre\u00f3 para reunir a agentes del orden de diferentes pa\u00edses para recuperar a las personas desaparecidas de forma m\u00e1s r\u00e1pida y eficaz.  <span class=\"Apple-converted-space\"> <\/span><\/p>\n<\/div>\n<\/div><\/div><\/div><\/div><\/div><div id=\"pg-30465-3\"  class=\"panel-grid panel-has-style\" ><div class=\"siteorigin-panels-stretch panel-row-style panel-row-style-for-30465-3\" data-stretch-type=\"full\" ><div id=\"pgc-30465-3-0\"  class=\"panel-grid-cell\" ><div id=\"panel-30465-3-0-0\" class=\"so-panel widget widget_sow-image panel-first-child panel-last-child\" data-index=\"9\" ><div\n\t\t\t\n\t\t\tclass=\"so-widget-sow-image so-widget-sow-image-default-dbf295114b96-30465\"\n\t\t\t\n\t\t>\n<div class=\"sow-image-container\">\n\t\t<img \n\tsrc=\"https:\/\/amberadvocate.org\/wp-content\/uploads\/2020\/12\/AA44-International-4.png\" width=\"300\" height=\"300\" srcset=\"https:\/\/amberadvocate.org\/wp-content\/uploads\/2020\/12\/AA44-International-4.png 300w, https:\/\/amberadvocate.org\/wp-content\/uploads\/2020\/12\/AA44-International-4-150x150.png 150w\" sizes=\"(max-width: 300px) 100vw, 300px\" title=\"AA44-internacional-4\" alt=\"Internacional 4\" \t\tclass=\"so-widget-image\"\/>\n\t<\/div>\n\n<\/div><\/div><\/div><div id=\"pgc-30465-3-1\"  class=\"panel-grid-cell\" ><div id=\"panel-30465-3-1-0\" class=\"so-panel widget widget_sow-headline panel-first-child\" data-index=\"10\" ><div class=\"panel-widget-style panel-widget-style-for-30465-3-1-0\" ><div\n\t\t\t\n\t\t\tclass=\"so-widget-sow-headline so-widget-sow-headline-default-f2a1341d8031-30465\"\n\t\t\t\n\t\t><div class=\"sow-headline-container \">\n\t\t\t\t\t\t\t<h2 class=\"sow-headline\">\n\t\t\t\t\t\tEl seminario web Alerta AMBER Europa atrae a participantes de varios pa\u00edses\t\t\t\t\t\t<\/h2>\n\t\t\t\t\t\t\t\t\t\t\t<div class=\"decoration\">\n\t\t\t\t\t\t<div class=\"decoration-inside\"><\/div>\n\t\t\t\t\t<\/div>\n\t\t\t\t\t<\/div>\n<\/div><\/div><\/div><div id=\"panel-30465-3-1-1\" class=\"so-panel widget widget_sow-editor panel-last-child\" data-index=\"11\" ><div\n\t\t\t\n\t\t\tclass=\"so-widget-sow-editor so-widget-sow-editor-base\"\n\t\t\t\n\t\t>\n<div class=\"siteorigin-widget-tinymce textwidget\">\n\t<p class=\"p1\">AMBER Alert Europe atrajo a 50 profesionales de las fuerzas del orden de 22 pa\u00edses a un seminario web titulado \"Salvar primero a la persona desaparecida, resolver el crimen despu\u00e9s\". El seminario web del 30 de septiembre de 2020 debati\u00f3 la ponderaci\u00f3n de las prioridades entre perseguir un enjuiciamiento y encontrar a una persona desaparecida. <\/p>\n<\/div>\n<\/div><\/div><\/div><\/div><\/div><\/div>","protected":false},"excerpt":{"rendered":"<p>Breves noticias sobre la Alerta AMBER y la protecci\u00f3n de la infancia en todo el mundo<\/p>\n","protected":false},"author":10,"featured_media":24457,"comment_status":"closed","ping_status":"closed","sticky":false,"template":"","format":"standard","meta":{"_bbp_topic_count":0,"_bbp_reply_count":0,"_bbp_total_topic_count":0,"_bbp_total_reply_count":0,"_bbp_voice_count":0,"_bbp_anonymous_reply_count":0,"_bbp_topic_count_hidden":0,"_bbp_reply_count_hidden":0,"_bbp_forum_subforum_count":0,"_analytify_skip_tracking":false,"footnotes":""},"categories":[651],"tags":[],"class_list":["post-30465","post","type-post","status-publish","format-standard","has-post-thumbnail","hentry","category-internacional"],"meta_box":{"aa_theme_enable_blocks_editor":"","aa_theme_featured_img_position":""},"publishpress_future_workflow_manual_trigger":{"enabledWorkflows":[]},"_links":{"self":[{"href":"https:\/\/amberadvocate.org\/es\/wp-json\/wp\/v2\/posts\/30465","targetHints":{"allow":["GET"]}}],"collection":[{"href":"https:\/\/amberadvocate.org\/es\/wp-json\/wp\/v2\/posts"}],"about":[{"href":"https:\/\/amberadvocate.org\/es\/wp-json\/wp\/v2\/types\/post"}],"author":[{"embeddable":true,"href":"https:\/\/amberadvocate.org\/es\/wp-json\/wp\/v2\/users\/10"}],"replies":[{"embeddable":true,"href":"https:\/\/amberadvocate.org\/es\/wp-json\/wp\/v2\/comments?post=30465"}],"version-history":[{"count":0,"href":"https:\/\/amberadvocate.org\/es\/wp-json\/wp\/v2\/posts\/30465\/revisions"}],"wp:featuredmedia":[{"embeddable":true,"href":"https:\/\/amberadvocate.org\/es\/wp-json\/wp\/v2\/media\/24457"}],"wp:attachment":[{"href":"https:\/\/amberadvocate.org\/es\/wp-json\/wp\/v2\/media?parent=30465"}],"wp:term":[{"taxonomy":"category","embeddable":true,"href":"https:\/\/amberadvocate.org\/es\/wp-json\/wp\/v2\/categories?post=30465"},{"taxonomy":"post_tag","embeddable":true,"href":"https:\/\/amberadvocate.org\/es\/wp-json\/wp\/v2\/tags?post=30465"}],"curies":[{"name":"wp","href":"https:\/\/api.w.org\/{rel}","templated":true}]}}