{"id":30451,"date":"2021-03-25T11:08:41","date_gmt":"2021-03-25T16:08:41","guid":{"rendered":"https:\/\/amberadvocate.org\/sin-categorizar\/rostros-de-la-red-de-alerta-amber-pensilvania\/"},"modified":"2025-11-01T14:17:21","modified_gmt":"2025-11-01T19:17:21","slug":"rostros-de-la-red-de-alerta-amber-pensilvania","status":"publish","type":"post","link":"https:\/\/amberadvocate.org\/es\/habla-amber\/rostros-de-la-red-de-alerta-amber-pensilvania\/","title":{"rendered":"Rostros de la Red de Alerta AMBER: Pensilvania"},"content":{"rendered":"<div id=\"pl-30451\"  class=\"panel-layout\" ><div id=\"pg-30451-0\"  class=\"panel-grid panel-no-style\" ><div id=\"pgc-30451-0-0\"  class=\"panel-grid-cell\" ><div id=\"panel-30451-0-0-0\" class=\"so-panel widget widget_sow-editor panel-first-child panel-last-child\" data-index=\"0\" ><div class=\"panel-widget-style panel-widget-style-for-30451-0-0-0\" ><div\n\t\t\t\n\t\t\tclass=\"so-widget-sow-editor so-widget-sow-editor-base\"\n\t\t\t\n\t\t>\n<div class=\"siteorigin-widget-tinymce textwidget\">\n\t<figure id=\"attachment_27969\" aria-describedby=\"caption-attachment-27969\" style=\"width: 300px\" class=\"wp-caption alignleft\"><img decoding=\"async\" class=\" wp-image-7795\" src=\"https:\/\/amberadvocate.org\/wp-content\/uploads\/2021\/03\/Corporal-Shawn-Kofluk.png\" alt=\"Cabo Shawn Kofluk\" width=\"300\" height=\"300\" srcset=\"https:\/\/amberadvocate.org\/wp-content\/uploads\/2021\/03\/Corporal-Shawn-Kofluk.png 663w, https:\/\/amberadvocate.org\/wp-content\/uploads\/2021\/03\/Corporal-Shawn-Kofluk-300x300.png 300w, https:\/\/amberadvocate.org\/wp-content\/uploads\/2021\/03\/Corporal-Shawn-Kofluk-150x150.png 150w\" sizes=\"(max-width: 300px) 100vw, 300px\" \/><figcaption id=\"caption-attachment-27969\" class=\"wp-caption-text\">Cabo Shawn Kofluk<\/figcaption><\/figure>\n<p>&nbsp;<\/p>\n<p>El cabo Shawn Kofluk es el gerente del Centro de Intercambio de Personas Desaparecidas de Pensilvania y coordinador de Alertas AMBER. Es el supervisor de la Unidad de Evaluaci\u00f3n de Investigaci\u00f3n Criminal (CIA) de la Polic\u00eda Estatal de Pensilvania (PSP) y supervisa a siete personas designadas para las Alertas AMBER. <\/p>\n<p>Kofluk ha realizado trabajos encubiertos y ha estado en la PSP durante m\u00e1s de 25 a\u00f1os. Ha participado en numerosas investigaciones de homicidios y delitos a gran escala, incluidos casos relacionados con el secuestro y asesinato de Nalani Johnson, el abusador sexual de menores Jerry Sandusky, asesinos en serie, bandas de motociclistas fuera de la ley y un guardia de prisi\u00f3n que fue condenado como violador en serie. <\/p>\n<p>Kofluk ha recibido numerosos premios y menciones honor\u00edficas, incluido el de Agente del A\u00f1o. Recientemente fue entrevistado para un episodio del programa de televisi\u00f3n \u201cBloodline Detectives\u201d. <\/p>\n<p>Tiene una licenciatura en psicolog\u00eda y trabaj\u00f3 en el campo de la salud mental durante varios a\u00f1os antes de ingresar en las fuerzas del orden. Est\u00e1 casado y tiene cuatro hijos. <\/p>\n<h3>\u00bfQu\u00e9 tienen de particular tus programas de Alerta AMBER y de personas desaparecidas, y qu\u00e9 crees que hace que tengan \u00e9xito?<\/h3>\n<p>Actualmente tenemos ocho personas designadas para las Alertas AMBER que pueden emitir tanto Alertas AMBER como Alertas de Personas Desaparecidas en Peligro (MEPA). Implementamos una pol\u00edtica que exige capacitaciones mensuales y simulacros de alerta para mantener a todos preparados. <\/p>\n<h3>\u00bfQu\u00e9 te motiva a encontrar ni\u00f1os desaparecidos y secuestrados?<\/h3>\n<p>Probablemente la idea de que mis propios hijos sean secuestrados o desaparezcan. Haber visto este tipo de investigaciones y saber de lo que son capaces los secuestradores me da perspectiva. Esta es la peor pesadilla de un padre y nunca quiero que ninguna familia pase por algo as\u00ed.  <\/p>\n<h3>Cu\u00e9ntenos sobre su historia de \u00e9xito m\u00e1s memorable al trabajar en un caso de ni\u00f1o desaparecido. \u00bfC\u00f3mo apoy\u00f3 la Alerta AMBER el resultado?  \u00bfCu\u00e1les fueron las lecciones aprendidas m\u00e1s importantes?<\/h3>\n<p>La primera Alerta AMBER que emit\u00ed involucr\u00f3 a varios ni\u00f1os. Estaba experimentando problemas t\u00e9cnicos con nuestro software y me quedaba sin tiempo para la grabaci\u00f3n porque ten\u00edamos mucha informaci\u00f3n descriptiva de los ni\u00f1os y el secuestrador. Tan pronto como consegu\u00ed que la grabaci\u00f3n fuera correcta, un ruido de fondo la arruin\u00f3.  <\/p>\n<p>A pesar de todo, mantuve la calma y pude solucionar todos los problemas. Emitimos la Alerta AMBER y recuperamos a los ni\u00f1os de forma segura. Aprend\u00ed que, siempre y cuando mantenga la calma y conf\u00ede en todos los recursos, podemos solucionar cualquier problema que pueda surgir.  <\/p>\n<h3>\u00bfC\u00f3mo han reforzado tu carrera y tus experiencias vitales, incluido tu trabajo como Coordinadora de la Alerta AMBER, tu compromiso de ayudar a los ni\u00f1os en peligro, desaparecidos y secuestrados?<\/h3>\n<p>Tengo una perspectiva \u00fanica porque soy padre y he investigado muchos cr\u00edmenes horribles a lo largo de los a\u00f1os. Una vez que te involucras con el programa Alerta AMBER, de alguna manera cobra vida propia y te encuentras volvi\u00e9ndote muy protector con el programa de tu estado. Me ayuda a comprender la importancia de proteger la integridad de nuestro programa.  <\/p>\n<h3>\u00bfQu\u00e9 te gustar\u00eda que ocurriera con tu programa de Alerta AMBER y otros programas en el futuro?<\/h3>\n<p>Me gustar\u00eda ver que nuestro programa Alerta AMBER contin\u00fae creciendo y encontrando nuevas formas de difundir las alertas AMBER y MEPA m\u00e1s r\u00e1pidamente. Tambi\u00e9n me gustar\u00eda ver que nuestra Unidad de la CIA contin\u00fae brindando capacitaci\u00f3n a las entidades policiales estatales y municipales para prepararlas para responder a una emergencia de secuestro de ni\u00f1os. <\/p>\n<p>Estamos trabajando en una nueva iniciativa que involucra una capacitaci\u00f3n anual basada en la web que ser\u00e1 obligatoria. Esta capacitaci\u00f3n proporcionar\u00eda a nuestra gente conocimientos sobre c\u00f3mo activar una Alerta AMBER, los criterios de activaci\u00f3n y la importancia de la velocidad al emitir y responder a este tipo de emergencias. <\/p>\n<h3>\u00bfC\u00f3mo te ha ayudado la formaci\u00f3n en los casos de Alerta AMBER?<\/h3>\n<p>La capacitaci\u00f3n es crucial. En mi opini\u00f3n, nunca se puede tener suficiente. Ya sea que est\u00e9 capacitando a los primeros en responder sobre c\u00f3mo manejar una emergencia de secuestro de ni\u00f1os o capacitando a las personas designadas para las Alertas AMBER sobre c\u00f3mo emitir realmente una alerta, todo tiene un objetivo en mente, la respuesta r\u00e1pida y la activaci\u00f3n de la alerta para salvar la vida de un ni\u00f1o.  <\/p>\n<p>Nuestra unidad ense\u00f1a todo lo que podemos y siempre estamos buscando nuevos p\u00fablicos y formatos para impulsar la capacitaci\u00f3n. Constantemente estamos educando y actualizando a los agentes de polic\u00eda, fiscales, jueces, legisladores, miembros de los medios de comunicaci\u00f3n y al p\u00fablico sobre nuestro programa Alerta AMBER. <\/p>\n<h3>\u00bfQu\u00e9 consejo dar\u00edas a otros socios de Alerta AMBER?<\/h3>\n<p>Implemente pol\u00edticas que exijan capacitaci\u00f3n dentro de su departamento sobre c\u00f3mo responder a las emergencias de secuestro de ni\u00f1os, los factores de tiempo involucrados y los procedimientos de emisi\u00f3n de una Alerta AMBER. Nuestra pol\u00edtica exige que los agentes tomen la capacitaci\u00f3n, para que comprendan mejor el programa. <\/p>\n<p>Instituya un protocolo de capacitaci\u00f3n para las personas designadas para las Alertas AMBER que incluya la realizaci\u00f3n de simulacros y otros ejercicios para prepararse para emitir una alerta. La pol\u00edtica es necesaria para que la gente no se vuelva perezosa. <\/p>\n<p>Impulse las listas de verificaci\u00f3n dentro de su departamento, espec\u00edficamente para los primeros agentes en responder. Las listas de verificaci\u00f3n garantizan que los agentes tengan toda la informaci\u00f3n adecuada necesaria para emitir una Alerta AMBER, lo que ayuda a evitar cualquier retraso. <\/p>\n<p>Est\u00e9 siempre atento a las nuevas tecnolog\u00edas para lograr una emisi\u00f3n m\u00e1s r\u00e1pida de las Alertas AMBER. Y apoye a sus personas designadas al m\u00e1ximo; este puede ser un trabajo extremadamente estresante. <\/p>\n<\/div>\n<\/div><\/div><\/div><\/div><\/div><\/div>","protected":false},"excerpt":{"rendered":"<p>El Coordinador de la Alerta AMBER de Pensilvania se centra en la formaci\u00f3n para llevar a casa sanos y salvos a los ni\u00f1os secuestrados<\/p>\n","protected":false},"author":10,"featured_media":7794,"comment_status":"closed","ping_status":"closed","sticky":false,"template":"","format":"standard","meta":{"_bbp_topic_count":0,"_bbp_reply_count":0,"_bbp_total_topic_count":0,"_bbp_total_reply_count":0,"_bbp_voice_count":0,"_bbp_anonymous_reply_count":0,"_bbp_topic_count_hidden":0,"_bbp_reply_count_hidden":0,"_bbp_forum_subforum_count":0,"_analytify_skip_tracking":false,"footnotes":""},"categories":[646],"tags":[],"class_list":["post-30451","post","type-post","status-publish","format-standard","has-post-thumbnail","hentry","category-habla-amber"],"meta_box":{"aa_theme_enable_blocks_editor":"","aa_theme_featured_img_position":""},"publishpress_future_workflow_manual_trigger":{"enabledWorkflows":[]},"_links":{"self":[{"href":"https:\/\/amberadvocate.org\/es\/wp-json\/wp\/v2\/posts\/30451","targetHints":{"allow":["GET"]}}],"collection":[{"href":"https:\/\/amberadvocate.org\/es\/wp-json\/wp\/v2\/posts"}],"about":[{"href":"https:\/\/amberadvocate.org\/es\/wp-json\/wp\/v2\/types\/post"}],"author":[{"embeddable":true,"href":"https:\/\/amberadvocate.org\/es\/wp-json\/wp\/v2\/users\/10"}],"replies":[{"embeddable":true,"href":"https:\/\/amberadvocate.org\/es\/wp-json\/wp\/v2\/comments?post=30451"}],"version-history":[{"count":0,"href":"https:\/\/amberadvocate.org\/es\/wp-json\/wp\/v2\/posts\/30451\/revisions"}],"wp:featuredmedia":[{"embeddable":true,"href":"https:\/\/amberadvocate.org\/es\/wp-json\/wp\/v2\/media\/7794"}],"wp:attachment":[{"href":"https:\/\/amberadvocate.org\/es\/wp-json\/wp\/v2\/media?parent=30451"}],"wp:term":[{"taxonomy":"category","embeddable":true,"href":"https:\/\/amberadvocate.org\/es\/wp-json\/wp\/v2\/categories?post=30451"},{"taxonomy":"post_tag","embeddable":true,"href":"https:\/\/amberadvocate.org\/es\/wp-json\/wp\/v2\/tags?post=30451"}],"curies":[{"name":"wp","href":"https:\/\/api.w.org\/{rel}","templated":true}]}}