{"id":30450,"date":"2021-03-25T11:43:54","date_gmt":"2021-03-25T16:43:54","guid":{"rendered":"https:\/\/amberadvocate.org\/sin-categorizar\/resumenes-de-la-alerta-amber-numero-1-2021\/"},"modified":"2025-11-01T14:12:24","modified_gmt":"2025-11-01T19:12:24","slug":"resumenes-de-la-alerta-amber-numero-1-2021","status":"publish","type":"post","link":"https:\/\/amberadvocate.org\/es\/alerta-amber-breves\/resumenes-de-la-alerta-amber-numero-1-2021\/","title":{"rendered":"Res\u00famenes de la Alerta AMBER &#8211; N\u00famero 1 2021"},"content":{"rendered":"<div id=\"pl-30450\"  class=\"panel-layout\" ><div id=\"pg-30450-0\"  class=\"panel-grid panel-has-style\" ><div class=\"siteorigin-panels-stretch panel-row-style panel-row-style-for-30450-0\" data-stretch-type=\"full\" ><div id=\"pgc-30450-0-0\"  class=\"panel-grid-cell\" ><div id=\"panel-30450-0-0-0\" class=\"so-panel widget widget_sow-image panel-first-child panel-last-child\" data-index=\"0\" ><div\n\t\t\t\n\t\t\tclass=\"so-widget-sow-image so-widget-sow-image-default-dbf295114b96-30450\"\n\t\t\t\n\t\t>\n<div class=\"sow-image-container\">\n\t\t<img \n\tsrc=\"https:\/\/amberadvocate.org\/wp-content\/uploads\/2021\/03\/aa45-brief1.png\" width=\"200\" height=\"200\" srcset=\"https:\/\/amberadvocate.org\/wp-content\/uploads\/2021\/03\/aa45-brief1.png 200w, https:\/\/amberadvocate.org\/wp-content\/uploads\/2021\/03\/aa45-brief1-150x150.png 150w\" sizes=\"(max-width: 200px) 100vw, 200px\" alt=\"\" \t\tclass=\"so-widget-image\"\/>\n\t<\/div>\n\n<\/div><\/div><\/div><div id=\"pgc-30450-0-1\"  class=\"panel-grid-cell\" ><div id=\"panel-30450-0-1-0\" class=\"so-panel widget widget_sow-headline panel-first-child\" data-index=\"1\" ><div\n\t\t\t\n\t\t\tclass=\"so-widget-sow-headline so-widget-sow-headline-default-5d74d290e9c0-30450\"\n\t\t\t\n\t\t><div class=\"sow-headline-container \">\n\t\t\t\t\t\t\t<h2 class=\"sow-headline\">\n\t\t\t\t\t\tUn pirata inform\u00e1tico reclama acceso a los sistemas de alerta de emergencia de EE.UU. y Canad\u00e1\t\t\t\t\t\t<\/h2>\n\t\t\t\t\t\t\t\t\t\t\t<div class=\"decoration\">\n\t\t\t\t\t\t<div class=\"decoration-inside\"><\/div>\n\t\t\t\t\t<\/div>\n\t\t\t\t\t<\/div>\n<\/div><\/div><div id=\"panel-30450-0-1-1\" class=\"so-panel widget widget_sow-editor panel-last-child\" data-index=\"2\" ><div\n\t\t\t\n\t\t\tclass=\"so-widget-sow-editor so-widget-sow-editor-base\"\n\t\t\t\n\t\t>\n<div class=\"siteorigin-widget-tinymce textwidget\">\n\t<p>Un hacker estadounidense afirma que puede acceder a los sistemas de alerta de emergencia de EE. UU. y Canad\u00e1 y afirma que podr\u00eda enviar un mensaje a nivel nacional a trav\u00e9s de ambos sistemas. Dijo que pudo descubrir contrase\u00f1as de fabricantes clave para acceder a sus sistemas. \u201cTe\u00f3ricamente, puedo enviar cualquier cosa, desde una advertencia de volc\u00e1n a todo EE. UU. hasta una alerta AMBER. Si realmente quisiera, tambi\u00e9n podr\u00eda enviar mensajes personalizados\u201d, dijo. El hacker tambi\u00e9n advierte de otros con los mismos conocimientos tecnol\u00f3gicos.   <\/p>\n<p>En noviembre de 2020, unos hackers obtuvieron acceso al canal de comunicaciones de emergencia de Florida y enviaron un mensaje no autorizado al equipo de respuesta de emergencia del estado. \u201cEl hecho de que alguien utilice un sistema de alerta de emergencia para su propio prop\u00f3sito, sea cual sea, es irresponsable e ilegal\u201d, dijo Jason Mahon, director de comunicaciones de la Divisi\u00f3n de Gesti\u00f3n de Emergencias de Florida. Se ha pedido al Departamento de Polic\u00eda de Florida que investigue.  <\/p>\n<\/div>\n<\/div><\/div><\/div><\/div><\/div><div id=\"pg-30450-1\"  class=\"panel-grid panel-has-style\" ><div class=\"siteorigin-panels-stretch panel-row-style panel-row-style-for-30450-1\" data-stretch-type=\"full\" ><div id=\"pgc-30450-1-0\"  class=\"panel-grid-cell\" ><div id=\"panel-30450-1-0-0\" class=\"so-panel widget widget_sow-image panel-first-child panel-last-child\" data-index=\"3\" ><div\n\t\t\t\n\t\t\tclass=\"so-widget-sow-image so-widget-sow-image-default-dbf295114b96-30450\"\n\t\t\t\n\t\t>\n<div class=\"sow-image-container\">\n\t\t<img \n\tsrc=\"https:\/\/amberadvocate.org\/wp-content\/uploads\/2021\/03\/aa45-brief2.png\" width=\"200\" height=\"200\" srcset=\"https:\/\/amberadvocate.org\/wp-content\/uploads\/2021\/03\/aa45-brief2.png 200w, https:\/\/amberadvocate.org\/wp-content\/uploads\/2021\/03\/aa45-brief2-150x150.png 150w\" sizes=\"(max-width: 200px) 100vw, 200px\" alt=\"\" \t\tclass=\"so-widget-image\"\/>\n\t<\/div>\n\n<\/div><\/div><\/div><div id=\"pgc-30450-1-1\"  class=\"panel-grid-cell\" ><div id=\"panel-30450-1-1-0\" class=\"so-panel widget widget_sow-headline panel-first-child\" data-index=\"4\" ><div\n\t\t\t\n\t\t\tclass=\"so-widget-sow-headline so-widget-sow-headline-default-5d74d290e9c0-30450\"\n\t\t\t\n\t\t><div class=\"sow-headline-container \">\n\t\t\t\t\t\t\t<h2 class=\"sow-headline\">\n\t\t\t\t\t\tLa familia de la v\u00edctima busca una \"Alerta Quawan\" para ni\u00f1os desaparecidos en Luisiana\t\t\t\t\t\t<\/h2>\n\t\t\t\t\t\t\t\t\t\t\t<div class=\"decoration\">\n\t\t\t\t\t\t<div class=\"decoration-inside\"><\/div>\n\t\t\t\t\t<\/div>\n\t\t\t\t\t<\/div>\n<\/div><\/div><div id=\"panel-30450-1-1-1\" class=\"so-panel widget widget_sow-editor panel-last-child\" data-index=\"5\" ><div\n\t\t\t\n\t\t\tclass=\"so-widget-sow-editor so-widget-sow-editor-base\"\n\t\t\t\n\t\t>\n<div class=\"siteorigin-widget-tinymce textwidget\">\n\t<p class=\"p1\">La familia de un joven de 15 a\u00f1os asesinado quiere que Luisiana cree una \u201cAlerta Quawan\u201d para notificar al p\u00fablico tan pronto como un ni\u00f1o desaparezca. Quawan \u201cBobby\u201d Charles fue encontrado muerto cerca de un campo hace tres a\u00f1os y medio despu\u00e9s de que un v\u00eddeo lo mostrara subiendo a un veh\u00edculo como pasajero. La familia de la v\u00edctima est\u00e1 molesta porque la polic\u00eda no emiti\u00f3 una Alerta AMBER y quiere que se establezca un sistema para ayudar a los ni\u00f1os desaparecidos, en particular a los ni\u00f1os de comunidades pobres.  <\/p>\n<\/div>\n<\/div><\/div><\/div><\/div><\/div><div id=\"pg-30450-2\"  class=\"panel-grid panel-has-style\" ><div class=\"siteorigin-panels-stretch panel-row-style panel-row-style-for-30450-2\" data-stretch-type=\"full\" ><div id=\"pgc-30450-2-0\"  class=\"panel-grid-cell\" ><div id=\"panel-30450-2-0-0\" class=\"so-panel widget widget_sow-image panel-first-child panel-last-child\" data-index=\"6\" ><div\n\t\t\t\n\t\t\tclass=\"so-widget-sow-image so-widget-sow-image-default-dbf295114b96-30450\"\n\t\t\t\n\t\t>\n<div class=\"sow-image-container\">\n\t\t<img \n\tsrc=\"https:\/\/amberadvocate.org\/wp-content\/uploads\/2021\/03\/aa45-brief3.png\" width=\"200\" height=\"200\" srcset=\"https:\/\/amberadvocate.org\/wp-content\/uploads\/2021\/03\/aa45-brief3.png 200w, https:\/\/amberadvocate.org\/wp-content\/uploads\/2021\/03\/aa45-brief3-150x150.png 150w\" sizes=\"(max-width: 200px) 100vw, 200px\" alt=\"\" \t\tclass=\"so-widget-image\"\/>\n\t<\/div>\n\n<\/div><\/div><\/div><div id=\"pgc-30450-2-1\"  class=\"panel-grid-cell\" ><div id=\"panel-30450-2-1-0\" class=\"so-panel widget widget_sow-headline panel-first-child\" data-index=\"7\" ><div\n\t\t\t\n\t\t\tclass=\"so-widget-sow-headline so-widget-sow-headline-default-5d74d290e9c0-30450\"\n\t\t\t\n\t\t><div class=\"sow-headline-container \">\n\t\t\t\t\t\t\t<h2 class=\"sow-headline\">\n\t\t\t\t\t\tLas Vegas apuesta por que las Alertas AMBER sean m\u00e1s eficaces al convertirse en una \"ciudad inteligente\"\t\t\t\t\t\t<\/h2>\n\t\t\t\t\t\t\t\t\t\t\t<div class=\"decoration\">\n\t\t\t\t\t\t<div class=\"decoration-inside\"><\/div>\n\t\t\t\t\t<\/div>\n\t\t\t\t\t<\/div>\n<\/div><\/div><div id=\"panel-30450-2-1-1\" class=\"so-panel widget widget_sow-editor panel-last-child\" data-index=\"8\" ><div\n\t\t\t\n\t\t\tclass=\"so-widget-sow-editor so-widget-sow-editor-base\"\n\t\t\t\n\t\t>\n<div class=\"siteorigin-widget-tinymce textwidget\">\n\t<p class=\"p1\">Las Vegas ha instalado 198 kil\u00f3metros de cable de fibra \u00f3ptica para respaldar las necesidades de infraestructura para convertirse en una \u201cciudad inteligente\u201d. El sistema incluye c\u00e1maras de v\u00eddeo de alta definici\u00f3n, sensores de sonido y movimiento y otra tecnolog\u00eda en l\u00ednea. Las autoridades dicen que las c\u00e1maras de v\u00eddeo pueden escanear una matr\u00edcula conectada a una Alerta AMBER y ayudar a recuperar a ni\u00f1os desaparecidos y secuestrados.  <\/p>\n<\/div>\n<\/div><\/div><\/div><\/div><\/div><div id=\"pg-30450-3\"  class=\"panel-grid panel-has-style\" ><div class=\"siteorigin-panels-stretch panel-row-style panel-row-style-for-30450-3\" data-stretch-type=\"full\" ><div id=\"pgc-30450-3-0\"  class=\"panel-grid-cell\" ><div id=\"panel-30450-3-0-0\" class=\"so-panel widget widget_sow-image panel-first-child panel-last-child\" data-index=\"9\" ><div\n\t\t\t\n\t\t\tclass=\"so-widget-sow-image so-widget-sow-image-default-dbf295114b96-30450\"\n\t\t\t\n\t\t>\n<div class=\"sow-image-container\">\n\t\t<img \n\tsrc=\"https:\/\/amberadvocate.org\/wp-content\/uploads\/2021\/03\/aa45-brief4.png\" width=\"200\" height=\"200\" srcset=\"https:\/\/amberadvocate.org\/wp-content\/uploads\/2021\/03\/aa45-brief4.png 200w, https:\/\/amberadvocate.org\/wp-content\/uploads\/2021\/03\/aa45-brief4-150x150.png 150w\" sizes=\"(max-width: 200px) 100vw, 200px\" alt=\"\" \t\tclass=\"so-widget-image\"\/>\n\t<\/div>\n\n<\/div><\/div><\/div><div id=\"pgc-30450-3-1\"  class=\"panel-grid-cell\" ><div id=\"panel-30450-3-1-0\" class=\"so-panel widget widget_sow-headline panel-first-child\" data-index=\"10\" ><div\n\t\t\t\n\t\t\tclass=\"so-widget-sow-headline so-widget-sow-headline-default-5d74d290e9c0-30450\"\n\t\t\t\n\t\t><div class=\"sow-headline-container \">\n\t\t\t\t\t\t\t<h2 class=\"sow-headline\">\n\t\t\t\t\t\tEl NCMEC comienza a utilizar un nuevo software de notificaci\u00f3n para las Alertas AMBER\t\t\t\t\t\t<\/h2>\n\t\t\t\t\t\t\t\t\t\t\t<div class=\"decoration\">\n\t\t\t\t\t\t<div class=\"decoration-inside\"><\/div>\n\t\t\t\t\t<\/div>\n\t\t\t\t\t<\/div>\n<\/div><\/div><div id=\"panel-30450-3-1-1\" class=\"so-panel widget widget_sow-editor panel-last-child\" data-index=\"11\" ><div\n\t\t\t\n\t\t\tclass=\"so-widget-sow-editor so-widget-sow-editor-base\"\n\t\t\t\n\t\t>\n<div class=\"siteorigin-widget-tinymce textwidget\">\n\t<p class=\"p1\">El Centro Nacional para Ni\u00f1os Desaparecidos y Explotados ahora est\u00e1 utilizando un nuevo proveedor de software para enviar Alertas Inal\u00e1mbricas de Emergencia (WEA) para el sistema de Alerta AMBER. NCMEC seleccion\u00f3 a OnSolve, un proveedor de gesti\u00f3n de eventos cr\u00edticos, para proporcionar notificaciones urgentes a \u00e1reas geogr\u00e1ficas cercanas a un incidente. <\/p>\n<\/div>\n<\/div><\/div><\/div><\/div><\/div><div id=\"pg-30450-4\"  class=\"panel-grid panel-has-style\" ><div class=\"siteorigin-panels-stretch panel-row-style panel-row-style-for-30450-4\" data-stretch-type=\"full\" ><div id=\"pgc-30450-4-0\"  class=\"panel-grid-cell\" ><div id=\"panel-30450-4-0-0\" class=\"so-panel widget widget_sow-image panel-first-child panel-last-child\" data-index=\"12\" ><div\n\t\t\t\n\t\t\tclass=\"so-widget-sow-image so-widget-sow-image-default-dbf295114b96-30450\"\n\t\t\t\n\t\t>\n<div class=\"sow-image-container\">\n\t\t<img \n\tsrc=\"https:\/\/amberadvocate.org\/wp-content\/uploads\/2021\/03\/aa45-brief5.png\" width=\"200\" height=\"200\" srcset=\"https:\/\/amberadvocate.org\/wp-content\/uploads\/2021\/03\/aa45-brief5.png 200w, https:\/\/amberadvocate.org\/wp-content\/uploads\/2021\/03\/aa45-brief5-150x150.png 150w\" sizes=\"(max-width: 200px) 100vw, 200px\" alt=\"\" \t\tclass=\"so-widget-image\"\/>\n\t<\/div>\n\n<\/div><\/div><\/div><div id=\"pgc-30450-4-1\"  class=\"panel-grid-cell\" ><div id=\"panel-30450-4-1-0\" class=\"so-panel widget widget_sow-headline panel-first-child\" data-index=\"13\" ><div\n\t\t\t\n\t\t\tclass=\"so-widget-sow-headline so-widget-sow-headline-default-5d74d290e9c0-30450\"\n\t\t\t\n\t\t><div class=\"sow-headline-container \">\n\t\t\t\t\t\t\t<h2 class=\"sow-headline\">\n\t\t\t\t\t\tEl Congreso estudia un proyecto de ley para ampliar las alertas de emergencia\t\t\t\t\t\t<\/h2>\n\t\t\t\t\t\t\t\t\t\t\t<div class=\"decoration\">\n\t\t\t\t\t\t<div class=\"decoration-inside\"><\/div>\n\t\t\t\t\t<\/div>\n\t\t\t\t\t<\/div>\n<\/div><\/div><div id=\"panel-30450-4-1-1\" class=\"so-panel widget widget_sow-editor panel-last-child\" data-index=\"14\" ><div\n\t\t\t\n\t\t\tclass=\"so-widget-sow-editor so-widget-sow-editor-base\"\n\t\t\t\n\t\t>\n<div class=\"siteorigin-widget-tinymce textwidget\">\n\t<p class=\"p1\">Se est\u00e1 pidiendo a los legisladores federales que aprueben la Ley de Mejora de la Distribuci\u00f3n de Alertas de Emergencia Fiables (READ) para que m\u00e1s personas reciban alertas de emergencia. El proyecto de ley autorizar\u00e1 la investigaci\u00f3n de nuevas formas de alertar a las personas, rastrear y estudiar alertas falsas y mejorar la forma en que los estados planifican las alertas de emergencia. La legislaci\u00f3n ampl\u00eda las Alertas AMBER a todos los territorios de EE. UU. y elimina la capacidad de las personas de optar por no recibir ciertas alertas federales de emergencia.  <\/p>\n<\/div>\n<\/div><\/div><\/div><\/div><\/div><div id=\"pg-30450-5\"  class=\"panel-grid panel-has-style\" ><div class=\"siteorigin-panels-stretch panel-row-style panel-row-style-for-30450-5\" data-stretch-type=\"full\" ><div id=\"pgc-30450-5-0\"  class=\"panel-grid-cell\" ><div id=\"panel-30450-5-0-0\" class=\"so-panel widget widget_sow-image panel-first-child panel-last-child\" data-index=\"15\" ><div\n\t\t\t\n\t\t\tclass=\"so-widget-sow-image so-widget-sow-image-default-dbf295114b96-30450\"\n\t\t\t\n\t\t>\n<div class=\"sow-image-container\">\n\t\t<img \n\tsrc=\"https:\/\/amberadvocate.org\/wp-content\/uploads\/2021\/03\/aa45-brief6.png\" width=\"200\" height=\"200\" srcset=\"https:\/\/amberadvocate.org\/wp-content\/uploads\/2021\/03\/aa45-brief6.png 200w, https:\/\/amberadvocate.org\/wp-content\/uploads\/2021\/03\/aa45-brief6-150x150.png 150w\" sizes=\"(max-width: 200px) 100vw, 200px\" alt=\"\" \t\tclass=\"so-widget-image\"\/>\n\t<\/div>\n\n<\/div><\/div><\/div><div id=\"pgc-30450-5-1\"  class=\"panel-grid-cell\" ><div id=\"panel-30450-5-1-0\" class=\"so-panel widget widget_sow-headline panel-first-child\" data-index=\"16\" ><div\n\t\t\t\n\t\t\tclass=\"so-widget-sow-headline so-widget-sow-headline-default-5d74d290e9c0-30450\"\n\t\t\t\n\t\t><div class=\"sow-headline-container \">\n\t\t\t\t\t\t\t<h2 class=\"sow-headline\">\n\t\t\t\t\t\tLos legisladores de Tennessee estudian la \"Ley de Evelyn\" para ayudar a los ni\u00f1os desaparecidos\t\t\t\t\t\t<\/h2>\n\t\t\t\t\t\t\t\t\t\t\t<div class=\"decoration\">\n\t\t\t\t\t\t<div class=\"decoration-inside\"><\/div>\n\t\t\t\t\t<\/div>\n\t\t\t\t\t<\/div>\n<\/div><\/div><div id=\"panel-30450-5-1-1\" class=\"so-panel widget widget_sow-editor panel-last-child\" data-index=\"17\" ><div\n\t\t\t\n\t\t\tclass=\"so-widget-sow-editor so-widget-sow-editor-base\"\n\t\t\t\n\t\t>\n<div class=\"siteorigin-widget-tinymce textwidget\">\n\t<p class=\"p1\">Los legisladores de Tennessee est\u00e1n considerando un proyecto de ley que requerir\u00e1 que los padres notifiquen inmediatamente a la polic\u00eda dentro de las 48 horas si un ni\u00f1o desaparece. La \u201cLey de Evelyn\u201d tambi\u00e9n convertir\u00eda a todos en \u201creporteros obligatorios\u201d si creen que un ni\u00f1o est\u00e1 en peligro. El proyecto de ley lleva el nombre de Evelyn Boswell, una ni\u00f1a peque\u00f1a que estuvo desaparecida durante casi dos meses antes de que se denunciara su desaparici\u00f3n. Los infractores podr\u00edan enfrentarse a penas de c\u00e1rcel por no presentar informes oportunos.   <\/p>\n<\/div>\n<\/div><\/div><\/div><\/div><\/div><div id=\"pg-30450-6\"  class=\"panel-grid panel-has-style\" ><div class=\"siteorigin-panels-stretch panel-row-style panel-row-style-for-30450-6\" data-stretch-type=\"full\" ><div id=\"pgc-30450-6-0\"  class=\"panel-grid-cell\" ><div id=\"panel-30450-6-0-0\" class=\"so-panel widget widget_sow-image panel-first-child panel-last-child\" data-index=\"18\" ><div\n\t\t\t\n\t\t\tclass=\"so-widget-sow-image so-widget-sow-image-default-dbf295114b96-30450\"\n\t\t\t\n\t\t>\n<div class=\"sow-image-container\">\n\t\t<img \n\tsrc=\"https:\/\/amberadvocate.org\/wp-content\/uploads\/2021\/03\/aa45-brief7.png\" width=\"200\" height=\"200\" srcset=\"https:\/\/amberadvocate.org\/wp-content\/uploads\/2021\/03\/aa45-brief7.png 200w, https:\/\/amberadvocate.org\/wp-content\/uploads\/2021\/03\/aa45-brief7-150x150.png 150w\" sizes=\"(max-width: 200px) 100vw, 200px\" alt=\"\" \t\tclass=\"so-widget-image\"\/>\n\t<\/div>\n\n<\/div><\/div><\/div><div id=\"pgc-30450-6-1\"  class=\"panel-grid-cell\" ><div id=\"panel-30450-6-1-0\" class=\"so-panel widget widget_sow-headline panel-first-child\" data-index=\"19\" ><div\n\t\t\t\n\t\t\tclass=\"so-widget-sow-headline so-widget-sow-headline-default-5d74d290e9c0-30450\"\n\t\t\t\n\t\t><div class=\"sow-headline-container \">\n\t\t\t\t\t\t\t<h2 class=\"sow-headline\">\n\t\t\t\t\t\tFlorida ya dispone de Alertas AMBER \"clicables\t\t\t\t\t\t<\/h2>\n\t\t\t\t\t\t\t\t\t\t\t<div class=\"decoration\">\n\t\t\t\t\t\t<div class=\"decoration-inside\"><\/div>\n\t\t\t\t\t<\/div>\n\t\t\t\t\t<\/div>\n<\/div><\/div><div id=\"panel-30450-6-1-1\" class=\"so-panel widget widget_sow-editor panel-last-child\" data-index=\"20\" ><div\n\t\t\t\n\t\t\tclass=\"so-widget-sow-editor so-widget-sow-editor-base\"\n\t\t\t\n\t\t>\n<div class=\"siteorigin-widget-tinymce textwidget\">\n\t<p class=\"p1\">El Departamento de Polic\u00eda de Florida ahora puede emitir Alertas AMBER con enlaces en los que se puede hacer clic para ver fotos e informaci\u00f3n sobre un ni\u00f1o secuestrado. Los enlaces se incluyen en las Alertas Inal\u00e1mbricas de Emergencia (WEA) que se env\u00edan a los tel\u00e9fonos m\u00f3viles. Sin los enlaces, la WEA se restringe a solo 90 caracteres, lo que proporciona solo una cantidad limitada de informaci\u00f3n al p\u00fablico.  <\/p>\n<\/div>\n<\/div><\/div><\/div><\/div><\/div><div id=\"pg-30450-7\"  class=\"panel-grid panel-has-style\" ><div class=\"siteorigin-panels-stretch panel-row-style panel-row-style-for-30450-7\" data-stretch-type=\"full\" ><div id=\"pgc-30450-7-0\"  class=\"panel-grid-cell\" ><div id=\"panel-30450-7-0-0\" class=\"so-panel widget widget_sow-image panel-first-child panel-last-child\" data-index=\"21\" ><div\n\t\t\t\n\t\t\tclass=\"so-widget-sow-image so-widget-sow-image-default-dbf295114b96-30450\"\n\t\t\t\n\t\t>\n<div class=\"sow-image-container\">\n\t\t<img \n\tsrc=\"https:\/\/amberadvocate.org\/wp-content\/uploads\/2021\/03\/aa45-brief8.png\" width=\"200\" height=\"200\" srcset=\"https:\/\/amberadvocate.org\/wp-content\/uploads\/2021\/03\/aa45-brief8.png 200w, https:\/\/amberadvocate.org\/wp-content\/uploads\/2021\/03\/aa45-brief8-150x150.png 150w\" sizes=\"(max-width: 200px) 100vw, 200px\" alt=\"\" \t\tclass=\"so-widget-image\"\/>\n\t<\/div>\n\n<\/div><\/div><\/div><div id=\"pgc-30450-7-1\"  class=\"panel-grid-cell\" ><div id=\"panel-30450-7-1-0\" class=\"so-panel widget widget_sow-headline panel-first-child\" data-index=\"22\" ><div\n\t\t\t\n\t\t\tclass=\"so-widget-sow-headline so-widget-sow-headline-default-5d74d290e9c0-30450\"\n\t\t\t\n\t\t><div class=\"sow-headline-container \">\n\t\t\t\t\t\t\t<h2 class=\"sow-headline\">\n\t\t\t\t\t\tUn legislador de Pensilvania busca un sistema de \"Alerta Jay\" para los atropellos con fuga\t\t\t\t\t\t<\/h2>\n\t\t\t\t\t\t\t\t\t\t\t<div class=\"decoration\">\n\t\t\t\t\t\t<div class=\"decoration-inside\"><\/div>\n\t\t\t\t\t<\/div>\n\t\t\t\t\t<\/div>\n<\/div><\/div><div id=\"panel-30450-7-1-1\" class=\"so-panel widget widget_sow-editor panel-last-child\" data-index=\"23\" ><div\n\t\t\t\n\t\t\tclass=\"so-widget-sow-editor so-widget-sow-editor-base\"\n\t\t\t\n\t\t>\n<div class=\"siteorigin-widget-tinymce textwidget\">\n\t<p class=\"p1\">Un legislador estatal de Pensilvania quiere tomar medidas en\u00e9rgicas contra los atropellos y fugas creando una \u201cAlerta Jay\u201d que notificar\u00eda a los talleres de carrocer\u00eda despu\u00e9s de que ocurriera un incidente. El senador estatal de Pensilvania, Anthony Williams, dijo que la ley se inspir\u00f3 en una ni\u00f1a de ocho a\u00f1os que fue atropellada y asesinada por un conductor que se dio a la fuga mientras caminaba a casa desde la escuela. El sospechoso fue capturado despu\u00e9s de que el propietario de un taller de carrocer\u00eda notificara a la polic\u00eda. La ley ampliar\u00eda el sistema de Alerta AMBER y enviar\u00eda descripciones de veh\u00edculos en atropellos y fugas a todos los talleres de carrocer\u00eda del estado.   <\/p>\n<\/div>\n<\/div><\/div><\/div><\/div><\/div><\/div>","protected":false},"excerpt":{"rendered":"<p>Breves noticias sobre la Alerta AMBER y la Protecci\u00f3n de la Infancia<\/p>\n","protected":false},"author":10,"featured_media":24447,"comment_status":"closed","ping_status":"closed","sticky":false,"template":"","format":"standard","meta":{"_bbp_topic_count":0,"_bbp_reply_count":0,"_bbp_total_topic_count":0,"_bbp_total_reply_count":0,"_bbp_voice_count":0,"_bbp_anonymous_reply_count":0,"_bbp_topic_count_hidden":0,"_bbp_reply_count_hidden":0,"_bbp_forum_subforum_count":0,"_analytify_skip_tracking":false,"footnotes":""},"categories":[649],"tags":[],"class_list":["post-30450","post","type-post","status-publish","format-standard","has-post-thumbnail","hentry","category-alerta-amber-breves"],"meta_box":{"aa_theme_enable_blocks_editor":"","aa_theme_featured_img_position":""},"publishpress_future_workflow_manual_trigger":{"enabledWorkflows":[]},"_links":{"self":[{"href":"https:\/\/amberadvocate.org\/es\/wp-json\/wp\/v2\/posts\/30450","targetHints":{"allow":["GET"]}}],"collection":[{"href":"https:\/\/amberadvocate.org\/es\/wp-json\/wp\/v2\/posts"}],"about":[{"href":"https:\/\/amberadvocate.org\/es\/wp-json\/wp\/v2\/types\/post"}],"author":[{"embeddable":true,"href":"https:\/\/amberadvocate.org\/es\/wp-json\/wp\/v2\/users\/10"}],"replies":[{"embeddable":true,"href":"https:\/\/amberadvocate.org\/es\/wp-json\/wp\/v2\/comments?post=30450"}],"version-history":[{"count":0,"href":"https:\/\/amberadvocate.org\/es\/wp-json\/wp\/v2\/posts\/30450\/revisions"}],"wp:featuredmedia":[{"embeddable":true,"href":"https:\/\/amberadvocate.org\/es\/wp-json\/wp\/v2\/media\/24447"}],"wp:attachment":[{"href":"https:\/\/amberadvocate.org\/es\/wp-json\/wp\/v2\/media?parent=30450"}],"wp:term":[{"taxonomy":"category","embeddable":true,"href":"https:\/\/amberadvocate.org\/es\/wp-json\/wp\/v2\/categories?post=30450"},{"taxonomy":"post_tag","embeddable":true,"href":"https:\/\/amberadvocate.org\/es\/wp-json\/wp\/v2\/tags?post=30450"}],"curies":[{"name":"wp","href":"https:\/\/api.w.org\/{rel}","templated":true}]}}