{"id":30444,"date":"2021-06-10T12:58:01","date_gmt":"2021-06-10T17:58:01","guid":{"rendered":"https:\/\/amberadvocate.org\/sin-categorizar\/alerta-amber-en-el-pais-indio-numero-2-2021\/"},"modified":"2025-11-01T14:03:09","modified_gmt":"2025-11-01T19:03:09","slug":"alerta-amber-en-el-pais-indio-numero-2-2021","status":"publish","type":"post","link":"https:\/\/amberadvocate.org\/es\/pais-indio\/alerta-amber-en-el-pais-indio-numero-2-2021\/","title":{"rendered":"Alerta AMBER en el Pa\u00eds Indio: N\u00famero 2 2021"},"content":{"rendered":"<div id=\"pl-30444\"  class=\"panel-layout\" ><div id=\"pg-30444-0\"  class=\"panel-grid panel-has-style\" ><div class=\"siteorigin-panels-stretch panel-row-style panel-row-style-for-30444-0\" data-stretch-type=\"full\" ><div id=\"pgc-30444-0-0\"  class=\"panel-grid-cell\" ><div id=\"panel-30444-0-0-0\" class=\"so-panel widget widget_sow-headline panel-first-child\" data-index=\"0\" ><div class=\"panel-widget-style panel-widget-style-for-30444-0-0-0\" ><div\n\t\t\t\n\t\t\tclass=\"so-widget-sow-headline so-widget-sow-headline-default-f2a1341d8031-30444\"\n\t\t\t\n\t\t><div class=\"sow-headline-container \">\n\t\t\t\t\t\t\t<h2 class=\"sow-headline\">\n\t\t\t\t\t\tCaminando en recuerdo de Ashlynne Mike\t\t\t\t\t\t<\/h2>\n\t\t\t\t\t\t\t\t\t\t\t<div class=\"decoration\">\n\t\t\t\t\t\t<div class=\"decoration-inside\"><\/div>\n\t\t\t\t\t<\/div>\n\t\t\t\t\t<\/div>\n<\/div><\/div><\/div><div id=\"panel-30444-0-0-1\" class=\"so-panel widget widget_siteorigin-panels-builder\" data-index=\"1\" ><div id=\"pl-w60c29f995571d\"  class=\"panel-layout\" ><div id=\"pg-w60c29f995571d-0\"  class=\"panel-grid panel-no-style\" ><div id=\"pgc-w60c29f995571d-0-0\"  class=\"panel-grid-cell\" ><div id=\"panel-w60c29f995571d-0-0-0\" class=\"so-panel widget widget_sow-image panel-first-child panel-last-child\" data-index=\"0\" ><div\n\t\t\t\n\t\t\tclass=\"so-widget-sow-image so-widget-sow-image-default-8b5b6f678277\"\n\t\t\t\n\t\t>\n<div class=\"sow-image-container\">\n\t\t<img \n\tsrc=\"https:\/\/amberadvocate.org\/wp-content\/uploads\/2021\/06\/Ashlynne-Mike_4-29-21_post-768x576-1.jpg\" width=\"768\" height=\"576\" srcset=\"https:\/\/amberadvocate.org\/wp-content\/uploads\/2021\/06\/Ashlynne-Mike_4-29-21_post-768x576-1.jpg 768w, https:\/\/amberadvocate.org\/wp-content\/uploads\/2021\/06\/Ashlynne-Mike_4-29-21_post-768x576-1-300x225.jpg 300w\" sizes=\"(max-width: 768px) 100vw, 768px\" title=\"Ashlynne-Mike_4-29-21_post-768&#215;576\" alt=\"Ashlynne Mike\" \t\tclass=\"so-widget-image\"\/>\n\t<\/div>\n\n<\/div><\/div><\/div><div id=\"pgc-w60c29f995571d-0-1\"  class=\"panel-grid-cell\" ><div class=\"panel-cell-style panel-cell-style-for-w60c29f995571d-0-1\" ><div id=\"panel-w60c29f995571d-0-1-0\" class=\"so-panel widget widget_sow-editor panel-first-child panel-last-child\" data-index=\"1\" ><div\n\t\t\t\n\t\t\tclass=\"so-widget-sow-editor so-widget-sow-editor-base\"\n\t\t\t\n\t\t>\n<div class=\"siteorigin-widget-tinymce textwidget\">\n\t<p><em><strong>En nuestros corazones<\/strong><\/em><\/p>\n<p>Hoy hemos pensado en ti.<br \/>Pero eso no es nada nuevo.<br \/>Ayer pensamos en ti.<br \/>Y d\u00edas antes tambi\u00e9n.<br \/>Pensamos en ti en silencio.<br \/>A menudo pronunciamos tu nombre.<br \/>Ahora todo lo que tenemos son recuerdos.<br \/>Y tu foto en un marco.<br \/>Tu recuerdo es nuestro tesoro.<br \/>Del que nunca nos separaremos.<br \/>Dios te tiene en su protecci\u00f3n.<br \/>Nosotros te tenemos en nuestros corazones.<\/p>\n<p style=\"text-align: left;\">Autor - Desconocido<\/p>\n<\/div>\n<\/div><\/div><\/div><\/div><\/div><\/div><\/div><div id=\"panel-30444-0-0-2\" class=\"so-panel widget widget_sow-editor panel-last-child\" data-index=\"2\" ><div\n\t\t\t\n\t\t\tclass=\"so-widget-sow-editor so-widget-sow-editor-base\"\n\t\t\t\n\t\t>\n<div class=\"siteorigin-widget-tinymce textwidget\">\n\t<p><em>Contribuci\u00f3n de Pamela Foster, madre de Ashlynne<\/em><br \/>El 2 de mayo de 2021 se cumplir\u00e1n cinco a\u00f1os del secuestro de mis hijos Ashlynne e Ian Mike. Ian ten\u00eda la tierna edad de 9 a\u00f1os y a\u00fan era muy joven, y pasaba la mayor parte de su tiempo consolidando su relaci\u00f3n con su hermana. Ashlynne ten\u00eda 11 a\u00f1os y estaba en los a\u00f1os \"intermedios\" entre los 9 y los 12, y estaba floreciendo a medida que avanzaba en su infancia. Fui bendecida con dos hijos incre\u00edbles y la vida era casi tan perfecta como pod\u00eda ser. No estoy segura de c\u00f3mo empezar la historia del secuestro de mis hijos, pero puedo decir que \"no est\u00e1bamos preparados\" para el impacto que ocurri\u00f3 ese d\u00eda.<\/p>\n<p>En la ma\u00f1ana del 2 de mayo de 2016, Ian y Ashlynne se despertaron como cualquier otra ma\u00f1ana, se vistieron para la escuela, dieron una ronda de abrazos matutinos y se fueron a la escuela sin saber el terror que les esperaba. Mis hijos fueron secuestrados despu\u00e9s de la escuela en su parada de autob\u00fas escolar y mi dulce \u00e1ngel nunca lleg\u00f3 a casa. <\/p>\n<p>Desde ese d\u00eda horrible, me convert\u00ed en la defensora de mis hijos, luch\u00e9 por la justicia y concienci\u00e9 sobre la falta de programas de Alerta AMBER en todo el territorio ind\u00edgena. Con el arduo trabajo de tantos l\u00edderes dedicados que vieron la laguna en el sistema, pudimos aprobar la Ley de Alerta AMBER Ashlynne Mike en el territorio ind\u00edgena de 2018 el 13 de abril de 2018. <\/p>\n<p>Me alegra que ahora tengamos el programa de Alerta AMBER Ashlynne Mike en el territorio ind\u00edgena, un sistema que salva vidas para nuestros ni\u00f1os ind\u00edgenas y sus familias. Las l\u00e1grimas corren por mis mejillas porque me apasiona hacer un cambio, y la fuente misma de mi movimiento comenz\u00f3 desde las bases. No estaba segura de si llegar\u00eda tan lejos, puse toda mi fe en Ashlynne y en el universo. Mi \u00e1ngel estuvo conmigo en esp\u00edritu a cada paso del camino.   <\/p>\n<p>Desde la tragedia, recordamos a Ashlynne con una caminata anual. Desafortunadamente, no pudimos reunirnos este a\u00f1o como el a\u00f1o pasado. Debido a que el esp\u00edritu de la caminata es importante para nosotros, este a\u00f1o nos reunimos virtualmente.  <\/p>\n<p>El 2 de mayo de 2021, honramos a Ashlynne y nuestros pensamientos estuvieron con nuestro hermoso \u00e1ngel. Un momento para conmemorar su vida, un d\u00eda en el que le damos mucho respeto. Aunque ya no est\u00e1 con nosotros, sigue moviendo monta\u00f1as y su esp\u00edritu sigue vivo. Siempre hay una sensaci\u00f3n especial en el aire cuando estoy trabajando y haciendo cosas por ella y s\u00e9 que ella est\u00e1 conmigo\/nosotros. La amamos mucho; ha tocado la vida de tantas personas durante su corto tiempo en la tierra. Once hermosos a\u00f1os llenos de recuerdos entra\u00f1ables, y se guardan a salvo en nuestros corazones.     <\/p>\n<p>Al conmemorar este d\u00eda a Ashlynne, recordamos los momentos que compartimos juntos, las celebraciones desde su nacimiento hasta su muerte, y todos los hitos intermedios. Nunca olvidaremos esos preciosos momentos, el brillo en sus ojos, el sonido de su risa. <\/p>\n<hr>\n<p>&nbsp;<\/p>\n<\/div>\n<\/div><\/div><\/div><\/div><\/div><div id=\"pg-30444-1\"  class=\"panel-grid panel-no-style\" ><div id=\"pgc-30444-1-0\"  class=\"panel-grid-cell\" ><div id=\"panel-30444-1-0-0\" class=\"so-panel widget widget_sow-image panel-first-child panel-last-child\" data-index=\"3\" ><div\n\t\t\t\n\t\t\tclass=\"so-widget-sow-image so-widget-sow-image-default-dbf295114b96-30444\"\n\t\t\t\n\t\t>\n<div class=\"sow-image-container\">\n\t\t<img \n\tsrc=\"https:\/\/amberadvocate.org\/wp-content\/uploads\/2021\/06\/SD-Flag-thumb.jpg\" width=\"800\" height=\"800\" srcset=\"https:\/\/amberadvocate.org\/wp-content\/uploads\/2021\/06\/SD-Flag-thumb.jpg 800w, https:\/\/amberadvocate.org\/wp-content\/uploads\/2021\/06\/SD-Flag-thumb-300x300.jpg 300w, https:\/\/amberadvocate.org\/wp-content\/uploads\/2021\/06\/SD-Flag-thumb-150x150.jpg 150w, https:\/\/amberadvocate.org\/wp-content\/uploads\/2021\/06\/SD-Flag-thumb-768x768.jpg 768w\" sizes=\"(max-width: 800px) 100vw, 800px\" title=\"SD-flag-thumb\" alt=\"Bandera de Dakota del Sur\" \t\tclass=\"so-widget-image\"\/>\n\t<\/div>\n\n<\/div><\/div><\/div><div id=\"pgc-30444-1-1\"  class=\"panel-grid-cell\" ><div id=\"panel-30444-1-1-0\" class=\"so-panel widget widget_sow-headline panel-first-child\" data-index=\"4\" ><div class=\"panel-widget-style panel-widget-style-for-30444-1-1-0\" ><div\n\t\t\t\n\t\t\tclass=\"so-widget-sow-headline so-widget-sow-headline-default-f2a1341d8031-30444\"\n\t\t\t\n\t\t><div class=\"sow-headline-container \">\n\t\t\t\t\t\t\t<h2 class=\"sow-headline\">\n\t\t\t\t\t\tDakota del Sur crea una oficina para casos de personas ind\u00edgenas desaparecidas\t\t\t\t\t\t<\/h2>\n\t\t\t\t\t\t\t\t\t\t\t<div class=\"decoration\">\n\t\t\t\t\t\t<div class=\"decoration-inside\"><\/div>\n\t\t\t\t\t<\/div>\n\t\t\t\t\t<\/div>\n<\/div><\/div><\/div><div id=\"panel-30444-1-1-1\" class=\"so-panel widget widget_sow-editor panel-last-child\" data-index=\"5\" ><div\n\t\t\t\n\t\t\tclass=\"so-widget-sow-editor so-widget-sow-editor-base\"\n\t\t\t\n\t\t>\n<div class=\"siteorigin-widget-tinymce textwidget\">\n\t<p>La gobernadora de Dakota del Sur, Kristi Noem, firm\u00f3 un proyecto de ley que establece una oficina para personas ind\u00edgenas desaparecidas y asesinadas. La ley establece un investigador para analizar los datos relacionados con los casos de nativos americanos y crear un programa para prevenir futuros secuestros. El proyecto de ley cuenta con un fuerte apoyo de los l\u00edderes tribales.  <\/p>\n<\/div>\n<\/div><\/div><\/div><\/div><div id=\"pg-30444-2\"  class=\"panel-grid panel-no-style\" ><div id=\"pgc-30444-2-0\"  class=\"panel-grid-cell\" ><div id=\"panel-30444-2-0-0\" class=\"so-panel widget widget_sow-image panel-first-child panel-last-child\" data-index=\"6\" ><div\n\t\t\t\n\t\t\tclass=\"so-widget-sow-image so-widget-sow-image-default-dbf295114b96-30444\"\n\t\t\t\n\t\t>\n<div class=\"sow-image-container\">\n\t\t<img \n\tsrc=\"https:\/\/amberadvocate.org\/wp-content\/uploads\/2021\/06\/OK-flag-thumb.jpg\" width=\"800\" height=\"800\" srcset=\"https:\/\/amberadvocate.org\/wp-content\/uploads\/2021\/06\/OK-flag-thumb.jpg 800w, https:\/\/amberadvocate.org\/wp-content\/uploads\/2021\/06\/OK-flag-thumb-300x300.jpg 300w, https:\/\/amberadvocate.org\/wp-content\/uploads\/2021\/06\/OK-flag-thumb-150x150.jpg 150w, https:\/\/amberadvocate.org\/wp-content\/uploads\/2021\/06\/OK-flag-thumb-768x768.jpg 768w\" sizes=\"(max-width: 800px) 100vw, 800px\" alt=\"\" \t\tclass=\"so-widget-image\"\/>\n\t<\/div>\n\n<\/div><\/div><\/div><div id=\"pgc-30444-2-1\"  class=\"panel-grid-cell\" ><div id=\"panel-30444-2-1-0\" class=\"so-panel widget widget_sow-headline panel-first-child\" data-index=\"7\" ><div class=\"panel-widget-style panel-widget-style-for-30444-2-1-0\" ><div\n\t\t\t\n\t\t\tclass=\"so-widget-sow-headline so-widget-sow-headline-default-f2a1341d8031-30444\"\n\t\t\t\n\t\t><div class=\"sow-headline-container \">\n\t\t\t\t\t\t\t<h2 class=\"sow-headline\">\n\t\t\t\t\t\tOklahoma estudia una ley para ayudar a los ind\u00edgenas desaparecidos y asesinados\t\t\t\t\t\t<\/h2>\n\t\t\t\t\t\t\t\t\t\t\t<div class=\"decoration\">\n\t\t\t\t\t\t<div class=\"decoration-inside\"><\/div>\n\t\t\t\t\t<\/div>\n\t\t\t\t\t<\/div>\n<\/div><\/div><\/div><div id=\"panel-30444-2-1-1\" class=\"so-panel widget widget_sow-editor panel-last-child\" data-index=\"8\" ><div\n\t\t\t\n\t\t\tclass=\"so-widget-sow-editor so-widget-sow-editor-base\"\n\t\t\t\n\t\t>\n<div class=\"siteorigin-widget-tinymce textwidget\">\n\t<p>Algunos legisladores de Oklahoma est\u00e1n buscando la promulgaci\u00f3n de la Ley de Alerta Kasey para abordar el problema de los nativos americanos desaparecidos y asesinados. El proyecto de ley lleva el nombre de Kasey Russell, de 26 a\u00f1os, que desapareci\u00f3 hace cinco a\u00f1os. La ley permitir\u00eda a las fuerzas del orden enviar un mensaje de emergencia a los tel\u00e9fonos y a las se\u00f1ales de seguridad vial, de forma similar a una Alerta AMBER, para los adultos de entre 18 y 59 a\u00f1os que se cree que est\u00e1n en peligro. El a\u00f1o pasado, Oklahoma aprob\u00f3 la Ley de Ida, que facilita a las fuerzas del orden la investigaci\u00f3n de mujeres ind\u00edgenas desaparecidas y asesinadas.   <\/p>\n<\/div>\n<\/div><\/div><\/div><\/div><div id=\"pg-30444-3\"  class=\"panel-grid panel-no-style\" ><div id=\"pgc-30444-3-0\"  class=\"panel-grid-cell\" ><div id=\"panel-30444-3-0-0\" class=\"so-panel widget widget_sow-image panel-first-child panel-last-child\" data-index=\"9\" ><div\n\t\t\t\n\t\t\tclass=\"so-widget-sow-image so-widget-sow-image-default-dbf295114b96-30444\"\n\t\t\t\n\t\t>\n<div class=\"sow-image-container\">\n\t\t<img \n\tsrc=\"https:\/\/amberadvocate.org\/wp-content\/uploads\/2021\/06\/WY-flag-thumb.jpg\" width=\"800\" height=\"800\" srcset=\"https:\/\/amberadvocate.org\/wp-content\/uploads\/2021\/06\/WY-flag-thumb.jpg 800w, https:\/\/amberadvocate.org\/wp-content\/uploads\/2021\/06\/WY-flag-thumb-300x300.jpg 300w, https:\/\/amberadvocate.org\/wp-content\/uploads\/2021\/06\/WY-flag-thumb-150x150.jpg 150w, https:\/\/amberadvocate.org\/wp-content\/uploads\/2021\/06\/WY-flag-thumb-768x768.jpg 768w\" sizes=\"(max-width: 800px) 100vw, 800px\" alt=\"Bandera de Wyoming\" \t\tclass=\"so-widget-image\"\/>\n\t<\/div>\n\n<\/div><\/div><\/div><div id=\"pgc-30444-3-1\"  class=\"panel-grid-cell\" ><div id=\"panel-30444-3-1-0\" class=\"so-panel widget widget_sow-headline panel-first-child\" data-index=\"10\" ><div class=\"panel-widget-style panel-widget-style-for-30444-3-1-0\" ><div\n\t\t\t\n\t\t\tclass=\"so-widget-sow-headline so-widget-sow-headline-default-f2a1341d8031-30444\"\n\t\t\t\n\t\t><div class=\"sow-headline-container \">\n\t\t\t\t\t\t\t<h2 class=\"sow-headline\">\n\t\t\t\t\t\tWyoming publica un informe sobre nativos americanos desaparecidos y asesinados\t\t\t\t\t\t<\/h2>\n\t\t\t\t\t\t\t\t\t\t\t<div class=\"decoration\">\n\t\t\t\t\t\t<div class=\"decoration-inside\"><\/div>\n\t\t\t\t\t<\/div>\n\t\t\t\t\t<\/div>\n<\/div><\/div><\/div><div id=\"panel-30444-3-1-1\" class=\"so-panel widget widget_sow-editor panel-last-child\" data-index=\"11\" ><div\n\t\t\t\n\t\t\tclass=\"so-widget-sow-editor so-widget-sow-editor-base\"\n\t\t\t\n\t\t>\n<div class=\"siteorigin-widget-tinymce textwidget\">\n\t<p>Un nuevo informe revela que los residentes ind\u00edgenas de Wyoming tienen una tasa de homicidios desproporcionadamente m\u00e1s alta que la poblaci\u00f3n general. El gobernador de Wyoming, Mark Gordon, cre\u00f3 el Grupo de Trabajo sobre Ind\u00edgenas Desaparecidos y Asesinados en 2012 y asign\u00f3 al grupo la tarea de abordar las barreras para la investigaci\u00f3n y la ayuda a las v\u00edctimas. El informe revela que los ind\u00edgenas representan menos del 3% de la poblaci\u00f3n de Wyoming, pero representan el 21% de las v\u00edctimas de homicidio. Estas tasas son tambi\u00e9n superiores a la media nacional.   <\/p>\n<ul>\n<li>Las comunidades tribales identificaron tres obst\u00e1culos clave para la notificaci\u00f3n coherente y la respuesta a los casos.<\/li>\n<li>Falta de confianza en las fuerzas del orden y\/o en el proceso judicial.<\/li>\n<li>Ausencia de un \u00fanico punto de contacto entre las fuerzas de seguridad, las agencias y las comunidades para ayudar a las familias a navegar por el sistema.<\/li>\n<li>Percepci\u00f3n de falta de informaci\u00f3n sobre el progreso oportuno de una investigaci\u00f3n o procedimiento judicial.<\/li>\n<\/ul>\n<\/div>\n<\/div><\/div><\/div><\/div><\/div>","protected":false},"excerpt":{"rendered":"<p>Contribuci\u00f3n de Pamela Foster, madre de AshlynneEl 2 de mayo de 2021 se cumplir\u00e1n cinco a\u00f1os del secuestro de mis hijos Ashlynne e Ian Mike. Ian ten\u00eda la tierna edad de 9 a\u00f1os y a\u00fan era muy joven, y pasaba la mayor parte de su tiempo consolidando su relaci\u00f3n con su hermana. Ashlynne ten\u00eda 11 [&hellip;]<\/p>\n","protected":false},"author":10,"featured_media":8707,"comment_status":"closed","ping_status":"closed","sticky":false,"template":"","format":"standard","meta":{"_bbp_topic_count":0,"_bbp_reply_count":0,"_bbp_total_topic_count":0,"_bbp_total_reply_count":0,"_bbp_voice_count":0,"_bbp_anonymous_reply_count":0,"_bbp_topic_count_hidden":0,"_bbp_reply_count_hidden":0,"_bbp_forum_subforum_count":0,"_analytify_skip_tracking":false,"footnotes":""},"categories":[653],"tags":[],"class_list":["post-30444","post","type-post","status-publish","format-standard","has-post-thumbnail","hentry","category-pais-indio"],"meta_box":{"aa_theme_enable_blocks_editor":"","aa_theme_featured_img_position":""},"publishpress_future_workflow_manual_trigger":{"enabledWorkflows":[]},"_links":{"self":[{"href":"https:\/\/amberadvocate.org\/es\/wp-json\/wp\/v2\/posts\/30444","targetHints":{"allow":["GET"]}}],"collection":[{"href":"https:\/\/amberadvocate.org\/es\/wp-json\/wp\/v2\/posts"}],"about":[{"href":"https:\/\/amberadvocate.org\/es\/wp-json\/wp\/v2\/types\/post"}],"author":[{"embeddable":true,"href":"https:\/\/amberadvocate.org\/es\/wp-json\/wp\/v2\/users\/10"}],"replies":[{"embeddable":true,"href":"https:\/\/amberadvocate.org\/es\/wp-json\/wp\/v2\/comments?post=30444"}],"version-history":[{"count":0,"href":"https:\/\/amberadvocate.org\/es\/wp-json\/wp\/v2\/posts\/30444\/revisions"}],"wp:featuredmedia":[{"embeddable":true,"href":"https:\/\/amberadvocate.org\/es\/wp-json\/wp\/v2\/media\/8707"}],"wp:attachment":[{"href":"https:\/\/amberadvocate.org\/es\/wp-json\/wp\/v2\/media?parent=30444"}],"wp:term":[{"taxonomy":"category","embeddable":true,"href":"https:\/\/amberadvocate.org\/es\/wp-json\/wp\/v2\/categories?post=30444"},{"taxonomy":"post_tag","embeddable":true,"href":"https:\/\/amberadvocate.org\/es\/wp-json\/wp\/v2\/tags?post=30444"}],"curies":[{"name":"wp","href":"https:\/\/api.w.org\/{rel}","templated":true}]}}