{"id":30442,"date":"2021-06-10T13:11:08","date_gmt":"2021-06-10T18:11:08","guid":{"rendered":"https:\/\/amberadvocate.org\/sin-categorizar\/rostros-de-la-red-de-alerta-amber-maryland-2\/"},"modified":"2025-11-01T14:03:08","modified_gmt":"2025-11-01T19:03:08","slug":"rostros-de-la-red-de-alerta-amber-maryland-2","status":"publish","type":"post","link":"https:\/\/amberadvocate.org\/es\/habla-amber\/rostros-de-la-red-de-alerta-amber-maryland-2\/","title":{"rendered":"Rostros de la Red de Alerta AMBER: Maryland"},"content":{"rendered":"<div id=\"pl-30442\"  class=\"panel-layout\" ><div id=\"pg-30442-0\"  class=\"panel-grid panel-no-style\" ><div id=\"pgc-30442-0-0\"  class=\"panel-grid-cell\" ><div id=\"panel-30442-0-0-0\" class=\"so-panel widget widget_sow-editor panel-first-child panel-last-child\" data-index=\"0\" ><div class=\"panel-widget-style panel-widget-style-for-30442-0-0-0\" ><div\n\t\t\t\n\t\t\tclass=\"so-widget-sow-editor so-widget-sow-editor-base\"\n\t\t\t\n\t\t>\n<div class=\"siteorigin-widget-tinymce textwidget\">\n\t<p> <figure id=\"attachment_28034\" aria-describedby=\"caption-attachment-28034\" style=\"width: 300px\" class=\"wp-caption alignleft\"><img decoding=\"async\" class=\" wp-image-8643\" src=\"https:\/\/amberadvocate.org\/wp-content\/uploads\/2021\/06\/AA46-Carla-Proudfoot.jpg\" alt=\"Carla Proudfoot\" width=\"300\" height=\"432\" srcset=\"https:\/\/amberadvocate.org\/wp-content\/uploads\/2021\/06\/AA46-Carla-Proudfoot.jpg 1644w, https:\/\/amberadvocate.org\/wp-content\/uploads\/2021\/06\/AA46-Carla-Proudfoot-208x300.jpg 208w, https:\/\/amberadvocate.org\/wp-content\/uploads\/2021\/06\/AA46-Carla-Proudfoot-711x1024.jpg 711w, https:\/\/amberadvocate.org\/wp-content\/uploads\/2021\/06\/AA46-Carla-Proudfoot-768x1106.jpg 768w, https:\/\/amberadvocate.org\/wp-content\/uploads\/2021\/06\/AA46-Carla-Proudfoot-1067x1536.jpg 1067w, https:\/\/amberadvocate.org\/wp-content\/uploads\/2021\/06\/AA46-Carla-Proudfoot-1422x2048.jpg 1422w\" sizes=\"(max-width: 300px) 100vw, 300px\" \/><figcaption id=\"caption-attachment-28034\" class=\"wp-caption-text\">Carla Proudfoot, gerente del Centro de Intercambio de Informaci\u00f3n sobre Personas Desaparecidas de Maryland<\/figcaption><\/figure><br \/>\nCarla Proudfoot ha trabajado en el Centro de Maryland para Personas Desaparecidas y No Identificadas desde octubre de 1985. Es la gerente del Centro de Intercambio de Informaci\u00f3n sobre Personas Desaparecidas del estado y colabor\u00f3 en la creaci\u00f3n e implementaci\u00f3n del Programa AMBER Alert de Maryland en agosto de 2002.<\/p>\n<h3><span style=\"color: #5b3160;\">\u00bfQu\u00e9 tiene de particular tu programa de Alerta AMBER\/personas desaparecidas, y qu\u00e9 crees que hace que tenga \u00e9xito?<\/span><\/h3>\n<p>Nuestro plan AMBER Alert solo es activado por la Polic\u00eda Estatal de Maryland en nombre de otras agencias policiales del estado. Nos esforzamos por difundir la alerta lo m\u00e1s r\u00e1pido posible; hemos cronometrado el proceso y hemos visto la difusi\u00f3n en ocho minutos. Creo que el hecho de que una sola entidad emita, examine la informaci\u00f3n y tome la decisi\u00f3n hace que suceda muy r\u00e1pidamente. Solo los coordinadores de AMBER Alert toman la decisi\u00f3n, bas\u00e1ndose en que cada caso cumpla con los criterios.<\/p>\n<h3><span style=\"color: #5b3160;\">\u00bfQu\u00e9 te motiva a encontrar ni\u00f1os desaparecidos y secuestrados?<\/span><\/h3>\n<p>Me escap\u00e9 cuando ten\u00eda 12 a\u00f1os. Recuerdo v\u00edvidamente c\u00f3mo era. En mi opini\u00f3n, parece que la \"fuga\" no es una preocupaci\u00f3n para el p\u00fablico en general, a menos que sea su hijo. Estos ni\u00f1os necesitan ayuda y no reciben ninguna.<\/p>\n<h3><span style=\"color: #5b3160;\">Por favor, comparte detalles sobre tu historia de \u00e9xito m\u00e1s memorable trabajando en un caso de menor desaparecido. \u00bfC\u00f3mo apoy\u00f3 la Alerta AMBER el resultado? \u00bfCu\u00e1les fueron las lecciones aprendidas m\u00e1s importantes?<\/span><\/h3>\n<p>Desafortunadamente, el que m\u00e1s recuerdo fue el primero, pero no termin\u00f3 bien. El ni\u00f1o hab\u00eda fallecido antes de que el padre denunciara su desaparici\u00f3n. La mayor\u00eda de nuestras historias de \u00e9xito se deben a la emisi\u00f3n de la Alerta AMBER. El secuestrador ve la alerta y deja al ni\u00f1o en alg\u00fan lugar, o se pone en contacto con la polic\u00eda o con la persona que lo denunci\u00f3.<\/p>\n<h3><span style=\"color: #5b3160;\">\u00bfC\u00f3mo han reforzado tu compromiso de ayudar a los ni\u00f1os en peligro, desaparecidos y secuestrados tus experiencias profesionales y vitales, incluido tu trabajo como Directora del Centro de Intercambio de Informaci\u00f3n?<\/span><\/h3>\n<p>Me apasiona mucho conseguir ayuda para los ni\u00f1os que se quedan en el camino. A veces demasiado apasionada. En 36 a\u00f1os, he visto algunos cambios, pero no los suficientes. Llevo demasiados a\u00f1os diciendo que los ni\u00f1os necesitan ayuda ahora, el sistema actual no est\u00e1 ayudando. Nadie quiere proporcionar dinero para ayudar, pero si no reciben ayuda, estaremos pagando por ellos en el futuro cuando formen parte de nuestra poblaci\u00f3n sin hogar o tengan problemas con el VIH, la drogadicci\u00f3n o el alcoholismo, etc.<\/p>\n<h3><span style=\"color: #5b3160;\">\u00bfQu\u00e9 te gustar\u00eda que ocurriera con tu programa de Alerta AMBER y otros programas en el futuro?<\/span><\/h3>\n<p>Me gustar\u00eda que la Alerta AMBER y la Alerta Silver fueran las \u00fanicas alertas. Cuantas m\u00e1s alertas haya, menos probable ser\u00e1 que la gente les preste atenci\u00f3n.<\/p>\n<h3><span style=\"color: #5b3160;\">\u00bfC\u00f3mo te ha ayudado la formaci\u00f3n en los casos de Alerta AMBER?<\/span><\/h3>\n<p>Creo que ha ayudado que los planes de Alerta AMBER sean similares y compartan muchos de los mismos criterios. Reunirse y trabajar con otros coordinadores estatales nos ha ayudado en los casos en que el ni\u00f1o ha sido llevado a otro estado. Nos conocemos, ellos nos conocen y, como resultado, encontramos muy poca oposici\u00f3n para obtener ayuda.<\/p>\n<h3><span style=\"color: #5b3160;\">\u00bfQu\u00e9 consejo dar\u00edas a otros socios de Alerta AMBER?<\/span><\/h3>\n<p>Af\u00e9rense a los criterios y mantengan la pol\u00edtica fuera de esto tanto como sea posible. Recuerden que la raz\u00f3n de la alerta es salvar la vida de un ni\u00f1o.<\/p>\n<\/div>\n<\/div><\/div><\/div><\/div><\/div><\/div>","protected":false},"excerpt":{"rendered":"<p>El Director del Centro de Intercambio de Informaci\u00f3n sobre Personas Desaparecidas de Maryland aprovecha su experiencia personal como fugitivo para encontrar a ni\u00f1os desaparecidos<\/p>\n","protected":false},"author":10,"featured_media":8642,"comment_status":"closed","ping_status":"closed","sticky":false,"template":"","format":"standard","meta":{"_bbp_topic_count":0,"_bbp_reply_count":0,"_bbp_total_topic_count":0,"_bbp_total_reply_count":0,"_bbp_voice_count":0,"_bbp_anonymous_reply_count":0,"_bbp_topic_count_hidden":0,"_bbp_reply_count_hidden":0,"_bbp_forum_subforum_count":0,"_analytify_skip_tracking":false,"footnotes":""},"categories":[646],"tags":[],"class_list":["post-30442","post","type-post","status-publish","format-standard","has-post-thumbnail","hentry","category-habla-amber"],"meta_box":{"aa_theme_enable_blocks_editor":"","aa_theme_featured_img_position":""},"publishpress_future_workflow_manual_trigger":{"enabledWorkflows":[]},"_links":{"self":[{"href":"https:\/\/amberadvocate.org\/es\/wp-json\/wp\/v2\/posts\/30442","targetHints":{"allow":["GET"]}}],"collection":[{"href":"https:\/\/amberadvocate.org\/es\/wp-json\/wp\/v2\/posts"}],"about":[{"href":"https:\/\/amberadvocate.org\/es\/wp-json\/wp\/v2\/types\/post"}],"author":[{"embeddable":true,"href":"https:\/\/amberadvocate.org\/es\/wp-json\/wp\/v2\/users\/10"}],"replies":[{"embeddable":true,"href":"https:\/\/amberadvocate.org\/es\/wp-json\/wp\/v2\/comments?post=30442"}],"version-history":[{"count":0,"href":"https:\/\/amberadvocate.org\/es\/wp-json\/wp\/v2\/posts\/30442\/revisions"}],"wp:featuredmedia":[{"embeddable":true,"href":"https:\/\/amberadvocate.org\/es\/wp-json\/wp\/v2\/media\/8642"}],"wp:attachment":[{"href":"https:\/\/amberadvocate.org\/es\/wp-json\/wp\/v2\/media?parent=30442"}],"wp:term":[{"taxonomy":"category","embeddable":true,"href":"https:\/\/amberadvocate.org\/es\/wp-json\/wp\/v2\/categories?post=30442"},{"taxonomy":"post_tag","embeddable":true,"href":"https:\/\/amberadvocate.org\/es\/wp-json\/wp\/v2\/tags?post=30442"}],"curies":[{"name":"wp","href":"https:\/\/api.w.org\/{rel}","templated":true}]}}