{"id":30439,"date":"2021-08-10T17:11:26","date_gmt":"2021-08-10T22:11:26","guid":{"rendered":"https:\/\/amberadvocate.org\/sin-categorizar\/alerta-amber-internacional-numero-3-2021\/"},"modified":"2025-11-01T14:03:36","modified_gmt":"2025-11-01T19:03:36","slug":"alerta-amber-internacional-numero-3-2021","status":"publish","type":"post","link":"https:\/\/amberadvocate.org\/es\/internacional\/alerta-amber-internacional-numero-3-2021\/","title":{"rendered":"Alerta AMBER Internacional &#8211; N\u00famero 3 2021"},"content":{"rendered":"<div id=\"pl-30439\"  class=\"panel-layout\" ><div id=\"pg-30439-0\"  class=\"panel-grid panel-has-style\" ><div class=\"siteorigin-panels-stretch panel-row-style panel-row-style-for-30439-0\" data-stretch-type=\"full\" ><div id=\"pgc-30439-0-0\"  class=\"panel-grid-cell\" ><div id=\"panel-30439-0-0-0\" class=\"so-panel widget widget_sow-image panel-first-child panel-last-child\" data-index=\"0\" ><div\n\t\t\t\n\t\t\tclass=\"so-widget-sow-image so-widget-sow-image-default-dbf295114b96-30439\"\n\t\t\t\n\t\t>\n<div class=\"sow-image-container\">\n\t\t<img \n\tsrc=\"https:\/\/amberadvocate.org\/wp-content\/uploads\/2021\/08\/AA47-Int-1.jpg\" width=\"800\" height=\"800\" srcset=\"https:\/\/amberadvocate.org\/wp-content\/uploads\/2021\/08\/AA47-Int-1.jpg 800w, https:\/\/amberadvocate.org\/wp-content\/uploads\/2021\/08\/AA47-Int-1-300x300.jpg 300w, https:\/\/amberadvocate.org\/wp-content\/uploads\/2021\/08\/AA47-Int-1-150x150.jpg 150w, https:\/\/amberadvocate.org\/wp-content\/uploads\/2021\/08\/AA47-Int-1-768x768.jpg 768w\" sizes=\"(max-width: 800px) 100vw, 800px\" title=\"AA47-int-1\" alt=\"\" \t\tclass=\"so-widget-image\"\/>\n\t<\/div>\n\n<\/div><\/div><\/div><div id=\"pgc-30439-0-1\"  class=\"panel-grid-cell\" ><div id=\"panel-30439-0-1-0\" class=\"so-panel widget widget_sow-headline panel-first-child\" data-index=\"1\" ><div class=\"panel-widget-style panel-widget-style-for-30439-0-1-0\" ><div\n\t\t\t\n\t\t\tclass=\"so-widget-sow-headline so-widget-sow-headline-default-f2a1341d8031-30439\"\n\t\t\t\n\t\t><div class=\"sow-headline-container \">\n\t\t\t\t\t\t\t<h2 class=\"sow-headline\">\n\t\t\t\t\t\tLos legisladores de Holanda quieren mantener el programa de Alerta AMBER en lugar de un nuevo sistema\t\t\t\t\t\t<\/h2>\n\t\t\t\t\t\t\t\t\t\t\t<div class=\"decoration\">\n\t\t\t\t\t\t<div class=\"decoration-inside\"><\/div>\n\t\t\t\t\t<\/div>\n\t\t\t\t\t<\/div>\n<\/div><\/div><\/div><div id=\"panel-30439-0-1-1\" class=\"so-panel widget widget_sow-editor panel-last-child\" data-index=\"2\" ><div\n\t\t\t\n\t\t\tclass=\"so-widget-sow-editor so-widget-sow-editor-base\"\n\t\t\t\n\t\t>\n<div class=\"siteorigin-widget-tinymce textwidget\">\n\t<p>La mayor\u00eda de los miembros del parlamento de los Pa\u00edses Bajos apoyan mantener las Alertas AMBER para las notificaciones de secuestro de ni\u00f1os en lugar de adoptar un nuevo programa llamado sistema Burgernet. Los legisladores aprobaron una moci\u00f3n en junio de 2021 para detener el cambio programado para el 22 de julio. La polic\u00eda local est\u00e1 utilizando Burgernet para los sospechosos buscados en investigaciones criminales urgentes y los funcionarios del gobierno dicen que es m\u00e1s barato que el programa Alerta AMBER.  <\/p>\n<p>\"La Alerta AMBER es un \u00e9xito desde hace a\u00f1os. Tiene un alcance enorme, grandes resultados y funciona internacionalmente. No hay raz\u00f3n para desecharla tan bruscamente\", dijo Joost Eerdmans, copatrocinador de la moci\u00f3n.<\/p>\n<\/div>\n<\/div><\/div><\/div><\/div><\/div><div id=\"pg-30439-1\"  class=\"panel-grid panel-has-style\" ><div class=\"siteorigin-panels-stretch panel-row-style panel-row-style-for-30439-1\" data-stretch-type=\"full\" ><div id=\"pgc-30439-1-0\"  class=\"panel-grid-cell\" ><div id=\"panel-30439-1-0-0\" class=\"so-panel widget widget_sow-image panel-first-child panel-last-child\" data-index=\"3\" ><div\n\t\t\t\n\t\t\tclass=\"so-widget-sow-image so-widget-sow-image-default-dbf295114b96-30439\"\n\t\t\t\n\t\t>\n<div class=\"sow-image-container\">\n\t\t<img \n\tsrc=\"https:\/\/amberadvocate.org\/wp-content\/uploads\/2021\/08\/AA47-Int-2.jpg\" width=\"800\" height=\"800\" srcset=\"https:\/\/amberadvocate.org\/wp-content\/uploads\/2021\/08\/AA47-Int-2.jpg 800w, https:\/\/amberadvocate.org\/wp-content\/uploads\/2021\/08\/AA47-Int-2-300x300.jpg 300w, https:\/\/amberadvocate.org\/wp-content\/uploads\/2021\/08\/AA47-Int-2-150x150.jpg 150w, https:\/\/amberadvocate.org\/wp-content\/uploads\/2021\/08\/AA47-Int-2-768x768.jpg 768w\" sizes=\"(max-width: 800px) 100vw, 800px\" title=\"AA47-int-2\" alt=\"\" \t\tclass=\"so-widget-image\"\/>\n\t<\/div>\n\n<\/div><\/div><\/div><div id=\"pgc-30439-1-1\"  class=\"panel-grid-cell\" ><div id=\"panel-30439-1-1-0\" class=\"so-panel widget widget_sow-headline panel-first-child\" data-index=\"4\" ><div class=\"panel-widget-style panel-widget-style-for-30439-1-1-0\" ><div\n\t\t\t\n\t\t\tclass=\"so-widget-sow-headline so-widget-sow-headline-default-f2a1341d8031-30439\"\n\t\t\t\n\t\t><div class=\"sow-headline-container \">\n\t\t\t\t\t\t\t<h2 class=\"sow-headline\">\n\t\t\t\t\t\tLas Bahamas est\u00e1n m\u00e1s cerca de tener una alerta por secuestro de menores\t\t\t\t\t\t<\/h2>\n\t\t\t\t\t\t\t\t\t\t\t<div class=\"decoration\">\n\t\t\t\t\t\t<div class=\"decoration-inside\"><\/div>\n\t\t\t\t\t<\/div>\n\t\t\t\t\t<\/div>\n<\/div><\/div><\/div><div id=\"panel-30439-1-1-1\" class=\"so-panel widget widget_sow-editor panel-last-child\" data-index=\"5\" ><div\n\t\t\t\n\t\t\tclass=\"so-widget-sow-editor so-widget-sow-editor-base\"\n\t\t\t\n\t\t>\n<div class=\"siteorigin-widget-tinymce textwidget\">\n\t<p>El gobierno de las Bahamas firm\u00f3 un contrato en mayo de 2021 con una empresa de tecnolog\u00eda para ayudar a enviar una \u201cAlerta Marco\u201d, que se utilizar\u00e1 en secuestros de ni\u00f1os como una Alerta AMBER. La alerta lleva el nombre de Marco Archer, quien fue asesinado despu\u00e9s de ir a comprar dulces en septiembre de 2011. \u201cLas vallas publicitarias solo est\u00e1n aqu\u00ed en New Providence\u201d, dijo el Ministro de Seguridad Nacional, Marvin Dames. \u201cEste contrato nos dar\u00e1 la capacidad de comunicarnos a trav\u00e9s del pa\u00eds por tel\u00e9fono celular\u2026\u201d   <\/p>\n<\/div>\n<\/div><\/div><\/div><\/div><\/div><div id=\"pg-30439-2\"  class=\"panel-grid panel-has-style\" ><div class=\"siteorigin-panels-stretch panel-row-style panel-row-style-for-30439-2\" data-stretch-type=\"full\" ><div id=\"pgc-30439-2-0\"  class=\"panel-grid-cell\" ><div id=\"panel-30439-2-0-0\" class=\"so-panel widget widget_sow-image panel-first-child panel-last-child\" data-index=\"6\" ><div\n\t\t\t\n\t\t\tclass=\"so-widget-sow-image so-widget-sow-image-default-dbf295114b96-30439\"\n\t\t\t\n\t\t>\n<div class=\"sow-image-container\">\n\t\t<img \n\tsrc=\"https:\/\/amberadvocate.org\/wp-content\/uploads\/2021\/08\/AA47-Int-3.jpg\" width=\"800\" height=\"800\" srcset=\"https:\/\/amberadvocate.org\/wp-content\/uploads\/2021\/08\/AA47-Int-3.jpg 800w, https:\/\/amberadvocate.org\/wp-content\/uploads\/2021\/08\/AA47-Int-3-300x300.jpg 300w, https:\/\/amberadvocate.org\/wp-content\/uploads\/2021\/08\/AA47-Int-3-150x150.jpg 150w, https:\/\/amberadvocate.org\/wp-content\/uploads\/2021\/08\/AA47-Int-3-768x768.jpg 768w\" sizes=\"(max-width: 800px) 100vw, 800px\" title=\"AA47-int-3\" alt=\"\" \t\tclass=\"so-widget-image\"\/>\n\t<\/div>\n\n<\/div><\/div><\/div><div id=\"pgc-30439-2-1\"  class=\"panel-grid-cell\" ><div id=\"panel-30439-2-1-0\" class=\"so-panel widget widget_sow-headline panel-first-child\" data-index=\"7\" ><div class=\"panel-widget-style panel-widget-style-for-30439-2-1-0\" ><div\n\t\t\t\n\t\t\tclass=\"so-widget-sow-headline so-widget-sow-headline-default-f2a1341d8031-30439\"\n\t\t\t\n\t\t><div class=\"sow-headline-container \">\n\t\t\t\t\t\t\t<h2 class=\"sow-headline\">\n\t\t\t\t\t\tA algunos canadienses les preocupa que las alertas de emergencia por pandemia disminuyan la eficacia de las Alertas AMBER\t\t\t\t\t\t<\/h2>\n\t\t\t\t\t\t\t\t\t\t\t<div class=\"decoration\">\n\t\t\t\t\t\t<div class=\"decoration-inside\"><\/div>\n\t\t\t\t\t<\/div>\n\t\t\t\t\t<\/div>\n<\/div><\/div><\/div><div id=\"panel-30439-2-1-1\" class=\"so-panel widget widget_sow-editor panel-last-child\" data-index=\"8\" ><div\n\t\t\t\n\t\t\tclass=\"so-widget-sow-editor so-widget-sow-editor-base\"\n\t\t\t\n\t\t>\n<div class=\"siteorigin-widget-tinymce textwidget\">\n\t<p>Miles de residentes de Alberta, Canad\u00e1, se manifiestan en contra del uso de la alerta de emergencia para medidas sanitarias COVID-19 porque puede hacer que la gente deje de prestar atenci\u00f3n a otras emergencias como las Alertas AMBER.<\/p>\n<p>\"Pens\u00e9 que era una Alerta AMBER, sent\u00ed p\u00e1nico por el ni\u00f1o que estuviera en peligro y \u00e9sa fue mi reacci\u00f3n inicial\", dijo Kimberly Roy.<\/p>\n<p>Los funcionarios del gobierno afirman que las alertas son necesarias para evitar una mayor propagaci\u00f3n del virus durante la peor pandemia de esta vida.<\/p>\n<\/div>\n<\/div><\/div><\/div><\/div><\/div><div id=\"pg-30439-3\"  class=\"panel-grid panel-has-style\" ><div class=\"siteorigin-panels-stretch panel-row-style panel-row-style-for-30439-3\" data-stretch-type=\"full\" ><div id=\"pgc-30439-3-0\"  class=\"panel-grid-cell\" ><div id=\"panel-30439-3-0-0\" class=\"so-panel widget widget_sow-image panel-first-child panel-last-child\" data-index=\"9\" ><div\n\t\t\t\n\t\t\tclass=\"so-widget-sow-image so-widget-sow-image-default-dbf295114b96-30439\"\n\t\t\t\n\t\t>\n<div class=\"sow-image-container\">\n\t\t<img \n\tsrc=\"https:\/\/amberadvocate.org\/wp-content\/uploads\/2021\/08\/AA47-Int-4.jpg\" width=\"800\" height=\"800\" srcset=\"https:\/\/amberadvocate.org\/wp-content\/uploads\/2021\/08\/AA47-Int-4.jpg 800w, https:\/\/amberadvocate.org\/wp-content\/uploads\/2021\/08\/AA47-Int-4-300x300.jpg 300w, https:\/\/amberadvocate.org\/wp-content\/uploads\/2021\/08\/AA47-Int-4-150x150.jpg 150w, https:\/\/amberadvocate.org\/wp-content\/uploads\/2021\/08\/AA47-Int-4-768x768.jpg 768w\" sizes=\"(max-width: 800px) 100vw, 800px\" title=\"AA47-int-4\" alt=\"\" \t\tclass=\"so-widget-image\"\/>\n\t<\/div>\n\n<\/div><\/div><\/div><div id=\"pgc-30439-3-1\"  class=\"panel-grid-cell\" ><div id=\"panel-30439-3-1-0\" class=\"so-panel widget widget_sow-headline panel-first-child\" data-index=\"10\" ><div class=\"panel-widget-style panel-widget-style-for-30439-3-1-0\" ><div\n\t\t\t\n\t\t\tclass=\"so-widget-sow-headline so-widget-sow-headline-default-f2a1341d8031-30439\"\n\t\t\t\n\t\t><div class=\"sow-headline-container \">\n\t\t\t\t\t\t\t<h2 class=\"sow-headline\">\n\t\t\t\t\t\tUna universidad brit\u00e1nica se unir\u00e1 a un proyecto internacional sobre casos sin resolver\t\t\t\t\t\t<\/h2>\n\t\t\t\t\t\t\t\t\t\t\t<div class=\"decoration\">\n\t\t\t\t\t\t<div class=\"decoration-inside\"><\/div>\n\t\t\t\t\t<\/div>\n\t\t\t\t\t<\/div>\n<\/div><\/div><\/div><div id=\"panel-30439-3-1-1\" class=\"so-panel widget widget_sow-editor panel-last-child\" data-index=\"11\" ><div\n\t\t\t\n\t\t\tclass=\"so-widget-sow-editor so-widget-sow-editor-base\"\n\t\t\t\n\t\t>\n<div class=\"siteorigin-widget-tinymce textwidget\">\n\t<p class=\"p1\">La Universidad de Winchester en Gran Breta\u00f1a tendr\u00e1 estudiantes que ayudar\u00e1n a una red supervisada por AMBER Alert Europe en sus investigaciones forenses. La Red de Expertos Policiales en Personas Desaparecidas (PEN-MP) trabajar\u00e1 con la universidad y Locate International para analizar casos sin resolver. <\/p>\n<\/div>\n<\/div><\/div><\/div><\/div><\/div><div id=\"pg-30439-4\"  class=\"panel-grid panel-has-style\" ><div class=\"siteorigin-panels-stretch panel-row-style panel-row-style-for-30439-4\" data-stretch-type=\"full\" ><div id=\"pgc-30439-4-0\"  class=\"panel-grid-cell\" ><div id=\"panel-30439-4-0-0\" class=\"so-panel widget widget_sow-image panel-first-child panel-last-child\" data-index=\"12\" ><div\n\t\t\t\n\t\t\tclass=\"so-widget-sow-image so-widget-sow-image-default-dbf295114b96-30439\"\n\t\t\t\n\t\t>\n<div class=\"sow-image-container\">\n\t\t<img \n\tsrc=\"https:\/\/amberadvocate.org\/wp-content\/uploads\/2021\/08\/AA47-Int-5.jpg\" width=\"800\" height=\"800\" srcset=\"https:\/\/amberadvocate.org\/wp-content\/uploads\/2021\/08\/AA47-Int-5.jpg 800w, https:\/\/amberadvocate.org\/wp-content\/uploads\/2021\/08\/AA47-Int-5-300x300.jpg 300w, https:\/\/amberadvocate.org\/wp-content\/uploads\/2021\/08\/AA47-Int-5-150x150.jpg 150w, https:\/\/amberadvocate.org\/wp-content\/uploads\/2021\/08\/AA47-Int-5-768x768.jpg 768w\" sizes=\"(max-width: 800px) 100vw, 800px\" title=\"AA47-int-5\" alt=\"\" \t\tclass=\"so-widget-image\"\/>\n\t<\/div>\n\n<\/div><\/div><\/div><div id=\"pgc-30439-4-1\"  class=\"panel-grid-cell\" ><div id=\"panel-30439-4-1-0\" class=\"so-panel widget widget_sow-headline panel-first-child\" data-index=\"13\" ><div class=\"panel-widget-style panel-widget-style-for-30439-4-1-0\" ><div\n\t\t\t\n\t\t\tclass=\"so-widget-sow-headline so-widget-sow-headline-default-f2a1341d8031-30439\"\n\t\t\t\n\t\t><div class=\"sow-headline-container \">\n\t\t\t\t\t\t\t<h2 class=\"sow-headline\">\n\t\t\t\t\t\tLa polic\u00eda canadiense recibe amenazas por la Alerta AMBER\t\t\t\t\t\t<\/h2>\n\t\t\t\t\t\t\t\t\t\t\t<div class=\"decoration\">\n\t\t\t\t\t\t<div class=\"decoration-inside\"><\/div>\n\t\t\t\t\t<\/div>\n\t\t\t\t\t<\/div>\n<\/div><\/div><\/div><div id=\"panel-30439-4-1-1\" class=\"so-panel widget widget_sow-editor panel-last-child\" data-index=\"14\" ><div\n\t\t\t\n\t\t\tclass=\"so-widget-sow-editor so-widget-sow-editor-base\"\n\t\t\t\n\t\t>\n<div class=\"siteorigin-widget-tinymce textwidget\">\n\t<p class=\"p1\">Los funcionarios encargados de hacer cumplir la ley en Ontario, Canad\u00e1, recibieron un mensaje airado y amenazante despu\u00e9s de que se emitiera una Alerta AMBER por la desaparici\u00f3n de un ni\u00f1o de 11 a\u00f1os. El ni\u00f1o fue encontrado sano y salvo, pero se envi\u00f3 un mensaje lleno de improperios a la bandeja de entrada de las redes sociales del Departamento de Polic\u00eda de Niagara que cuestionaba la alerta de las 4 a.m. El departamento tambi\u00e9n recibi\u00f3 muchos mensajes de apoyo en respuesta a aquellos que estaban enojados por haber sido despertados por la alerta.  <\/p>\n<\/div>\n<\/div><\/div><\/div><\/div><\/div><\/div>","protected":false},"excerpt":{"rendered":"<p>Breves noticias sobre la Alerta AMBER y la protecci\u00f3n de la infancia en todo el mundo<\/p>\n","protected":false},"author":10,"featured_media":24457,"comment_status":"closed","ping_status":"closed","sticky":false,"template":"","format":"standard","meta":{"_bbp_topic_count":0,"_bbp_reply_count":0,"_bbp_total_topic_count":0,"_bbp_total_reply_count":0,"_bbp_voice_count":0,"_bbp_anonymous_reply_count":0,"_bbp_topic_count_hidden":0,"_bbp_reply_count_hidden":0,"_bbp_forum_subforum_count":0,"_analytify_skip_tracking":false,"footnotes":""},"categories":[651],"tags":[],"class_list":["post-30439","post","type-post","status-publish","format-standard","has-post-thumbnail","hentry","category-internacional"],"meta_box":{"aa_theme_enable_blocks_editor":"","aa_theme_featured_img_position":""},"publishpress_future_workflow_manual_trigger":{"enabledWorkflows":[]},"_links":{"self":[{"href":"https:\/\/amberadvocate.org\/es\/wp-json\/wp\/v2\/posts\/30439","targetHints":{"allow":["GET"]}}],"collection":[{"href":"https:\/\/amberadvocate.org\/es\/wp-json\/wp\/v2\/posts"}],"about":[{"href":"https:\/\/amberadvocate.org\/es\/wp-json\/wp\/v2\/types\/post"}],"author":[{"embeddable":true,"href":"https:\/\/amberadvocate.org\/es\/wp-json\/wp\/v2\/users\/10"}],"replies":[{"embeddable":true,"href":"https:\/\/amberadvocate.org\/es\/wp-json\/wp\/v2\/comments?post=30439"}],"version-history":[{"count":0,"href":"https:\/\/amberadvocate.org\/es\/wp-json\/wp\/v2\/posts\/30439\/revisions"}],"wp:featuredmedia":[{"embeddable":true,"href":"https:\/\/amberadvocate.org\/es\/wp-json\/wp\/v2\/media\/24457"}],"wp:attachment":[{"href":"https:\/\/amberadvocate.org\/es\/wp-json\/wp\/v2\/media?parent=30439"}],"wp:term":[{"taxonomy":"category","embeddable":true,"href":"https:\/\/amberadvocate.org\/es\/wp-json\/wp\/v2\/categories?post=30439"},{"taxonomy":"post_tag","embeddable":true,"href":"https:\/\/amberadvocate.org\/es\/wp-json\/wp\/v2\/tags?post=30439"}],"curies":[{"name":"wp","href":"https:\/\/api.w.org\/{rel}","templated":true}]}}