{"id":30438,"date":"2021-08-10T17:18:07","date_gmt":"2021-08-10T22:18:07","guid":{"rendered":"https:\/\/amberadvocate.org\/sin-categorizar\/resumenes-de-la-alerta-amber-numero-3-2021\/"},"modified":"2025-11-01T14:05:03","modified_gmt":"2025-11-01T19:05:03","slug":"resumenes-de-la-alerta-amber-numero-3-2021","status":"publish","type":"post","link":"https:\/\/amberadvocate.org\/es\/alerta-amber-breves\/resumenes-de-la-alerta-amber-numero-3-2021\/","title":{"rendered":"Res\u00famenes de la Alerta AMBER &#8211; N\u00famero 3 2021"},"content":{"rendered":"<div id=\"pl-30438\"  class=\"panel-layout\" ><div id=\"pg-30438-0\"  class=\"panel-grid panel-has-style\" ><div class=\"siteorigin-panels-stretch panel-row-style panel-row-style-for-30438-0\" data-stretch-type=\"full\" ><div id=\"pgc-30438-0-0\"  class=\"panel-grid-cell\" ><div id=\"panel-30438-0-0-0\" class=\"so-panel widget widget_sow-image panel-first-child panel-last-child\" data-index=\"0\" ><div\n\t\t\t\n\t\t\tclass=\"so-widget-sow-image so-widget-sow-image-default-dbf295114b96-30438\"\n\t\t\t\n\t\t>\n<div class=\"sow-image-container\">\n\t\t<img \n\tsrc=\"https:\/\/amberadvocate.org\/wp-content\/uploads\/2021\/08\/AA47-Brief-1.jpg\" width=\"800\" height=\"800\" srcset=\"https:\/\/amberadvocate.org\/wp-content\/uploads\/2021\/08\/AA47-Brief-1.jpg 800w, https:\/\/amberadvocate.org\/wp-content\/uploads\/2021\/08\/AA47-Brief-1-300x300.jpg 300w, https:\/\/amberadvocate.org\/wp-content\/uploads\/2021\/08\/AA47-Brief-1-150x150.jpg 150w, https:\/\/amberadvocate.org\/wp-content\/uploads\/2021\/08\/AA47-Brief-1-768x768.jpg 768w\" sizes=\"(max-width: 800px) 100vw, 800px\" title=\"AA47-brief-1\" alt=\"\" \t\tclass=\"so-widget-image\"\/>\n\t<\/div>\n\n<\/div><\/div><\/div><div id=\"pgc-30438-0-1\"  class=\"panel-grid-cell\" ><div id=\"panel-30438-0-1-0\" class=\"so-panel widget widget_sow-headline panel-first-child\" data-index=\"1\" ><div\n\t\t\t\n\t\t\tclass=\"so-widget-sow-headline so-widget-sow-headline-default-5d74d290e9c0-30438\"\n\t\t\t\n\t\t><div class=\"sow-headline-container \">\n\t\t\t\t\t\t\t<h2 class=\"sow-headline\">\n\t\t\t\t\t\tVirginia inicia un nuevo sistema de alerta para adultos desaparecidos con autismo; a\u00f1ade una nueva plataforma para todas las alertas\t\t\t\t\t\t<\/h2>\n\t\t\t\t\t\t\t\t\t\t\t<div class=\"decoration\">\n\t\t\t\t\t\t<div class=\"decoration-inside\"><\/div>\n\t\t\t\t\t<\/div>\n\t\t\t\t\t<\/div>\n<\/div><\/div><div id=\"panel-30438-0-1-1\" class=\"so-panel widget widget_sow-editor panel-last-child\" data-index=\"2\" ><div\n\t\t\t\n\t\t\tclass=\"so-widget-sow-editor so-widget-sow-editor-base\"\n\t\t\t\n\t\t>\n<div class=\"siteorigin-widget-tinymce textwidget\">\n\t<p>Virginia lanz\u00f3 un nuevo sistema de alertas el 1 de julio de 2021 para utilizarlo cuando desaparezcan adultos con autismo. Los esfuerzos para crear la alerta comenzaron despu\u00e9s de que una mujer de 29 a\u00f1os con autismo desapareciera y se ahogara en una zona pantanosa a una milla de su casa. <\/p>\n<p>La Polic\u00eda Estatal de Virginia tambi\u00e9n comenz\u00f3 a utilizar una nueva plataforma de comunicaciones para notificar al p\u00fablico sobre los seis tipos de alertas del estado. Virginia tiene una Alerta AMBER, una Alerta para Personas Mayores, una Alerta \u201cAshanti\u201d para Adultos en Situaci\u00f3n Cr\u00edtica de Desaparici\u00f3n, una Alerta para Ni\u00f1os Desaparecidos con Autismo y la nueva alerta para adultos desaparecidos con autismo. La plataforma est\u00e1 dise\u00f1ada para dar a conocer los detalles clave al p\u00fablico m\u00e1s r\u00e1pidamente.  <\/p>\n<\/div>\n<\/div><\/div><\/div><\/div><\/div><div id=\"pg-30438-1\"  class=\"panel-grid panel-has-style\" ><div class=\"siteorigin-panels-stretch panel-row-style panel-row-style-for-30438-1\" data-stretch-type=\"full\" ><div id=\"pgc-30438-1-0\"  class=\"panel-grid-cell\" ><div id=\"panel-30438-1-0-0\" class=\"so-panel widget widget_sow-image panel-first-child panel-last-child\" data-index=\"3\" ><div\n\t\t\t\n\t\t\tclass=\"so-widget-sow-image so-widget-sow-image-default-dbf295114b96-30438\"\n\t\t\t\n\t\t>\n<div class=\"sow-image-container\">\n\t\t<img \n\tsrc=\"https:\/\/amberadvocate.org\/wp-content\/uploads\/2021\/08\/AA47-Brief-2.jpg\" width=\"800\" height=\"800\" srcset=\"https:\/\/amberadvocate.org\/wp-content\/uploads\/2021\/08\/AA47-Brief-2.jpg 800w, https:\/\/amberadvocate.org\/wp-content\/uploads\/2021\/08\/AA47-Brief-2-300x300.jpg 300w, https:\/\/amberadvocate.org\/wp-content\/uploads\/2021\/08\/AA47-Brief-2-150x150.jpg 150w, https:\/\/amberadvocate.org\/wp-content\/uploads\/2021\/08\/AA47-Brief-2-768x768.jpg 768w\" sizes=\"(max-width: 800px) 100vw, 800px\" title=\"AA47-brief-2\" alt=\"\" \t\tclass=\"so-widget-image\"\/>\n\t<\/div>\n\n<\/div><\/div><\/div><div id=\"pgc-30438-1-1\"  class=\"panel-grid-cell\" ><div id=\"panel-30438-1-1-0\" class=\"so-panel widget widget_sow-headline panel-first-child\" data-index=\"4\" ><div\n\t\t\t\n\t\t\tclass=\"so-widget-sow-headline so-widget-sow-headline-default-5d74d290e9c0-30438\"\n\t\t\t\n\t\t><div class=\"sow-headline-container \">\n\t\t\t\t\t\t\t<h2 class=\"sow-headline\">\n\t\t\t\t\t\tEl NCMEC comienza a utilizar una nueva tecnolog\u00eda para vincular las Alertas AMBER a los lectores de matr\u00edculas\t\t\t\t\t\t<\/h2>\n\t\t\t\t\t\t\t\t\t\t\t<div class=\"decoration\">\n\t\t\t\t\t\t<div class=\"decoration-inside\"><\/div>\n\t\t\t\t\t<\/div>\n\t\t\t\t\t<\/div>\n<\/div><\/div><div id=\"panel-30438-1-1-1\" class=\"so-panel widget widget_sow-editor panel-last-child\" data-index=\"5\" ><div\n\t\t\t\n\t\t\tclass=\"so-widget-sow-editor so-widget-sow-editor-base\"\n\t\t\t\n\t\t>\n<div class=\"siteorigin-widget-tinymce textwidget\">\n\t<p>El Centro Nacional para Ni\u00f1os Desaparecidos y Explotados (NCMEC) ha comenzado a utilizar un nuevo sistema operativo que permite conectar la tecnolog\u00eda de Reconocimiento Automatizado de Matr\u00edculas (ALPR) a las activaciones de Alerta AMBER. El esfuerzo conjunto de NCMEC con Flock Safety utilizar\u00e1 la red de aprendizaje autom\u00e1tico de la empresa para ayudar a las fuerzas del orden a encontrar veh\u00edculos buscados durante una alerta. <\/p>\n<\/div>\n<\/div><\/div><\/div><\/div><\/div><div id=\"pg-30438-2\"  class=\"panel-grid panel-has-style\" ><div class=\"siteorigin-panels-stretch panel-row-style panel-row-style-for-30438-2\" data-stretch-type=\"full\" ><div id=\"pgc-30438-2-0\"  class=\"panel-grid-cell\" ><div id=\"panel-30438-2-0-0\" class=\"so-panel widget widget_sow-image panel-first-child panel-last-child\" data-index=\"6\" ><div\n\t\t\t\n\t\t\tclass=\"so-widget-sow-image so-widget-sow-image-default-dbf295114b96-30438\"\n\t\t\t\n\t\t>\n<div class=\"sow-image-container\">\n\t\t<img \n\tsrc=\"https:\/\/amberadvocate.org\/wp-content\/uploads\/2021\/08\/AA47-Brief-3.jpg\" width=\"800\" height=\"800\" srcset=\"https:\/\/amberadvocate.org\/wp-content\/uploads\/2021\/08\/AA47-Brief-3.jpg 800w, https:\/\/amberadvocate.org\/wp-content\/uploads\/2021\/08\/AA47-Brief-3-300x300.jpg 300w, https:\/\/amberadvocate.org\/wp-content\/uploads\/2021\/08\/AA47-Brief-3-150x150.jpg 150w, https:\/\/amberadvocate.org\/wp-content\/uploads\/2021\/08\/AA47-Brief-3-768x768.jpg 768w\" sizes=\"(max-width: 800px) 100vw, 800px\" title=\"AA47-brief-3\" alt=\"\" \t\tclass=\"so-widget-image\"\/>\n\t<\/div>\n\n<\/div><\/div><\/div><div id=\"pgc-30438-2-1\"  class=\"panel-grid-cell\" ><div id=\"panel-30438-2-1-0\" class=\"so-panel widget widget_sow-headline panel-first-child\" data-index=\"7\" ><div\n\t\t\t\n\t\t\tclass=\"so-widget-sow-headline so-widget-sow-headline-default-5d74d290e9c0-30438\"\n\t\t\t\n\t\t><div class=\"sow-headline-container \">\n\t\t\t\t\t\t\t<h2 class=\"sow-headline\">\n\t\t\t\t\t\tUn v\u00eddeo de TikTok ofrece nuevas pistas sobre el secuestro de una ni\u00f1a de Washington en 2003\t\t\t\t\t\t<\/h2>\n\t\t\t\t\t\t\t\t\t\t\t<div class=\"decoration\">\n\t\t\t\t\t\t<div class=\"decoration-inside\"><\/div>\n\t\t\t\t\t<\/div>\n\t\t\t\t\t<\/div>\n<\/div><\/div><div id=\"panel-30438-2-1-1\" class=\"so-panel widget widget_sow-editor panel-last-child\" data-index=\"8\" ><div\n\t\t\t\n\t\t\tclass=\"so-widget-sow-editor so-widget-sow-editor-base\"\n\t\t\t\n\t\t>\n<div class=\"siteorigin-widget-tinymce textwidget\">\n\t<p class=\"p1\">Los agentes de polic\u00eda de Kennewick, Washington, est\u00e1n investigando si un v\u00eddeo viral de TikTok de M\u00e9xico muestra a una mujer que fue secuestrada hace casi dos d\u00e9cadas, poco antes de cumplir cinco a\u00f1os. El caso sigue abierto para Sofia Juarez, que fue secuestrada el 4 de febrero de 2003 y desencaden\u00f3 la primera Alerta AMBER del estado. El v\u00eddeo dura menos de un minuto y muestra a una mujer que afirma haber sido secuestrada, pero dice que no sabe de d\u00f3nde es.  <\/p>\n<\/div>\n<\/div><\/div><\/div><\/div><\/div><div id=\"pg-30438-3\"  class=\"panel-grid panel-has-style\" ><div class=\"siteorigin-panels-stretch panel-row-style panel-row-style-for-30438-3\" data-stretch-type=\"full\" ><div id=\"pgc-30438-3-0\"  class=\"panel-grid-cell\" ><div id=\"panel-30438-3-0-0\" class=\"so-panel widget widget_sow-image panel-first-child panel-last-child\" data-index=\"9\" ><div\n\t\t\t\n\t\t\tclass=\"so-widget-sow-image so-widget-sow-image-default-dbf295114b96-30438\"\n\t\t\t\n\t\t>\n<div class=\"sow-image-container\">\n\t\t<img \n\tsrc=\"https:\/\/amberadvocate.org\/wp-content\/uploads\/2021\/08\/AA47-Brief-4.jpg\" width=\"800\" height=\"800\" srcset=\"https:\/\/amberadvocate.org\/wp-content\/uploads\/2021\/08\/AA47-Brief-4.jpg 800w, https:\/\/amberadvocate.org\/wp-content\/uploads\/2021\/08\/AA47-Brief-4-300x300.jpg 300w, https:\/\/amberadvocate.org\/wp-content\/uploads\/2021\/08\/AA47-Brief-4-150x150.jpg 150w, https:\/\/amberadvocate.org\/wp-content\/uploads\/2021\/08\/AA47-Brief-4-768x768.jpg 768w\" sizes=\"(max-width: 800px) 100vw, 800px\" title=\"AA47-brief-4\" alt=\"\" \t\tclass=\"so-widget-image\"\/>\n\t<\/div>\n\n<\/div><\/div><\/div><div id=\"pgc-30438-3-1\"  class=\"panel-grid-cell\" ><div id=\"panel-30438-3-1-0\" class=\"so-panel widget widget_sow-headline panel-first-child\" data-index=\"10\" ><div\n\t\t\t\n\t\t\tclass=\"so-widget-sow-headline so-widget-sow-headline-default-5d74d290e9c0-30438\"\n\t\t\t\n\t\t><div class=\"sow-headline-container \">\n\t\t\t\t\t\t\t<h2 class=\"sow-headline\">\n\t\t\t\t\t\tUna estafa telef\u00f3nica provoca una Alerta AMBER en Nueva Hampshire por un ni\u00f1o que no fue secuestrado\t\t\t\t\t\t<\/h2>\n\t\t\t\t\t\t\t\t\t\t\t<div class=\"decoration\">\n\t\t\t\t\t\t<div class=\"decoration-inside\"><\/div>\n\t\t\t\t\t<\/div>\n\t\t\t\t\t<\/div>\n<\/div><\/div><div id=\"panel-30438-3-1-1\" class=\"so-panel widget widget_sow-editor panel-last-child\" data-index=\"11\" ><div\n\t\t\t\n\t\t\tclass=\"so-widget-sow-editor so-widget-sow-editor-base\"\n\t\t\t\n\t\t>\n<div class=\"siteorigin-widget-tinymce textwidget\">\n\t<p class=\"p1\">La polic\u00eda de Manchester, New Hampshire, dijo que una \u201csofisticada estafa telef\u00f3nica\u201d condujo a una Alerta AMBER para una madre y un ni\u00f1o que nunca estuvieron en peligro. Los estafadores dicen a la v\u00edctima que un miembro de su familia est\u00e1 en problemas, exigen un rescate e insisten en que la v\u00edctima no cuelgue el tel\u00e9fono para que no pueda pedir ayuda. Durante estas estafas, los agentes piden al p\u00fablico que utilice otro dispositivo para enviar un mensaje de texto o un correo electr\u00f3nico al miembro de la familia para verificar si est\u00e1 a salvo.  <\/p>\n<\/div>\n<\/div><\/div><\/div><\/div><\/div><div id=\"pg-30438-4\"  class=\"panel-grid panel-has-style\" ><div class=\"siteorigin-panels-stretch panel-row-style panel-row-style-for-30438-4\" data-stretch-type=\"full\" ><div id=\"pgc-30438-4-0\"  class=\"panel-grid-cell\" ><div id=\"panel-30438-4-0-0\" class=\"so-panel widget widget_sow-image panel-first-child panel-last-child\" data-index=\"12\" ><div\n\t\t\t\n\t\t\tclass=\"so-widget-sow-image so-widget-sow-image-default-dbf295114b96-30438\"\n\t\t\t\n\t\t>\n<div class=\"sow-image-container\">\n\t\t<img \n\tsrc=\"https:\/\/amberadvocate.org\/wp-content\/uploads\/2021\/08\/AA47-Brief-5.jpg\" width=\"800\" height=\"800\" srcset=\"https:\/\/amberadvocate.org\/wp-content\/uploads\/2021\/08\/AA47-Brief-5.jpg 800w, https:\/\/amberadvocate.org\/wp-content\/uploads\/2021\/08\/AA47-Brief-5-300x300.jpg 300w, https:\/\/amberadvocate.org\/wp-content\/uploads\/2021\/08\/AA47-Brief-5-150x150.jpg 150w, https:\/\/amberadvocate.org\/wp-content\/uploads\/2021\/08\/AA47-Brief-5-768x768.jpg 768w\" sizes=\"(max-width: 800px) 100vw, 800px\" title=\"AA47-brief-5\" alt=\"\" \t\tclass=\"so-widget-image\"\/>\n\t<\/div>\n\n<\/div><\/div><\/div><div id=\"pgc-30438-4-1\"  class=\"panel-grid-cell\" ><div id=\"panel-30438-4-1-0\" class=\"so-panel widget widget_sow-headline panel-first-child\" data-index=\"13\" ><div\n\t\t\t\n\t\t\tclass=\"so-widget-sow-headline so-widget-sow-headline-default-5d74d290e9c0-30438\"\n\t\t\t\n\t\t><div class=\"sow-headline-container \">\n\t\t\t\t\t\t\t<h2 class=\"sow-headline\">\n\t\t\t\t\t\tEl condado de Mendocino, en California, prueba un sistema de alerta\t\t\t\t\t\t<\/h2>\n\t\t\t\t\t\t\t\t\t\t\t<div class=\"decoration\">\n\t\t\t\t\t\t<div class=\"decoration-inside\"><\/div>\n\t\t\t\t\t<\/div>\n\t\t\t\t\t<\/div>\n<\/div><\/div><div id=\"panel-30438-4-1-1\" class=\"so-panel widget widget_sow-editor panel-last-child\" data-index=\"14\" ><div\n\t\t\t\n\t\t\tclass=\"so-widget-sow-editor so-widget-sow-editor-base\"\n\t\t\t\n\t\t>\n<div class=\"siteorigin-widget-tinymce textwidget\">\n\t<p class=\"p1\">La Oficina de Servicios de Emergencia del Condado de Mendocino, California, llev\u00f3 a cabo una prueba de la Alerta de Emergencia Inal\u00e1mbrica (WEA) en mayo de 2021 para identificar las debilidades del sistema. La WEA se utiliza para notificar al p\u00fablico las Alertas AMBER y otras emergencias como los incendios forestales. La WEA se envi\u00f3 a 90.000 personas e inclu\u00eda un hiperv\u00ednculo a MendoReady.org, un sitio web de nueva creaci\u00f3n dise\u00f1ado para ser un recurso integral para los residentes en lo que respecta a la informaci\u00f3n de emergencia.  <\/p>\n<\/div>\n<\/div><\/div><\/div><\/div><\/div><div id=\"pg-30438-5\"  class=\"panel-grid panel-has-style\" ><div class=\"siteorigin-panels-stretch panel-row-style panel-row-style-for-30438-5\" data-stretch-type=\"full\" ><div id=\"pgc-30438-5-0\"  class=\"panel-grid-cell\" ><div id=\"panel-30438-5-0-0\" class=\"so-panel widget widget_sow-image panel-first-child panel-last-child\" data-index=\"15\" ><div\n\t\t\t\n\t\t\tclass=\"so-widget-sow-image so-widget-sow-image-default-dbf295114b96-30438\"\n\t\t\t\n\t\t>\n<div class=\"sow-image-container\">\n\t\t<img \n\tsrc=\"https:\/\/amberadvocate.org\/wp-content\/uploads\/2021\/08\/AA47-Brief-6.jpg\" width=\"800\" height=\"800\" srcset=\"https:\/\/amberadvocate.org\/wp-content\/uploads\/2021\/08\/AA47-Brief-6.jpg 800w, https:\/\/amberadvocate.org\/wp-content\/uploads\/2021\/08\/AA47-Brief-6-300x300.jpg 300w, https:\/\/amberadvocate.org\/wp-content\/uploads\/2021\/08\/AA47-Brief-6-150x150.jpg 150w, https:\/\/amberadvocate.org\/wp-content\/uploads\/2021\/08\/AA47-Brief-6-768x768.jpg 768w\" sizes=\"(max-width: 800px) 100vw, 800px\" title=\"AA47-brief-6\" alt=\"\" \t\tclass=\"so-widget-image\"\/>\n\t<\/div>\n\n<\/div><\/div><\/div><div id=\"pgc-30438-5-1\"  class=\"panel-grid-cell\" ><div id=\"panel-30438-5-1-0\" class=\"so-panel widget widget_sow-headline panel-first-child\" data-index=\"16\" ><div\n\t\t\t\n\t\t\tclass=\"so-widget-sow-headline so-widget-sow-headline-default-5d74d290e9c0-30438\"\n\t\t\t\n\t\t><div class=\"sow-headline-container \">\n\t\t\t\t\t\t\t<h2 class=\"sow-headline\">\n\t\t\t\t\t\tLos defensores de la privacidad pretenden limitar el uso de lectores de matr\u00edculas por parte de la polic\u00eda de Massachusetts\t\t\t\t\t\t<\/h2>\n\t\t\t\t\t\t\t\t\t\t\t<div class=\"decoration\">\n\t\t\t\t\t\t<div class=\"decoration-inside\"><\/div>\n\t\t\t\t\t<\/div>\n\t\t\t\t\t<\/div>\n<\/div><\/div><div id=\"panel-30438-5-1-1\" class=\"so-panel widget widget_sow-editor panel-last-child\" data-index=\"17\" ><div\n\t\t\t\n\t\t\tclass=\"so-widget-sow-editor so-widget-sow-editor-base\"\n\t\t\t\n\t\t>\n<div class=\"siteorigin-widget-tinymce textwidget\">\n\t<p>Los grupos de defensa de las libertades civiles est\u00e1n pidiendo a los legisladores de Massachusetts que limiten el uso de los lectores de matr\u00edculas por parte de la polic\u00eda para que no puedan utilizarse para la vigilancia, el control de redes de arrastre u otros da\u00f1os a los derechos civiles. La Electronic Frontier Foundation dijo que los datos recogidos de los lectores de matr\u00edculas pueden utilizarse para espiar la vida privada de las personas. Los grupos de las fuerzas del orden dicen que una prohibici\u00f3n total de la tecnolog\u00eda de lectura de matr\u00edculas comprometer\u00eda su trabajo, incluidos casos cruciales como las Alertas AMBER.  <\/p>\n<\/div>\n<\/div><\/div><\/div><\/div><\/div><div id=\"pg-30438-6\"  class=\"panel-grid panel-has-style\" ><div class=\"siteorigin-panels-stretch panel-row-style panel-row-style-for-30438-6\" data-stretch-type=\"full\" ><div id=\"pgc-30438-6-0\"  class=\"panel-grid-cell\" ><div id=\"panel-30438-6-0-0\" class=\"so-panel widget widget_sow-image panel-first-child panel-last-child\" data-index=\"18\" ><div\n\t\t\t\n\t\t\tclass=\"so-widget-sow-image so-widget-sow-image-default-dbf295114b96-30438\"\n\t\t\t\n\t\t>\n<div class=\"sow-image-container\">\n\t\t<img \n\tsrc=\"https:\/\/amberadvocate.org\/wp-content\/uploads\/2021\/08\/AA47-Brief-7.jpg\" width=\"800\" height=\"800\" srcset=\"https:\/\/amberadvocate.org\/wp-content\/uploads\/2021\/08\/AA47-Brief-7.jpg 800w, https:\/\/amberadvocate.org\/wp-content\/uploads\/2021\/08\/AA47-Brief-7-300x300.jpg 300w, https:\/\/amberadvocate.org\/wp-content\/uploads\/2021\/08\/AA47-Brief-7-150x150.jpg 150w, https:\/\/amberadvocate.org\/wp-content\/uploads\/2021\/08\/AA47-Brief-7-768x768.jpg 768w\" sizes=\"(max-width: 800px) 100vw, 800px\" title=\"AA47-brief-7\" alt=\"\" \t\tclass=\"so-widget-image\"\/>\n\t<\/div>\n\n<\/div><\/div><\/div><div id=\"pgc-30438-6-1\"  class=\"panel-grid-cell\" ><div id=\"panel-30438-6-1-0\" class=\"so-panel widget widget_sow-headline panel-first-child\" data-index=\"19\" ><div\n\t\t\t\n\t\t\tclass=\"so-widget-sow-headline so-widget-sow-headline-default-5d74d290e9c0-30438\"\n\t\t\t\n\t\t><div class=\"sow-headline-container \">\n\t\t\t\t\t\t\t<h2 class=\"sow-headline\">\n\t\t\t\t\t\tUna mujer de Ohio que sobrevivi\u00f3 a\u00f1os en cautividad colabora con el programa estatal de Alerta AMBER\t\t\t\t\t\t<\/h2>\n\t\t\t\t\t\t\t\t\t\t\t<div class=\"decoration\">\n\t\t\t\t\t\t<div class=\"decoration-inside\"><\/div>\n\t\t\t\t\t<\/div>\n\t\t\t\t\t<\/div>\n<\/div><\/div><div id=\"panel-30438-6-1-1\" class=\"so-panel widget widget_sow-editor panel-last-child\" data-index=\"20\" ><div\n\t\t\t\n\t\t\tclass=\"so-widget-sow-editor so-widget-sow-editor-base\"\n\t\t\t\n\t\t>\n<div class=\"siteorigin-widget-tinymce textwidget\">\n\t<p class=\"p1\">Gina DeJesus, una mujer que fue retenida contra su voluntad durante 11 a\u00f1os, se ha asociado con el Comit\u00e9 de Alerta AMBER del Noreste de Ohio para ayudar a las familias y a los organismos encargados de hacer cumplir la ley. La organizaci\u00f3n de DeJesus, el Centro Familiar de Cleveland para Ni\u00f1os Desaparecidos, ofrecer\u00e1 apoyo en los casos de ni\u00f1os desaparecidos o en peligro. DeJesus ten\u00eda 14 a\u00f1os cuando fue secuestrada y retenida en una casa con otras dos adolescentes. Puede leer m\u00e1s sobre su historia de supervivencia y sus esfuerzos de defensa de los ni\u00f1os desaparecidos en el <a href=\"https:\/\/amberadvocate.org\/es\/caracteristica-ambar\/de-cautiva-a-defensora\/\">n\u00famero de junio de 2019 de The AMBER Advocate<\/a>.   <\/p>\n<\/div>\n<\/div><\/div><\/div><\/div><\/div><div id=\"pg-30438-7\"  class=\"panel-grid panel-has-style\" ><div class=\"siteorigin-panels-stretch panel-row-style panel-row-style-for-30438-7\" data-stretch-type=\"full\" ><div id=\"pgc-30438-7-0\"  class=\"panel-grid-cell\" ><div id=\"panel-30438-7-0-0\" class=\"so-panel widget widget_sow-image panel-first-child panel-last-child\" data-index=\"21\" ><div\n\t\t\t\n\t\t\tclass=\"so-widget-sow-image so-widget-sow-image-default-dbf295114b96-30438\"\n\t\t\t\n\t\t>\n<div class=\"sow-image-container\">\n\t\t<img \n\tsrc=\"https:\/\/amberadvocate.org\/wp-content\/uploads\/2021\/08\/AA47-Brief-8.jpg\" width=\"800\" height=\"800\" srcset=\"https:\/\/amberadvocate.org\/wp-content\/uploads\/2021\/08\/AA47-Brief-8.jpg 800w, https:\/\/amberadvocate.org\/wp-content\/uploads\/2021\/08\/AA47-Brief-8-300x300.jpg 300w, https:\/\/amberadvocate.org\/wp-content\/uploads\/2021\/08\/AA47-Brief-8-150x150.jpg 150w, https:\/\/amberadvocate.org\/wp-content\/uploads\/2021\/08\/AA47-Brief-8-768x768.jpg 768w\" sizes=\"(max-width: 800px) 100vw, 800px\" title=\"AA47-brief-8\" alt=\"\" \t\tclass=\"so-widget-image\"\/>\n\t<\/div>\n\n<\/div><\/div><\/div><div id=\"pgc-30438-7-1\"  class=\"panel-grid-cell\" ><div id=\"panel-30438-7-1-0\" class=\"so-panel widget widget_sow-headline panel-first-child\" data-index=\"22\" ><div\n\t\t\t\n\t\t\tclass=\"so-widget-sow-headline so-widget-sow-headline-default-5d74d290e9c0-30438\"\n\t\t\t\n\t\t><div class=\"sow-headline-container \">\n\t\t\t\t\t\t\t<h2 class=\"sow-headline\">\n\t\t\t\t\t\tLa nueva alerta de Tennessee ayuda a encontrar a un adulto desaparecido  \t\t\t\t\t\t<\/h2>\n\t\t\t\t\t\t\t\t\t\t\t<div class=\"decoration\">\n\t\t\t\t\t\t<div class=\"decoration-inside\"><\/div>\n\t\t\t\t\t<\/div>\n\t\t\t\t\t<\/div>\n<\/div><\/div><div id=\"panel-30438-7-1-1\" class=\"so-panel widget widget_sow-editor panel-last-child\" data-index=\"23\" ><div\n\t\t\t\n\t\t\tclass=\"so-widget-sow-editor so-widget-sow-editor-base\"\n\t\t\t\n\t\t>\n<div class=\"siteorigin-widget-tinymce textwidget\">\n\t<p class=\"p1\">Tennessee utiliz\u00f3 su nueva Alerta de Ni\u00f1o en Peligro para encontrar a una mujer que fue secuestrada en 2019. Daphne Westbrook ten\u00eda 18 a\u00f1os cuando fue supuestamente secuestrada por su padre sin custodia; las fuerzas del orden determinaron que el caso no cumpl\u00eda los requisitos para una Alerta AMBER. La mujer fue encontrada sana y salva en Alabama en marzo de 2021. Su padre ha sido acusado y procesado por secuestro con agravantes. Tennessee aprob\u00f3 recientemente la Ley Holly Bobo, que permite a las fuerzas del orden enviar alertas para adultos en peligro de extinci\u00f3n de entre 18 y 20 a\u00f1os.    <\/p>\n<\/div>\n<\/div><\/div><\/div><\/div><\/div><div id=\"pg-30438-8\"  class=\"panel-grid panel-has-style\" ><div class=\"siteorigin-panels-stretch panel-row-style panel-row-style-for-30438-8\" data-stretch-type=\"full\" ><div id=\"pgc-30438-8-0\"  class=\"panel-grid-cell\" ><div id=\"panel-30438-8-0-0\" class=\"so-panel widget widget_sow-image panel-first-child panel-last-child\" data-index=\"24\" ><div\n\t\t\t\n\t\t\tclass=\"so-widget-sow-image so-widget-sow-image-default-dbf295114b96-30438\"\n\t\t\t\n\t\t>\n<div class=\"sow-image-container\">\n\t\t<img \n\tsrc=\"https:\/\/amberadvocate.org\/wp-content\/uploads\/2021\/08\/AA47-Brief-9.jpg\" width=\"800\" height=\"800\" srcset=\"https:\/\/amberadvocate.org\/wp-content\/uploads\/2021\/08\/AA47-Brief-9.jpg 800w, https:\/\/amberadvocate.org\/wp-content\/uploads\/2021\/08\/AA47-Brief-9-300x300.jpg 300w, https:\/\/amberadvocate.org\/wp-content\/uploads\/2021\/08\/AA47-Brief-9-150x150.jpg 150w, https:\/\/amberadvocate.org\/wp-content\/uploads\/2021\/08\/AA47-Brief-9-768x768.jpg 768w\" sizes=\"(max-width: 800px) 100vw, 800px\" title=\"AA47-brief-9\" alt=\"\" \t\tclass=\"so-widget-image\"\/>\n\t<\/div>\n\n<\/div><\/div><\/div><div id=\"pgc-30438-8-1\"  class=\"panel-grid-cell\" ><div id=\"panel-30438-8-1-0\" class=\"so-panel widget widget_sow-headline panel-first-child\" data-index=\"25\" ><div\n\t\t\t\n\t\t\tclass=\"so-widget-sow-headline so-widget-sow-headline-default-5d74d290e9c0-30438\"\n\t\t\t\n\t\t><div class=\"sow-headline-container \">\n\t\t\t\t\t\t\t<h2 class=\"sow-headline\">\n\t\t\t\t\t\tLa nueva ley de Arizona permite a los j\u00f3venes en acogida y sin hogar obtener carn\u00e9s de identidad\t\t\t\t\t\t<\/h2>\n\t\t\t\t\t\t\t\t\t\t\t<div class=\"decoration\">\n\t\t\t\t\t\t<div class=\"decoration-inside\"><\/div>\n\t\t\t\t\t<\/div>\n\t\t\t\t\t<\/div>\n<\/div><\/div><div id=\"panel-30438-8-1-1\" class=\"so-panel widget widget_sow-editor panel-last-child\" data-index=\"26\" ><div\n\t\t\t\n\t\t\tclass=\"so-widget-sow-editor so-widget-sow-editor-base\"\n\t\t\t\n\t\t>\n<div class=\"siteorigin-widget-tinymce textwidget\">\n\t<p class=\"p1\">Arizona permitir\u00e1 a los j\u00f3venes de acogida y sin hogar obtener documentos oficiales para demostrar qui\u00e9nes son, algo que antes requer\u00eda el permiso de un padre o tutor. La ley entrar\u00e1 en vigor en oto\u00f1o y permitir\u00e1 a los j\u00f3venes de 16 y 17 a\u00f1os solicitar una tarjeta de identificaci\u00f3n emitida por el estado y un certificado de nacimiento certificado. Los defensores dicen que ser\u00e1 \u00fatil durante las Alertas AMBER y para proteger a los ni\u00f1os del robo de identidad.  <\/p>\n<\/div>\n<\/div><\/div><\/div><\/div><\/div><\/div>","protected":false},"excerpt":{"rendered":"<p>Breves noticias sobre la Alerta AMBER y la Protecci\u00f3n de la Infancia<\/p>\n","protected":false},"author":10,"featured_media":24447,"comment_status":"closed","ping_status":"closed","sticky":false,"template":"","format":"standard","meta":{"_bbp_topic_count":0,"_bbp_reply_count":0,"_bbp_total_topic_count":0,"_bbp_total_reply_count":0,"_bbp_voice_count":0,"_bbp_anonymous_reply_count":0,"_bbp_topic_count_hidden":0,"_bbp_reply_count_hidden":0,"_bbp_forum_subforum_count":0,"_analytify_skip_tracking":false,"footnotes":""},"categories":[649],"tags":[],"class_list":["post-30438","post","type-post","status-publish","format-standard","has-post-thumbnail","hentry","category-alerta-amber-breves"],"meta_box":{"aa_theme_enable_blocks_editor":"","aa_theme_featured_img_position":""},"publishpress_future_workflow_manual_trigger":{"enabledWorkflows":[]},"_links":{"self":[{"href":"https:\/\/amberadvocate.org\/es\/wp-json\/wp\/v2\/posts\/30438","targetHints":{"allow":["GET"]}}],"collection":[{"href":"https:\/\/amberadvocate.org\/es\/wp-json\/wp\/v2\/posts"}],"about":[{"href":"https:\/\/amberadvocate.org\/es\/wp-json\/wp\/v2\/types\/post"}],"author":[{"embeddable":true,"href":"https:\/\/amberadvocate.org\/es\/wp-json\/wp\/v2\/users\/10"}],"replies":[{"embeddable":true,"href":"https:\/\/amberadvocate.org\/es\/wp-json\/wp\/v2\/comments?post=30438"}],"version-history":[{"count":0,"href":"https:\/\/amberadvocate.org\/es\/wp-json\/wp\/v2\/posts\/30438\/revisions"}],"wp:featuredmedia":[{"embeddable":true,"href":"https:\/\/amberadvocate.org\/es\/wp-json\/wp\/v2\/media\/24447"}],"wp:attachment":[{"href":"https:\/\/amberadvocate.org\/es\/wp-json\/wp\/v2\/media?parent=30438"}],"wp:term":[{"taxonomy":"category","embeddable":true,"href":"https:\/\/amberadvocate.org\/es\/wp-json\/wp\/v2\/categories?post=30438"},{"taxonomy":"post_tag","embeddable":true,"href":"https:\/\/amberadvocate.org\/es\/wp-json\/wp\/v2\/tags?post=30438"}],"curies":[{"name":"wp","href":"https:\/\/api.w.org\/{rel}","templated":true}]}}