{"id":30437,"date":"2021-06-10T13:27:21","date_gmt":"2021-06-10T18:27:21","guid":{"rendered":"https:\/\/amberadvocate.org\/sin-categorizar\/resumenes-de-la-alerta-amber-numero-2-2021\/"},"modified":"2025-11-01T14:03:24","modified_gmt":"2025-11-01T19:03:24","slug":"resumenes-de-la-alerta-amber-numero-2-2021","status":"publish","type":"post","link":"https:\/\/amberadvocate.org\/es\/alerta-amber-breves\/resumenes-de-la-alerta-amber-numero-2-2021\/","title":{"rendered":"Res\u00famenes de la Alerta AMBER &#8211; N\u00famero 2 2021"},"content":{"rendered":"<div id=\"pl-30437\"  class=\"panel-layout\" ><div id=\"pg-30437-0\"  class=\"panel-grid panel-has-style\" ><div class=\"siteorigin-panels-stretch panel-row-style panel-row-style-for-30437-0\" data-stretch-type=\"full\" ><div id=\"pgc-30437-0-0\"  class=\"panel-grid-cell\" ><div id=\"panel-30437-0-0-0\" class=\"so-panel widget widget_sow-image panel-first-child panel-last-child\" data-index=\"0\" ><div\n\t\t\t\n\t\t\tclass=\"so-widget-sow-image so-widget-sow-image-default-dbf295114b96-30437\"\n\t\t\t\n\t\t>\n<div class=\"sow-image-container\">\n\t\t<img \n\tsrc=\"https:\/\/amberadvocate.org\/wp-content\/uploads\/2021\/06\/colorado.jpg\" width=\"800\" height=\"568\" srcset=\"https:\/\/amberadvocate.org\/wp-content\/uploads\/2021\/06\/colorado.jpg 800w, https:\/\/amberadvocate.org\/wp-content\/uploads\/2021\/06\/colorado-300x213.jpg 300w, https:\/\/amberadvocate.org\/wp-content\/uploads\/2021\/06\/colorado-768x545.jpg 768w\" sizes=\"(max-width: 800px) 100vw, 800px\" alt=\"\" \t\tclass=\"so-widget-image\"\/>\n\t<\/div>\n\n<\/div><\/div><\/div><div id=\"pgc-30437-0-1\"  class=\"panel-grid-cell\" ><div id=\"panel-30437-0-1-0\" class=\"so-panel widget widget_sow-headline panel-first-child\" data-index=\"1\" ><div\n\t\t\t\n\t\t\tclass=\"so-widget-sow-headline so-widget-sow-headline-default-5d74d290e9c0-30437\"\n\t\t\t\n\t\t><div class=\"sow-headline-container \">\n\t\t\t\t\t\t\t<h2 class=\"sow-headline\">\n\t\t\t\t\t\tColorado a\u00f1ade un enlace para proporcionar m\u00e1s informaci\u00f3n sobre las Alertas AMBER\t\t\t\t\t\t<\/h2>\n\t\t\t\t\t\t\t\t\t\t\t<div class=\"decoration\">\n\t\t\t\t\t\t<div class=\"decoration-inside\"><\/div>\n\t\t\t\t\t<\/div>\n\t\t\t\t\t<\/div>\n<\/div><\/div><div id=\"panel-30437-0-1-1\" class=\"so-panel widget widget_sow-editor panel-last-child\" data-index=\"2\" ><div\n\t\t\t\n\t\t\tclass=\"so-widget-sow-editor so-widget-sow-editor-base\"\n\t\t\t\n\t\t>\n<div class=\"siteorigin-widget-tinymce textwidget\">\n\t<p>Colorado es el \u00faltimo estado en a\u00f1adir un enlace URL para ofrecer m\u00e1s detalles sobre las alertas AMBER y Blue. Los enlaces en las Alertas de Emergencia Inal\u00e1mbricas (WEA) dirigen a un sitio de Twitter con detalles adicionales que superan los l\u00edmites de 360 caracteres en los mensajes inal\u00e1mbricos. La Oficina de Investigaci\u00f3n de Colorado prob\u00f3 el sistema antes de utilizar los enlaces en alertas reales.  <\/p>\n<\/div>\n<\/div><\/div><\/div><\/div><\/div><div id=\"pg-30437-1\"  class=\"panel-grid panel-has-style\" ><div class=\"siteorigin-panels-stretch panel-row-style panel-row-style-for-30437-1\" data-stretch-type=\"full\" ><div id=\"pgc-30437-1-0\"  class=\"panel-grid-cell\" ><div id=\"panel-30437-1-0-0\" class=\"so-panel widget widget_sow-image panel-first-child panel-last-child\" data-index=\"3\" ><div\n\t\t\t\n\t\t\tclass=\"so-widget-sow-image so-widget-sow-image-default-dbf295114b96-30437\"\n\t\t\t\n\t\t>\n<div class=\"sow-image-container\">\n\t\t<img \n\tsrc=\"https:\/\/amberadvocate.org\/wp-content\/uploads\/2021\/06\/TN-Law.jpg\" width=\"848\" height=\"473\" srcset=\"https:\/\/amberadvocate.org\/wp-content\/uploads\/2021\/06\/TN-Law.jpg 848w, https:\/\/amberadvocate.org\/wp-content\/uploads\/2021\/06\/TN-Law-300x167.jpg 300w, https:\/\/amberadvocate.org\/wp-content\/uploads\/2021\/06\/TN-Law-768x428.jpg 768w\" sizes=\"(max-width: 848px) 100vw, 848px\" title=\"TN law\" alt=\"\" \t\tclass=\"so-widget-image\"\/>\n\t<\/div>\n\n<\/div><\/div><\/div><div id=\"pgc-30437-1-1\"  class=\"panel-grid-cell\" ><div id=\"panel-30437-1-1-0\" class=\"so-panel widget widget_sow-headline panel-first-child\" data-index=\"4\" ><div\n\t\t\t\n\t\t\tclass=\"so-widget-sow-headline so-widget-sow-headline-default-5d74d290e9c0-30437\"\n\t\t\t\n\t\t><div class=\"sow-headline-container \">\n\t\t\t\t\t\t\t<h2 class=\"sow-headline\">\n\t\t\t\t\t\tTennessee aprueba varias leyes sobre personas desaparecidas\t\t\t\t\t\t<\/h2>\n\t\t\t\t\t\t\t\t\t\t\t<div class=\"decoration\">\n\t\t\t\t\t\t<div class=\"decoration-inside\"><\/div>\n\t\t\t\t\t<\/div>\n\t\t\t\t\t<\/div>\n<\/div><\/div><div id=\"panel-30437-1-1-1\" class=\"so-panel widget widget_sow-editor panel-last-child\" data-index=\"5\" ><div\n\t\t\t\n\t\t\tclass=\"so-widget-sow-editor so-widget-sow-editor-base\"\n\t\t\t\n\t\t>\n<div class=\"siteorigin-widget-tinymce textwidget\">\n\t<p>Tennessee exigir\u00e1 a los padres que denuncien la desaparici\u00f3n de sus hijos despu\u00e9s de dos d\u00edas, o se enfrentar\u00e1n a mayores sanciones. La \u201cLey de Evelyn\u201d entr\u00f3 en vigor el 1 de julio de 2021 y tambi\u00e9n exige a los padres que notifiquen a las fuerzas del orden en un plazo de 24 horas si un ni\u00f1o desaparecido tiene 12 a\u00f1os o menos. La ley se aprob\u00f3 despu\u00e9s de que la madre de Evelyn Boswell, de 15 meses, no notificara a las fuerzas del orden la desaparici\u00f3n de su hija hasta meses despu\u00e9s. La madre fue acusada despu\u00e9s de que la ni\u00f1a fuera encontrada dos semanas y media despu\u00e9s.   <\/p>\n<p>La Ley Holly Bobo de Tennessee ya est\u00e1 en vigor, lo que eleva el l\u00edmite de edad para las alertas de personas desaparecidas. La ley aumenta el l\u00edmite de edad de 18 a 21 a\u00f1os para notificar al p\u00fablico la desaparici\u00f3n de una persona en peligro. <\/p>\n<p>Los legisladores estatales tambi\u00e9n est\u00e1n considerando una Alerta Silver para notificar al p\u00fablico la desaparici\u00f3n de adultos vulnerables. Alzheimer's Tennessee est\u00e1 presionando a los legisladores para que se emita una alerta para adultos desaparecidos con demencia, discapacidades o deficiencias. <\/p>\n<\/div>\n<\/div><\/div><\/div><\/div><\/div><div id=\"pg-30437-2\"  class=\"panel-grid panel-has-style\" ><div class=\"siteorigin-panels-stretch panel-row-style panel-row-style-for-30437-2\" data-stretch-type=\"full\" ><div id=\"pgc-30437-2-0\"  class=\"panel-grid-cell\" ><div id=\"panel-30437-2-0-0\" class=\"so-panel widget widget_sow-image panel-first-child panel-last-child\" data-index=\"6\" ><div\n\t\t\t\n\t\t\tclass=\"so-widget-sow-image so-widget-sow-image-default-dbf295114b96-30437\"\n\t\t\t\n\t\t>\n<div class=\"sow-image-container\">\n\t\t<img \n\tsrc=\"https:\/\/amberadvocate.org\/wp-content\/uploads\/2021\/06\/WA-brief.jpg\" width=\"717\" height=\"403\" srcset=\"https:\/\/amberadvocate.org\/wp-content\/uploads\/2021\/06\/WA-brief.jpg 717w, https:\/\/amberadvocate.org\/wp-content\/uploads\/2021\/06\/WA-brief-300x169.jpg 300w\" sizes=\"(max-width: 717px) 100vw, 717px\" alt=\"\" \t\tclass=\"so-widget-image\"\/>\n\t<\/div>\n\n<\/div><\/div><\/div><div id=\"pgc-30437-2-1\"  class=\"panel-grid-cell\" ><div id=\"panel-30437-2-1-0\" class=\"so-panel widget widget_sow-headline panel-first-child\" data-index=\"7\" ><div\n\t\t\t\n\t\t\tclass=\"so-widget-sow-headline so-widget-sow-headline-default-5d74d290e9c0-30437\"\n\t\t\t\n\t\t><div class=\"sow-headline-container \">\n\t\t\t\t\t\t\t<h2 class=\"sow-headline\">\n\t\t\t\t\t\tWashington espera que un nuevo sitio web ayude a encontrar a una ni\u00f1a desaparecida hace casi dos d\u00e9cadas\t\t\t\t\t\t<\/h2>\n\t\t\t\t\t\t\t\t\t\t\t<div class=\"decoration\">\n\t\t\t\t\t\t<div class=\"decoration-inside\"><\/div>\n\t\t\t\t\t<\/div>\n\t\t\t\t\t<\/div>\n<\/div><\/div><div id=\"panel-30437-2-1-1\" class=\"so-panel widget widget_sow-editor panel-last-child\" data-index=\"8\" ><div\n\t\t\t\n\t\t\tclass=\"so-widget-sow-editor so-widget-sow-editor-base\"\n\t\t\t\n\t\t>\n<div class=\"siteorigin-widget-tinymce textwidget\">\n\t<p class=\"p1\">La Unidad de Personas Desaparecidas y No Identificadas de la Patrulla Estatal de Washington espera que un nuevo sitio web ayude a localizar a una ni\u00f1a que ten\u00eda cuatro a\u00f1os cuando desapareci\u00f3 hace 18 a\u00f1os. El mensaje m\u00e1s reciente de Homeward Bound Trucks presenta a Sofia Juarez, que desapareci\u00f3 de su casa de Kennewick poco antes de cumplir cinco a\u00f1os. <\/p>\n<\/div>\n<\/div><\/div><\/div><\/div><\/div><div id=\"pg-30437-3\"  class=\"panel-grid panel-has-style\" ><div class=\"siteorigin-panels-stretch panel-row-style panel-row-style-for-30437-3\" data-stretch-type=\"full\" ><div id=\"pgc-30437-3-0\"  class=\"panel-grid-cell\" ><div id=\"panel-30437-3-0-0\" class=\"so-panel widget widget_sow-image panel-first-child panel-last-child\" data-index=\"9\" ><div\n\t\t\t\n\t\t\tclass=\"so-widget-sow-image so-widget-sow-image-default-dbf295114b96-30437\"\n\t\t\t\n\t\t>\n<div class=\"sow-image-container\">\n\t\t<img \n\tsrc=\"https:\/\/amberadvocate.org\/wp-content\/uploads\/2021\/06\/minneapolis-police-false-report.jpg\" width=\"764\" height=\"432\" srcset=\"https:\/\/amberadvocate.org\/wp-content\/uploads\/2021\/06\/minneapolis-police-false-report.jpg 764w, https:\/\/amberadvocate.org\/wp-content\/uploads\/2021\/06\/minneapolis-police-false-report-300x170.jpg 300w\" sizes=\"(max-width: 764px) 100vw, 764px\" alt=\"\" \t\tclass=\"so-widget-image\"\/>\n\t<\/div>\n\n<\/div><\/div><\/div><div id=\"pgc-30437-3-1\"  class=\"panel-grid-cell\" ><div id=\"panel-30437-3-1-0\" class=\"so-panel widget widget_sow-headline panel-first-child\" data-index=\"10\" ><div\n\t\t\t\n\t\t\tclass=\"so-widget-sow-headline so-widget-sow-headline-default-5d74d290e9c0-30437\"\n\t\t\t\n\t\t><div class=\"sow-headline-container \">\n\t\t\t\t\t\t\t<h2 class=\"sow-headline\">\n\t\t\t\t\t\tMadre de Minnesota acusada de falsa Alerta AMBER\t\t\t\t\t\t<\/h2>\n\t\t\t\t\t\t\t\t\t\t\t<div class=\"decoration\">\n\t\t\t\t\t\t<div class=\"decoration-inside\"><\/div>\n\t\t\t\t\t<\/div>\n\t\t\t\t\t<\/div>\n<\/div><\/div><div id=\"panel-30437-3-1-1\" class=\"so-panel widget widget_sow-editor panel-last-child\" data-index=\"11\" ><div\n\t\t\t\n\t\t\tclass=\"so-widget-sow-editor so-widget-sow-editor-base\"\n\t\t\t\n\t\t>\n<div class=\"siteorigin-widget-tinymce textwidget\">\n\t<p class=\"p1\">Una mujer de St. Paul, Minnesota, ha sido acusada despu\u00e9s de que la polic\u00eda emitiera una Alerta AMBER cuando supuestamente dijo a la polic\u00eda que su hija hab\u00eda sido llevada en su coche robado. El 28 de febrero, la mujer llam\u00f3 al 911 para denunciar que su coche hab\u00eda sido robado con su hija de dos a\u00f1os dentro. Las autoridades encontraron a la ni\u00f1a sana y salva y dicen que la mujer admiti\u00f3 haber mentido para intentar sacar a su exnovio de su vida.  <\/p>\n<\/div>\n<\/div><\/div><\/div><\/div><\/div><div id=\"pg-30437-4\"  class=\"panel-grid panel-has-style\" ><div class=\"siteorigin-panels-stretch panel-row-style panel-row-style-for-30437-4\" data-stretch-type=\"full\" ><div id=\"pgc-30437-4-0\"  class=\"panel-grid-cell\" ><div id=\"panel-30437-4-0-0\" class=\"so-panel widget widget_sow-image panel-first-child panel-last-child\" data-index=\"12\" ><div\n\t\t\t\n\t\t\tclass=\"so-widget-sow-image so-widget-sow-image-default-dbf295114b96-30437\"\n\t\t\t\n\t\t>\n<div class=\"sow-image-container\">\n\t\t<img \n\tsrc=\"https:\/\/amberadvocate.org\/wp-content\/uploads\/2021\/06\/R66VYAOMULIS64BLCAWIMUZYEU.jpg\" width=\"1660\" height=\"934\" srcset=\"https:\/\/amberadvocate.org\/wp-content\/uploads\/2021\/06\/R66VYAOMULIS64BLCAWIMUZYEU.jpg 1660w, https:\/\/amberadvocate.org\/wp-content\/uploads\/2021\/06\/R66VYAOMULIS64BLCAWIMUZYEU-300x169.jpg 300w, https:\/\/amberadvocate.org\/wp-content\/uploads\/2021\/06\/R66VYAOMULIS64BLCAWIMUZYEU-1024x576.jpg 1024w, https:\/\/amberadvocate.org\/wp-content\/uploads\/2021\/06\/R66VYAOMULIS64BLCAWIMUZYEU-768x432.jpg 768w, https:\/\/amberadvocate.org\/wp-content\/uploads\/2021\/06\/R66VYAOMULIS64BLCAWIMUZYEU-1536x864.jpg 1536w\" sizes=\"(max-width: 1660px) 100vw, 1660px\" alt=\"\" \t\tclass=\"so-widget-image\"\/>\n\t<\/div>\n\n<\/div><\/div><\/div><div id=\"pgc-30437-4-1\"  class=\"panel-grid-cell\" ><div id=\"panel-30437-4-1-0\" class=\"so-panel widget widget_sow-headline panel-first-child\" data-index=\"13\" ><div\n\t\t\t\n\t\t\tclass=\"so-widget-sow-headline so-widget-sow-headline-default-5d74d290e9c0-30437\"\n\t\t\t\n\t\t><div class=\"sow-headline-container \">\n\t\t\t\t\t\t\t<h2 class=\"sow-headline\">\n\t\t\t\t\t\tLos legisladores de Texas consideran la alerta por tiroteos masivos\t\t\t\t\t\t<\/h2>\n\t\t\t\t\t\t\t\t\t\t\t<div class=\"decoration\">\n\t\t\t\t\t\t<div class=\"decoration-inside\"><\/div>\n\t\t\t\t\t<\/div>\n\t\t\t\t\t<\/div>\n<\/div><\/div><div id=\"panel-30437-4-1-1\" class=\"so-panel widget widget_sow-editor panel-last-child\" data-index=\"14\" ><div\n\t\t\t\n\t\t\tclass=\"so-widget-sow-editor so-widget-sow-editor-base\"\n\t\t\t\n\t\t>\n<div class=\"siteorigin-widget-tinymce textwidget\">\n\t<p class=\"p1\">La C\u00e1mara de Representantes de Texas aprob\u00f3 un proyecto de ley para crear una alerta estatal de tirador activo. La ley permitir\u00eda a las fuerzas del orden emitir una alerta para notificar al p\u00fablico sobre un tirador activo en su zona. La ley fue impulsada por un tiroteo el 31 de agosto de 2019, cuando un hombre mat\u00f3 a ocho personas, incluido \u00e9l mismo, e hiri\u00f3 a otras 25.  <\/p>\n<\/div>\n<\/div><\/div><\/div><\/div><\/div><div id=\"pg-30437-5\"  class=\"panel-grid panel-has-style\" ><div class=\"siteorigin-panels-stretch panel-row-style panel-row-style-for-30437-5\" data-stretch-type=\"full\" ><div id=\"pgc-30437-5-0\"  class=\"panel-grid-cell\" ><div id=\"panel-30437-5-0-0\" class=\"so-panel widget widget_sow-image panel-first-child panel-last-child\" data-index=\"15\" ><div\n\t\t\t\n\t\t\tclass=\"so-widget-sow-image so-widget-sow-image-default-dbf295114b96-30437\"\n\t\t\t\n\t\t>\n<div class=\"sow-image-container\">\n\t\t<img \n\tsrc=\"https:\/\/amberadvocate.org\/wp-content\/uploads\/2021\/06\/WI.jpg\" width=\"591\" height=\"330\" srcset=\"https:\/\/amberadvocate.org\/wp-content\/uploads\/2021\/06\/WI.jpg 591w, https:\/\/amberadvocate.org\/wp-content\/uploads\/2021\/06\/WI-300x168.jpg 300w\" sizes=\"(max-width: 591px) 100vw, 591px\" alt=\"\" \t\tclass=\"so-widget-image\"\/>\n\t<\/div>\n\n<\/div><\/div><\/div><div id=\"pgc-30437-5-1\"  class=\"panel-grid-cell\" ><div id=\"panel-30437-5-1-0\" class=\"so-panel widget widget_sow-headline panel-first-child\" data-index=\"16\" ><div\n\t\t\t\n\t\t\tclass=\"so-widget-sow-headline so-widget-sow-headline-default-5d74d290e9c0-30437\"\n\t\t\t\n\t\t><div class=\"sow-headline-container \">\n\t\t\t\t\t\t\t<h2 class=\"sow-headline\">\n\t\t\t\t\t\tLos legisladores de Wisconsin y Florida promueven la Alerta P\u00farpura, pero la alerta de cada estado es diferente\t\t\t\t\t\t<\/h2>\n\t\t\t\t\t\t\t\t\t\t\t<div class=\"decoration\">\n\t\t\t\t\t\t<div class=\"decoration-inside\"><\/div>\n\t\t\t\t\t<\/div>\n\t\t\t\t\t<\/div>\n<\/div><\/div><div id=\"panel-30437-5-1-1\" class=\"so-panel widget widget_sow-editor panel-last-child\" data-index=\"17\" ><div\n\t\t\t\n\t\t\tclass=\"so-widget-sow-editor so-widget-sow-editor-base\"\n\t\t\t\n\t\t>\n<div class=\"siteorigin-widget-tinymce textwidget\">\n\t<p>La legislatura de Wisconsin est\u00e1 considerando la creaci\u00f3n de una Alerta P\u00farpura para ayudar a encontrar a supervivientes de violencia dom\u00e9stica desaparecidos y en peligro. La ley eliminar\u00eda cualquier per\u00edodo de espera antes de que las fuerzas del orden puedan emitir una notificaci\u00f3n estatal con la foto e informaci\u00f3n de la persona desaparecida. <\/p>\n<p>Los legisladores de Florida tambi\u00e9n est\u00e1n considerando una Alerta P\u00farpura; sin embargo, ser\u00eda utilizada por las fuerzas del orden para un adulto desaparecido con una discapacidad del desarrollo. La senadora estatal Lori Berman dice que quiere que la alerta est\u00e9 en vigor despu\u00e9s de que un hombre muriera mientras se alejaba de un centro de atenci\u00f3n. <\/p>\n<\/div>\n<\/div><\/div><\/div><\/div><\/div><div id=\"pg-30437-6\"  class=\"panel-grid panel-has-style\" ><div class=\"siteorigin-panels-stretch panel-row-style panel-row-style-for-30437-6\" data-stretch-type=\"full\" ><div id=\"pgc-30437-6-0\"  class=\"panel-grid-cell\" ><div id=\"panel-30437-6-0-0\" class=\"so-panel widget widget_sow-image panel-first-child panel-last-child\" data-index=\"18\" ><div\n\t\t\t\n\t\t\tclass=\"so-widget-sow-image so-widget-sow-image-default-dbf295114b96-30437\"\n\t\t\t\n\t\t>\n<div class=\"sow-image-container\">\n\t\t<img \n\tsrc=\"https:\/\/amberadvocate.org\/wp-content\/uploads\/2021\/06\/Kentucky.jpg\" width=\"548\" height=\"306\" srcset=\"https:\/\/amberadvocate.org\/wp-content\/uploads\/2021\/06\/Kentucky.jpg 548w, https:\/\/amberadvocate.org\/wp-content\/uploads\/2021\/06\/Kentucky-300x168.jpg 300w\" sizes=\"(max-width: 548px) 100vw, 548px\" alt=\"\" \t\tclass=\"so-widget-image\"\/>\n\t<\/div>\n\n<\/div><\/div><\/div><div id=\"pgc-30437-6-1\"  class=\"panel-grid-cell\" ><div id=\"panel-30437-6-1-0\" class=\"so-panel widget widget_sow-headline panel-first-child\" data-index=\"19\" ><div\n\t\t\t\n\t\t\tclass=\"so-widget-sow-headline so-widget-sow-headline-default-5d74d290e9c0-30437\"\n\t\t\t\n\t\t><div class=\"sow-headline-container \">\n\t\t\t\t\t\t\t<h2 class=\"sow-headline\">\n\t\t\t\t\t\tLa nueva ley de Kentucky exige notificaciones r\u00e1pidas para las personas desaparecidas\t\t\t\t\t\t<\/h2>\n\t\t\t\t\t\t\t\t\t\t\t<div class=\"decoration\">\n\t\t\t\t\t\t<div class=\"decoration-inside\"><\/div>\n\t\t\t\t\t<\/div>\n\t\t\t\t\t<\/div>\n<\/div><\/div><div id=\"panel-30437-6-1-1\" class=\"so-panel widget widget_sow-editor panel-last-child\" data-index=\"20\" ><div\n\t\t\t\n\t\t\tclass=\"so-widget-sow-editor so-widget-sow-editor-base\"\n\t\t\t\n\t\t>\n<div class=\"siteorigin-widget-tinymce textwidget\">\n\t<p class=\"p1\">El gobernador de Kentucky, Andy Beshear, firm\u00f3 en marzo de 2021 un proyecto de ley que exige a las fuerzas del orden que alerten al p\u00fablico en un plazo de cuatro horas despu\u00e9s de que se les notifique la desaparici\u00f3n de una persona. La ley exige el uso de los recursos existentes, como la Alerta AMBER y sistemas de notificaci\u00f3n similares. <\/p>\n<\/div>\n<\/div><\/div><\/div><\/div><\/div><div id=\"pg-30437-7\"  class=\"panel-grid panel-has-style\" ><div class=\"siteorigin-panels-stretch panel-row-style panel-row-style-for-30437-7\" data-stretch-type=\"full\" ><div id=\"pgc-30437-7-0\"  class=\"panel-grid-cell\" ><div id=\"panel-30437-7-0-0\" class=\"so-panel widget widget_sow-image panel-first-child panel-last-child\" data-index=\"21\" ><div\n\t\t\t\n\t\t\tclass=\"so-widget-sow-image so-widget-sow-image-default-dbf295114b96-30437\"\n\t\t\t\n\t\t>\n<div class=\"sow-image-container\">\n\t\t<img \n\tsrc=\"https:\/\/amberadvocate.org\/wp-content\/uploads\/2021\/06\/cellphone.jpg\" width=\"665\" height=\"435\" srcset=\"https:\/\/amberadvocate.org\/wp-content\/uploads\/2021\/06\/cellphone.jpg 665w, https:\/\/amberadvocate.org\/wp-content\/uploads\/2021\/06\/cellphone-300x196.jpg 300w\" sizes=\"(max-width: 665px) 100vw, 665px\" alt=\"\" \t\tclass=\"so-widget-image\"\/>\n\t<\/div>\n\n<\/div><\/div><\/div><div id=\"pgc-30437-7-1\"  class=\"panel-grid-cell\" ><div id=\"panel-30437-7-1-0\" class=\"so-panel widget widget_sow-headline panel-first-child\" data-index=\"22\" ><div\n\t\t\t\n\t\t\tclass=\"so-widget-sow-headline so-widget-sow-headline-default-5d74d290e9c0-30437\"\n\t\t\t\n\t\t><div class=\"sow-headline-container \">\n\t\t\t\t\t\t\t<h2 class=\"sow-headline\">\n\t\t\t\t\t\tUna familia de Minnesota propone la \"Alerta Aqua\" para emergencias relacionadas con el agua\t\t\t\t\t\t<\/h2>\n\t\t\t\t\t\t\t\t\t\t\t<div class=\"decoration\">\n\t\t\t\t\t\t<div class=\"decoration-inside\"><\/div>\n\t\t\t\t\t<\/div>\n\t\t\t\t\t<\/div>\n<\/div><\/div><div id=\"panel-30437-7-1-1\" class=\"so-panel widget widget_sow-editor panel-last-child\" data-index=\"23\" ><div\n\t\t\t\n\t\t\tclass=\"so-widget-sow-editor so-widget-sow-editor-base\"\n\t\t\t\n\t\t>\n<div class=\"siteorigin-widget-tinymce textwidget\">\n\t<p class=\"p1\">Una familia de Minnesota quiere crear una \u201cAlerta Aqua\u201d para notificar al p\u00fablico las emergencias acu\u00e1ticas, as\u00ed como otras iniciativas de seguridad acu\u00e1tica. Judy Schink est\u00e1 recaudando dinero para las iniciativas propuestas despu\u00e9s de que su marido presumiblemente muriera mientras hac\u00eda kayak en Florida. Tambi\u00e9n le gustar\u00eda a\u00f1adir m\u00e1s c\u00e1maras de vigilancia en la playa y se\u00f1ales.  <\/p>\n<\/div>\n<\/div><\/div><\/div><\/div><\/div><div id=\"pg-30437-8\"  class=\"panel-grid panel-has-style\" ><div class=\"siteorigin-panels-stretch panel-row-style panel-row-style-for-30437-8\" data-stretch-type=\"full\" ><div id=\"pgc-30437-8-0\"  class=\"panel-grid-cell\" ><div id=\"panel-30437-8-0-0\" class=\"so-panel widget widget_sow-image panel-first-child panel-last-child\" data-index=\"24\" ><div\n\t\t\t\n\t\t\tclass=\"so-widget-sow-image so-widget-sow-image-default-dbf295114b96-30437\"\n\t\t\t\n\t\t>\n<div class=\"sow-image-container\">\n\t\t<img \n\tsrc=\"https:\/\/amberadvocate.org\/wp-content\/uploads\/2021\/06\/vanessa-morales-age-enhanced_1200.jpg\" width=\"1024\" height=\"576\" srcset=\"https:\/\/amberadvocate.org\/wp-content\/uploads\/2021\/06\/vanessa-morales-age-enhanced_1200.jpg 1024w, https:\/\/amberadvocate.org\/wp-content\/uploads\/2021\/06\/vanessa-morales-age-enhanced_1200-300x169.jpg 300w, https:\/\/amberadvocate.org\/wp-content\/uploads\/2021\/06\/vanessa-morales-age-enhanced_1200-768x432.jpg 768w\" sizes=\"(max-width: 1024px) 100vw, 1024px\" alt=\"\" \t\tclass=\"so-widget-image\"\/>\n\t<\/div>\n\n<\/div><\/div><\/div><div id=\"pgc-30437-8-1\"  class=\"panel-grid-cell\" ><div id=\"panel-30437-8-1-0\" class=\"so-panel widget widget_sow-headline panel-first-child\" data-index=\"25\" ><div\n\t\t\t\n\t\t\tclass=\"so-widget-sow-headline so-widget-sow-headline-default-5d74d290e9c0-30437\"\n\t\t\t\n\t\t><div class=\"sow-headline-container \">\n\t\t\t\t\t\t\t<h2 class=\"sow-headline\">\n\t\t\t\t\t\tConnecticut publica una foto mejorada por la edad de la ni\u00f1a desaparecida\t\t\t\t\t\t<\/h2>\n\t\t\t\t\t\t\t\t\t\t\t<div class=\"decoration\">\n\t\t\t\t\t\t<div class=\"decoration-inside\"><\/div>\n\t\t\t\t\t<\/div>\n\t\t\t\t\t<\/div>\n<\/div><\/div><div id=\"panel-30437-8-1-1\" class=\"so-panel widget widget_sow-editor panel-last-child\" data-index=\"26\" ><div\n\t\t\t\n\t\t\tclass=\"so-widget-sow-editor so-widget-sow-editor-base\"\n\t\t\t\n\t\t>\n<div class=\"siteorigin-widget-tinymce textwidget\">\n\t<p class=\"p1\">El Departamento de Polic\u00eda de Ansonia, Connecticut, public\u00f3 una foto con edad mejorada de una ni\u00f1a de un a\u00f1o que est\u00e1 desaparecida desde diciembre de 2019 despu\u00e9s de que su madre fuera encontrada fallecida. El Centro Nacional para Ni\u00f1os Desaparecidos y Explotados (NCMEC) cre\u00f3 la foto de Vanessa Morales para involucrar al p\u00fablico en la b\u00fasqueda de la ni\u00f1a desaparecida. Un hombre se ha declarado no culpable tras ser acusado del asesinato de la madre de Vanessa.  <\/p>\n<\/div>\n<\/div><\/div><\/div><\/div><\/div><div id=\"pg-30437-9\"  class=\"panel-grid panel-has-style\" ><div class=\"siteorigin-panels-stretch panel-row-style panel-row-style-for-30437-9\" data-stretch-type=\"full\" ><div id=\"pgc-30437-9-0\"  class=\"panel-grid-cell\" ><div id=\"panel-30437-9-0-0\" class=\"so-panel widget widget_sow-image panel-first-child panel-last-child\" data-index=\"27\" ><div\n\t\t\t\n\t\t\tclass=\"so-widget-sow-image so-widget-sow-image-default-dbf295114b96-30437\"\n\t\t\t\n\t\t>\n<div class=\"sow-image-container\">\n\t\t<img \n\tsrc=\"https:\/\/amberadvocate.org\/wp-content\/uploads\/2021\/06\/ND.jpg\" width=\"841\" height=\"470\" srcset=\"https:\/\/amberadvocate.org\/wp-content\/uploads\/2021\/06\/ND.jpg 841w, https:\/\/amberadvocate.org\/wp-content\/uploads\/2021\/06\/ND-300x168.jpg 300w, https:\/\/amberadvocate.org\/wp-content\/uploads\/2021\/06\/ND-768x429.jpg 768w\" sizes=\"(max-width: 841px) 100vw, 841px\" alt=\"\" \t\tclass=\"so-widget-image\"\/>\n\t<\/div>\n\n<\/div><\/div><\/div><div id=\"pgc-30437-9-1\"  class=\"panel-grid-cell\" ><div id=\"panel-30437-9-1-0\" class=\"so-panel widget widget_sow-headline panel-first-child\" data-index=\"28\" ><div\n\t\t\t\n\t\t\tclass=\"so-widget-sow-headline so-widget-sow-headline-default-5d74d290e9c0-30437\"\n\t\t\t\n\t\t><div class=\"sow-headline-container \">\n\t\t\t\t\t\t\t<h2 class=\"sow-headline\">\n\t\t\t\t\t\tDakota del Norte considera la Alerta Ashanti para adultos desaparecidos\t\t\t\t\t\t<\/h2>\n\t\t\t\t\t\t\t\t\t\t\t<div class=\"decoration\">\n\t\t\t\t\t\t<div class=\"decoration-inside\"><\/div>\n\t\t\t\t\t<\/div>\n\t\t\t\t\t<\/div>\n<\/div><\/div><div id=\"panel-30437-9-1-1\" class=\"so-panel widget widget_sow-editor panel-last-child\" data-index=\"29\" ><div\n\t\t\t\n\t\t\tclass=\"so-widget-sow-editor so-widget-sow-editor-base\"\n\t\t\t\n\t\t>\n<div class=\"siteorigin-widget-tinymce textwidget\">\n\t<p class=\"p1\">Dakota del Norte puede crear un sistema de Alerta Ashanti para notificar al p\u00fablico cuando un adulto entre las edades de 18 y 64 a\u00f1os desaparece. La alerta llenar\u00eda el vac\u00edo para los casos que no est\u00e1n cubiertos por una Alerta AMBER o una Alerta Silver. <\/p>\n<\/div>\n<\/div><\/div><\/div><\/div><\/div><div id=\"pg-30437-10\"  class=\"panel-grid panel-has-style\" ><div class=\"siteorigin-panels-stretch panel-row-style panel-row-style-for-30437-10\" data-stretch-type=\"full\" ><div id=\"pgc-30437-10-0\"  class=\"panel-grid-cell\" ><div id=\"panel-30437-10-0-0\" class=\"so-panel widget widget_sow-image panel-first-child panel-last-child\" data-index=\"30\" ><div\n\t\t\t\n\t\t\tclass=\"so-widget-sow-image so-widget-sow-image-default-dbf295114b96-30437\"\n\t\t\t\n\t\t>\n<div class=\"sow-image-container\">\n\t\t<img \n\tsrc=\"https:\/\/amberadvocate.org\/wp-content\/uploads\/2021\/06\/smart.jpg\" width=\"970\" height=\"546\" srcset=\"https:\/\/amberadvocate.org\/wp-content\/uploads\/2021\/06\/smart.jpg 970w, https:\/\/amberadvocate.org\/wp-content\/uploads\/2021\/06\/smart-300x169.jpg 300w, https:\/\/amberadvocate.org\/wp-content\/uploads\/2021\/06\/smart-768x432.jpg 768w\" sizes=\"(max-width: 970px) 100vw, 970px\" alt=\"\" \t\tclass=\"so-widget-image\"\/>\n\t<\/div>\n\n<\/div><\/div><\/div><div id=\"pgc-30437-10-1\"  class=\"panel-grid-cell\" ><div id=\"panel-30437-10-1-0\" class=\"so-panel widget widget_sow-headline panel-first-child\" data-index=\"31\" ><div\n\t\t\t\n\t\t\tclass=\"so-widget-sow-headline so-widget-sow-headline-default-5d74d290e9c0-30437\"\n\t\t\t\n\t\t><div class=\"sow-headline-container \">\n\t\t\t\t\t\t\t<h2 class=\"sow-headline\">\n\t\t\t\t\t\tElizabeth Smart inicia un programa de defensa personal en Utah\t\t\t\t\t\t<\/h2>\n\t\t\t\t\t\t\t\t\t\t\t<div class=\"decoration\">\n\t\t\t\t\t\t<div class=\"decoration-inside\"><\/div>\n\t\t\t\t\t<\/div>\n\t\t\t\t\t<\/div>\n<\/div><\/div><div id=\"panel-30437-10-1-1\" class=\"so-panel widget widget_sow-editor panel-last-child\" data-index=\"32\" ><div\n\t\t\t\n\t\t\tclass=\"so-widget-sow-editor so-widget-sow-editor-base\"\n\t\t\t\n\t\t>\n<div class=\"siteorigin-widget-tinymce textwidget\">\n\t<p class=\"p1\">La superviviente de secuestro Elizabeth Smart ofreci\u00f3 un taller gratuito en St. George, Utah, para ayudar a las ni\u00f1as y mujeres a protegerse del secuestro. El programa Smart Defense fue creado para dar las herramientas necesarias para detener una amenaza potencial o escapar de un atacante. El programa ya est\u00e1 establecido en dos comunidades en el norte de Utah.  <\/p>\n<\/div>\n<\/div><\/div><\/div><\/div><\/div><div id=\"pg-30437-11\"  class=\"panel-grid panel-has-style\" ><div class=\"siteorigin-panels-stretch panel-row-style panel-row-style-for-30437-11\" data-stretch-type=\"full\" ><div id=\"pgc-30437-11-0\"  class=\"panel-grid-cell\" ><div id=\"panel-30437-11-0-0\" class=\"so-panel widget widget_sow-image panel-first-child panel-last-child\" data-index=\"33\" ><div\n\t\t\t\n\t\t\tclass=\"so-widget-sow-image so-widget-sow-image-default-dbf295114b96-30437\"\n\t\t\t\n\t\t>\n<div class=\"sow-image-container\">\n\t\t<img \n\tsrc=\"https:\/\/amberadvocate.org\/wp-content\/uploads\/2021\/06\/marianas-islands-flag.png\" width=\"1280\" height=\"640\" srcset=\"https:\/\/amberadvocate.org\/wp-content\/uploads\/2021\/06\/marianas-islands-flag.png 1280w, https:\/\/amberadvocate.org\/wp-content\/uploads\/2021\/06\/marianas-islands-flag-300x150.png 300w, https:\/\/amberadvocate.org\/wp-content\/uploads\/2021\/06\/marianas-islands-flag-1024x512.png 1024w, https:\/\/amberadvocate.org\/wp-content\/uploads\/2021\/06\/marianas-islands-flag-768x384.png 768w\" sizes=\"(max-width: 1280px) 100vw, 1280px\" title=\"marianas islands flag\" alt=\"\" \t\tclass=\"so-widget-image\"\/>\n\t<\/div>\n\n<\/div><\/div><\/div><div id=\"pgc-30437-11-1\"  class=\"panel-grid-cell\" ><div id=\"panel-30437-11-1-0\" class=\"so-panel widget widget_sow-headline panel-first-child\" data-index=\"34\" ><div\n\t\t\t\n\t\t\tclass=\"so-widget-sow-headline so-widget-sow-headline-default-5d74d290e9c0-30437\"\n\t\t\t\n\t\t><div class=\"sow-headline-container \">\n\t\t\t\t\t\t\t<h2 class=\"sow-headline\">\n\t\t\t\t\t\tLas Islas Marianas inician el programa Alerta AMBER\t\t\t\t\t\t<\/h2>\n\t\t\t\t\t\t\t\t\t\t\t<div class=\"decoration\">\n\t\t\t\t\t\t<div class=\"decoration-inside\"><\/div>\n\t\t\t\t\t<\/div>\n\t\t\t\t\t<\/div>\n<\/div><\/div><div id=\"panel-30437-11-1-1\" class=\"so-panel widget widget_sow-editor panel-last-child\" data-index=\"35\" ><div\n\t\t\t\n\t\t\tclass=\"so-widget-sow-editor so-widget-sow-editor-base\"\n\t\t\t\n\t\t>\n<div class=\"siteorigin-widget-tinymce textwidget\">\n\t<p class=\"p1\">Las Islas Marianas en el Pac\u00edfico Noroeste ahora tienen un programa de Alerta AMBER para notificar al p\u00fablico sobre un ni\u00f1o secuestrado en el territorio de los Estados Unidos. Los legisladores federales aprobaron un proyecto de ley en enero de 2021 que permite a los agentes del orden de Marianas emitir Alertas AMBER para ni\u00f1os secuestrados. La Ley Nacional de Alertas AMBER tambi\u00e9n proporciona los recursos financieros y t\u00e9cnicos de los Departamentos de Justicia y Transporte de los Estados Unidos para implementar las alertas.  <\/p>\n<\/div>\n<\/div><\/div><\/div><\/div><\/div><\/div>","protected":false},"excerpt":{"rendered":"<p>Breves noticias sobre la Alerta AMBER y la Protecci\u00f3n de la Infancia<\/p>\n","protected":false},"author":10,"featured_media":24447,"comment_status":"closed","ping_status":"closed","sticky":false,"template":"","format":"standard","meta":{"_bbp_topic_count":0,"_bbp_reply_count":0,"_bbp_total_topic_count":0,"_bbp_total_reply_count":0,"_bbp_voice_count":0,"_bbp_anonymous_reply_count":0,"_bbp_topic_count_hidden":0,"_bbp_reply_count_hidden":0,"_bbp_forum_subforum_count":0,"_analytify_skip_tracking":false,"footnotes":""},"categories":[649],"tags":[],"class_list":["post-30437","post","type-post","status-publish","format-standard","has-post-thumbnail","hentry","category-alerta-amber-breves"],"meta_box":{"aa_theme_enable_blocks_editor":"","aa_theme_featured_img_position":""},"publishpress_future_workflow_manual_trigger":{"enabledWorkflows":[]},"_links":{"self":[{"href":"https:\/\/amberadvocate.org\/es\/wp-json\/wp\/v2\/posts\/30437","targetHints":{"allow":["GET"]}}],"collection":[{"href":"https:\/\/amberadvocate.org\/es\/wp-json\/wp\/v2\/posts"}],"about":[{"href":"https:\/\/amberadvocate.org\/es\/wp-json\/wp\/v2\/types\/post"}],"author":[{"embeddable":true,"href":"https:\/\/amberadvocate.org\/es\/wp-json\/wp\/v2\/users\/10"}],"replies":[{"embeddable":true,"href":"https:\/\/amberadvocate.org\/es\/wp-json\/wp\/v2\/comments?post=30437"}],"version-history":[{"count":0,"href":"https:\/\/amberadvocate.org\/es\/wp-json\/wp\/v2\/posts\/30437\/revisions"}],"wp:featuredmedia":[{"embeddable":true,"href":"https:\/\/amberadvocate.org\/es\/wp-json\/wp\/v2\/media\/24447"}],"wp:attachment":[{"href":"https:\/\/amberadvocate.org\/es\/wp-json\/wp\/v2\/media?parent=30437"}],"wp:term":[{"taxonomy":"category","embeddable":true,"href":"https:\/\/amberadvocate.org\/es\/wp-json\/wp\/v2\/categories?post=30437"},{"taxonomy":"post_tag","embeddable":true,"href":"https:\/\/amberadvocate.org\/es\/wp-json\/wp\/v2\/tags?post=30437"}],"curies":[{"name":"wp","href":"https:\/\/api.w.org\/{rel}","templated":true}]}}