{"id":30432,"date":"2021-12-06T12:50:27","date_gmt":"2021-12-06T18:50:27","guid":{"rendered":"https:\/\/amberadvocate.org\/sin-categorizar\/resumenes-de-la-alerta-amber-numero-4-2021\/"},"modified":"2025-11-01T14:05:24","modified_gmt":"2025-11-01T19:05:24","slug":"resumenes-de-la-alerta-amber-numero-4-2021","status":"publish","type":"post","link":"https:\/\/amberadvocate.org\/es\/alerta-amber-breves\/resumenes-de-la-alerta-amber-numero-4-2021\/","title":{"rendered":"Res\u00famenes de la Alerta AMBER &#8211; N\u00famero 4 2021"},"content":{"rendered":"<div id=\"pl-30432\"  class=\"panel-layout\" ><div id=\"pg-30432-0\"  class=\"panel-grid panel-has-style\" ><div class=\"siteorigin-panels-stretch panel-row-style panel-row-style-for-30432-0\" data-stretch-type=\"full\" ><div id=\"pgc-30432-0-0\"  class=\"panel-grid-cell\" ><div id=\"panel-30432-0-0-0\" class=\"so-panel widget widget_sow-image panel-first-child panel-last-child\" data-index=\"0\" ><div\n\t\t\t\n\t\t\tclass=\"so-widget-sow-image so-widget-sow-image-default-dbf295114b96-30432\"\n\t\t\t\n\t\t>\n<div class=\"sow-image-container\">\n\t\t<img \n\tsrc=\"https:\/\/amberadvocate.org\/wp-content\/uploads\/2021\/12\/aa48-brief-1.jpg\" width=\"800\" height=\"800\" srcset=\"https:\/\/amberadvocate.org\/wp-content\/uploads\/2021\/12\/aa48-brief-1.jpg 800w, https:\/\/amberadvocate.org\/wp-content\/uploads\/2021\/12\/aa48-brief-1-300x300.jpg 300w, https:\/\/amberadvocate.org\/wp-content\/uploads\/2021\/12\/aa48-brief-1-150x150.jpg 150w, https:\/\/amberadvocate.org\/wp-content\/uploads\/2021\/12\/aa48-brief-1-768x768.jpg 768w\" sizes=\"(max-width: 800px) 100vw, 800px\" alt=\"\" \t\tclass=\"so-widget-image\"\/>\n\t<\/div>\n\n<\/div><\/div><\/div><div id=\"pgc-30432-0-1\"  class=\"panel-grid-cell\" ><div id=\"panel-30432-0-1-0\" class=\"so-panel widget widget_sow-headline panel-first-child\" data-index=\"1\" ><div\n\t\t\t\n\t\t\tclass=\"so-widget-sow-headline so-widget-sow-headline-default-5d74d290e9c0-30432\"\n\t\t\t\n\t\t><div class=\"sow-headline-container \">\n\t\t\t\t\t\t\t<h2 class=\"sow-headline\">\n\t\t\t\t\t\tLa nueva ley de Tennessee obliga a los padres a notificar a la polic\u00eda la desaparici\u00f3n de ni\u00f1os\t\t\t\t\t\t<\/h2>\n\t\t\t\t\t\t\t\t\t\t\t<div class=\"decoration\">\n\t\t\t\t\t\t<div class=\"decoration-inside\"><\/div>\n\t\t\t\t\t<\/div>\n\t\t\t\t\t<\/div>\n<\/div><\/div><div id=\"panel-30432-0-1-1\" class=\"so-panel widget widget_sow-editor panel-last-child\" data-index=\"2\" ><div\n\t\t\t\n\t\t\tclass=\"so-widget-sow-editor so-widget-sow-editor-base\"\n\t\t\t\n\t\t>\n<div class=\"siteorigin-widget-tinymce textwidget\">\n\t<p>Tennessee ahora exige a los padres que notifiquen a la polic\u00eda sobre ni\u00f1os desaparecidos en un plazo de 24 horas o se enfrenten a cargos penales. La Ley de Evelyn entr\u00f3 en vigor el 1 de julio de 2021 y estipula que se impute a los padres un delito menor de Clase A por no denunciar a tiempo la desaparici\u00f3n de un ni\u00f1o. La ley lleva el nombre de Evelyn Boswell, una ni\u00f1a de 15 meses que fue encontrada muerta meses despu\u00e9s de su desaparici\u00f3n inicial.  <\/p>\n<\/div>\n<\/div><\/div><\/div><\/div><\/div><div id=\"pg-30432-1\"  class=\"panel-grid panel-has-style\" ><div class=\"siteorigin-panels-stretch panel-row-style panel-row-style-for-30432-1\" data-stretch-type=\"full\" ><div id=\"pgc-30432-1-0\"  class=\"panel-grid-cell\" ><div id=\"panel-30432-1-0-0\" class=\"so-panel widget widget_sow-image panel-first-child panel-last-child\" data-index=\"3\" ><div\n\t\t\t\n\t\t\tclass=\"so-widget-sow-image so-widget-sow-image-default-dbf295114b96-30432\"\n\t\t\t\n\t\t>\n<div class=\"sow-image-container\">\n\t\t<img \n\tsrc=\"https:\/\/amberadvocate.org\/wp-content\/uploads\/2021\/12\/aa48-brief-2.jpg\" width=\"800\" height=\"800\" srcset=\"https:\/\/amberadvocate.org\/wp-content\/uploads\/2021\/12\/aa48-brief-2.jpg 800w, https:\/\/amberadvocate.org\/wp-content\/uploads\/2021\/12\/aa48-brief-2-300x300.jpg 300w, https:\/\/amberadvocate.org\/wp-content\/uploads\/2021\/12\/aa48-brief-2-150x150.jpg 150w, https:\/\/amberadvocate.org\/wp-content\/uploads\/2021\/12\/aa48-brief-2-768x768.jpg 768w\" sizes=\"(max-width: 800px) 100vw, 800px\" alt=\"\" \t\tclass=\"so-widget-image\"\/>\n\t<\/div>\n\n<\/div><\/div><\/div><div id=\"pgc-30432-1-1\"  class=\"panel-grid-cell\" ><div id=\"panel-30432-1-1-0\" class=\"so-panel widget widget_sow-headline panel-first-child\" data-index=\"4\" ><div\n\t\t\t\n\t\t\tclass=\"so-widget-sow-headline so-widget-sow-headline-default-5d74d290e9c0-30432\"\n\t\t\t\n\t\t><div class=\"sow-headline-container \">\n\t\t\t\t\t\t\t<h2 class=\"sow-headline\">\n\t\t\t\t\t\tLos U.S. Marshals recuperan a 19 ni\u00f1os desaparecidos durante una redada en los estados del sureste\t\t\t\t\t\t<\/h2>\n\t\t\t\t\t\t\t\t\t\t\t<div class=\"decoration\">\n\t\t\t\t\t\t<div class=\"decoration-inside\"><\/div>\n\t\t\t\t\t<\/div>\n\t\t\t\t\t<\/div>\n<\/div><\/div><div id=\"panel-30432-1-1-1\" class=\"so-panel widget widget_sow-editor panel-last-child\" data-index=\"5\" ><div\n\t\t\t\n\t\t\tclass=\"so-widget-sow-editor so-widget-sow-editor-base\"\n\t\t\t\n\t\t>\n<div class=\"siteorigin-widget-tinymce textwidget\">\n\t<p>Una operaci\u00f3n con sede en Nueva Orleans llamada \"This is The Way Home\" rescat\u00f3 o recuper\u00f3 a 19 fugitivos desaparecidos y en peligro. Los U.S. Marshals localizaron o ayudaron a devolver a otros 20 ni\u00f1os durante la operaci\u00f3n que se desarroll\u00f3 del 1 de marzo al 30 de junio de 2021 en Luisiana, Florida, Arkansas, Texas y Tennessee. La operaci\u00f3n incluy\u00f3 una Alerta AMBER que condujo a la recuperaci\u00f3n segura de un ni\u00f1o desaparecido de un mes de Arkansas. Los agentes tambi\u00e9n arrestaron a nueve adultos por cargos que incluyen conocimiento carnal de un menor y\/o contribuir a la delincuencia de un menor.   <\/p>\n<\/div>\n<\/div><\/div><\/div><\/div><\/div><div id=\"pg-30432-2\"  class=\"panel-grid panel-has-style\" ><div class=\"siteorigin-panels-stretch panel-row-style panel-row-style-for-30432-2\" data-stretch-type=\"full\" ><div id=\"pgc-30432-2-0\"  class=\"panel-grid-cell\" ><div id=\"panel-30432-2-0-0\" class=\"so-panel widget widget_sow-image panel-first-child panel-last-child\" data-index=\"6\" ><div\n\t\t\t\n\t\t\tclass=\"so-widget-sow-image so-widget-sow-image-default-dbf295114b96-30432\"\n\t\t\t\n\t\t>\n<div class=\"sow-image-container\">\n\t\t<img \n\tsrc=\"https:\/\/amberadvocate.org\/wp-content\/uploads\/2021\/12\/aa48-brief-3.jpg\" width=\"800\" height=\"800\" srcset=\"https:\/\/amberadvocate.org\/wp-content\/uploads\/2021\/12\/aa48-brief-3.jpg 800w, https:\/\/amberadvocate.org\/wp-content\/uploads\/2021\/12\/aa48-brief-3-300x300.jpg 300w, https:\/\/amberadvocate.org\/wp-content\/uploads\/2021\/12\/aa48-brief-3-150x150.jpg 150w, https:\/\/amberadvocate.org\/wp-content\/uploads\/2021\/12\/aa48-brief-3-768x768.jpg 768w\" sizes=\"(max-width: 800px) 100vw, 800px\" alt=\"\" \t\tclass=\"so-widget-image\"\/>\n\t<\/div>\n\n<\/div><\/div><\/div><div id=\"pgc-30432-2-1\"  class=\"panel-grid-cell\" ><div id=\"panel-30432-2-1-0\" class=\"so-panel widget widget_sow-headline panel-first-child\" data-index=\"7\" ><div\n\t\t\t\n\t\t\tclass=\"so-widget-sow-headline so-widget-sow-headline-default-5d74d290e9c0-30432\"\n\t\t\t\n\t\t><div class=\"sow-headline-container \">\n\t\t\t\t\t\t\t<h2 class=\"sow-headline\">\n\t\t\t\t\t\tVirginia tiene una nueva alerta para adultos desaparecidos con autismo\t\t\t\t\t\t<\/h2>\n\t\t\t\t\t\t\t\t\t\t\t<div class=\"decoration\">\n\t\t\t\t\t\t<div class=\"decoration-inside\"><\/div>\n\t\t\t\t\t<\/div>\n\t\t\t\t\t<\/div>\n<\/div><\/div><div id=\"panel-30432-2-1-1\" class=\"so-panel widget widget_sow-editor panel-last-child\" data-index=\"8\" ><div\n\t\t\t\n\t\t\tclass=\"so-widget-sow-editor so-widget-sow-editor-base\"\n\t\t\t\n\t\t>\n<div class=\"siteorigin-widget-tinymce textwidget\">\n\t<p class=\"p1\">Una nueva ley de Virginia entr\u00f3 en vigor el 1 de julio de 2021 que crea una alerta p\u00fablica para ayudar a encontrar adultos desaparecidos con autismo. La Ley Jamile Hill para la Justicia cubre situaciones que no cumplen los criterios para una Alerta AMBER u otras alertas. Jamile Hill se alej\u00f3 en octubre de 2020 y se ahog\u00f3 en una zona pantanosa a una milla de su casa.  <\/p>\n<\/div>\n<\/div><\/div><\/div><\/div><\/div><div id=\"pg-30432-3\"  class=\"panel-grid panel-has-style\" ><div class=\"siteorigin-panels-stretch panel-row-style panel-row-style-for-30432-3\" data-stretch-type=\"full\" ><div id=\"pgc-30432-3-0\"  class=\"panel-grid-cell\" ><div id=\"panel-30432-3-0-0\" class=\"so-panel widget widget_sow-image panel-first-child panel-last-child\" data-index=\"9\" ><div\n\t\t\t\n\t\t\tclass=\"so-widget-sow-image so-widget-sow-image-default-dbf295114b96-30432\"\n\t\t\t\n\t\t>\n<div class=\"sow-image-container\">\n\t\t<img \n\tsrc=\"https:\/\/amberadvocate.org\/wp-content\/uploads\/2021\/12\/aa48-brief-4.jpg\" width=\"800\" height=\"800\" srcset=\"https:\/\/amberadvocate.org\/wp-content\/uploads\/2021\/12\/aa48-brief-4.jpg 800w, https:\/\/amberadvocate.org\/wp-content\/uploads\/2021\/12\/aa48-brief-4-300x300.jpg 300w, https:\/\/amberadvocate.org\/wp-content\/uploads\/2021\/12\/aa48-brief-4-150x150.jpg 150w, https:\/\/amberadvocate.org\/wp-content\/uploads\/2021\/12\/aa48-brief-4-768x768.jpg 768w\" sizes=\"(max-width: 800px) 100vw, 800px\" alt=\"\" \t\tclass=\"so-widget-image\"\/>\n\t<\/div>\n\n<\/div><\/div><\/div><div id=\"pgc-30432-3-1\"  class=\"panel-grid-cell\" ><div id=\"panel-30432-3-1-0\" class=\"so-panel widget widget_sow-headline panel-first-child\" data-index=\"10\" ><div\n\t\t\t\n\t\t\tclass=\"so-widget-sow-headline so-widget-sow-headline-default-5d74d290e9c0-30432\"\n\t\t\t\n\t\t><div class=\"sow-headline-container \">\n\t\t\t\t\t\t\t<h2 class=\"sow-headline\">\n\t\t\t\t\t\tUn grupo de rock actualiza la canci\u00f3n que llam\u00f3 la atenci\u00f3n sobre los ni\u00f1os desaparecidos\t\t\t\t\t\t<\/h2>\n\t\t\t\t\t\t\t\t\t\t\t<div class=\"decoration\">\n\t\t\t\t\t\t<div class=\"decoration-inside\"><\/div>\n\t\t\t\t\t<\/div>\n\t\t\t\t\t<\/div>\n<\/div><\/div><div id=\"panel-30432-3-1-1\" class=\"so-panel widget widget_sow-editor panel-last-child\" data-index=\"11\" ><div\n\t\t\t\n\t\t\tclass=\"so-widget-sow-editor so-widget-sow-editor-base\"\n\t\t\t\n\t\t>\n<div class=\"siteorigin-widget-tinymce textwidget\">\n\t<p class=\"p1\">La banda de rock Soul Asylum ha creado una nueva versi\u00f3n de su exitosa canci\u00f3n \"Runaway Train\". El v\u00eddeo de la canci\u00f3n de 1993 inclu\u00eda im\u00e1genes de ni\u00f1os desaparecidos y fugitivos de la vida real. La canci\u00f3n y el v\u00eddeo se han actualizado con nuevos nombres e im\u00e1genes. \"El problema nunca va a desaparecer, aunque creo que se han hecho progresos\", dijo el cantante Dave Pirner. \"No ten\u00edan una Alerta AMBER cuando hicimos el v\u00eddeo...\" NCMEC dijo que el v\u00eddeo original ayud\u00f3 a reunir a 21 ni\u00f1os desaparecidos con sus familias.     <\/p>\n<\/div>\n<\/div><\/div><\/div><\/div><\/div><div id=\"pg-30432-4\"  class=\"panel-grid panel-has-style\" ><div class=\"siteorigin-panels-stretch panel-row-style panel-row-style-for-30432-4\" data-stretch-type=\"full\" ><div id=\"pgc-30432-4-0\"  class=\"panel-grid-cell\" ><div id=\"panel-30432-4-0-0\" class=\"so-panel widget widget_sow-image panel-first-child panel-last-child\" data-index=\"12\" ><div\n\t\t\t\n\t\t\tclass=\"so-widget-sow-image so-widget-sow-image-default-dbf295114b96-30432\"\n\t\t\t\n\t\t>\n<div class=\"sow-image-container\">\n\t\t<img \n\tsrc=\"https:\/\/amberadvocate.org\/wp-content\/uploads\/2021\/12\/aa48-brief-5.jpg\" width=\"800\" height=\"800\" srcset=\"https:\/\/amberadvocate.org\/wp-content\/uploads\/2021\/12\/aa48-brief-5.jpg 800w, https:\/\/amberadvocate.org\/wp-content\/uploads\/2021\/12\/aa48-brief-5-300x300.jpg 300w, https:\/\/amberadvocate.org\/wp-content\/uploads\/2021\/12\/aa48-brief-5-150x150.jpg 150w, https:\/\/amberadvocate.org\/wp-content\/uploads\/2021\/12\/aa48-brief-5-768x768.jpg 768w\" sizes=\"(max-width: 800px) 100vw, 800px\" alt=\"\" \t\tclass=\"so-widget-image\"\/>\n\t<\/div>\n\n<\/div><\/div><\/div><div id=\"pgc-30432-4-1\"  class=\"panel-grid-cell\" ><div id=\"panel-30432-4-1-0\" class=\"so-panel widget widget_sow-headline panel-first-child\" data-index=\"13\" ><div\n\t\t\t\n\t\t\tclass=\"so-widget-sow-headline so-widget-sow-headline-default-5d74d290e9c0-30432\"\n\t\t\t\n\t\t><div class=\"sow-headline-container \">\n\t\t\t\t\t\t\t<h2 class=\"sow-headline\">\n\t\t\t\t\t\tLa familia de un ni\u00f1o desaparecido quiere ampliar los criterios de la Alerta AMBER en Iowa\t\t\t\t\t\t<\/h2>\n\t\t\t\t\t\t\t\t\t\t\t<div class=\"decoration\">\n\t\t\t\t\t\t<div class=\"decoration-inside\"><\/div>\n\t\t\t\t\t<\/div>\n\t\t\t\t\t<\/div>\n<\/div><\/div><div id=\"panel-30432-4-1-1\" class=\"so-panel widget widget_sow-editor panel-last-child\" data-index=\"14\" ><div\n\t\t\t\n\t\t\tclass=\"so-widget-sow-editor so-widget-sow-editor-base\"\n\t\t\t\n\t\t>\n<div class=\"siteorigin-widget-tinymce textwidget\">\n\t<p class=\"p1\">La t\u00eda de un ni\u00f1o desaparecido ha iniciado una petici\u00f3n en l\u00ednea para ampliar los criterios de la Alerta AMBER de Iowa. Michelle Harrelson ha reunido m\u00e1s de 3.000 firmas en Change.org despu\u00e9s de que Xavior Harrelson desapareciera el 27 de mayo de 2021. Las autoridades dijeron que la situaci\u00f3n no cumpl\u00eda los requisitos para una Alerta AMBER. Harrelson planea acercarse a los legisladores sobre los cambios propuestos en enero.   <\/p>\n<\/div>\n<\/div><\/div><\/div><\/div><\/div><div id=\"pg-30432-5\"  class=\"panel-grid panel-has-style\" ><div class=\"siteorigin-panels-stretch panel-row-style panel-row-style-for-30432-5\" data-stretch-type=\"full\" ><div id=\"pgc-30432-5-0\"  class=\"panel-grid-cell\" ><div id=\"panel-30432-5-0-0\" class=\"so-panel widget widget_sow-image panel-first-child panel-last-child\" data-index=\"15\" ><div\n\t\t\t\n\t\t\tclass=\"so-widget-sow-image so-widget-sow-image-default-dbf295114b96-30432\"\n\t\t\t\n\t\t>\n<div class=\"sow-image-container\">\n\t\t<img \n\tsrc=\"https:\/\/amberadvocate.org\/wp-content\/uploads\/2021\/12\/aa48-brief-6.jpg\" width=\"800\" height=\"800\" srcset=\"https:\/\/amberadvocate.org\/wp-content\/uploads\/2021\/12\/aa48-brief-6.jpg 800w, https:\/\/amberadvocate.org\/wp-content\/uploads\/2021\/12\/aa48-brief-6-300x300.jpg 300w, https:\/\/amberadvocate.org\/wp-content\/uploads\/2021\/12\/aa48-brief-6-150x150.jpg 150w, https:\/\/amberadvocate.org\/wp-content\/uploads\/2021\/12\/aa48-brief-6-768x768.jpg 768w\" sizes=\"(max-width: 800px) 100vw, 800px\" alt=\"\" \t\tclass=\"so-widget-image\"\/>\n\t<\/div>\n\n<\/div><\/div><\/div><div id=\"pgc-30432-5-1\"  class=\"panel-grid-cell\" ><div id=\"panel-30432-5-1-0\" class=\"so-panel widget widget_sow-headline panel-first-child\" data-index=\"16\" ><div\n\t\t\t\n\t\t\tclass=\"so-widget-sow-headline so-widget-sow-headline-default-5d74d290e9c0-30432\"\n\t\t\t\n\t\t><div class=\"sow-headline-container \">\n\t\t\t\t\t\t\t<h2 class=\"sow-headline\">\n\t\t\t\t\t\tLa A.G. de Arkansas honra a un oficial por renovar la Alerta AMBER del estado\t\t\t\t\t\t<\/h2>\n\t\t\t\t\t\t\t\t\t\t\t<div class=\"decoration\">\n\t\t\t\t\t\t<div class=\"decoration-inside\"><\/div>\n\t\t\t\t\t<\/div>\n\t\t\t\t\t<\/div>\n<\/div><\/div><div id=\"panel-30432-5-1-1\" class=\"so-panel widget widget_sow-editor panel-last-child\" data-index=\"17\" ><div\n\t\t\t\n\t\t\tclass=\"so-widget-sow-editor so-widget-sow-editor-base\"\n\t\t\t\n\t\t>\n<div class=\"siteorigin-widget-tinymce textwidget\">\n\t<p>El oficial retirado de la Polic\u00eda Estatal de Arkansas, Mark Hollingsworth, recibi\u00f3 el Premio Estrella de la Excelencia del Fiscal General de Arkansas por la revisi\u00f3n del programa Alerta AMBER del estado. Hollingsworth fue homenajeado en julio de 2021 en la conferencia anual Never Forgotten \u2013 Arkansas Takes Action. Hollingsworth cambi\u00f3 el plan de acci\u00f3n interno para el sistema de Alerta AMBER de Arkansas para que proporcione m\u00e1s capacitaci\u00f3n para que los agentes del orden locales manejen los casos que involucran a ni\u00f1os en peligro inminente.  <\/p>\n<\/div>\n<\/div><\/div><\/div><\/div><\/div><div id=\"pg-30432-6\"  class=\"panel-grid panel-has-style\" ><div class=\"siteorigin-panels-stretch panel-row-style panel-row-style-for-30432-6\" data-stretch-type=\"full\" ><div id=\"pgc-30432-6-0\"  class=\"panel-grid-cell\" ><div id=\"panel-30432-6-0-0\" class=\"so-panel widget widget_sow-image panel-first-child panel-last-child\" data-index=\"18\" ><div\n\t\t\t\n\t\t\tclass=\"so-widget-sow-image so-widget-sow-image-default-dbf295114b96-30432\"\n\t\t\t\n\t\t>\n<div class=\"sow-image-container\">\n\t\t<img \n\tsrc=\"https:\/\/amberadvocate.org\/wp-content\/uploads\/2021\/12\/aa48-brief-7.jpg\" width=\"800\" height=\"800\" srcset=\"https:\/\/amberadvocate.org\/wp-content\/uploads\/2021\/12\/aa48-brief-7.jpg 800w, https:\/\/amberadvocate.org\/wp-content\/uploads\/2021\/12\/aa48-brief-7-300x300.jpg 300w, https:\/\/amberadvocate.org\/wp-content\/uploads\/2021\/12\/aa48-brief-7-150x150.jpg 150w, https:\/\/amberadvocate.org\/wp-content\/uploads\/2021\/12\/aa48-brief-7-768x768.jpg 768w\" sizes=\"(max-width: 800px) 100vw, 800px\" alt=\"\" \t\tclass=\"so-widget-image\"\/>\n\t<\/div>\n\n<\/div><\/div><\/div><div id=\"pgc-30432-6-1\"  class=\"panel-grid-cell\" ><div id=\"panel-30432-6-1-0\" class=\"so-panel widget widget_sow-headline panel-first-child\" data-index=\"19\" ><div\n\t\t\t\n\t\t\tclass=\"so-widget-sow-headline so-widget-sow-headline-default-5d74d290e9c0-30432\"\n\t\t\t\n\t\t><div class=\"sow-headline-container \">\n\t\t\t\t\t\t\t<h2 class=\"sow-headline\">\n\t\t\t\t\t\tInaugurada la estatua que honra a dos adolescentes desaparecidas en Florida\t\t\t\t\t\t<\/h2>\n\t\t\t\t\t\t\t\t\t\t\t<div class=\"decoration\">\n\t\t\t\t\t\t<div class=\"decoration-inside\"><\/div>\n\t\t\t\t\t<\/div>\n\t\t\t\t\t<\/div>\n<\/div><\/div><div id=\"panel-30432-6-1-1\" class=\"so-panel widget widget_sow-editor panel-last-child\" data-index=\"20\" ><div\n\t\t\t\n\t\t\tclass=\"so-widget-sow-editor so-widget-sow-editor-base\"\n\t\t\t\n\t\t>\n<div class=\"siteorigin-widget-tinymce textwidget\">\n\t<p class=\"p1\">Se ha creado un nuevo monumento para honrar a dos ni\u00f1os de Florida que desaparecieron en el mar. Una gran multitud se reuni\u00f3 en julio de 2021 para la inauguraci\u00f3n de la estatua que reconoce a Perry Cohen y Austin Stephanos. Los j\u00f3venes de 14 a\u00f1os desaparecieron en 2015 cerca de J\u00fapiter, Florida. La familia de Stephanos espera crear una Alerta Austin para ayudar a encontrar a los navegantes desaparecidos.   <\/p>\n<\/div>\n<\/div><\/div><\/div><\/div><\/div><div id=\"pg-30432-7\"  class=\"panel-grid panel-has-style\" ><div class=\"siteorigin-panels-stretch panel-row-style panel-row-style-for-30432-7\" data-stretch-type=\"full\" ><div id=\"pgc-30432-7-0\"  class=\"panel-grid-cell\" ><div id=\"panel-30432-7-0-0\" class=\"so-panel widget widget_sow-image panel-first-child panel-last-child\" data-index=\"21\" ><div\n\t\t\t\n\t\t\tclass=\"so-widget-sow-image so-widget-sow-image-default-dbf295114b96-30432\"\n\t\t\t\n\t\t>\n<div class=\"sow-image-container\">\n\t\t<img \n\tsrc=\"https:\/\/amberadvocate.org\/wp-content\/uploads\/2021\/12\/aa48-brief-8.jpg\" width=\"800\" height=\"800\" srcset=\"https:\/\/amberadvocate.org\/wp-content\/uploads\/2021\/12\/aa48-brief-8.jpg 800w, https:\/\/amberadvocate.org\/wp-content\/uploads\/2021\/12\/aa48-brief-8-300x300.jpg 300w, https:\/\/amberadvocate.org\/wp-content\/uploads\/2021\/12\/aa48-brief-8-150x150.jpg 150w, https:\/\/amberadvocate.org\/wp-content\/uploads\/2021\/12\/aa48-brief-8-768x768.jpg 768w\" sizes=\"(max-width: 800px) 100vw, 800px\" alt=\"\" \t\tclass=\"so-widget-image\"\/>\n\t<\/div>\n\n<\/div><\/div><\/div><div id=\"pgc-30432-7-1\"  class=\"panel-grid-cell\" ><div id=\"panel-30432-7-1-0\" class=\"so-panel widget widget_sow-headline panel-first-child\" data-index=\"22\" ><div\n\t\t\t\n\t\t\tclass=\"so-widget-sow-headline so-widget-sow-headline-default-5d74d290e9c0-30432\"\n\t\t\t\n\t\t><div class=\"sow-headline-container \">\n\t\t\t\t\t\t\t<h2 class=\"sow-headline\">\n\t\t\t\t\t\tIndiana considera la Alerta Lenny para ni\u00f1os autistas desaparecidos\t\t\t\t\t\t<\/h2>\n\t\t\t\t\t\t\t\t\t\t\t<div class=\"decoration\">\n\t\t\t\t\t\t<div class=\"decoration-inside\"><\/div>\n\t\t\t\t\t<\/div>\n\t\t\t\t\t<\/div>\n<\/div><\/div><div id=\"panel-30432-7-1-1\" class=\"so-panel widget widget_sow-editor panel-last-child\" data-index=\"23\" ><div\n\t\t\t\n\t\t\tclass=\"so-widget-sow-editor so-widget-sow-editor-base\"\n\t\t\t\n\t\t>\n<div class=\"siteorigin-widget-tinymce textwidget\">\n\t<p class=\"p1\">Los miembros de la comunidad esperan crear una Alerta Lenny para ni\u00f1os autistas desaparecidos. La alerta llevar\u00eda el nombre de Lenny Hatinda, un ni\u00f1o no verbal de cinco a\u00f1os que se ahog\u00f3 en una piscina a una d\u00e9cima de milla de su casa el 29 de julio. 2021. La alerta notificar\u00eda al p\u00fablico en un \u00e1rea espec\u00edfica cuando un ni\u00f1o autista desaparezca.<\/p>\n<\/div>\n<\/div><\/div><\/div><\/div><\/div><\/div>","protected":false},"excerpt":{"rendered":"<p>Breves noticias sobre la Alerta AMBER y la Protecci\u00f3n de la Infancia<\/p>\n","protected":false},"author":10,"featured_media":24447,"comment_status":"closed","ping_status":"closed","sticky":false,"template":"","format":"standard","meta":{"_bbp_topic_count":0,"_bbp_reply_count":0,"_bbp_total_topic_count":0,"_bbp_total_reply_count":0,"_bbp_voice_count":0,"_bbp_anonymous_reply_count":0,"_bbp_topic_count_hidden":0,"_bbp_reply_count_hidden":0,"_bbp_forum_subforum_count":0,"_analytify_skip_tracking":false,"footnotes":""},"categories":[649],"tags":[],"class_list":["post-30432","post","type-post","status-publish","format-standard","has-post-thumbnail","hentry","category-alerta-amber-breves"],"meta_box":{"aa_theme_enable_blocks_editor":"","aa_theme_featured_img_position":""},"publishpress_future_workflow_manual_trigger":{"enabledWorkflows":[]},"_links":{"self":[{"href":"https:\/\/amberadvocate.org\/es\/wp-json\/wp\/v2\/posts\/30432","targetHints":{"allow":["GET"]}}],"collection":[{"href":"https:\/\/amberadvocate.org\/es\/wp-json\/wp\/v2\/posts"}],"about":[{"href":"https:\/\/amberadvocate.org\/es\/wp-json\/wp\/v2\/types\/post"}],"author":[{"embeddable":true,"href":"https:\/\/amberadvocate.org\/es\/wp-json\/wp\/v2\/users\/10"}],"replies":[{"embeddable":true,"href":"https:\/\/amberadvocate.org\/es\/wp-json\/wp\/v2\/comments?post=30432"}],"version-history":[{"count":0,"href":"https:\/\/amberadvocate.org\/es\/wp-json\/wp\/v2\/posts\/30432\/revisions"}],"wp:featuredmedia":[{"embeddable":true,"href":"https:\/\/amberadvocate.org\/es\/wp-json\/wp\/v2\/media\/24447"}],"wp:attachment":[{"href":"https:\/\/amberadvocate.org\/es\/wp-json\/wp\/v2\/media?parent=30432"}],"wp:term":[{"taxonomy":"category","embeddable":true,"href":"https:\/\/amberadvocate.org\/es\/wp-json\/wp\/v2\/categories?post=30432"},{"taxonomy":"post_tag","embeddable":true,"href":"https:\/\/amberadvocate.org\/es\/wp-json\/wp\/v2\/tags?post=30432"}],"curies":[{"name":"wp","href":"https:\/\/api.w.org\/{rel}","templated":true}]}}