{"id":30416,"date":"2022-03-28T00:15:54","date_gmt":"2022-03-28T05:15:54","guid":{"rendered":"https:\/\/amberadvocate.org\/sin-categorizar\/alerta-amber-internacional-numero-1-2022\/"},"modified":"2025-11-01T14:13:42","modified_gmt":"2025-11-01T19:13:42","slug":"alerta-amber-internacional-numero-1-2022","status":"publish","type":"post","link":"https:\/\/amberadvocate.org\/es\/internacional\/alerta-amber-internacional-numero-1-2022\/","title":{"rendered":"Alerta AMBER Internacional &#8211; N\u00famero 1 2022"},"content":{"rendered":"<div id=\"pl-30416\"  class=\"panel-layout\" ><div id=\"pg-30416-0\"  class=\"panel-grid panel-has-style\" ><div class=\"siteorigin-panels-stretch panel-row-style panel-row-style-for-30416-0\" data-stretch-type=\"full\" ><div id=\"pgc-30416-0-0\"  class=\"panel-grid-cell\" ><div id=\"panel-30416-0-0-0\" class=\"so-panel widget widget_sow-image panel-first-child panel-last-child\" data-index=\"0\" ><div\n\t\t\t\n\t\t\tclass=\"so-widget-sow-image so-widget-sow-image-default-dbf295114b96-30416\"\n\t\t\t\n\t\t>\n<div class=\"sow-image-container\">\n\t\t<img \n\tsrc=\"https:\/\/amberadvocate.org\/wp-content\/uploads\/2022\/03\/Int-1.jpg\" width=\"800\" height=\"800\" srcset=\"https:\/\/amberadvocate.org\/wp-content\/uploads\/2022\/03\/Int-1.jpg 800w, https:\/\/amberadvocate.org\/wp-content\/uploads\/2022\/03\/Int-1-300x300.jpg 300w, https:\/\/amberadvocate.org\/wp-content\/uploads\/2022\/03\/Int-1-150x150.jpg 150w, https:\/\/amberadvocate.org\/wp-content\/uploads\/2022\/03\/Int-1-768x768.jpg 768w\" sizes=\"(max-width: 800px) 100vw, 800px\" alt=\"\" \t\tclass=\"so-widget-image\"\/>\n\t<\/div>\n\n<\/div><\/div><\/div><div id=\"pgc-30416-0-1\"  class=\"panel-grid-cell\" ><div id=\"panel-30416-0-1-0\" class=\"so-panel widget widget_sow-headline panel-first-child\" data-index=\"1\" ><div class=\"panel-widget-style panel-widget-style-for-30416-0-1-0\" ><div\n\t\t\t\n\t\t\tclass=\"so-widget-sow-headline so-widget-sow-headline-default-f2a1341d8031-30416\"\n\t\t\t\n\t\t><div class=\"sow-headline-container \">\n\t\t\t\t\t\t\t<h2 class=\"sow-headline\">\n\t\t\t\t\t\tAMBER Alert Europe lanza la campa\u00f1a \"\u00bfAmigo o monstruo?\t\t\t\t\t\t<\/h2>\n\t\t\t\t\t\t\t\t\t\t\t<div class=\"decoration\">\n\t\t\t\t\t\t<div class=\"decoration-inside\"><\/div>\n\t\t\t\t\t<\/div>\n\t\t\t\t\t<\/div>\n<\/div><\/div><\/div><div id=\"panel-30416-0-1-1\" class=\"so-panel widget widget_sow-editor panel-last-child\" data-index=\"2\" ><div\n\t\t\t\n\t\t\tclass=\"so-widget-sow-editor so-widget-sow-editor-base\"\n\t\t\t\n\t\t>\n<div class=\"siteorigin-widget-tinymce textwidget\">\n\t<p>AMBER Alert Europe puso en marcha una campa\u00f1a de sensibilizaci\u00f3n denominada \u201c\u00bfAmigo o monstruo?\u201d para concienciar al p\u00fablico sobre los casos de ni\u00f1os que sufren abusos sexuales o da\u00f1os por parte de alguien a quien conocen, quieren o en quien conf\u00edan. La campa\u00f1a comenz\u00f3 el 18 de noviembre de 2021, D\u00eda Europeo para la Protecci\u00f3n de los Ni\u00f1os contra la Explotaci\u00f3n Sexual y el Abuso Sexual. Los funcionarios se decidieron por este tema porque la pandemia ha provocado que m\u00e1s ni\u00f1os est\u00e9n encerrados con sus abusadores y tengan menos oportunidades de buscar ayuda.  <\/p>\n<\/div>\n<\/div><\/div><\/div><\/div><\/div><div id=\"pg-30416-1\"  class=\"panel-grid panel-has-style\" ><div class=\"siteorigin-panels-stretch panel-row-style panel-row-style-for-30416-1\" data-stretch-type=\"full\" ><div id=\"pgc-30416-1-0\"  class=\"panel-grid-cell\" ><div id=\"panel-30416-1-0-0\" class=\"so-panel widget widget_sow-image panel-first-child panel-last-child\" data-index=\"3\" ><div\n\t\t\t\n\t\t\tclass=\"so-widget-sow-image so-widget-sow-image-default-dbf295114b96-30416\"\n\t\t\t\n\t\t>\n<div class=\"sow-image-container\">\n\t\t<img \n\tsrc=\"https:\/\/amberadvocate.org\/wp-content\/uploads\/2022\/03\/Int-2.jpg\" width=\"800\" height=\"800\" srcset=\"https:\/\/amberadvocate.org\/wp-content\/uploads\/2022\/03\/Int-2.jpg 800w, https:\/\/amberadvocate.org\/wp-content\/uploads\/2022\/03\/Int-2-300x300.jpg 300w, https:\/\/amberadvocate.org\/wp-content\/uploads\/2022\/03\/Int-2-150x150.jpg 150w, https:\/\/amberadvocate.org\/wp-content\/uploads\/2022\/03\/Int-2-768x768.jpg 768w\" sizes=\"(max-width: 800px) 100vw, 800px\" alt=\"\" \t\tclass=\"so-widget-image\"\/>\n\t<\/div>\n\n<\/div><\/div><\/div><div id=\"pgc-30416-1-1\"  class=\"panel-grid-cell\" ><div id=\"panel-30416-1-1-0\" class=\"so-panel widget widget_sow-headline panel-first-child\" data-index=\"4\" ><div class=\"panel-widget-style panel-widget-style-for-30416-1-1-0\" ><div\n\t\t\t\n\t\t\tclass=\"so-widget-sow-headline so-widget-sow-headline-default-f2a1341d8031-30416\"\n\t\t\t\n\t\t><div class=\"sow-headline-container \">\n\t\t\t\t\t\t\t<h2 class=\"sow-headline\">\n\t\t\t\t\t\tUcrania y Facebook crean una asociaci\u00f3n para las Alertas AMBER\t\t\t\t\t\t<\/h2>\n\t\t\t\t\t\t\t\t\t\t\t<div class=\"decoration\">\n\t\t\t\t\t\t<div class=\"decoration-inside\"><\/div>\n\t\t\t\t\t<\/div>\n\t\t\t\t\t<\/div>\n<\/div><\/div><\/div><div id=\"panel-30416-1-1-1\" class=\"so-panel widget widget_sow-editor panel-last-child\" data-index=\"5\" ><div\n\t\t\t\n\t\t\tclass=\"so-widget-sow-editor so-widget-sow-editor-base\"\n\t\t\t\n\t\t>\n<div class=\"siteorigin-widget-tinymce textwidget\">\n\t<p>Ucrania ha creado una red de Alerta AMBER en Facebook para informar al p\u00fablico cuando un ni\u00f1o es secuestrado. El presidente de Ucrania, Volodymyr Zelensky, invit\u00f3 a Facebook a ampliar sus operaciones en el pa\u00eds para expandir los canales de comunicaci\u00f3n clave. <\/p>\n<\/div>\n<\/div><\/div><\/div><\/div><\/div><div id=\"pg-30416-2\"  class=\"panel-grid panel-has-style\" ><div class=\"siteorigin-panels-stretch panel-row-style panel-row-style-for-30416-2\" data-stretch-type=\"full\" ><div id=\"pgc-30416-2-0\"  class=\"panel-grid-cell\" ><div id=\"panel-30416-2-0-0\" class=\"so-panel widget widget_sow-image panel-first-child panel-last-child\" data-index=\"6\" ><div\n\t\t\t\n\t\t\tclass=\"so-widget-sow-image so-widget-sow-image-default-dbf295114b96-30416\"\n\t\t\t\n\t\t>\n<div class=\"sow-image-container\">\n\t\t<img \n\tsrc=\"https:\/\/amberadvocate.org\/wp-content\/uploads\/2022\/03\/Int-3.jpg\" width=\"800\" height=\"800\" srcset=\"https:\/\/amberadvocate.org\/wp-content\/uploads\/2022\/03\/Int-3.jpg 800w, https:\/\/amberadvocate.org\/wp-content\/uploads\/2022\/03\/Int-3-300x300.jpg 300w, https:\/\/amberadvocate.org\/wp-content\/uploads\/2022\/03\/Int-3-150x150.jpg 150w, https:\/\/amberadvocate.org\/wp-content\/uploads\/2022\/03\/Int-3-768x768.jpg 768w\" sizes=\"(max-width: 800px) 100vw, 800px\" alt=\"\" \t\tclass=\"so-widget-image\"\/>\n\t<\/div>\n\n<\/div><\/div><\/div><div id=\"pgc-30416-2-1\"  class=\"panel-grid-cell\" ><div id=\"panel-30416-2-1-0\" class=\"so-panel widget widget_sow-headline panel-first-child\" data-index=\"7\" ><div class=\"panel-widget-style panel-widget-style-for-30416-2-1-0\" ><div\n\t\t\t\n\t\t\tclass=\"so-widget-sow-headline so-widget-sow-headline-default-f2a1341d8031-30416\"\n\t\t\t\n\t\t><div class=\"sow-headline-container \">\n\t\t\t\t\t\t\t<h2 class=\"sow-headline\">\n\t\t\t\t\t\tLos funcionarios municipales de la provincia canadiense ya pueden emitir Alertas AMBER\t\t\t\t\t\t<\/h2>\n\t\t\t\t\t\t\t\t\t\t\t<div class=\"decoration\">\n\t\t\t\t\t\t<div class=\"decoration-inside\"><\/div>\n\t\t\t\t\t<\/div>\n\t\t\t\t\t<\/div>\n<\/div><\/div><\/div><div id=\"panel-30416-2-1-1\" class=\"so-panel widget widget_sow-editor panel-last-child\" data-index=\"8\" ><div\n\t\t\t\n\t\t\tclass=\"so-widget-sow-editor so-widget-sow-editor-base\"\n\t\t\t\n\t\t>\n<div class=\"siteorigin-widget-tinymce textwidget\">\n\t<p>Los agentes de polic\u00eda nacionales y municipales de la Isla del Pr\u00edncipe Eduardo (IPE) est\u00e1n ahora autorizados a enviar Alertas AMBER y otras alertas p\u00fablicas de emergencia. El gobierno provincial ya no exigir\u00e1 a la polic\u00eda que solicite la autorizaci\u00f3n de la Organizaci\u00f3n de Medidas de Emergencia para que las alertas puedan emitirse m\u00e1s r\u00e1pidamente. <\/p>\n<\/div>\n<\/div><\/div><\/div><\/div><\/div><div id=\"pg-30416-3\"  class=\"panel-grid panel-has-style\" ><div class=\"siteorigin-panels-stretch panel-row-style panel-row-style-for-30416-3\" data-stretch-type=\"full\" ><div id=\"pgc-30416-3-0\"  class=\"panel-grid-cell\" ><div id=\"panel-30416-3-0-0\" class=\"so-panel widget widget_sow-image panel-first-child panel-last-child\" data-index=\"9\" ><div\n\t\t\t\n\t\t\tclass=\"so-widget-sow-image so-widget-sow-image-default-dbf295114b96-30416\"\n\t\t\t\n\t\t>\n<div class=\"sow-image-container\">\n\t\t<img \n\tsrc=\"https:\/\/amberadvocate.org\/wp-content\/uploads\/2022\/03\/Int-4.jpg\" width=\"800\" height=\"800\" srcset=\"https:\/\/amberadvocate.org\/wp-content\/uploads\/2022\/03\/Int-4.jpg 800w, https:\/\/amberadvocate.org\/wp-content\/uploads\/2022\/03\/Int-4-300x300.jpg 300w, https:\/\/amberadvocate.org\/wp-content\/uploads\/2022\/03\/Int-4-150x150.jpg 150w, https:\/\/amberadvocate.org\/wp-content\/uploads\/2022\/03\/Int-4-768x768.jpg 768w\" sizes=\"(max-width: 800px) 100vw, 800px\" alt=\"\" \t\tclass=\"so-widget-image\"\/>\n\t<\/div>\n\n<\/div><\/div><\/div><div id=\"pgc-30416-3-1\"  class=\"panel-grid-cell\" ><div id=\"panel-30416-3-1-0\" class=\"so-panel widget widget_sow-headline panel-first-child\" data-index=\"10\" ><div class=\"panel-widget-style panel-widget-style-for-30416-3-1-0\" ><div\n\t\t\t\n\t\t\tclass=\"so-widget-sow-headline so-widget-sow-headline-default-f2a1341d8031-30416\"\n\t\t\t\n\t\t><div class=\"sow-headline-container \">\n\t\t\t\t\t\t\t<h2 class=\"sow-headline\">\n\t\t\t\t\t\tUna madre canadiense pide apoyo para la Alerta de Adulto Desaparecido\t\t\t\t\t\t<\/h2>\n\t\t\t\t\t\t\t\t\t\t\t<div class=\"decoration\">\n\t\t\t\t\t\t<div class=\"decoration-inside\"><\/div>\n\t\t\t\t\t<\/div>\n\t\t\t\t\t<\/div>\n<\/div><\/div><\/div><div id=\"panel-30416-3-1-1\" class=\"so-panel widget widget_sow-editor panel-last-child\" data-index=\"11\" ><div\n\t\t\t\n\t\t\tclass=\"so-widget-sow-editor so-widget-sow-editor-base\"\n\t\t\t\n\t\t>\n<div class=\"siteorigin-widget-tinymce textwidget\">\n\t<p class=\"p1\">La madre de una mujer de la Columbia Brit\u00e1nica que fue encontrada muerta tras desaparecer quiere que Canad\u00e1 cree una \u201calerta para adultos\u201d para las personas desaparecidas mayores de 18 a\u00f1os. El cuerpo de Shaelene Bell, la hija de 23 a\u00f1os de Alina Durham, fue descubierto el 2 de junio de 2021 en un r\u00edo, cuatro meses despu\u00e9s de su desaparici\u00f3n. Durham inici\u00f3 una petici\u00f3n en l\u00ednea para crear la Alerta para Adultos Desaparecidos de Shaelene para que las fuerzas del orden puedan notificar al p\u00fablico si un adulto est\u00e1 desaparecido y en riesgo de peligro inminente o muerte.  <\/p>\n<\/div>\n<\/div><\/div><\/div><\/div><\/div><div id=\"pg-30416-4\"  class=\"panel-grid panel-has-style\" ><div class=\"siteorigin-panels-stretch panel-row-style panel-row-style-for-30416-4\" data-stretch-type=\"full\" ><div id=\"pgc-30416-4-0\"  class=\"panel-grid-cell\" ><div id=\"panel-30416-4-0-0\" class=\"so-panel widget widget_sow-image panel-first-child panel-last-child\" data-index=\"12\" ><div\n\t\t\t\n\t\t\tclass=\"so-widget-sow-image so-widget-sow-image-default-dbf295114b96-30416\"\n\t\t\t\n\t\t>\n<div class=\"sow-image-container\">\n\t\t<img \n\tsrc=\"https:\/\/amberadvocate.org\/wp-content\/uploads\/2022\/03\/Int-5.jpg\" width=\"800\" height=\"800\" srcset=\"https:\/\/amberadvocate.org\/wp-content\/uploads\/2022\/03\/Int-5.jpg 800w, https:\/\/amberadvocate.org\/wp-content\/uploads\/2022\/03\/Int-5-300x300.jpg 300w, https:\/\/amberadvocate.org\/wp-content\/uploads\/2022\/03\/Int-5-150x150.jpg 150w, https:\/\/amberadvocate.org\/wp-content\/uploads\/2022\/03\/Int-5-768x768.jpg 768w\" sizes=\"(max-width: 800px) 100vw, 800px\" alt=\"\" \t\tclass=\"so-widget-image\"\/>\n\t<\/div>\n\n<\/div><\/div><\/div><div id=\"pgc-30416-4-1\"  class=\"panel-grid-cell\" ><div id=\"panel-30416-4-1-0\" class=\"so-panel widget widget_sow-headline panel-first-child\" data-index=\"13\" ><div class=\"panel-widget-style panel-widget-style-for-30416-4-1-0\" ><div\n\t\t\t\n\t\t\tclass=\"so-widget-sow-headline so-widget-sow-headline-default-f2a1341d8031-30416\"\n\t\t\t\n\t\t><div class=\"sow-headline-container \">\n\t\t\t\t\t\t\t<h2 class=\"sow-headline\">\n\t\t\t\t\t\tEslovenia acoge una conferencia internacional sobre personas desaparecidas\t\t\t\t\t\t<\/h2>\n\t\t\t\t\t\t\t\t\t\t\t<div class=\"decoration\">\n\t\t\t\t\t\t<div class=\"decoration-inside\"><\/div>\n\t\t\t\t\t<\/div>\n\t\t\t\t\t<\/div>\n<\/div><\/div><\/div><div id=\"panel-30416-4-1-1\" class=\"so-panel widget widget_sow-editor panel-last-child\" data-index=\"14\" ><div\n\t\t\t\n\t\t\tclass=\"so-widget-sow-editor so-widget-sow-editor-base\"\n\t\t\t\n\t\t>\n<div class=\"siteorigin-widget-tinymce textwidget\">\n\t<p class=\"p1\">Eslovenia invit\u00f3 a expertos policiales de otros 26 pa\u00edses europeos a debatir sobre las mejores pr\u00e1cticas para encontrar a ni\u00f1os y ancianos desaparecidos. La conferencia internacional se celebr\u00f3 el 9 de enero de 2021, con la cooperaci\u00f3n de la Red de Expertos Policiales y AMBER Alert Europe. <\/p>\n<\/div>\n<\/div><\/div><\/div><\/div><\/div><div id=\"pg-30416-5\"  class=\"panel-grid panel-has-style\" ><div class=\"siteorigin-panels-stretch panel-row-style panel-row-style-for-30416-5\" data-stretch-type=\"full\" ><div id=\"pgc-30416-5-0\"  class=\"panel-grid-cell\" ><div id=\"panel-30416-5-0-0\" class=\"so-panel widget widget_sow-image panel-first-child panel-last-child\" data-index=\"15\" ><div\n\t\t\t\n\t\t\tclass=\"so-widget-sow-image so-widget-sow-image-default-dbf295114b96-30416\"\n\t\t\t\n\t\t>\n<div class=\"sow-image-container\">\n\t\t<img \n\tsrc=\"https:\/\/amberadvocate.org\/wp-content\/uploads\/2022\/03\/Int-6.jpg\" width=\"800\" height=\"800\" srcset=\"https:\/\/amberadvocate.org\/wp-content\/uploads\/2022\/03\/Int-6.jpg 800w, https:\/\/amberadvocate.org\/wp-content\/uploads\/2022\/03\/Int-6-300x300.jpg 300w, https:\/\/amberadvocate.org\/wp-content\/uploads\/2022\/03\/Int-6-150x150.jpg 150w, https:\/\/amberadvocate.org\/wp-content\/uploads\/2022\/03\/Int-6-768x768.jpg 768w\" sizes=\"(max-width: 800px) 100vw, 800px\" alt=\"\" \t\tclass=\"so-widget-image\"\/>\n\t<\/div>\n\n<\/div><\/div><\/div><div id=\"pgc-30416-5-1\"  class=\"panel-grid-cell\" ><div id=\"panel-30416-5-1-0\" class=\"so-panel widget widget_sow-headline panel-first-child\" data-index=\"16\" ><div class=\"panel-widget-style panel-widget-style-for-30416-5-1-0\" ><div\n\t\t\t\n\t\t\tclass=\"so-widget-sow-headline so-widget-sow-headline-default-f2a1341d8031-30416\"\n\t\t\t\n\t\t><div class=\"sow-headline-container \">\n\t\t\t\t\t\t\t<h2 class=\"sow-headline\">\n\t\t\t\t\t\tLa polic\u00eda de Roma firma un acuerdo con AMBER Alert Europe\t\t\t\t\t\t<\/h2>\n\t\t\t\t\t\t\t\t\t\t\t<div class=\"decoration\">\n\t\t\t\t\t\t<div class=\"decoration-inside\"><\/div>\n\t\t\t\t\t<\/div>\n\t\t\t\t\t<\/div>\n<\/div><\/div><\/div><div id=\"panel-30416-5-1-1\" class=\"so-panel widget widget_sow-editor panel-last-child\" data-index=\"17\" ><div\n\t\t\t\n\t\t\tclass=\"so-widget-sow-editor so-widget-sow-editor-base\"\n\t\t\t\n\t\t>\n<div class=\"siteorigin-widget-tinymce textwidget\">\n\t<p class=\"p1\">Los funcionarios encargados de hacer cumplir la ley en Roma han firmado un Memorando de Entendimiento con la Fundaci\u00f3n AMBER Alert Europe para formalizar los esfuerzos para emitir alertas y encontrar ni\u00f1os desaparecidos. La Polizia di Stato acord\u00f3 que los agentes reciban m\u00e1s formaci\u00f3n para que puedan cooperar y ayudar en los esfuerzos de las fuerzas del orden para encontrar ni\u00f1os desaparecidos en toda Europa. <\/p>\n<\/div>\n<\/div><\/div><\/div><\/div><\/div><\/div>","protected":false},"excerpt":{"rendered":"<p>Breves noticias sobre la Alerta AMBER y la protecci\u00f3n de la infancia en todo el mundo<\/p>\n","protected":false},"author":10,"featured_media":24457,"comment_status":"closed","ping_status":"closed","sticky":false,"template":"","format":"standard","meta":{"_bbp_topic_count":0,"_bbp_reply_count":0,"_bbp_total_topic_count":0,"_bbp_total_reply_count":0,"_bbp_voice_count":0,"_bbp_anonymous_reply_count":0,"_bbp_topic_count_hidden":0,"_bbp_reply_count_hidden":0,"_bbp_forum_subforum_count":0,"_analytify_skip_tracking":false,"footnotes":""},"categories":[651],"tags":[],"class_list":["post-30416","post","type-post","status-publish","format-standard","has-post-thumbnail","hentry","category-internacional"],"meta_box":{"aa_theme_enable_blocks_editor":"","aa_theme_featured_img_position":""},"publishpress_future_workflow_manual_trigger":{"enabledWorkflows":[]},"_links":{"self":[{"href":"https:\/\/amberadvocate.org\/es\/wp-json\/wp\/v2\/posts\/30416","targetHints":{"allow":["GET"]}}],"collection":[{"href":"https:\/\/amberadvocate.org\/es\/wp-json\/wp\/v2\/posts"}],"about":[{"href":"https:\/\/amberadvocate.org\/es\/wp-json\/wp\/v2\/types\/post"}],"author":[{"embeddable":true,"href":"https:\/\/amberadvocate.org\/es\/wp-json\/wp\/v2\/users\/10"}],"replies":[{"embeddable":true,"href":"https:\/\/amberadvocate.org\/es\/wp-json\/wp\/v2\/comments?post=30416"}],"version-history":[{"count":0,"href":"https:\/\/amberadvocate.org\/es\/wp-json\/wp\/v2\/posts\/30416\/revisions"}],"wp:featuredmedia":[{"embeddable":true,"href":"https:\/\/amberadvocate.org\/es\/wp-json\/wp\/v2\/media\/24457"}],"wp:attachment":[{"href":"https:\/\/amberadvocate.org\/es\/wp-json\/wp\/v2\/media?parent=30416"}],"wp:term":[{"taxonomy":"category","embeddable":true,"href":"https:\/\/amberadvocate.org\/es\/wp-json\/wp\/v2\/categories?post=30416"},{"taxonomy":"post_tag","embeddable":true,"href":"https:\/\/amberadvocate.org\/es\/wp-json\/wp\/v2\/tags?post=30416"}],"curies":[{"name":"wp","href":"https:\/\/api.w.org\/{rel}","templated":true}]}}