{"id":30409,"date":"2022-06-28T12:34:37","date_gmt":"2022-06-28T17:34:37","guid":{"rendered":"https:\/\/amberadvocate.org\/sin-categorizar\/alerta-amber-internacional-numero-2-2022\/"},"modified":"2025-11-01T14:22:19","modified_gmt":"2025-11-01T19:22:19","slug":"alerta-amber-internacional-numero-2-2022","status":"publish","type":"post","link":"https:\/\/amberadvocate.org\/es\/internacional\/alerta-amber-internacional-numero-2-2022\/","title":{"rendered":"Alerta AMBER Internacional &#8211; N\u00famero 2 2022"},"content":{"rendered":"<div id=\"pl-30409\"  class=\"panel-layout\" ><div id=\"pg-30409-0\"  class=\"panel-grid panel-no-style\" ><div id=\"pgc-30409-0-0\"  class=\"panel-grid-cell\" ><div id=\"panel-30409-0-0-0\" class=\"so-panel widget widget_siteorigin-panels-builder panel-first-child panel-last-child\" data-index=\"0\" ><div id=\"pl-w62bb3d028ad5a\"  class=\"panel-layout\" ><div id=\"pg-w62bb3d028ad5a-0\"  class=\"panel-grid panel-has-style\" ><div class=\"siteorigin-panels-stretch panel-row-style panel-row-style-for-w62bb3d028ad5a-0\" data-stretch-type=\"full\" ><div id=\"pgc-w62bb3d028ad5a-0-0\"  class=\"panel-grid-cell\" ><div id=\"panel-w62bb3d028ad5a-0-0-0\" class=\"so-panel widget widget_sow-image panel-first-child panel-last-child\" data-index=\"0\" ><div\n\t\t\t\n\t\t\tclass=\"so-widget-sow-image so-widget-sow-image-default-dbf295114b96\"\n\t\t\t\n\t\t>\n<div class=\"sow-image-container\">\n\t\t<img \n\tsrc=\"https:\/\/amberadvocate.org\/wp-content\/uploads\/2022\/06\/Int-1-sq-thumb.jpg\" width=\"800\" height=\"800\" srcset=\"https:\/\/amberadvocate.org\/wp-content\/uploads\/2022\/06\/Int-1-sq-thumb.jpg 800w, https:\/\/amberadvocate.org\/wp-content\/uploads\/2022\/06\/Int-1-sq-thumb-300x300.jpg 300w, https:\/\/amberadvocate.org\/wp-content\/uploads\/2022\/06\/Int-1-sq-thumb-150x150.jpg 150w, https:\/\/amberadvocate.org\/wp-content\/uploads\/2022\/06\/Int-1-sq-thumb-768x768.jpg 768w\" sizes=\"(max-width: 800px) 100vw, 800px\" title=\"El Ministro del Interior de la Rep\u00fablica de Serbia, Aleksandar Vulin, y el Presidente de la Fundaci\u00f3n AMBER Alert Europe, Frank Hoen, firman el Memorando de Entendimiento en Belgrado, 24 de febrero de 2022.\" alt=\"\" \t\tclass=\"so-widget-image\"\/>\n\t<\/div>\n\n<\/div><\/div><\/div><div id=\"pgc-w62bb3d028ad5a-0-1\"  class=\"panel-grid-cell\" ><div id=\"panel-w62bb3d028ad5a-0-1-0\" class=\"so-panel widget widget_sow-headline panel-first-child\" data-index=\"1\" ><div class=\"panel-widget-style panel-widget-style-for-w62bb3d028ad5a-0-1-0\" ><div\n\t\t\t\n\t\t\tclass=\"so-widget-sow-headline so-widget-sow-headline-default-f2a1341d8031\"\n\t\t\t\n\t\t><div class=\"sow-headline-container \">\n\t\t\t\t\t\t\t<h2 class=\"sow-headline\">\n\t\t\t\t\t\tSerbia se une a Alerta AMBER Europa\t\t\t\t\t\t<\/h2>\n\t\t\t\t\t\t\t\t\t\t\t<div class=\"decoration\">\n\t\t\t\t\t\t<div class=\"decoration-inside\"><\/div>\n\t\t\t\t\t<\/div>\n\t\t\t\t\t<\/div>\n<\/div><\/div><\/div><div id=\"panel-w62bb3d028ad5a-0-1-1\" class=\"so-panel widget widget_sow-editor panel-last-child\" data-index=\"2\" ><div\n\t\t\t\n\t\t\tclass=\"so-widget-sow-editor so-widget-sow-editor-base\"\n\t\t\t\n\t\t>\n<div class=\"siteorigin-widget-tinymce textwidget\">\n\t<p>La Rep\u00fablica de Serbia firm\u00f3 un Memorando de Entendimiento el 24 de febrero de 2022 con AMBER Alert Europe para ayudar al pa\u00eds a mejorar los esfuerzos para encontrar ni\u00f1os desaparecidos y secuestrados. AMBER Alert Europe cuenta ahora con 43 miembros. \u201cNunca se puede estar lo suficientemente seguro de haber hecho todo lo posible para salvar a sus seres m\u00e1s j\u00f3venes y queridos; la iniciativa de AMBER Alert es valiosa e importante\u201d, dijo Aleksander Vulin, Ministro del Interior de Serbia.  <\/p>\n<\/div>\n<\/div><\/div><\/div><\/div><\/div><div id=\"pg-w62bb3d028ad5a-1\"  class=\"panel-grid panel-has-style\" ><div class=\"siteorigin-panels-stretch panel-row-style panel-row-style-for-w62bb3d028ad5a-1\" data-stretch-type=\"full\" ><div id=\"pgc-w62bb3d028ad5a-1-0\"  class=\"panel-grid-cell\" ><div id=\"panel-w62bb3d028ad5a-1-0-0\" class=\"so-panel widget widget_sow-image panel-first-child panel-last-child\" data-index=\"3\" ><div\n\t\t\t\n\t\t\tclass=\"so-widget-sow-image so-widget-sow-image-default-dbf295114b96\"\n\t\t\t\n\t\t>\n<div class=\"sow-image-container\">\n\t\t<img \n\tsrc=\"https:\/\/amberadvocate.org\/wp-content\/uploads\/2022\/06\/Int-2-sq-thumb.jpg\" width=\"800\" height=\"800\" srcset=\"https:\/\/amberadvocate.org\/wp-content\/uploads\/2022\/06\/Int-2-sq-thumb.jpg 800w, https:\/\/amberadvocate.org\/wp-content\/uploads\/2022\/06\/Int-2-sq-thumb-300x300.jpg 300w, https:\/\/amberadvocate.org\/wp-content\/uploads\/2022\/06\/Int-2-sq-thumb-150x150.jpg 150w, https:\/\/amberadvocate.org\/wp-content\/uploads\/2022\/06\/Int-2-sq-thumb-768x768.jpg 768w\" sizes=\"(max-width: 800px) 100vw, 800px\" alt=\"\" \t\tclass=\"so-widget-image\"\/>\n\t<\/div>\n\n<\/div><\/div><\/div><div id=\"pgc-w62bb3d028ad5a-1-1\"  class=\"panel-grid-cell\" ><div id=\"panel-w62bb3d028ad5a-1-1-0\" class=\"so-panel widget widget_sow-headline panel-first-child\" data-index=\"4\" ><div class=\"panel-widget-style panel-widget-style-for-w62bb3d028ad5a-1-1-0\" ><div\n\t\t\t\n\t\t\tclass=\"so-widget-sow-headline so-widget-sow-headline-default-f2a1341d8031\"\n\t\t\t\n\t\t><div class=\"sow-headline-container \">\n\t\t\t\t\t\t\t<h2 class=\"sow-headline\">\n\t\t\t\t\t\tCanad\u00e1 prueba su sistema de alerta p\u00fablica\t\t\t\t\t\t<\/h2>\n\t\t\t\t\t\t\t\t\t\t\t<div class=\"decoration\">\n\t\t\t\t\t\t<div class=\"decoration-inside\"><\/div>\n\t\t\t\t\t<\/div>\n\t\t\t\t\t<\/div>\n<\/div><\/div><\/div><div id=\"panel-w62bb3d028ad5a-1-1-1\" class=\"so-panel widget widget_sow-editor panel-last-child\" data-index=\"5\" ><div\n\t\t\t\n\t\t\tclass=\"so-widget-sow-editor so-widget-sow-editor-base\"\n\t\t\t\n\t\t>\n<div class=\"siteorigin-widget-tinymce textwidget\">\n\t<p>Canad\u00e1 prob\u00f3 Alert Ready, el sistema de alerta p\u00fablica del pa\u00eds, el 4 de mayo de 2022, durante su Semana de Preparaci\u00f3n para Emergencias. El sistema se utiliza para las alertas AMBER y otras emergencias que amenazan la vida, como tornados e incendios forestales. El mensaje de prueba se envi\u00f3 a la televisi\u00f3n, la radio y los dispositivos inal\u00e1mbricos compatibles. Canad\u00e1 prueba regularmente el sistema para confirmar su correcto funcionamiento y crear una preparaci\u00f3n \u00f3ptima en caso de una emergencia real.   <\/p>\n<\/div>\n<\/div><\/div><\/div><\/div><\/div><div id=\"pg-w62bb3d028ad5a-2\"  class=\"panel-grid panel-has-style\" ><div class=\"siteorigin-panels-stretch panel-row-style panel-row-style-for-w62bb3d028ad5a-2\" data-stretch-type=\"full\" ><div id=\"pgc-w62bb3d028ad5a-2-0\"  class=\"panel-grid-cell\" ><div id=\"panel-w62bb3d028ad5a-2-0-0\" class=\"so-panel widget widget_sow-image panel-first-child panel-last-child\" data-index=\"6\" ><div\n\t\t\t\n\t\t\tclass=\"so-widget-sow-image so-widget-sow-image-default-dbf295114b96\"\n\t\t\t\n\t\t>\n<div class=\"sow-image-container\">\n\t\t<img \n\tsrc=\"https:\/\/amberadvocate.org\/wp-content\/uploads\/2022\/06\/Int-3-sq-thumb.jpg\" width=\"800\" height=\"800\" srcset=\"https:\/\/amberadvocate.org\/wp-content\/uploads\/2022\/06\/Int-3-sq-thumb.jpg 800w, https:\/\/amberadvocate.org\/wp-content\/uploads\/2022\/06\/Int-3-sq-thumb-300x300.jpg 300w, https:\/\/amberadvocate.org\/wp-content\/uploads\/2022\/06\/Int-3-sq-thumb-150x150.jpg 150w, https:\/\/amberadvocate.org\/wp-content\/uploads\/2022\/06\/Int-3-sq-thumb-768x768.jpg 768w\" sizes=\"(max-width: 800px) 100vw, 800px\" alt=\"\" \t\tclass=\"so-widget-image\"\/>\n\t<\/div>\n\n<\/div><\/div><\/div><div id=\"pgc-w62bb3d028ad5a-2-1\"  class=\"panel-grid-cell\" ><div id=\"panel-w62bb3d028ad5a-2-1-0\" class=\"so-panel widget widget_sow-headline panel-first-child\" data-index=\"7\" ><div class=\"panel-widget-style panel-widget-style-for-w62bb3d028ad5a-2-1-0\" ><div\n\t\t\t\n\t\t\tclass=\"so-widget-sow-headline so-widget-sow-headline-default-f2a1341d8031\"\n\t\t\t\n\t\t><div class=\"sow-headline-container \">\n\t\t\t\t\t\t\t<h2 class=\"sow-headline\">\n\t\t\t\t\t\tEstudiantes e investigadores policiales de 14 pa\u00edses trabajan en casos sin resolver de ni\u00f1os desaparecidos y homicidios infantiles\t\t\t\t\t\t<\/h2>\n\t\t\t\t\t\t\t\t\t\t\t<div class=\"decoration\">\n\t\t\t\t\t\t<div class=\"decoration-inside\"><\/div>\n\t\t\t\t\t<\/div>\n\t\t\t\t\t<\/div>\n<\/div><\/div><\/div><div id=\"panel-w62bb3d028ad5a-2-1-1\" class=\"so-panel widget widget_sow-editor panel-last-child\" data-index=\"8\" ><div\n\t\t\t\n\t\t\tclass=\"so-widget-sow-editor so-widget-sow-editor-base\"\n\t\t\t\n\t\t>\n<div class=\"siteorigin-widget-tinymce textwidget\">\n\t<p>M\u00e1s de 60 estudiantes universitarios brit\u00e1nicos se unieron a la Universidad Murdoch de Australia y a agencias policiales de 14 pa\u00edses para trabajar en seis casos sin resolver relacionados con ni\u00f1os desaparecidos y homicidios de ni\u00f1os. El esfuerzo de cuatro meses form\u00f3 parte del tercer Proyecto Internacional de An\u00e1lisis de Casos sin Resolver (ICCAP). Los hallazgos de los estudiantes llevaron a los detectives a investigar m\u00e1s a fondo uno de los casos; y el a\u00f1o pasado, el proyecto impuls\u00f3 a los investigadores a exhumar el cuerpo de \u201cGentleman John Doe\u201d, lo que ayud\u00f3 a identificar a un hombre desconocido enterrado hace 30 a\u00f1os.  <\/p>\n<\/div>\n<\/div><\/div><\/div><\/div><\/div><\/div><\/div><\/div><\/div><\/div>","protected":false},"excerpt":{"rendered":"<p>Breves noticias sobre la Alerta AMBER y la protecci\u00f3n de la infancia en todo el mundo<\/p>\n","protected":false},"author":10,"featured_media":24457,"comment_status":"closed","ping_status":"closed","sticky":false,"template":"","format":"standard","meta":{"_bbp_topic_count":0,"_bbp_reply_count":0,"_bbp_total_topic_count":0,"_bbp_total_reply_count":0,"_bbp_voice_count":0,"_bbp_anonymous_reply_count":0,"_bbp_topic_count_hidden":0,"_bbp_reply_count_hidden":0,"_bbp_forum_subforum_count":0,"_analytify_skip_tracking":false,"footnotes":""},"categories":[651],"tags":[],"class_list":["post-30409","post","type-post","status-publish","format-standard","has-post-thumbnail","hentry","category-internacional"],"meta_box":{"aa_theme_enable_blocks_editor":"","aa_theme_featured_img_position":""},"publishpress_future_workflow_manual_trigger":{"enabledWorkflows":[]},"_links":{"self":[{"href":"https:\/\/amberadvocate.org\/es\/wp-json\/wp\/v2\/posts\/30409","targetHints":{"allow":["GET"]}}],"collection":[{"href":"https:\/\/amberadvocate.org\/es\/wp-json\/wp\/v2\/posts"}],"about":[{"href":"https:\/\/amberadvocate.org\/es\/wp-json\/wp\/v2\/types\/post"}],"author":[{"embeddable":true,"href":"https:\/\/amberadvocate.org\/es\/wp-json\/wp\/v2\/users\/10"}],"replies":[{"embeddable":true,"href":"https:\/\/amberadvocate.org\/es\/wp-json\/wp\/v2\/comments?post=30409"}],"version-history":[{"count":0,"href":"https:\/\/amberadvocate.org\/es\/wp-json\/wp\/v2\/posts\/30409\/revisions"}],"wp:featuredmedia":[{"embeddable":true,"href":"https:\/\/amberadvocate.org\/es\/wp-json\/wp\/v2\/media\/24457"}],"wp:attachment":[{"href":"https:\/\/amberadvocate.org\/es\/wp-json\/wp\/v2\/media?parent=30409"}],"wp:term":[{"taxonomy":"category","embeddable":true,"href":"https:\/\/amberadvocate.org\/es\/wp-json\/wp\/v2\/categories?post=30409"},{"taxonomy":"post_tag","embeddable":true,"href":"https:\/\/amberadvocate.org\/es\/wp-json\/wp\/v2\/tags?post=30409"}],"curies":[{"name":"wp","href":"https:\/\/api.w.org\/{rel}","templated":true}]}}