{"id":30395,"date":"2017-12-12T13:19:48","date_gmt":"2017-12-12T19:19:48","guid":{"rendered":"https:\/\/amberadvocate.org\/sin-categorizar\/lo-mas-destacado-de-la-formacion-sobre-la-alerta-amber-otono-2017\/"},"modified":"2025-11-01T14:10:19","modified_gmt":"2025-11-01T19:10:19","slug":"lo-mas-destacado-de-la-formacion-sobre-la-alerta-amber-otono-2017","status":"publish","type":"post","link":"https:\/\/amberadvocate.org\/es\/caracteristica-ambar\/lo-mas-destacado-de-la-formacion-sobre-la-alerta-amber-otono-2017\/","title":{"rendered":"Lo m\u00e1s destacado de la formaci\u00f3n sobre la Alerta AMBER &#8211; Oto\u00f1o 2017"},"content":{"rendered":"<div id=\"pl-30395\"  class=\"panel-layout\" ><div id=\"pg-30395-0\"  class=\"panel-grid panel-no-style\" ><div id=\"pgc-30395-0-0\"  class=\"panel-grid-cell\" ><div id=\"panel-30395-0-0-0\" class=\"so-panel widget widget_sow-headline panel-first-child panel-last-child\" data-index=\"0\" ><div\n\t\t\t\n\t\t\tclass=\"so-widget-sow-headline so-widget-sow-headline-default-9e26de3c38ac-30395\"\n\t\t\t\n\t\t><div class=\"sow-headline-container \">\n\t\t\t\t\t\t\t<h2 class=\"sow-headline\">\n\t\t\t\t\t\tPUERTO RICO RECIBE FORMACI\u00d3N SOBRE NI\u00d1OS DESAPARECIDOS ANTES DEL PASO DE LOS HURACANES\t\t\t\t\t\t<\/h2>\n\t\t\t\t\t\t\t\t\t\t\t<div class=\"decoration\">\n\t\t\t\t\t\t<div class=\"decoration-inside\"><\/div>\n\t\t\t\t\t<\/div>\n\t\t\t\t\t<\/div>\n<\/div><\/div><\/div><\/div><div id=\"pg-30395-1\"  class=\"panel-grid panel-no-style\" ><div id=\"pgc-30395-1-0\"  class=\"panel-grid-cell\" ><div id=\"panel-30395-1-0-0\" class=\"so-panel widget widget_sow-editor panel-first-child panel-last-child\" data-index=\"1\" ><div class=\"panel-widget-style panel-widget-style-for-30395-1-0-0\" ><div\n\t\t\t\n\t\t\tclass=\"so-widget-sow-editor so-widget-sow-editor-base\"\n\t\t\t\n\t\t>\n<div class=\"siteorigin-widget-tinymce textwidget\">\n\t<p class=\"p1\"><b><img decoding=\"async\" class=\"aligncenter size-full wp-image-1875\" src=\"https:\/\/amberadvocate.org\/wp-content\/uploads\/2017\/12\/PR-flag.jpg\" alt=\"\" width=\"1920\" height=\"1080\" srcset=\"https:\/\/amberadvocate.org\/wp-content\/uploads\/2017\/12\/PR-flag.jpg 1920w, https:\/\/amberadvocate.org\/wp-content\/uploads\/2017\/12\/PR-flag-300x169.jpg 300w, https:\/\/amberadvocate.org\/wp-content\/uploads\/2017\/12\/PR-flag-768x432.jpg 768w, https:\/\/amberadvocate.org\/wp-content\/uploads\/2017\/12\/PR-flag-1024x576.jpg 1024w\" sizes=\"(max-width: 1920px) 100vw, 1920px\" \/><\/b><\/p>\n<p class=\"p1\">Apenas un mes antes de que los huracanes Mar\u00eda e Irma provocaran una devastaci\u00f3n masiva en Puerto Rico, los agentes de la ley del territorio estadounidense hab\u00edan recibido afortunadamente formaci\u00f3n sobre c\u00f3mo encontrar a ni\u00f1os desaparecidos y secuestrados.<\/p>\n<p class=\"p1\">El evento del Programa de Capacitaci\u00f3n y Asistencia T\u00e9cnica de Alerta AMBER, celebrado del 23 al 24 de agosto de 2017, cont\u00f3 con m\u00e1s de 450 participantes en representaci\u00f3n de las 13 regiones de Puerto Rico. El evento incluy\u00f3 presentaciones de un familiar de un ni\u00f1o secuestrado, lecciones sobre c\u00f3mo entrevistar a v\u00edctimas de alto riesgo y c\u00f3mo gestionar casos de personas desaparecidas a largo plazo. <\/p>\n<p class=\"p1\">\u201cLos participantes se mostraron comprometidos y deseosos de aprender\u201d, declar\u00f3 Jesi Leon-Baron, enlace regional y coordinadora de proyectos del Programa de Capacitaci\u00f3n y Asistencia T\u00e9cnica de Alerta AMBER. \u201cHicieron muchas preguntas. Quer\u00edan saber sobre los diferentes escenarios y las diferentes herramientas que les ayudar\u00edan con sus investigaciones, especialmente con las v\u00edctimas de alto riesgo\u201d.  <\/p>\n<p class=\"p1\">Esta fue la primera capacitaci\u00f3n sobre Alerta AMBER en Puerto Rico en m\u00e1s de una d\u00e9cada. Los participantes debatieron sobre c\u00f3mo organizar sus recursos y encontrar financiaci\u00f3n para fortalecer el programa Alerta AMBER del territorio y c\u00f3mo desarrollar un Equipo de Respuesta a Secuestros de Ni\u00f1os. <\/p>\n<p class=\"p1\">\u201cRealmente quieren imitar los mismos sistemas que tenemos aqu\u00ed en los EE. UU. continentales para encontrar ni\u00f1os secuestrados\u201d, a\u00f1adi\u00f3 Leon-Baron. \u201cSaben que la necesidad existe\u201d. <\/p>\n<p class=\"p1\">Kay V\u00e1zquez, analista criminal de la Oficina de Investigaciones Especiales y del Centro de Intercambio de Informaci\u00f3n sobre Menores Desaparecidos de Puerto Rico, dijo que la formaci\u00f3n hab\u00eda sido muy \u00fatil.<\/p>\n<p class=\"p1\">\u201cDisfrut\u00e9 especialmente de las presentaciones sobre casos de ni\u00f1os desaparecidos a largo plazo y espero implementar algunas de las ideas en nuestras investigaciones\u201d, se\u00f1al\u00f3 V\u00e1zquez. \u201cLas presentaciones sobre v\u00edctimas de alto riesgo y trata tambi\u00e9n cambiaron mi percepci\u00f3n de los j\u00f3venes que se escapan de casa y de c\u00f3mo nuestra jurisdicci\u00f3n aborda este tipo de investigaci\u00f3n. Fue muy gratificante ver a otras personas comprometidas en la lucha contra los delitos relacionados con ni\u00f1os\u201d. <\/p>\n<p><style> .entry-header {display:none;}<\/style><\/p>\n<\/div>\n<\/div><\/div><\/div><\/div><\/div><div id=\"pg-30395-2\"  class=\"panel-grid panel-no-style\" ><div id=\"pgc-30395-2-0\"  class=\"panel-grid-cell\" ><div id=\"panel-30395-2-0-0\" class=\"so-panel widget widget_sow-headline panel-first-child panel-last-child\" data-index=\"2\" ><div class=\"panel-widget-style panel-widget-style-for-30395-2-0-0\" ><div\n\t\t\t\n\t\t\tclass=\"so-widget-sow-headline so-widget-sow-headline-default-9e26de3c38ac-30395\"\n\t\t\t\n\t\t><div class=\"sow-headline-container \">\n\t\t\t\t\t\t\t<h2 class=\"sow-headline\">\n\t\t\t\t\t\tEEUU Y M\u00c9XICO APRENDEN JUNTOS SOBRE LOS SECUESTROS TRANSFRONTERIZOS\t\t\t\t\t\t<\/h2>\n\t\t\t\t\t\t\t\t\t\t\t<div class=\"decoration\">\n\t\t\t\t\t\t<div class=\"decoration-inside\"><\/div>\n\t\t\t\t\t<\/div>\n\t\t\t\t\t<\/div>\n<\/div><\/div><\/div><\/div><\/div><div id=\"pg-30395-3\"  class=\"panel-grid panel-no-style\" ><div id=\"pgc-30395-3-0\"  class=\"panel-grid-cell\" ><div id=\"panel-30395-3-0-0\" class=\"so-panel widget widget_sow-editor panel-first-child panel-last-child\" data-index=\"3\" ><div class=\"panel-widget-style panel-widget-style-for-30395-3-0-0\" ><div\n\t\t\t\n\t\t\tclass=\"so-widget-sow-editor so-widget-sow-editor-base\"\n\t\t\t\n\t\t>\n<div class=\"siteorigin-widget-tinymce textwidget\">\n\t<p class=\"p1\">Representantes de las fuerzas del orden de EE. UU. y M\u00e9xico participaron en una capacitaci\u00f3n sobre Respuesta a Secuestros Transfronterizos del 20 al 21 de julio de 2017 en Tucson, Arizona. La presentaci\u00f3n form\u00f3 parte de la Iniciativa de la Frontera Sur (SBI) del Programa de Capacitaci\u00f3n y Asistencia T\u00e9cnica de Alerta AMBER, y se centr\u00f3 en los programas Alerta AMBER de los estados fronterizos del sur y en c\u00f3mo esos estados pueden trabajar en cooperaci\u00f3n con el sistema Alerta AMBER en M\u00e9xico. Los participantes participaron en ejercicios de simulaci\u00f3n de secuestros transfronterizos desafiantes para analizar el proceso de identificaci\u00f3n y comprensi\u00f3n de estos recursos y los puntos de coordinaci\u00f3n de importancia cr\u00edtica.  <\/p>\n<\/div>\n<\/div><\/div><\/div><\/div><\/div><div id=\"pg-30395-4\"  class=\"panel-grid panel-no-style\" ><div id=\"pgc-30395-4-0\"  class=\"panel-grid-cell\" ><div id=\"panel-30395-4-0-0\" class=\"so-panel widget widget_sow-headline panel-first-child panel-last-child\" data-index=\"4\" ><div class=\"panel-widget-style panel-widget-style-for-30395-4-0-0\" ><div\n\t\t\t\n\t\t\tclass=\"so-widget-sow-headline so-widget-sow-headline-default-9e26de3c38ac-30395\"\n\t\t\t\n\t\t><div class=\"sow-headline-container \">\n\t\t\t\t\t\t\t<h2 class=\"sow-headline\">\n\t\t\t\t\t\tTALLER COMUNITARIO PARA PROTEGER A NUESTROS HIJOS E HIJAS: LA COMUNIDAD Y LAS FUERZAS DEL ORDEN SE UNEN EN DALLAS\t\t\t\t\t\t<\/h2>\n\t\t\t\t\t\t\t\t\t\t\t<div class=\"decoration\">\n\t\t\t\t\t\t<div class=\"decoration-inside\"><\/div>\n\t\t\t\t\t<\/div>\n\t\t\t\t\t<\/div>\n<\/div><\/div><\/div><\/div><\/div><div id=\"pg-30395-5\"  class=\"panel-grid panel-no-style\" ><div id=\"pgc-30395-5-0\"  class=\"panel-grid-cell\" ><div id=\"panel-30395-5-0-0\" class=\"so-panel widget widget_sow-editor panel-first-child panel-last-child\" data-index=\"5\" ><div class=\"panel-widget-style panel-widget-style-for-30395-5-0-0\" ><div\n\t\t\t\n\t\t\tclass=\"so-widget-sow-editor so-widget-sow-editor-base\"\n\t\t\t\n\t\t>\n<div class=\"siteorigin-widget-tinymce textwidget\">\n\t<figure id=\"attachment_27288\" aria-describedby=\"caption-attachment-27288\" style=\"width: 350px\" class=\"wp-caption alignleft\"><img decoding=\"async\" class=\"wp-image-1899\" src=\"https:\/\/amberadvocate.org\/wp-content\/uploads\/2017\/12\/MC-CAIN-ROUND.png\" alt=\"\" width=\"350\" height=\"350\" srcset=\"https:\/\/amberadvocate.org\/wp-content\/uploads\/2017\/12\/MC-CAIN-ROUND.png 500w, https:\/\/amberadvocate.org\/wp-content\/uploads\/2017\/12\/MC-CAIN-ROUND-150x150.png 150w, https:\/\/amberadvocate.org\/wp-content\/uploads\/2017\/12\/MC-CAIN-ROUND-300x300.png 300w\" sizes=\"(max-width: 350px) 100vw, 350px\" \/><figcaption id=\"caption-attachment-27288\" class=\"wp-caption-text\">Cindy McCain<\/figcaption><\/figure>\n<p class=\"p1\">Miembros de la comunidad, fuerzas del orden y otras personas que trabajan en la prevenci\u00f3n y respuesta a los problemas de la trata de personas se reunieron para un taller comunitario ofrecido por el Programa de Capacitaci\u00f3n y Asistencia T\u00e9cnica de Alerta AMBER y el Centro Nacional de Capacitaci\u00f3n en Justicia Penal (NCJTC) el 14 de septiembre de 2017. A lo largo del evento, los participantes escucharon y aprendieron de un panel de supervivientes de la trata de personas, debatiendo importantes preguntas y din\u00e1micas que deben entenderse para llevar a cabo un trabajo eficaz de prevenci\u00f3n y recuperaci\u00f3n. Cindy McCain, del Programa de Trata de Personas del Instituto McCain, tambi\u00e9n se dirigi\u00f3 a los agentes del orden a trav\u00e9s de una videoconferencia durante el taller.  <\/p>\n<p class=\"p1\">\u201cFue un honor contar con la presencia de Cindy McCain\u201d, afirm\u00f3 Jason Sterling, director del Programa de Capacitaci\u00f3n y Asistencia T\u00e9cnica de Alerta AMBER. \u201cSu programa educa, crea conciencia e implementa soluciones innovadoras basadas en la acci\u00f3n para acabar con la esclavitud moderna\u201d. <\/p>\n<\/div>\n<\/div><\/div><\/div><\/div><\/div><div id=\"pg-30395-6\"  class=\"panel-grid panel-no-style\" ><div id=\"pgc-30395-6-0\"  class=\"panel-grid-cell\" ><div id=\"panel-30395-6-0-0\" class=\"so-panel widget widget_sow-headline panel-first-child panel-last-child\" data-index=\"6\" ><div class=\"panel-widget-style panel-widget-style-for-30395-6-0-0\" ><div\n\t\t\t\n\t\t\tclass=\"so-widget-sow-headline so-widget-sow-headline-default-9e26de3c38ac-30395\"\n\t\t\t\n\t\t><div class=\"sow-headline-container \">\n\t\t\t\t\t\t\t<h2 class=\"sow-headline\">\n\t\t\t\t\t\t\"IMPRESIONANTE OTTO\" MUESTRA C\u00d3MO LOS K9 PUEDEN AYUDAR A LAS V\u00cdCTIMAS DE MALTRATO INFANTIL\t\t\t\t\t\t<\/h2>\n\t\t\t\t\t\t\t\t\t\t\t<div class=\"decoration\">\n\t\t\t\t\t\t<div class=\"decoration-inside\"><\/div>\n\t\t\t\t\t<\/div>\n\t\t\t\t\t<\/div>\n<\/div><\/div><\/div><\/div><\/div><div id=\"pg-30395-7\"  class=\"panel-grid panel-no-style\" ><div id=\"pgc-30395-7-0\"  class=\"panel-grid-cell\" ><div id=\"panel-30395-7-0-0\" class=\"so-panel widget widget_sow-editor panel-first-child panel-last-child\" data-index=\"7\" ><div id=\"otto\" class=\"panel-widget-style panel-widget-style-for-30395-7-0-0\" ><div\n\t\t\t\n\t\t\tclass=\"so-widget-sow-editor so-widget-sow-editor-base\"\n\t\t\t\n\t\t>\n<div class=\"siteorigin-widget-tinymce textwidget\">\n\t<p class=\"p1\"><img decoding=\"async\" class=\"alignleft size-full wp-image-1906\" src=\"https:\/\/amberadvocate.org\/wp-content\/uploads\/2017\/12\/Otto.jpg\" alt=\"Otto\" width=\"425\" height=\"280\" srcset=\"https:\/\/amberadvocate.org\/wp-content\/uploads\/2017\/12\/Otto.jpg 425w, https:\/\/amberadvocate.org\/wp-content\/uploads\/2017\/12\/Otto-300x198.jpg 300w\" sizes=\"(max-width: 425px) 100vw, 425px\" \/>Otto es el primer perro de juzgado de Ohio certificado por el estado, lo que le permite sentarse en el estrado de los testigos cuando un ni\u00f1o o una v\u00edctima de un delito son llamados a declarar ante un tribunal.<\/p>\n<p class=\"p1\">\u201c\u00c9l dar\u00e1 ese amor incondicional que los ni\u00f1os a veces nunca reciben\u201d, a\u00f1adi\u00f3 Romans. \u201cAyuda a obtener un mejor testimonio o una mejor entrevista. Ayudar\u00e1 a los ni\u00f1os que no quieren ser entrevistados o que no se sienten lo suficientemente c\u00f3modos para ser entrevistados\u201d. <\/p>\n<p class=\"p1\">Recuerda a un ni\u00f1o que no quer\u00eda ser entrevistado hasta que Otto salt\u00f3 a su regazo. \u201cSimplemente empez\u00f3 a llorar y luego se solt\u00f3 y nos cont\u00f3 lo que hab\u00eda pasado\u201d, dijo. \u201c[Otto] hace su magia\u201d.<\/p>\n<p class=\"p1\">Romans insta a m\u00e1s organizaciones a conseguir un perro de instalaciones, sobre todo si trabajan con v\u00edctimas de secuestros, trata de seres humanos y otros abusos.<\/p>\n<div class=\"mceTemp\">\n<p class=\"p1\">Su nombre completo es Ottimo, pero a este perro mestizo de labrador y retriever se le suele llamar \u201cAwesome Otto\u201d. Es un compa\u00f1ero entrenado profesionalmente que ayuda a las v\u00edctimas de delitos, a los testigos y a otras personas necesitadas durante las entrevistas forenses a ni\u00f1os, los ex\u00e1menes m\u00e9dicos forenses y los procedimientos legales. <\/p>\n<p class=\"p1\">Otto tambi\u00e9n fue un invitado estrella en la formaci\u00f3n del Programa de Formaci\u00f3n y Asistencia T\u00e9cnica sobre Alertas AMBER de junio de 2017, Respuesta Multidisciplinar a V\u00edctimas de Alto Riesgo, en Columbus, Ohio.<\/p>\n<p class=\"p1\">Laura Romans es la directora del Servicio de V\u00edctimas de Delitos del Centro de Defensa Infantil Harcum House en Lancaster, Ohio. Lleva a Otto a las capacitaciones y cuando trabaja como entrevistadora forense de v\u00edctimas de abuso infantil. <\/p>\n<p class=\"p1\">\u201cTodo el mundo le quiere\u201d, dijo Romans. \u201cEs un apoyo emocional para los ni\u00f1os. Cuando \u00e9l est\u00e1 tranquilo, los ni\u00f1os est\u00e1n tranquilos. Les parece incre\u00edble que se acurruque con ellos\u201d. <\/p>\n<p class=\"p1\">El perro fue criado y entrenado espec\u00edficamente durante dos a\u00f1os por Canine Companions for Independence, una organizaci\u00f3n acreditada de Assistance Dogs International. Ha estado presente en m\u00e1s de 500 entrevistas a ni\u00f1os. <\/p>\n<\/div>\n<\/div>\n<\/div><\/div><\/div><\/div><\/div><\/div>","protected":false},"excerpt":{"rendered":"<p>Apenas un mes antes de que los huracanes Mar\u00eda e Irma provocaran una devastaci\u00f3n masiva en Puerto Rico, los agentes de la ley del territorio estadounidense hab\u00edan recibido afortunadamente formaci\u00f3n sobre c\u00f3mo encontrar a ni\u00f1os desaparecidos y secuestrados. El evento del Programa de Capacitaci\u00f3n y Asistencia T\u00e9cnica de Alerta AMBER, celebrado del 23 al 24 [&hellip;]<\/p>\n","protected":false},"author":10,"featured_media":1876,"comment_status":"closed","ping_status":"closed","sticky":false,"template":"","format":"standard","meta":{"_bbp_topic_count":0,"_bbp_reply_count":0,"_bbp_total_topic_count":0,"_bbp_total_reply_count":0,"_bbp_voice_count":0,"_bbp_anonymous_reply_count":0,"_bbp_topic_count_hidden":0,"_bbp_reply_count_hidden":0,"_bbp_forum_subforum_count":0,"_analytify_skip_tracking":false,"footnotes":""},"categories":[648,647],"tags":[],"class_list":["post-30395","post","type-post","status-publish","format-standard","has-post-thumbnail","hentry","category-alerta-amber-en-accion","category-caracteristica-ambar"],"meta_box":{"aa_theme_enable_blocks_editor":"","aa_theme_featured_img_position":""},"publishpress_future_workflow_manual_trigger":{"enabledWorkflows":[]},"_links":{"self":[{"href":"https:\/\/amberadvocate.org\/es\/wp-json\/wp\/v2\/posts\/30395","targetHints":{"allow":["GET"]}}],"collection":[{"href":"https:\/\/amberadvocate.org\/es\/wp-json\/wp\/v2\/posts"}],"about":[{"href":"https:\/\/amberadvocate.org\/es\/wp-json\/wp\/v2\/types\/post"}],"author":[{"embeddable":true,"href":"https:\/\/amberadvocate.org\/es\/wp-json\/wp\/v2\/users\/10"}],"replies":[{"embeddable":true,"href":"https:\/\/amberadvocate.org\/es\/wp-json\/wp\/v2\/comments?post=30395"}],"version-history":[{"count":0,"href":"https:\/\/amberadvocate.org\/es\/wp-json\/wp\/v2\/posts\/30395\/revisions"}],"wp:featuredmedia":[{"embeddable":true,"href":"https:\/\/amberadvocate.org\/es\/wp-json\/wp\/v2\/media\/1876"}],"wp:attachment":[{"href":"https:\/\/amberadvocate.org\/es\/wp-json\/wp\/v2\/media?parent=30395"}],"wp:term":[{"taxonomy":"category","embeddable":true,"href":"https:\/\/amberadvocate.org\/es\/wp-json\/wp\/v2\/categories?post=30395"},{"taxonomy":"post_tag","embeddable":true,"href":"https:\/\/amberadvocate.org\/es\/wp-json\/wp\/v2\/tags?post=30395"}],"curies":[{"name":"wp","href":"https:\/\/api.w.org\/{rel}","templated":true}]}}