{"id":30393,"date":"2017-12-12T13:42:52","date_gmt":"2017-12-12T19:42:52","guid":{"rendered":"https:\/\/amberadvocate.org\/sin-categorizar\/alerta-amber-internacional-otono-2017\/"},"modified":"2025-11-01T14:10:08","modified_gmt":"2025-11-01T19:10:08","slug":"alerta-amber-internacional-otono-2017","status":"publish","type":"post","link":"https:\/\/amberadvocate.org\/es\/internacional\/alerta-amber-internacional-otono-2017\/","title":{"rendered":"Alerta AMBER Internacional &#8211; Oto\u00f1o 2017"},"content":{"rendered":"<div id=\"pl-30393\"  class=\"panel-layout\" ><div id=\"pg-30393-0\"  class=\"panel-grid panel-no-style\" ><div id=\"pgc-30393-0-0\"  class=\"panel-grid-cell\" ><div id=\"panel-30393-0-0-0\" class=\"so-panel widget widget_sow-image panel-first-child panel-last-child\" data-index=\"0\" ><div\n\t\t\t\n\t\t\tclass=\"so-widget-sow-image so-widget-sow-image-default-8b5b6f678277-30393\"\n\t\t\t\n\t\t>\n<div class=\"sow-image-container\">\n\t\t<img \n\tsrc=\"https:\/\/amberadvocate.org\/wp-content\/uploads\/2017\/12\/international-lith-flag.jpg\" width=\"500\" height=\"500\" srcset=\"https:\/\/amberadvocate.org\/wp-content\/uploads\/2017\/12\/international-lith-flag.jpg 500w, https:\/\/amberadvocate.org\/wp-content\/uploads\/2017\/12\/international-lith-flag-150x150.jpg 150w, https:\/\/amberadvocate.org\/wp-content\/uploads\/2017\/12\/international-lith-flag-300x300.jpg 300w\" sizes=\"(max-width: 500px) 100vw, 500px\" alt=\"\" \t\tclass=\"so-widget-image\"\/>\n\t<\/div>\n\n<\/div><\/div><\/div><div id=\"pgc-30393-0-1\"  class=\"panel-grid-cell\" ><div id=\"panel-30393-0-1-0\" class=\"so-panel widget widget_sow-headline panel-first-child\" data-index=\"1\" ><div\n\t\t\t\n\t\t\tclass=\"so-widget-sow-headline so-widget-sow-headline-default-ed248003d19f-30393\"\n\t\t\t\n\t\t><div class=\"sow-headline-container \">\n\t\t\t\t\t\t\t<h2 class=\"sow-headline\">\n\t\t\t\t\t\tLITUANIA ACOGE LA FORMACI\u00d3N SOBRE LA ALERTA \u00c1MBAR PARA DIEZ NACIONES EUROPEAS\t\t\t\t\t\t<\/h2>\n\t\t\t\t\t\t\t\t\t\t\t<div class=\"decoration\">\n\t\t\t\t\t\t<div class=\"decoration-inside\"><\/div>\n\t\t\t\t\t<\/div>\n\t\t\t\t\t<\/div>\n<\/div><\/div><div id=\"panel-30393-0-1-1\" class=\"so-panel widget widget_sow-editor panel-last-child\" data-index=\"2\" ><div\n\t\t\t\n\t\t\tclass=\"so-widget-sow-editor so-widget-sow-editor-base\"\n\t\t\t\n\t\t>\n<div class=\"siteorigin-widget-tinymce textwidget\">\n\t<p><style> .entry-header{display:none;}<\/style>\n<\/p>\n<p class=\"p1\">Cuarenta agentes de polic\u00eda, as\u00ed como pol\u00edticos de diez pa\u00edses europeos, se reunieron para una formaci\u00f3n sobre Alerta AMBER el 24 de octubre de 2017. Charlie Hedges, Coordinador de la Red Policial de Alerta AMBER Europa, comparti\u00f3 las mejores pr\u00e1cticas sobre el manejo de casos de ni\u00f1os desaparecidos en la reuni\u00f3n celebrada en Vilna, Lituania. \"Una evaluaci\u00f3n r\u00e1pida del riesgo es crucial para identificar la respuesta correcta para salvar a un ni\u00f1o cuya vida corre peligro inmediato\", dijo Hedges.  <\/p>\n<\/div>\n<\/div><\/div><\/div><\/div><div id=\"pg-30393-1\"  class=\"panel-grid panel-no-style\" ><div id=\"pgc-30393-1-0\"  class=\"panel-grid-cell\" ><div id=\"panel-30393-1-0-0\" class=\"so-panel widget widget_sow-image panel-first-child panel-last-child\" data-index=\"3\" ><div\n\t\t\t\n\t\t\tclass=\"so-widget-sow-image so-widget-sow-image-default-8b5b6f678277-30393\"\n\t\t\t\n\t\t>\n<div class=\"sow-image-container\">\n\t\t<img \n\tsrc=\"https:\/\/amberadvocate.org\/wp-content\/uploads\/2017\/12\/international-parliament.jpg\" width=\"500\" height=\"500\" srcset=\"https:\/\/amberadvocate.org\/wp-content\/uploads\/2017\/12\/international-parliament.jpg 500w, https:\/\/amberadvocate.org\/wp-content\/uploads\/2017\/12\/international-parliament-150x150.jpg 150w, https:\/\/amberadvocate.org\/wp-content\/uploads\/2017\/12\/international-parliament-300x300.jpg 300w\" sizes=\"(max-width: 500px) 100vw, 500px\" alt=\"\" \t\tclass=\"so-widget-image\"\/>\n\t<\/div>\n\n<\/div><\/div><\/div><div id=\"pgc-30393-1-1\"  class=\"panel-grid-cell\" ><div id=\"panel-30393-1-1-0\" class=\"so-panel widget widget_sow-headline panel-first-child\" data-index=\"4\" ><div\n\t\t\t\n\t\t\tclass=\"so-widget-sow-headline so-widget-sow-headline-default-ed248003d19f-30393\"\n\t\t\t\n\t\t><div class=\"sow-headline-container \">\n\t\t\t\t\t\t\t<h2 class=\"sow-headline\">\n\t\t\t\t\t\tLOS RESPONSABLES EUROPEOS DE LA ALERTA \u00c1MBAR QUIEREN MEJORES NOTIFICACIONES PARA LOS NI\u00d1OS DESAPARECIDOS\t\t\t\t\t\t<\/h2>\n\t\t\t\t\t\t\t\t\t\t\t<div class=\"decoration\">\n\t\t\t\t\t\t<div class=\"decoration-inside\"><\/div>\n\t\t\t\t\t<\/div>\n\t\t\t\t\t<\/div>\n<\/div><\/div><div id=\"panel-30393-1-1-1\" class=\"so-panel widget widget_sow-editor panel-last-child\" data-index=\"5\" ><div\n\t\t\t\n\t\t\tclass=\"so-widget-sow-editor so-widget-sow-editor-base\"\n\t\t\t\n\t\t>\n<div class=\"siteorigin-widget-tinymce textwidget\">\n\t<p class=\"p1\">Los miembros de Alerta AMBER Europa est\u00e1n pidiendo al Parlamento Europeo que incluya a todos los ni\u00f1os desaparecidos en el sistema de notificaci\u00f3n del continente. Actualmente, los avisos solo se env\u00edan si la persona ha sido puesta bajo protecci\u00f3n o para prevenir amenazas. El Sistema de Informaci\u00f3n de Schengen (SIS) se utiliza para enviar mensajes en 29 pa\u00edses de toda Europa. \"Se denuncia la desaparici\u00f3n de al menos 250.000 ni\u00f1os cada a\u00f1o en la Uni\u00f3n Europea\", dijo Frank Hoen, Presidente de Alerta AMBER Europa. \"Instamos a los eurodiputados (Miembros del Parlamento Europeo) a que adopten una posici\u00f3n que garantice que todos los ni\u00f1os desaparecidos en situaci\u00f3n de riesgo puedan ser incluidos en el SIS a petici\u00f3n de las autoridades competentes\".    <\/p>\n<\/div>\n<\/div><\/div><\/div><\/div><div id=\"pg-30393-2\"  class=\"panel-grid panel-no-style\" ><div id=\"pgc-30393-2-0\"  class=\"panel-grid-cell\" ><div id=\"panel-30393-2-0-0\" class=\"so-panel widget widget_sow-image panel-first-child panel-last-child\" data-index=\"6\" ><div\n\t\t\t\n\t\t\tclass=\"so-widget-sow-image so-widget-sow-image-default-8b5b6f678277-30393\"\n\t\t\t\n\t\t>\n<div class=\"sow-image-container\">\n\t\t<img \n\tsrc=\"https:\/\/amberadvocate.org\/wp-content\/uploads\/2017\/12\/international-austria.jpg\" width=\"500\" height=\"500\" srcset=\"https:\/\/amberadvocate.org\/wp-content\/uploads\/2017\/12\/international-austria.jpg 500w, https:\/\/amberadvocate.org\/wp-content\/uploads\/2017\/12\/international-austria-150x150.jpg 150w, https:\/\/amberadvocate.org\/wp-content\/uploads\/2017\/12\/international-austria-300x300.jpg 300w\" sizes=\"(max-width: 500px) 100vw, 500px\" alt=\"\" \t\tclass=\"so-widget-image\"\/>\n\t<\/div>\n\n<\/div><\/div><\/div><div id=\"pgc-30393-2-1\"  class=\"panel-grid-cell\" ><div id=\"panel-30393-2-1-0\" class=\"so-panel widget widget_sow-headline panel-first-child\" data-index=\"7\" ><div\n\t\t\t\n\t\t\tclass=\"so-widget-sow-headline so-widget-sow-headline-default-ed248003d19f-30393\"\n\t\t\t\n\t\t><div class=\"sow-headline-container \">\n\t\t\t\t\t\t\t<h2 class=\"sow-headline\">\n\t\t\t\t\t\tLA ORGANIZACI\u00d3N DE B\u00daSQUEDA AUSTRIACA SE ASOCIA A LA ALERTA \u00c1MBAR\t\t\t\t\t\t<\/h2>\n\t\t\t\t\t\t\t\t\t\t\t<div class=\"decoration\">\n\t\t\t\t\t\t<div class=\"decoration-inside\"><\/div>\n\t\t\t\t\t<\/div>\n\t\t\t\t\t<\/div>\n<\/div><\/div><div id=\"panel-30393-2-1-1\" class=\"so-panel widget widget_sow-editor panel-last-child\" data-index=\"8\" ><div\n\t\t\t\n\t\t\tclass=\"so-widget-sow-editor so-widget-sow-editor-base\"\n\t\t\t\n\t\t>\n<div class=\"siteorigin-widget-tinymce textwidget\">\n\t<p class=\"p1\">Una organizaci\u00f3n de b\u00fasqueda austriaca firm\u00f3 un acuerdo para convertirse en el 29\u00ba socio de Alerta AMBER Europa. \"\u00d6sterreich Findet Euch\" comenz\u00f3 originalmente en 1944 para ayudar a los ni\u00f1os a encontrar a sus padres que sirvieron en la Segunda Guerra Mundial. En 2015, la organizaci\u00f3n comenz\u00f3 a utilizar los mismos principios que Alerta AMBER Europa. El documento del 14 de septiembre de 2017 formaliza que el grupo participar\u00e1 ahora en todos los m\u00e9todos de comunicaci\u00f3n utilizados por Alerta AMBER Europa.   <\/p>\n<\/div>\n<\/div><\/div><\/div><\/div><\/div>","protected":false},"excerpt":{"rendered":"<p>Cuarenta agentes de polic\u00eda, as\u00ed como pol\u00edticos de diez pa\u00edses europeos, se reunieron para una formaci\u00f3n sobre Alerta AMBER el 24 de octubre de 2017. Charlie Hedges, Coordinador de la Red Policial de Alerta AMBER Europa, comparti\u00f3 las mejores pr\u00e1cticas sobre el manejo de casos de ni\u00f1os desaparecidos en la reuni\u00f3n celebrada en Vilna, Lituania. [&hellip;]<\/p>\n","protected":false},"author":10,"featured_media":1920,"comment_status":"closed","ping_status":"closed","sticky":false,"template":"","format":"standard","meta":{"_bbp_topic_count":0,"_bbp_reply_count":0,"_bbp_total_topic_count":0,"_bbp_total_reply_count":0,"_bbp_voice_count":0,"_bbp_anonymous_reply_count":0,"_bbp_topic_count_hidden":0,"_bbp_reply_count_hidden":0,"_bbp_forum_subforum_count":0,"_analytify_skip_tracking":false,"footnotes":""},"categories":[651],"tags":[],"class_list":["post-30393","post","type-post","status-publish","format-standard","has-post-thumbnail","hentry","category-internacional"],"meta_box":{"aa_theme_enable_blocks_editor":"","aa_theme_featured_img_position":""},"publishpress_future_workflow_manual_trigger":{"enabledWorkflows":[]},"_links":{"self":[{"href":"https:\/\/amberadvocate.org\/es\/wp-json\/wp\/v2\/posts\/30393","targetHints":{"allow":["GET"]}}],"collection":[{"href":"https:\/\/amberadvocate.org\/es\/wp-json\/wp\/v2\/posts"}],"about":[{"href":"https:\/\/amberadvocate.org\/es\/wp-json\/wp\/v2\/types\/post"}],"author":[{"embeddable":true,"href":"https:\/\/amberadvocate.org\/es\/wp-json\/wp\/v2\/users\/10"}],"replies":[{"embeddable":true,"href":"https:\/\/amberadvocate.org\/es\/wp-json\/wp\/v2\/comments?post=30393"}],"version-history":[{"count":0,"href":"https:\/\/amberadvocate.org\/es\/wp-json\/wp\/v2\/posts\/30393\/revisions"}],"wp:featuredmedia":[{"embeddable":true,"href":"https:\/\/amberadvocate.org\/es\/wp-json\/wp\/v2\/media\/1920"}],"wp:attachment":[{"href":"https:\/\/amberadvocate.org\/es\/wp-json\/wp\/v2\/media?parent=30393"}],"wp:term":[{"taxonomy":"category","embeddable":true,"href":"https:\/\/amberadvocate.org\/es\/wp-json\/wp\/v2\/categories?post=30393"},{"taxonomy":"post_tag","embeddable":true,"href":"https:\/\/amberadvocate.org\/es\/wp-json\/wp\/v2\/tags?post=30393"}],"curies":[{"name":"wp","href":"https:\/\/api.w.org\/{rel}","templated":true}]}}