{"id":30392,"date":"2017-12-12T14:03:57","date_gmt":"2017-12-12T20:03:57","guid":{"rendered":"https:\/\/amberadvocate.org\/sin-categorizar\/alerta-amber-en-el-pais-indio-otono-2017\/"},"modified":"2025-11-01T14:10:07","modified_gmt":"2025-11-01T19:10:07","slug":"alerta-amber-en-el-pais-indio-otono-2017","status":"publish","type":"post","link":"https:\/\/amberadvocate.org\/es\/pais-indio\/alerta-amber-en-el-pais-indio-otono-2017\/","title":{"rendered":"Alerta AMBER en el Pa\u00eds Indio &#8211; Oto\u00f1o 2017"},"content":{"rendered":"<div id=\"pl-30392\"  class=\"panel-layout\" ><div id=\"pg-30392-0\"  class=\"panel-grid panel-no-style\" ><div id=\"pgc-30392-0-0\"  class=\"panel-grid-cell\" ><div id=\"panel-30392-0-0-0\" class=\"so-panel widget widget_sow-headline panel-first-child\" data-index=\"0\" ><div\n\t\t\t\n\t\t\tclass=\"so-widget-sow-headline so-widget-sow-headline-default-87aefc6bf6ae-30392\"\n\t\t\t\n\t\t><div class=\"sow-headline-container \">\n\t\t\t\t\t\t\t<h2 class=\"sow-headline\">\n\t\t\t\t\t\tNUEVO APRENDIZAJE ELECTR\u00d3NICO PARA LAS FUERZAS DEL ORDEN TRIBALES Y LOS ESFUERZOS COMUNITARIOS DE PROTECCI\u00d3N DE LA INFANCIA\t\t\t\t\t\t<\/h2>\n\t\t\t\t\t\t\t\t\t\t\t<div class=\"decoration\">\n\t\t\t\t\t\t<div class=\"decoration-inside\"><\/div>\n\t\t\t\t\t<\/div>\n\t\t\t\t\t<\/div>\n<\/div><\/div><div id=\"panel-30392-0-0-1\" class=\"so-panel widget widget_sow-editor panel-last-child\" data-index=\"1\" ><div\n\t\t\t\n\t\t\tclass=\"so-widget-sow-editor so-widget-sow-editor-base\"\n\t\t\t\n\t\t>\n<div class=\"siteorigin-widget-tinymce textwidget\">\n\t<p class=\"p1\">El Programa de Capacitaci\u00f3n y Asistencia T\u00e9cnica de Alerta AMBER a\u00f1adi\u00f3 dos nuevas oportunidades de formaci\u00f3n en l\u00ednea a su gama de cursos de aprendizaje electr\u00f3nico en septiembre de 2017. Estas dos formaciones de una hora est\u00e1n dise\u00f1adas exclusivamente para las fuerzas del orden tribales y otras personas que trabajan en los esfuerzos de protecci\u00f3n infantil en las comunidades tribales. Para obtener informaci\u00f3n completa e inscribirse, visite la <a href=\"https:\/\/amber-ic.org\/resources\/training-2\/\" target=\"_blank\" rel=\"noopener\">p\u00e1gina de formaci\u00f3n del sitio web de Alerta AMBER en Territorio Indio<\/a>.  <\/p>\n<p class=\"p1\">\n<\/div>\n<\/div><\/div><\/div><\/div><div id=\"pg-30392-1\"  class=\"panel-grid panel-has-style\" ><div class=\"panel-row-style panel-row-style-for-30392-1\" ><div id=\"pgc-30392-1-0\"  class=\"panel-grid-cell\" ><div id=\"panel-30392-1-0-0\" class=\"so-panel widget widget_sow-image panel-first-child panel-last-child\" data-index=\"2\" ><div\n\t\t\t\n\t\t\tclass=\"so-widget-sow-image so-widget-sow-image-default-8b5b6f678277-30392\"\n\t\t\t\n\t\t>\n<div class=\"sow-image-container\">\n\t\t<img \n\tsrc=\"https:\/\/amberadvocate.org\/wp-content\/uploads\/2017\/12\/IC-thumb.jpg\" width=\"500\" height=\"500\" srcset=\"https:\/\/amberadvocate.org\/wp-content\/uploads\/2017\/12\/IC-thumb.jpg 500w, https:\/\/amberadvocate.org\/wp-content\/uploads\/2017\/12\/IC-thumb-150x150.jpg 150w, https:\/\/amberadvocate.org\/wp-content\/uploads\/2017\/12\/IC-thumb-300x300.jpg 300w\" sizes=\"(max-width: 500px) 100vw, 500px\" title=\"Miniatura-CI\" alt=\"\" \t\tclass=\"so-widget-image\"\/>\n\t<\/div>\n\n<\/div><\/div><\/div><div id=\"pgc-30392-1-1\"  class=\"panel-grid-cell\" ><div id=\"panel-30392-1-1-0\" class=\"so-panel widget widget_sow-headline panel-first-child\" data-index=\"3\" ><div\n\t\t\t\n\t\t\tclass=\"so-widget-sow-headline so-widget-sow-headline-default-74e8bc524070-30392\"\n\t\t\t\n\t\t><div class=\"sow-headline-container \">\n\t\t\t\t\t\t\t<h4 class=\"sow-headline\">\n\t\t\t\t\t\tRESPUESTA DE LAS FUERZAS DE SEGURIDAD Y DE LA COMUNIDAD A LA TRATA Y EXPLOTACI\u00d3N SEXUAL INFANTIL EN EL PA\u00cdS INDIO\t\t\t\t\t\t<\/h4>\n\t\t\t\t\t\t\t\t\t\t\t<div class=\"decoration\">\n\t\t\t\t\t\t<div class=\"decoration-inside\"><\/div>\n\t\t\t\t\t<\/div>\n\t\t\t\t\t<\/div>\n<\/div><\/div><div id=\"panel-30392-1-1-1\" class=\"so-panel widget widget_sow-editor panel-last-child\" data-index=\"4\" ><div\n\t\t\t\n\t\t\tclass=\"so-widget-sow-editor so-widget-sow-editor-base\"\n\t\t\t\n\t\t>\n<div class=\"siteorigin-widget-tinymce textwidget\">\n\t<p class=\"p1\">Este curso autodirigido de una hora est\u00e1 dise\u00f1ado para proporcionar al personal de protecci\u00f3n infantil que trabaja en o con comunidades nativas americanas y nativas de Alaska una comprensi\u00f3n de los problemas hist\u00f3ricos y actuales de la trata y explotaci\u00f3n sexual infantil en Territorio Indio, y para ofrecer una cuidadosa consideraci\u00f3n de estrategias importantes para crear conciencia sobre el problema y apoyar a las comunidades tribales en la identificaci\u00f3n y denuncia de sospechas o conocimientos de trata y explotaci\u00f3n. El curso proporciona consideraciones importantes para las fuerzas del orden en el trabajo con la comunidad en estos esfuerzos de concienciaci\u00f3n e identificaci\u00f3n, as\u00ed como para la preparaci\u00f3n de una respuesta eficaz para recuperar con seguridad a las v\u00edctimas, interceptar estos delitos y procesar a los delincuentes. <\/p>\n<\/div>\n<\/div><\/div><\/div><\/div><\/div><div id=\"pg-30392-2\"  class=\"panel-grid panel-has-style\" ><div class=\"panel-row-style panel-row-style-for-30392-2\" ><div id=\"pgc-30392-2-0\"  class=\"panel-grid-cell\" ><div id=\"panel-30392-2-0-0\" class=\"so-panel widget widget_sow-image panel-first-child panel-last-child\" data-index=\"5\" ><div\n\t\t\t\n\t\t\tclass=\"so-widget-sow-image so-widget-sow-image-default-8b5b6f678277-30392\"\n\t\t\t\n\t\t>\n<div class=\"sow-image-container\">\n\t\t<img \n\tsrc=\"https:\/\/amberadvocate.org\/wp-content\/uploads\/2017\/12\/IC-building.jpg\" width=\"500\" height=\"500\" srcset=\"https:\/\/amberadvocate.org\/wp-content\/uploads\/2017\/12\/IC-building.jpg 500w, https:\/\/amberadvocate.org\/wp-content\/uploads\/2017\/12\/IC-building-150x150.jpg 150w, https:\/\/amberadvocate.org\/wp-content\/uploads\/2017\/12\/IC-building-300x300.jpg 300w\" sizes=\"(max-width: 500px) 100vw, 500px\" alt=\"\" \t\tclass=\"so-widget-image\"\/>\n\t<\/div>\n\n<\/div><\/div><\/div><div id=\"pgc-30392-2-1\"  class=\"panel-grid-cell\" ><div id=\"panel-30392-2-1-0\" class=\"so-panel widget widget_sow-headline panel-first-child\" data-index=\"6\" ><div\n\t\t\t\n\t\t\tclass=\"so-widget-sow-headline so-widget-sow-headline-default-74e8bc524070-30392\"\n\t\t\t\n\t\t><div class=\"sow-headline-container \">\n\t\t\t\t\t\t\t<h4 class=\"sow-headline\">\n\t\t\t\t\t\tCREACI\u00d3N DE LA ALERTA \u00c1MBAR EN EL PA\u00cdS INDIO\t\t\t\t\t\t<\/h4>\n\t\t\t\t\t\t\t\t\t\t\t<div class=\"decoration\">\n\t\t\t\t\t\t<div class=\"decoration-inside\"><\/div>\n\t\t\t\t\t<\/div>\n\t\t\t\t\t<\/div>\n<\/div><\/div><div id=\"panel-30392-2-1-1\" class=\"so-panel widget widget_sow-editor panel-last-child\" data-index=\"7\" ><div\n\t\t\t\n\t\t\tclass=\"so-widget-sow-editor so-widget-sow-editor-base\"\n\t\t\t\n\t\t>\n<div class=\"siteorigin-widget-tinymce textwidget\">\n\t<p class=\"p1\">Este curso autodirigido de una hora de duraci\u00f3n est\u00e1 dise\u00f1ado para proporcionar al personal de protecci\u00f3n de menores que trabaja en o con comunidades nativas americanas y nativas de Alaska una comprensi\u00f3n de los esfuerzos tanto hist\u00f3ricos como en curso para establecer sistemas de Alerta AMBER en el Pa\u00eds Indio, y para ofrecer una cuidadosa consideraci\u00f3n de los componentes clave necesarios para aplicar una estrategia de recuperaci\u00f3n del secuestro de menores con \u00e9xito en esas comunidades.<\/p>\n<\/div>\n<\/div><\/div><\/div><\/div><\/div><\/div>","protected":false},"excerpt":{"rendered":"<p>El Programa de Capacitaci\u00f3n y Asistencia T\u00e9cnica de Alerta AMBER a\u00f1adi\u00f3 dos nuevas oportunidades de formaci\u00f3n en l\u00ednea a su gama de cursos de aprendizaje electr\u00f3nico en septiembre de 2017. Estas dos formaciones de una hora est\u00e1n dise\u00f1adas exclusivamente para las fuerzas del orden tribales y otras personas que trabajan en los esfuerzos de protecci\u00f3n [&hellip;]<\/p>\n","protected":false},"author":10,"featured_media":1941,"comment_status":"closed","ping_status":"closed","sticky":false,"template":"","format":"standard","meta":{"_bbp_topic_count":0,"_bbp_reply_count":0,"_bbp_total_topic_count":0,"_bbp_total_reply_count":0,"_bbp_voice_count":0,"_bbp_anonymous_reply_count":0,"_bbp_topic_count_hidden":0,"_bbp_reply_count_hidden":0,"_bbp_forum_subforum_count":0,"_analytify_skip_tracking":false,"footnotes":""},"categories":[653],"tags":[],"class_list":["post-30392","post","type-post","status-publish","format-standard","has-post-thumbnail","hentry","category-pais-indio"],"meta_box":{"aa_theme_enable_blocks_editor":"","aa_theme_featured_img_position":""},"publishpress_future_workflow_manual_trigger":{"enabledWorkflows":[]},"_links":{"self":[{"href":"https:\/\/amberadvocate.org\/es\/wp-json\/wp\/v2\/posts\/30392","targetHints":{"allow":["GET"]}}],"collection":[{"href":"https:\/\/amberadvocate.org\/es\/wp-json\/wp\/v2\/posts"}],"about":[{"href":"https:\/\/amberadvocate.org\/es\/wp-json\/wp\/v2\/types\/post"}],"author":[{"embeddable":true,"href":"https:\/\/amberadvocate.org\/es\/wp-json\/wp\/v2\/users\/10"}],"replies":[{"embeddable":true,"href":"https:\/\/amberadvocate.org\/es\/wp-json\/wp\/v2\/comments?post=30392"}],"version-history":[{"count":0,"href":"https:\/\/amberadvocate.org\/es\/wp-json\/wp\/v2\/posts\/30392\/revisions"}],"wp:featuredmedia":[{"embeddable":true,"href":"https:\/\/amberadvocate.org\/es\/wp-json\/wp\/v2\/media\/1941"}],"wp:attachment":[{"href":"https:\/\/amberadvocate.org\/es\/wp-json\/wp\/v2\/media?parent=30392"}],"wp:term":[{"taxonomy":"category","embeddable":true,"href":"https:\/\/amberadvocate.org\/es\/wp-json\/wp\/v2\/categories?post=30392"},{"taxonomy":"post_tag","embeddable":true,"href":"https:\/\/amberadvocate.org\/es\/wp-json\/wp\/v2\/tags?post=30392"}],"curies":[{"name":"wp","href":"https:\/\/api.w.org\/{rel}","templated":true}]}}