{"id":30380,"date":"2018-04-05T17:37:30","date_gmt":"2018-04-05T22:37:30","guid":{"rendered":"https:\/\/amberadvocate.org\/sin-categorizar\/alerta-amber-en-el-pais-indio-primavera-2018\/"},"modified":"2025-11-01T14:08:41","modified_gmt":"2025-11-01T19:08:41","slug":"alerta-amber-en-el-pais-indio-primavera-2018","status":"publish","type":"post","link":"https:\/\/amberadvocate.org\/es\/pais-indio\/alerta-amber-en-el-pais-indio-primavera-2018\/","title":{"rendered":"Alerta AMBER en el Pa\u00eds Indio &#8211; Primavera 2018"},"content":{"rendered":"<div id=\"pl-30380\"  class=\"panel-layout\" ><div id=\"pg-30380-0\"  class=\"panel-grid panel-has-style\" ><div class=\"panel-row-style panel-row-style-for-30380-0\" ><div id=\"pgc-30380-0-0\"  class=\"panel-grid-cell\" ><div id=\"panel-30380-0-0-0\" class=\"so-panel widget widget_sow-headline panel-first-child\" data-index=\"0\" ><div\n\t\t\t\n\t\t\tclass=\"so-widget-sow-headline so-widget-sow-headline-default-87aefc6bf6ae-30380\"\n\t\t\t\n\t\t><div class=\"sow-headline-container \">\n\t\t\t\t\t\t\t<h2 class=\"sow-headline\">\n\t\t\t\t\t\tEl Sistema de Alerta AMBER de Navajo ya est\u00e1 operativo\t\t\t\t\t\t<\/h2>\n\t\t\t\t\t\t\t\t\t\t\t<div class=\"decoration\">\n\t\t\t\t\t\t<div class=\"decoration-inside\"><\/div>\n\t\t\t\t\t<\/div>\n\t\t\t\t\t<\/div>\n<\/div><\/div><div id=\"panel-30380-0-0-1\" class=\"so-panel widget widget_sow-editor panel-last-child\" data-index=\"1\" ><div\n\t\t\t\n\t\t\tclass=\"so-widget-sow-editor so-widget-sow-editor-base\"\n\t\t\t\n\t\t>\n<div class=\"siteorigin-widget-tinymce textwidget\">\n\t<p class=\"p1\"><img decoding=\"async\" class=\" wp-image-2500 alignleft\" src=\"https:\/\/amberadvocate.org\/wp-content\/uploads\/2018\/04\/Great_Seal_of_the_Navajo_Nation.png\" alt=\"\" width=\"321\" height=\"321\" srcset=\"https:\/\/amberadvocate.org\/wp-content\/uploads\/2018\/04\/Great_Seal_of_the_Navajo_Nation.png 1920w, https:\/\/amberadvocate.org\/wp-content\/uploads\/2018\/04\/Great_Seal_of_the_Navajo_Nation-150x150.png 150w, https:\/\/amberadvocate.org\/wp-content\/uploads\/2018\/04\/Great_Seal_of_the_Navajo_Nation-300x300.png 300w, https:\/\/amberadvocate.org\/wp-content\/uploads\/2018\/04\/Great_Seal_of_the_Navajo_Nation-768x768.png 768w, https:\/\/amberadvocate.org\/wp-content\/uploads\/2018\/04\/Great_Seal_of_the_Navajo_Nation-1024x1024.png 1024w\" sizes=\"(max-width: 321px) 100vw, 321px\" \/>La Naci\u00f3n Navajo ahora puede emitir sus propias Alertas AMBER cuando un ni\u00f1o es secuestrado en tierras tribales. El sistema de Alerta AMBER est\u00e1 en vigor para los once condados que cubren la reserva en Arizona y Utah. <\/p>\n<p class=\"p1\">Seg\u00fan Harlan Cleveland, Coordinador de Emergencias y Director en funciones del Departamento de Gesti\u00f3n de Emergencias de la Naci\u00f3n Navajo, el sistema est\u00e1 operativo desde principios de 2018.<\/p>\n<p class=\"p1\">\"En caso de que necesitemos emitir una Alerta AMBER, podemos emitirla en (la) Naci\u00f3n Navajo\", dijo Cleveland.<\/p>\n<p class=\"p1\">La Naci\u00f3n Navajo a\u00fan no ha emitido una Alerta AMBER, pero s\u00ed emiti\u00f3 un Aviso de Persona Desaparecida en Peligro el 26 de enero de 2018. Un hombre se llev\u00f3 a su hija de 15 meses a pesar de no tener la custodia legal. El sospechoso y la ni\u00f1a fueron encontrados a la ma\u00f1ana siguiente y dos personas fueron arrestadas.  <\/p>\n<\/div>\n<\/div><\/div><\/div><\/div><\/div><div id=\"pg-30380-1\"  class=\"panel-grid panel-has-style\" ><div class=\"panel-row-style panel-row-style-for-30380-1\" ><div id=\"pgc-30380-1-0\"  class=\"panel-grid-cell\" ><div id=\"panel-30380-1-0-0\" class=\"so-panel widget widget_sow-headline panel-first-child\" data-index=\"2\" ><div\n\t\t\t\n\t\t\tclass=\"so-widget-sow-headline so-widget-sow-headline-default-87aefc6bf6ae-30380\"\n\t\t\t\n\t\t><div class=\"sow-headline-container \">\n\t\t\t\t\t\t\t<h2 class=\"sow-headline\">\n\t\t\t\t\t\tSe propone la \"Ley de Savanna\" como forma de encontrar a mujeres y ni\u00f1os desaparecidos en el Pa\u00eds Indio\t\t\t\t\t\t<\/h2>\n\t\t\t\t\t\t\t\t\t\t\t<div class=\"decoration\">\n\t\t\t\t\t\t<div class=\"decoration-inside\"><\/div>\n\t\t\t\t\t<\/div>\n\t\t\t\t\t<\/div>\n<\/div><\/div><div id=\"panel-30380-1-0-1\" class=\"so-panel widget widget_sow-editor panel-last-child\" data-index=\"3\" ><div\n\t\t\t\n\t\t\tclass=\"so-widget-sow-editor so-widget-sow-editor-base\"\n\t\t\t\n\t\t>\n<div class=\"siteorigin-widget-tinymce textwidget\">\n\t<p class=\"p1\">Los senadores estadounidenses de Nuevo M\u00e9xico, Dakota del Norte, Montana y Minnesota patrocinan el proyecto de ley \"Ley de Savannah\", que exige al gobierno federal que adopte un papel m\u00e1s activo para abordar y combatir los \u00edndices innecesariamente elevados de violencia que sufren las mujeres ind\u00edgenas de Am\u00e9rica.<\/p>\n<p class=\"p1\">El proyecto de ley lleva el nombre de Savanna LaFontaine-Greywind, de 22 a\u00f1os, miembro de la tribu Spirit Lake de Dakota del Norte. El 19 de agosto de 2017, su familia denunci\u00f3 su desaparici\u00f3n. Cinco d\u00edas despu\u00e9s, la hija de Savanna fue encontrada en el apartamento de un vecino. Una semana despu\u00e9s, la polic\u00eda encontr\u00f3 el cuerpo de Savanna.   <\/p>\n<p class=\"p1\">La familia de Savanna cree que las cosas podr\u00edan haber acabado de otro modo si la polic\u00eda se hubiera tomado m\u00e1s en serio la denuncia de desaparici\u00f3n e iniciado una b\u00fasqueda m\u00e1s exhaustiva.<\/p>\n<p class=\"p1\">La \"Ley de Savanna\" incluye las siguientes acciones:<\/p>\n<ul>\n<li class=\"p3\">Mejorar el acceso de las tribus a determinadas bases de datos federales de informaci\u00f3n sobre antecedentes penales.<\/li>\n<li class=\"p3\">Crear protocolos normalizados para responder a los casos de nativos americanos desaparecidos y asesinados.<\/li>\n<li class=\"p3\">Elaborar un informe anual para el Congreso con datos sobre mujeres nativas desaparecidas y asesinadas.<\/li>\n<\/ul>\n<p class=\"p1\">Los Centros para el Control y la Prevenci\u00f3n de Enfermedades determinaron que el homicidio es la tercera causa de muerte entre las mujeres ind\u00edgenas americanas y nativas de Alaska de entre 10 y 24 a\u00f1os, y la quinta causa de muerte entre las mujeres ind\u00edgenas americanas y nativas de Alaska de entre 25 y 34 a\u00f1os.<\/p>\n<p class=\"p1\">El informe de 2010 de la Oficina de Rendici\u00f3n de Cuentas del Gobierno concluy\u00f3 que los fiscales estadounidenses se negaban a procesar casi el 52% de los delitos violentos que se produc\u00edan en territorio ind\u00edgena.<\/p>\n<\/div>\n<\/div><\/div><\/div><\/div><\/div><div id=\"pg-30380-2\"  class=\"panel-grid panel-has-style\" ><div class=\"panel-row-style panel-row-style-for-30380-2\" ><div id=\"pgc-30380-2-0\"  class=\"panel-grid-cell\" ><div id=\"panel-30380-2-0-0\" class=\"so-panel widget widget_sow-headline panel-first-child\" data-index=\"4\" ><div\n\t\t\t\n\t\t\tclass=\"so-widget-sow-headline so-widget-sow-headline-default-87aefc6bf6ae-30380\"\n\t\t\t\n\t\t><div class=\"sow-headline-container \">\n\t\t\t\t\t\t\t<h2 class=\"sow-headline\">\n\t\t\t\t\t\tLa madre de Ashlynne Mike asiste al discurso del Presidente Trump sobre el Estado de la Uni\u00f3n\t\t\t\t\t\t<\/h2>\n\t\t\t\t\t\t\t\t\t\t\t<div class=\"decoration\">\n\t\t\t\t\t\t<div class=\"decoration-inside\"><\/div>\n\t\t\t\t\t<\/div>\n\t\t\t\t\t<\/div>\n<\/div><\/div><div id=\"panel-30380-2-0-1\" class=\"so-panel widget widget_sow-editor panel-last-child\" data-index=\"5\" ><div\n\t\t\t\n\t\t\tclass=\"so-widget-sow-editor so-widget-sow-editor-base\"\n\t\t\t\n\t\t>\n<div class=\"siteorigin-widget-tinymce textwidget\">\n\t<figure id=\"attachment_27370\" aria-describedby=\"caption-attachment-27370\" style=\"width: 2000px\" class=\"wp-caption alignleft\"><img decoding=\"async\" class=\"size-full wp-image-2505\" src=\"https:\/\/amberadvocate.org\/wp-content\/uploads\/2018\/04\/AA33-aiic-pam.jpg\" alt=\"\" width=\"2000\" height=\"880\" srcset=\"https:\/\/amberadvocate.org\/wp-content\/uploads\/2018\/04\/AA33-aiic-pam.jpg 2000w, https:\/\/amberadvocate.org\/wp-content\/uploads\/2018\/04\/AA33-aiic-pam-300x132.jpg 300w, https:\/\/amberadvocate.org\/wp-content\/uploads\/2018\/04\/AA33-aiic-pam-768x338.jpg 768w, https:\/\/amberadvocate.org\/wp-content\/uploads\/2018\/04\/AA33-aiic-pam-1024x451.jpg 1024w\" sizes=\"(max-width: 2000px) 100vw, 2000px\" \/><figcaption id=\"caption-attachment-27370\" class=\"wp-caption-text\">Pamela Foster, madre de Ashlynnne Mike, de 11 a\u00f1os de edad<\/figcaption><\/figure>\n<p class=\"p1\">Pamela Foster, madre de Ashlynne Mike, de 11 a\u00f1os, secuestrada y asesinada en la reserva de la Naci\u00f3n Navajo en mayo de 2016, asisti\u00f3 al primer discurso del Presidente Trump sobre el Estado de la Uni\u00f3n, el 30 de enero de 2017, en Washington D.C. Junto con ella, legisladores de Arizona y funcionarios encargados de hacer cumplir la ley defendieron con \u00e9xito la Ley de Alerta AMBER en el Pa\u00eds Indio que, si se convierte en ley, ampliar\u00e1 las Alertas AMBER a las comunidades ind\u00edgenas estadounidenses y las apoyar\u00e1 en el desarrollo de estrategias integrales de recuperaci\u00f3n de menores.<\/p>\n<p class=\"p1\">\u201cEs un gran honor asistir a este evento hist\u00f3rico\u201d, dijo Foster. \u201cEspero aprovechar mi tiempo en Washington para abogar por la aprobaci\u00f3n de esta legislaci\u00f3n en la C\u00e1mara para que el presidente Trump pueda convertirla en ley\u201d. <\/p>\n<p class=\"p1\">Foster fue invitado por el representante de Arizona Andy Biggs. \u201cCreo que estamos muy cerca de aprobar esta ley que salva vidas\u201d, dijo Biggs. \u201cNing\u00fan ni\u00f1o, independientemente de su raza, etnia, sexo o lugar de nacimiento, debe estar fuera de la protecci\u00f3n y jurisdicci\u00f3n del sistema de Alerta AMBER\u201d.  <\/p>\n<\/div>\n<\/div><\/div><\/div><\/div><\/div><\/div>","protected":false},"excerpt":{"rendered":"<p>La Naci\u00f3n Navajo ahora puede emitir sus propias Alertas AMBER cuando un ni\u00f1o es secuestrado en tierras tribales. El sistema de Alerta AMBER est\u00e1 en vigor para los once condados que cubren la reserva en Arizona y Utah. Seg\u00fan Harlan Cleveland, Coordinador de Emergencias y Director en funciones del Departamento de Gesti\u00f3n de Emergencias de [&hellip;]<\/p>\n","protected":false},"author":10,"featured_media":2508,"comment_status":"closed","ping_status":"closed","sticky":false,"template":"","format":"standard","meta":{"_bbp_topic_count":0,"_bbp_reply_count":0,"_bbp_total_topic_count":0,"_bbp_total_reply_count":0,"_bbp_voice_count":0,"_bbp_anonymous_reply_count":0,"_bbp_topic_count_hidden":0,"_bbp_reply_count_hidden":0,"_bbp_forum_subforum_count":0,"_analytify_skip_tracking":false,"footnotes":""},"categories":[653],"tags":[],"class_list":["post-30380","post","type-post","status-publish","format-standard","has-post-thumbnail","hentry","category-pais-indio"],"meta_box":{"aa_theme_enable_blocks_editor":"","aa_theme_featured_img_position":""},"publishpress_future_workflow_manual_trigger":{"enabledWorkflows":[]},"_links":{"self":[{"href":"https:\/\/amberadvocate.org\/es\/wp-json\/wp\/v2\/posts\/30380","targetHints":{"allow":["GET"]}}],"collection":[{"href":"https:\/\/amberadvocate.org\/es\/wp-json\/wp\/v2\/posts"}],"about":[{"href":"https:\/\/amberadvocate.org\/es\/wp-json\/wp\/v2\/types\/post"}],"author":[{"embeddable":true,"href":"https:\/\/amberadvocate.org\/es\/wp-json\/wp\/v2\/users\/10"}],"replies":[{"embeddable":true,"href":"https:\/\/amberadvocate.org\/es\/wp-json\/wp\/v2\/comments?post=30380"}],"version-history":[{"count":0,"href":"https:\/\/amberadvocate.org\/es\/wp-json\/wp\/v2\/posts\/30380\/revisions"}],"wp:featuredmedia":[{"embeddable":true,"href":"https:\/\/amberadvocate.org\/es\/wp-json\/wp\/v2\/media\/2508"}],"wp:attachment":[{"href":"https:\/\/amberadvocate.org\/es\/wp-json\/wp\/v2\/media?parent=30380"}],"wp:term":[{"taxonomy":"category","embeddable":true,"href":"https:\/\/amberadvocate.org\/es\/wp-json\/wp\/v2\/categories?post=30380"},{"taxonomy":"post_tag","embeddable":true,"href":"https:\/\/amberadvocate.org\/es\/wp-json\/wp\/v2\/tags?post=30380"}],"curies":[{"name":"wp","href":"https:\/\/api.w.org\/{rel}","templated":true}]}}