{"id":30379,"date":"2018-04-05T17:48:35","date_gmt":"2018-04-05T22:48:35","guid":{"rendered":"https:\/\/amberadvocate.org\/sin-categorizar\/alerta-amber-internacional-primavera-2018\/"},"modified":"2025-11-01T14:08:51","modified_gmt":"2025-11-01T19:08:51","slug":"alerta-amber-internacional-primavera-2018","status":"publish","type":"post","link":"https:\/\/amberadvocate.org\/es\/internacional\/alerta-amber-internacional-primavera-2018\/","title":{"rendered":"Alerta AMBER Internacional &#8211; Primavera 2018"},"content":{"rendered":"<div id=\"pl-30379\"  class=\"panel-layout\" ><div id=\"pg-30379-0\"  class=\"panel-grid panel-has-style\" ><div class=\"panel-row-style panel-row-style-for-30379-0\" ><div id=\"pgc-30379-0-0\"  class=\"panel-grid-cell\" ><div id=\"panel-30379-0-0-0\" class=\"so-panel widget widget_sow-headline panel-first-child\" data-index=\"0\" ><div\n\t\t\t\n\t\t\tclass=\"so-widget-sow-headline so-widget-sow-headline-default-ed248003d19f-30379\"\n\t\t\t\n\t\t><div class=\"sow-headline-container \">\n\t\t\t\t\t\t\t<h2 class=\"sow-headline\">\n\t\t\t\t\t\tAlerta AMBER Europa pone en marcha un grupo operativo para salvar a m\u00e1s ni\u00f1os desaparecidos\t\t\t\t\t\t<\/h2>\n\t\t\t\t\t\t\t\t\t\t\t<div class=\"decoration\">\n\t\t\t\t\t\t<div class=\"decoration-inside\"><\/div>\n\t\t\t\t\t<\/div>\n\t\t\t\t\t<\/div>\n<\/div><\/div><div id=\"panel-30379-0-0-1\" class=\"so-panel widget widget_sow-editor panel-last-child\" data-index=\"1\" ><div\n\t\t\t\n\t\t\tclass=\"so-widget-sow-editor so-widget-sow-editor-base\"\n\t\t\t\n\t\t>\n<div class=\"siteorigin-widget-tinymce textwidget\">\n\t<p><style> .entry-header{display:none;}<\/style>\n<\/p>\n<p class=\"p1\">AMBER Alert Europe lanz\u00f3 un grupo de trabajo el 29 de enero de 2018 con la misi\u00f3n de salvar a ni\u00f1os desaparecidos. El grupo de trabajo incluye a expertos de la Rep\u00fablica Checa, Malta, Polonia y los Pa\u00edses Bajos. El grupo de trabajo proporciona una forma de compartir informaci\u00f3n y mejores pr\u00e1cticas, establecer contactos con colegas de toda Europa y aprender a mejorar sus sistemas de Alerta AMBER.  <\/p>\n<p class=\"p1\">\u201cCuando un ni\u00f1o desaparece, un sistema de Alerta AMBER conecta a la polic\u00eda con el p\u00fablico a trav\u00e9s de la tecnolog\u00eda\u201d, dijo Frank Hoen, fundador de AMBER Alert Europe. \u201cDado que la tecnolog\u00eda evoluciona tan r\u00e1pidamente, es crucial que la polic\u00eda se mantenga al d\u00eda con los \u00faltimos avances tecnol\u00f3gicos\u201d. <\/p>\n<\/div>\n<\/div><\/div><\/div><\/div><\/div><div id=\"pg-30379-1\"  class=\"panel-grid panel-no-style\" ><div id=\"pgc-30379-1-0\"  class=\"panel-grid-cell\" ><div id=\"panel-30379-1-0-0\" class=\"so-panel widget widget_sow-headline panel-first-child\" data-index=\"2\" ><div\n\t\t\t\n\t\t\tclass=\"so-widget-sow-headline so-widget-sow-headline-default-ed248003d19f-30379\"\n\t\t\t\n\t\t><div class=\"sow-headline-container \">\n\t\t\t\t\t\t\t<h2 class=\"sow-headline\">\n\t\t\t\t\t\tNueve de cada diez ni\u00f1os europeos desaparecidos recuperados en 2017 gracias a las alertas AMBER\t\t\t\t\t\t<\/h2>\n\t\t\t\t\t\t\t\t\t\t\t<div class=\"decoration\">\n\t\t\t\t\t\t<div class=\"decoration-inside\"><\/div>\n\t\t\t\t\t<\/div>\n\t\t\t\t\t<\/div>\n<\/div><\/div><div id=\"panel-30379-1-0-1\" class=\"so-panel widget widget_sow-editor panel-last-child\" data-index=\"3\" ><div\n\t\t\t\n\t\t\tclass=\"so-widget-sow-editor so-widget-sow-editor-base\"\n\t\t\t\n\t\t>\n<div class=\"siteorigin-widget-tinymce textwidget\">\n\t<p class=\"p1\">Los funcionarios europeos encargados de hacer cumplir la ley lograron que el 93 por ciento de los ni\u00f1os regresaran a casa de forma segura despu\u00e9s de emitir Alertas AMBER en 2017. Se emitieron Alertas AMBER 27 veces para 31 ni\u00f1os. <\/p>\n<p class=\"p1\">Entre los casos de \u00e9xito se incluye la recuperaci\u00f3n por parte de los Pa\u00edses Bajos de un ni\u00f1o sordo y autista de 15 a\u00f1os despu\u00e9s de que se emitiera una Alerta AMBER. La polic\u00eda cre\u00eda que corr\u00eda peligro inminente debido a las condiciones meteorol\u00f3gicas. M\u00e1s de 12 millones de ciudadanos holandeses respondieron a la alerta. Una pista crucial ayud\u00f3 a reunir al ni\u00f1o con su familia.   <\/p>\n<p class=\"p1\">La Rep\u00fablica Checa emiti\u00f3 una Alerta AMBER para una ni\u00f1a de dos a\u00f1os que hab\u00eda estado desaparecida durante dos meses. La madre de la ni\u00f1a secuestr\u00f3 a la ni\u00f1a, pero se entreg\u00f3 a la polic\u00eda despu\u00e9s de que se emitiera la alerta. La ni\u00f1a fue encontrada en buen estado de salud.  <\/p>\n<\/div>\n<\/div><\/div><\/div><\/div><div id=\"pg-30379-2\"  class=\"panel-grid panel-no-style\" ><div id=\"pgc-30379-2-0\"  class=\"panel-grid-cell\" ><div id=\"panel-30379-2-0-0\" class=\"so-panel widget widget_sow-headline panel-first-child\" data-index=\"4\" ><div\n\t\t\t\n\t\t\tclass=\"so-widget-sow-headline so-widget-sow-headline-default-ed248003d19f-30379\"\n\t\t\t\n\t\t><div class=\"sow-headline-container \">\n\t\t\t\t\t\t\t<h2 class=\"sow-headline\">\n\t\t\t\t\t\tPunjab planea crear un sistema de alerta AMBER\t\t\t\t\t\t<\/h2>\n\t\t\t\t\t\t\t\t\t\t\t<div class=\"decoration\">\n\t\t\t\t\t\t<div class=\"decoration-inside\"><\/div>\n\t\t\t\t\t<\/div>\n\t\t\t\t\t<\/div>\n<\/div><\/div><div id=\"panel-30379-2-0-1\" class=\"so-panel widget widget_sow-editor panel-last-child\" data-index=\"5\" ><div\n\t\t\t\n\t\t\tclass=\"so-widget-sow-editor so-widget-sow-editor-base\"\n\t\t\t\n\t\t>\n<div class=\"siteorigin-widget-tinymce textwidget\">\n\t<p class=\"p1\">El gobierno de Punjab ha formado un comit\u00e9 para ayudar a proteger a los ni\u00f1os y tiene previsto poner en marcha un sistema de Alerta AMBER. Punjab es una zona geogr\u00e1fica y cultural situada en el este de Pakist\u00e1n y el norte de la India. Los funcionarios esperan que las alertas de secuestro de ni\u00f1os ayuden a recuperar a los ni\u00f1os secuestrados y a evitar que se produzcan los delitos en primer lugar.  <\/p>\n<\/div>\n<\/div><\/div><\/div><\/div><div id=\"pg-30379-3\"  class=\"panel-grid panel-no-style\" ><div id=\"pgc-30379-3-0\"  class=\"panel-grid-cell\" ><div id=\"panel-30379-3-0-0\" class=\"so-panel widget widget_sow-headline panel-first-child\" data-index=\"6\" ><div\n\t\t\t\n\t\t\tclass=\"so-widget-sow-headline so-widget-sow-headline-default-ed248003d19f-30379\"\n\t\t\t\n\t\t><div class=\"sow-headline-container \">\n\t\t\t\t\t\t\t<h2 class=\"sow-headline\">\n\t\t\t\t\t\tFalsa Alerta AMBER difundida en Facebook en Canad\u00e1\t\t\t\t\t\t<\/h2>\n\t\t\t\t\t\t\t\t\t\t\t<div class=\"decoration\">\n\t\t\t\t\t\t<div class=\"decoration-inside\"><\/div>\n\t\t\t\t\t<\/div>\n\t\t\t\t\t<\/div>\n<\/div><\/div><div id=\"panel-30379-3-0-1\" class=\"so-panel widget widget_sow-editor panel-last-child\" data-index=\"7\" ><div\n\t\t\t\n\t\t\tclass=\"so-widget-sow-editor so-widget-sow-editor-base\"\n\t\t\t\n\t\t>\n<div class=\"siteorigin-widget-tinymce textwidget\">\n\t<p class=\"p1\">La Real Polic\u00eda de Terranova (RNC) en Canad\u00e1 dijo que una publicaci\u00f3n sobre una Alerta AMBER falsa se comparti\u00f3 casi 5.000 veces en Facebook a principios de marzo de 2018. La publicaci\u00f3n dec\u00eda: \u201cLa RNC ha emitido una Alerta AMBER, por favor, comparta. Visto por \u00faltima vez en Mount Pearl Summit Centre ayer por la noche a las 7:30\u201d, e inclu\u00eda una foto de una ni\u00f1a. La RNC est\u00e1 investigando ahora qui\u00e9n hizo el falso informe.  <\/p>\n<\/div>\n<\/div><\/div><\/div><\/div><div id=\"pg-30379-4\"  class=\"panel-grid panel-no-style\" ><div id=\"pgc-30379-4-0\"  class=\"panel-grid-cell\" ><div id=\"panel-30379-4-0-0\" class=\"so-panel widget widget_sow-headline panel-first-child\" data-index=\"8\" ><div\n\t\t\t\n\t\t\tclass=\"so-widget-sow-headline so-widget-sow-headline-default-ed248003d19f-30379\"\n\t\t\t\n\t\t><div class=\"sow-headline-container \">\n\t\t\t\t\t\t\t<h2 class=\"sow-headline\">\n\t\t\t\t\t\tLa polic\u00eda canadiense utiliza lectores de matr\u00edculas para los secuestros de ni\u00f1os\t\t\t\t\t\t<\/h2>\n\t\t\t\t\t\t\t\t\t\t\t<div class=\"decoration\">\n\t\t\t\t\t\t<div class=\"decoration-inside\"><\/div>\n\t\t\t\t\t<\/div>\n\t\t\t\t\t<\/div>\n<\/div><\/div><div id=\"panel-30379-4-0-1\" class=\"so-panel widget widget_sow-editor panel-last-child\" data-index=\"9\" ><div\n\t\t\t\n\t\t\tclass=\"so-widget-sow-editor so-widget-sow-editor-base\"\n\t\t\t\n\t\t>\n<div class=\"siteorigin-widget-tinymce textwidget\">\n\t<p class=\"p1\">El Departamento de Polic\u00eda de Sault, Ontario, ahora puede escanear las matr\u00edculas para detectar a los sospechosos de Alerta AMBER y a otros delincuentes. El Lector Autom\u00e1tico de Matr\u00edculas (ALPR) tiene tres c\u00e1maras colocadas en un coche de polic\u00eda que pueden escanear seis matr\u00edculas por segundo. El ALPR contiene datos proporcionados por el Centro de Informaci\u00f3n de la Polic\u00eda Canadiense. La Polic\u00eda Provincial de Ontario tiene 30 unidades ALPR y las ha utilizado desde 2009.   <\/p>\n<\/div>\n<\/div><\/div><\/div><\/div><div id=\"pg-30379-5\"  class=\"panel-grid panel-no-style\" ><div id=\"pgc-30379-5-0\"  class=\"panel-grid-cell\" ><div id=\"panel-30379-5-0-0\" class=\"so-panel widget widget_sow-headline panel-first-child\" data-index=\"10\" ><div\n\t\t\t\n\t\t\tclass=\"so-widget-sow-headline so-widget-sow-headline-default-ed248003d19f-30379\"\n\t\t\t\n\t\t><div class=\"sow-headline-container \">\n\t\t\t\t\t\t\t<h2 class=\"sow-headline\">\n\t\t\t\t\t\tLas Islas Caim\u00e1n crean un Programa de Alerta AMBER\t\t\t\t\t\t<\/h2>\n\t\t\t\t\t\t\t\t\t\t\t<div class=\"decoration\">\n\t\t\t\t\t\t<div class=\"decoration-inside\"><\/div>\n\t\t\t\t\t<\/div>\n\t\t\t\t\t<\/div>\n<\/div><\/div><div id=\"panel-30379-5-0-1\" class=\"so-panel widget widget_sow-editor panel-last-child\" data-index=\"11\" ><div\n\t\t\t\n\t\t\tclass=\"so-widget-sow-editor so-widget-sow-editor-base\"\n\t\t\t\n\t\t>\n<div class=\"siteorigin-widget-tinymce textwidget\">\n\t<p class=\"p1\">El gobierno de las Islas Caim\u00e1n est\u00e1 creando un sistema de alerta de emergencia que incluir\u00e1 las Alertas AMBER. El territorio brit\u00e1nico est\u00e1 situado en el Mar Caribe occidental. El sistema de notificaci\u00f3n enviar\u00eda mensajes a todos los usuarios de tel\u00e9fonos inteligentes, radio, televisi\u00f3n y programas de televisi\u00f3n por cable. Se espera que el sistema cueste 1 mill\u00f3n de d\u00f3lares para su implementaci\u00f3n. Las Islas Caim\u00e1n intentaron inicialmente un sistema b\u00e1sico de mensajes de texto SMS para enviar alertas de emergencia, pero ese m\u00e9todo demostr\u00f3 ser ineficaz durante un simulacro de tsunami el a\u00f1o pasado.    <\/p>\n<\/div>\n<\/div><\/div><\/div><\/div><div id=\"pg-30379-6\"  class=\"panel-grid panel-no-style\" ><div id=\"pgc-30379-6-0\"  class=\"panel-grid-cell\" ><div id=\"panel-30379-6-0-0\" class=\"so-panel widget widget_sow-headline panel-first-child\" data-index=\"12\" ><div\n\t\t\t\n\t\t\tclass=\"so-widget-sow-headline so-widget-sow-headline-default-ed248003d19f-30379\"\n\t\t\t\n\t\t><div class=\"sow-headline-container \">\n\t\t\t\t\t\t\t<h2 class=\"sow-headline\">\n\t\t\t\t\t\tM\u00e1s de 50 expertos trabajan para recuperar a los ni\u00f1os desaparecidos y secuestrados de Europa\t\t\t\t\t\t<\/h2>\n\t\t\t\t\t\t\t\t\t\t\t<div class=\"decoration\">\n\t\t\t\t\t\t<div class=\"decoration-inside\"><\/div>\n\t\t\t\t\t<\/div>\n\t\t\t\t\t<\/div>\n<\/div><\/div><div id=\"panel-30379-6-0-1\" class=\"so-panel widget widget_sow-editor panel-last-child\" data-index=\"13\" ><div\n\t\t\t\n\t\t\tclass=\"so-widget-sow-editor so-widget-sow-editor-base\"\n\t\t\t\n\t\t>\n<div class=\"siteorigin-widget-tinymce textwidget\">\n\t<p class=\"p1\">La Red Policial Europea de Alerta AMBER cuenta ahora con m\u00e1s de 50 expertos en aplicaci\u00f3n de la ley de 17 pa\u00edses para ayudar a encontrar a ni\u00f1os desaparecidos y secuestrados. La red se estableci\u00f3 en 2014 para ayudar a los agentes del orden a contactar y consultar r\u00e1pidamente entre s\u00ed sobre casos de ni\u00f1os desaparecidos. Estos contactos son cruciales, ya que el 37,5 por ciento de los europeos viven cerca de zonas fronterizas y un ni\u00f1o desaparecido puede cruzar f\u00e1cilmente a un pa\u00eds vecino. Gracias a la red, los expertos policiales pueden encontrar y mantener f\u00e1cilmente informaci\u00f3n sobre un \u00fanico punto de contacto para personas desaparecidas en otro pa\u00eds.   <\/p>\n<\/div>\n<\/div><\/div><\/div><\/div><\/div>","protected":false},"excerpt":{"rendered":"<p>AMBER Alert Europe lanz\u00f3 un grupo de trabajo el 29 de enero de 2018 con la misi\u00f3n de salvar a ni\u00f1os desaparecidos. El grupo de trabajo incluye a expertos de la Rep\u00fablica Checa, Malta, Polonia y los Pa\u00edses Bajos. El grupo de trabajo proporciona una forma de compartir informaci\u00f3n y mejores pr\u00e1cticas, establecer contactos con [&hellip;]<\/p>\n","protected":false},"author":10,"featured_media":24457,"comment_status":"closed","ping_status":"closed","sticky":false,"template":"","format":"standard","meta":{"_bbp_topic_count":0,"_bbp_reply_count":0,"_bbp_total_topic_count":0,"_bbp_total_reply_count":0,"_bbp_voice_count":0,"_bbp_anonymous_reply_count":0,"_bbp_topic_count_hidden":0,"_bbp_reply_count_hidden":0,"_bbp_forum_subforum_count":0,"_analytify_skip_tracking":false,"footnotes":""},"categories":[651],"tags":[],"class_list":["post-30379","post","type-post","status-publish","format-standard","has-post-thumbnail","hentry","category-internacional"],"meta_box":{"aa_theme_enable_blocks_editor":"","aa_theme_featured_img_position":""},"publishpress_future_workflow_manual_trigger":{"enabledWorkflows":[]},"_links":{"self":[{"href":"https:\/\/amberadvocate.org\/es\/wp-json\/wp\/v2\/posts\/30379","targetHints":{"allow":["GET"]}}],"collection":[{"href":"https:\/\/amberadvocate.org\/es\/wp-json\/wp\/v2\/posts"}],"about":[{"href":"https:\/\/amberadvocate.org\/es\/wp-json\/wp\/v2\/types\/post"}],"author":[{"embeddable":true,"href":"https:\/\/amberadvocate.org\/es\/wp-json\/wp\/v2\/users\/10"}],"replies":[{"embeddable":true,"href":"https:\/\/amberadvocate.org\/es\/wp-json\/wp\/v2\/comments?post=30379"}],"version-history":[{"count":0,"href":"https:\/\/amberadvocate.org\/es\/wp-json\/wp\/v2\/posts\/30379\/revisions"}],"wp:featuredmedia":[{"embeddable":true,"href":"https:\/\/amberadvocate.org\/es\/wp-json\/wp\/v2\/media\/24457"}],"wp:attachment":[{"href":"https:\/\/amberadvocate.org\/es\/wp-json\/wp\/v2\/media?parent=30379"}],"wp:term":[{"taxonomy":"category","embeddable":true,"href":"https:\/\/amberadvocate.org\/es\/wp-json\/wp\/v2\/categories?post=30379"},{"taxonomy":"post_tag","embeddable":true,"href":"https:\/\/amberadvocate.org\/es\/wp-json\/wp\/v2\/tags?post=30379"}],"curies":[{"name":"wp","href":"https:\/\/api.w.org\/{rel}","templated":true}]}}