{"id":30377,"date":"2018-04-05T18:03:09","date_gmt":"2018-04-05T23:03:09","guid":{"rendered":"https:\/\/amberadvocate.org\/sin-categorizar\/resumenes-de-la-alerta-amber-primavera-2018\/"},"modified":"2025-11-01T14:00:04","modified_gmt":"2025-11-01T19:00:04","slug":"resumenes-de-la-alerta-amber-primavera-2018","status":"publish","type":"post","link":"https:\/\/amberadvocate.org\/es\/alerta-amber-breves\/resumenes-de-la-alerta-amber-primavera-2018\/","title":{"rendered":"Res\u00famenes de la Alerta AMBER &#8211; Primavera 2018"},"content":{"rendered":"<div id=\"pl-30377\"  class=\"panel-layout\" ><div id=\"pg-30377-0\"  class=\"panel-grid panel-has-style\" ><div class=\"siteorigin-panels-stretch panel-row-style panel-row-style-for-30377-0\" data-stretch-type=\"full\" ><div id=\"pgc-30377-0-0\"  class=\"panel-grid-cell\" ><div id=\"panel-30377-0-0-0\" class=\"so-panel widget widget_sow-image panel-first-child panel-last-child\" data-index=\"0\" ><div\n\t\t\t\n\t\t\tclass=\"so-widget-sow-image so-widget-sow-image-default-8b5b6f678277-30377\"\n\t\t\t\n\t\t>\n<div class=\"sow-image-container\">\n\t\t<img \n\tsrc=\"https:\/\/amberadvocate.org\/wp-content\/uploads\/2018\/04\/AA33-briefs-1.jpg\" width=\"500\" height=\"500\" srcset=\"https:\/\/amberadvocate.org\/wp-content\/uploads\/2018\/04\/AA33-briefs-1.jpg 500w, https:\/\/amberadvocate.org\/wp-content\/uploads\/2018\/04\/AA33-briefs-1-150x150.jpg 150w, https:\/\/amberadvocate.org\/wp-content\/uploads\/2018\/04\/AA33-briefs-1-300x300.jpg 300w\" sizes=\"(max-width: 500px) 100vw, 500px\" alt=\"\" \t\tclass=\"so-widget-image\"\/>\n\t<\/div>\n\n<\/div><\/div><\/div><div id=\"pgc-30377-0-1\"  class=\"panel-grid-cell\" ><div id=\"panel-30377-0-1-0\" class=\"so-panel widget widget_sow-headline panel-first-child\" data-index=\"1\" ><div\n\t\t\t\n\t\t\tclass=\"so-widget-sow-headline so-widget-sow-headline-default-5d74d290e9c0-30377\"\n\t\t\t\n\t\t><div class=\"sow-headline-container \">\n\t\t\t\t\t\t\t<h2 class=\"sow-headline\">\n\t\t\t\t\t\tLa Organizaci\u00f3n de Justicia honra a Donna Uzzell, defensora de la Alerta AMBER de Florida, con su m\u00e1ximo galard\u00f3n\t\t\t\t\t\t<\/h2>\n\t\t\t\t\t\t\t\t\t\t\t<div class=\"decoration\">\n\t\t\t\t\t\t<div class=\"decoration-inside\"><\/div>\n\t\t\t\t\t<\/div>\n\t\t\t\t\t<\/div>\n<\/div><\/div><div id=\"panel-30377-0-1-1\" class=\"so-panel widget widget_sow-editor panel-last-child\" data-index=\"2\" ><div\n\t\t\t\n\t\t\tclass=\"so-widget-sow-editor so-widget-sow-editor-base\"\n\t\t\t\n\t\t>\n<div class=\"siteorigin-widget-tinymce textwidget\">\n\t<p class=\"p1\">SEARCH, el Consorcio Nacional de Informaci\u00f3n y Estad\u00edsticas de Justicia, homenajear\u00e1 a Donna Uzzell con su m\u00e1ximo galard\u00f3n para profesionales en 2018. La Agente Especial a Cargo del Departamento de Polic\u00eda de Florida ha participado activamente en la promoci\u00f3n de AMBER Alert, la capacitaci\u00f3n sobre trata de personas y seguridad infantil, y la protecci\u00f3n de poblaciones vulnerables como los ancianos y los discapacitados. \u201cEs enormemente gratificante que el Premio Hawkins 2018 reconozca y honre el liderazgo valiente de Donna, su apasionada devoci\u00f3n al deber y su b\u00fasqueda implacable de programas y pol\u00edticas que han mejorado notablemente nuestros sistemas de justicia y seguridad p\u00fablica en todo el pa\u00eds\u201d, dijo el Presidente de SEARCH, Bradley D. Truitt, Director de Sistemas de Informaci\u00f3n de la Oficina de Investigaci\u00f3n de Tennessee. La Sra. Uzzell ha trabajado con el Programa de Capacitaci\u00f3n y Asistencia T\u00e9cnica de AMBER Alert durante m\u00e1s de una d\u00e9cada y contin\u00faa contribuyendo como asociada del Centro Nacional de Capacitaci\u00f3n en Justicia Penal del Fox Valley Technical College.   <span class=\"Apple-converted-space\">  <\/span>Recibir\u00e1 el premio el 24 de julio de 2018 en Washington, D.C.<\/p>\n<\/div>\n<\/div><\/div><\/div><\/div><\/div><div id=\"pg-30377-1\"  class=\"panel-grid panel-has-style\" ><div class=\"siteorigin-panels-stretch panel-row-style panel-row-style-for-30377-1\" data-stretch-type=\"full\" ><div id=\"pgc-30377-1-0\"  class=\"panel-grid-cell\" ><div id=\"panel-30377-1-0-0\" class=\"so-panel widget widget_sow-image panel-first-child panel-last-child\" data-index=\"3\" ><div\n\t\t\t\n\t\t\tclass=\"so-widget-sow-image so-widget-sow-image-default-8b5b6f678277-30377\"\n\t\t\t\n\t\t>\n<div class=\"sow-image-container\">\n\t\t<img \n\tsrc=\"https:\/\/amberadvocate.org\/wp-content\/uploads\/2018\/04\/AA33-briefs-2.jpg\" width=\"500\" height=\"500\" srcset=\"https:\/\/amberadvocate.org\/wp-content\/uploads\/2018\/04\/AA33-briefs-2.jpg 500w, https:\/\/amberadvocate.org\/wp-content\/uploads\/2018\/04\/AA33-briefs-2-150x150.jpg 150w, https:\/\/amberadvocate.org\/wp-content\/uploads\/2018\/04\/AA33-briefs-2-300x300.jpg 300w\" sizes=\"(max-width: 500px) 100vw, 500px\" alt=\"\" \t\tclass=\"so-widget-image\"\/>\n\t<\/div>\n\n<\/div><\/div><\/div><div id=\"pgc-30377-1-1\"  class=\"panel-grid-cell\" ><div id=\"panel-30377-1-1-0\" class=\"so-panel widget widget_sow-headline panel-first-child\" data-index=\"4\" ><div\n\t\t\t\n\t\t\tclass=\"so-widget-sow-headline so-widget-sow-headline-default-5d74d290e9c0-30377\"\n\t\t\t\n\t\t><div class=\"sow-headline-container \">\n\t\t\t\t\t\t\t<h2 class=\"sow-headline\">\n\t\t\t\t\t\tSe jubila el defensor de la Alerta AMBER de Iowa\t\t\t\t\t\t<\/h2>\n\t\t\t\t\t\t\t\t\t\t\t<div class=\"decoration\">\n\t\t\t\t\t\t<div class=\"decoration-inside\"><\/div>\n\t\t\t\t\t<\/div>\n\t\t\t\t\t<\/div>\n<\/div><\/div><div id=\"panel-30377-1-1-1\" class=\"so-panel widget widget_sow-editor panel-last-child\" data-index=\"5\" ><div\n\t\t\t\n\t\t\tclass=\"so-widget-sow-editor so-widget-sow-editor-base\"\n\t\t\t\n\t\t>\n<div class=\"siteorigin-widget-tinymce textwidget\">\n\t<p class=\"p1\">El agente de la polic\u00eda estatal de Iowa y defensor desde hace mucho tiempo de AMBER Alert, Todd Misel, se ha jubilado despu\u00e9s de una carrera de 34 a\u00f1os en las fuerzas del orden. Misel form\u00f3 parte de un grupo que cre\u00f3 el programa AMBER Alert de Iowa en 2003. El gobernador de Iowa le dijo al grupo que quer\u00eda que la alerta estuviera en funcionamiento pronto. \u201cLo plante\u00f3 en la feria estatal y nos dio 90 d\u00edas para armarlo y resolverlo\u201d, dijo Misel. \u201cFue un plazo extremadamente agresivo, pero tuvimos algo a principios de la primavera del (siguiente) a\u00f1o\u201d. Misel tambi\u00e9n ha trabajado con el Programa de Capacitaci\u00f3n y Asistencia T\u00e9cnica de AMBER Alert durante m\u00e1s de una d\u00e9cada.     <\/p>\n<\/div>\n<\/div><\/div><\/div><\/div><\/div><div id=\"pg-30377-2\"  class=\"panel-grid panel-has-style\" ><div class=\"siteorigin-panels-stretch panel-row-style panel-row-style-for-30377-2\" data-stretch-type=\"full\" ><div id=\"pgc-30377-2-0\"  class=\"panel-grid-cell\" ><div id=\"panel-30377-2-0-0\" class=\"so-panel widget widget_sow-image panel-first-child panel-last-child\" data-index=\"6\" ><div\n\t\t\t\n\t\t\tclass=\"so-widget-sow-image so-widget-sow-image-default-8b5b6f678277-30377\"\n\t\t\t\n\t\t>\n<div class=\"sow-image-container\">\n\t\t<img \n\tsrc=\"https:\/\/amberadvocate.org\/wp-content\/uploads\/2018\/04\/AA33-briefs-3.jpg\" width=\"500\" height=\"500\" srcset=\"https:\/\/amberadvocate.org\/wp-content\/uploads\/2018\/04\/AA33-briefs-3.jpg 500w, https:\/\/amberadvocate.org\/wp-content\/uploads\/2018\/04\/AA33-briefs-3-150x150.jpg 150w, https:\/\/amberadvocate.org\/wp-content\/uploads\/2018\/04\/AA33-briefs-3-300x300.jpg 300w\" sizes=\"(max-width: 500px) 100vw, 500px\" alt=\"\" \t\tclass=\"so-widget-image\"\/>\n\t<\/div>\n\n<\/div><\/div><\/div><div id=\"pgc-30377-2-1\"  class=\"panel-grid-cell\" ><div id=\"panel-30377-2-1-0\" class=\"so-panel widget widget_sow-headline panel-first-child\" data-index=\"7\" ><div\n\t\t\t\n\t\t\tclass=\"so-widget-sow-headline so-widget-sow-headline-default-5d74d290e9c0-30377\"\n\t\t\t\n\t\t><div class=\"sow-headline-container \">\n\t\t\t\t\t\t\t<h2 class=\"sow-headline\">\n\t\t\t\t\t\tUn congresista propone la \"Ley de Alerta Ashanti\" para encontrar a adultos secuestrados\t\t\t\t\t\t<\/h2>\n\t\t\t\t\t\t\t\t\t\t\t<div class=\"decoration\">\n\t\t\t\t\t\t<div class=\"decoration-inside\"><\/div>\n\t\t\t\t\t<\/div>\n\t\t\t\t\t<\/div>\n<\/div><\/div><div id=\"panel-30377-2-1-1\" class=\"so-panel widget widget_sow-editor panel-last-child\" data-index=\"8\" ><div\n\t\t\t\n\t\t\tclass=\"so-widget-sow-editor so-widget-sow-editor-base\"\n\t\t\t\n\t\t>\n<div class=\"siteorigin-widget-tinymce textwidget\">\n\t<p class=\"p1\">Congresistas de Virginia, Texas, Maryland y Rhode Island han presentado un proyecto de ley que crear\u00eda un sistema para notificar al p\u00fablico cuando un adulto es secuestrado y se cree que est\u00e1 en peligro. La \u201cLey Ashanti Alert\u201d lleva el nombre de Ashanti Billi. La mujer de 19 a\u00f1os fue encontrada asesinada once d\u00edas despu\u00e9s de que se denunciara su desaparici\u00f3n y a 300 millas de donde fue vista con vida por \u00faltima vez. Las alertas ser\u00edan para personas desaparecidas de entre 18 y 65 a\u00f1os y utilizar\u00edan la televisi\u00f3n, la radio y las redes sociales para enviar mensajes al p\u00fablico. Los legisladores de Virginia han aprobado un proyecto de ley que permite a los agentes del orden de ese estado emitir una Alerta Ashanti.    <\/p>\n<\/div>\n<\/div><\/div><\/div><\/div><\/div><div id=\"pg-30377-3\"  class=\"panel-grid panel-has-style\" ><div class=\"siteorigin-panels-stretch panel-row-style panel-row-style-for-30377-3\" data-stretch-type=\"full\" ><div id=\"pgc-30377-3-0\"  class=\"panel-grid-cell\" ><div id=\"panel-30377-3-0-0\" class=\"so-panel widget widget_sow-image panel-first-child panel-last-child\" data-index=\"9\" ><div\n\t\t\t\n\t\t\tclass=\"so-widget-sow-image so-widget-sow-image-default-8b5b6f678277-30377\"\n\t\t\t\n\t\t>\n<div class=\"sow-image-container\">\n\t\t<img \n\tsrc=\"https:\/\/amberadvocate.org\/wp-content\/uploads\/2018\/04\/AA33-briefs-4.jpg\" width=\"500\" height=\"500\" srcset=\"https:\/\/amberadvocate.org\/wp-content\/uploads\/2018\/04\/AA33-briefs-4.jpg 500w, https:\/\/amberadvocate.org\/wp-content\/uploads\/2018\/04\/AA33-briefs-4-150x150.jpg 150w, https:\/\/amberadvocate.org\/wp-content\/uploads\/2018\/04\/AA33-briefs-4-300x300.jpg 300w\" sizes=\"(max-width: 500px) 100vw, 500px\" alt=\"\" \t\tclass=\"so-widget-image\"\/>\n\t<\/div>\n\n<\/div><\/div><\/div><div id=\"pgc-30377-3-1\"  class=\"panel-grid-cell\" ><div id=\"panel-30377-3-1-0\" class=\"so-panel widget widget_sow-headline panel-first-child\" data-index=\"10\" ><div\n\t\t\t\n\t\t\tclass=\"so-widget-sow-headline so-widget-sow-headline-default-5d74d290e9c0-30377\"\n\t\t\t\n\t\t><div class=\"sow-headline-container \">\n\t\t\t\t\t\t\t<h2 class=\"sow-headline\">\n\t\t\t\t\t\tWisconsin considera la \"Alerta Verde\" para Veteranos Desaparecidos\t\t\t\t\t\t<\/h2>\n\t\t\t\t\t\t\t\t\t\t\t<div class=\"decoration\">\n\t\t\t\t\t\t<div class=\"decoration-inside\"><\/div>\n\t\t\t\t\t<\/div>\n\t\t\t\t\t<\/div>\n<\/div><\/div><div id=\"panel-30377-3-1-1\" class=\"so-panel widget widget_sow-editor panel-last-child\" data-index=\"11\" ><div\n\t\t\t\n\t\t\tclass=\"so-widget-sow-editor so-widget-sow-editor-base\"\n\t\t\t\n\t\t>\n<div class=\"siteorigin-widget-tinymce textwidget\">\n\t<p class=\"p1\">Los legisladores de Wisconsin han aprobado el proyecto de ley \u201cGreen Alert\u201d que se utilizar\u00eda para encontrar veteranos desaparecidos y vulnerables. La senadora LaTonya Johnson dijo que ser\u00eda similar a las alertas AMBER y Silver del estado. El proyecto de ley se inspir\u00f3 en un sargento de la reserva de Wisconsin que desapareci\u00f3 el a\u00f1o pasado durante la primavera.  <\/p>\n<\/div>\n<\/div><\/div><\/div><\/div><\/div><div id=\"pg-30377-4\"  class=\"panel-grid panel-has-style\" ><div class=\"siteorigin-panels-stretch panel-row-style panel-row-style-for-30377-4\" data-stretch-type=\"full\" ><div id=\"pgc-30377-4-0\"  class=\"panel-grid-cell\" ><div id=\"panel-30377-4-0-0\" class=\"so-panel widget widget_sow-image panel-first-child panel-last-child\" data-index=\"12\" ><div\n\t\t\t\n\t\t\tclass=\"so-widget-sow-image so-widget-sow-image-default-8b5b6f678277-30377\"\n\t\t\t\n\t\t>\n<div class=\"sow-image-container\">\n\t\t<img \n\tsrc=\"https:\/\/amberadvocate.org\/wp-content\/uploads\/2018\/04\/AA33-briefs-5.jpg\" width=\"500\" height=\"500\" srcset=\"https:\/\/amberadvocate.org\/wp-content\/uploads\/2018\/04\/AA33-briefs-5.jpg 500w, https:\/\/amberadvocate.org\/wp-content\/uploads\/2018\/04\/AA33-briefs-5-150x150.jpg 150w, https:\/\/amberadvocate.org\/wp-content\/uploads\/2018\/04\/AA33-briefs-5-300x300.jpg 300w\" sizes=\"(max-width: 500px) 100vw, 500px\" alt=\"\" \t\tclass=\"so-widget-image\"\/>\n\t<\/div>\n\n<\/div><\/div><\/div><div id=\"pgc-30377-4-1\"  class=\"panel-grid-cell\" ><div id=\"panel-30377-4-1-0\" class=\"so-panel widget widget_sow-headline panel-first-child\" data-index=\"13\" ><div\n\t\t\t\n\t\t\tclass=\"so-widget-sow-headline so-widget-sow-headline-default-5d74d290e9c0-30377\"\n\t\t\t\n\t\t><div class=\"sow-headline-container \">\n\t\t\t\t\t\t\t<h2 class=\"sow-headline\">\n\t\t\t\t\t\tEstudiantes de enfermer\u00eda presionan por la Alerta Plateada en Alabama\t\t\t\t\t\t<\/h2>\n\t\t\t\t\t\t\t\t\t\t\t<div class=\"decoration\">\n\t\t\t\t\t\t<div class=\"decoration-inside\"><\/div>\n\t\t\t\t\t<\/div>\n\t\t\t\t\t<\/div>\n<\/div><\/div><div id=\"panel-30377-4-1-1\" class=\"so-panel widget widget_sow-editor panel-last-child\" data-index=\"14\" ><div\n\t\t\t\n\t\t\tclass=\"so-widget-sow-editor so-widget-sow-editor-base\"\n\t\t\t\n\t\t>\n<div class=\"siteorigin-widget-tinymce textwidget\">\n\t<p class=\"p1\">Cien estudiantes de enfermer\u00eda de la Universidad de Alabama en Huntsville presionaron a los legisladores para que crearan una Alerta Silver para pacientes con Alzheimer y demencia. El proyecto de ley tambi\u00e9n crear\u00eda m\u00e1s capacitaci\u00f3n para los agentes del orden cuando busquen personas con una capacidad mental disminuida. \u201cEs una oportunidad para ayudar a la gente y eso es lo que hacen las enfermeras\u201d, dijo la estudiante Dawn Brown.  <\/p>\n<\/div>\n<\/div><\/div><\/div><\/div><\/div><div id=\"pg-30377-5\"  class=\"panel-grid panel-has-style\" ><div class=\"siteorigin-panels-stretch panel-row-style panel-row-style-for-30377-5\" data-stretch-type=\"full\" ><div id=\"pgc-30377-5-0\"  class=\"panel-grid-cell\" ><div id=\"panel-30377-5-0-0\" class=\"so-panel widget widget_sow-image panel-first-child panel-last-child\" data-index=\"15\" ><div\n\t\t\t\n\t\t\tclass=\"so-widget-sow-image so-widget-sow-image-default-8b5b6f678277-30377\"\n\t\t\t\n\t\t>\n<div class=\"sow-image-container\">\n\t\t<img \n\tsrc=\"https:\/\/amberadvocate.org\/wp-content\/uploads\/2018\/04\/AA33-briefs-6.jpg\" width=\"500\" height=\"500\" srcset=\"https:\/\/amberadvocate.org\/wp-content\/uploads\/2018\/04\/AA33-briefs-6.jpg 500w, https:\/\/amberadvocate.org\/wp-content\/uploads\/2018\/04\/AA33-briefs-6-150x150.jpg 150w, https:\/\/amberadvocate.org\/wp-content\/uploads\/2018\/04\/AA33-briefs-6-300x300.jpg 300w\" sizes=\"(max-width: 500px) 100vw, 500px\" alt=\"\" \t\tclass=\"so-widget-image\"\/>\n\t<\/div>\n\n<\/div><\/div><\/div><div id=\"pgc-30377-5-1\"  class=\"panel-grid-cell\" ><div id=\"panel-30377-5-1-0\" class=\"so-panel widget widget_sow-headline panel-first-child\" data-index=\"16\" ><div\n\t\t\t\n\t\t\tclass=\"so-widget-sow-headline so-widget-sow-headline-default-5d74d290e9c0-30377\"\n\t\t\t\n\t\t><div class=\"sow-headline-container \">\n\t\t\t\t\t\t\t<h2 class=\"sow-headline\">\n\t\t\t\t\t\tNebraska busca ampliar las Alertas Plateadas para incluir a los ni\u00f1os con discapacidades\t\t\t\t\t\t<\/h2>\n\t\t\t\t\t\t\t\t\t\t\t<div class=\"decoration\">\n\t\t\t\t\t\t<div class=\"decoration-inside\"><\/div>\n\t\t\t\t\t<\/div>\n\t\t\t\t\t<\/div>\n<\/div><\/div><div id=\"panel-30377-5-1-1\" class=\"so-panel widget widget_sow-editor panel-last-child\" data-index=\"17\" ><div\n\t\t\t\n\t\t\tclass=\"so-widget-sow-editor so-widget-sow-editor-base\"\n\t\t\t\n\t\t>\n<div class=\"siteorigin-widget-tinymce textwidget\">\n\t<p class=\"p1\">A algunos legisladores de Nebraska les gustar\u00eda que se emitieran Alertas Silver para ni\u00f1os desaparecidos con discapacidades. Las alertas se comparten voluntariamente en la televisi\u00f3n y la radio para adultos discapacitados que se alejan de su hogar sin ayuda. La representante de Iowa, Sharon Negele, dijo que las Alertas Silver han ayudado a recuperar al 88 por ciento de las personas desaparecidas entre 2013 y 2017. Dijo que se deber\u00eda brindar la misma protecci\u00f3n a los ni\u00f1os.   <\/p>\n<\/div>\n<\/div><\/div><\/div><\/div><\/div><div id=\"pg-30377-6\"  class=\"panel-grid panel-has-style\" ><div class=\"siteorigin-panels-stretch panel-row-style panel-row-style-for-30377-6\" data-stretch-type=\"full\" ><div id=\"pgc-30377-6-0\"  class=\"panel-grid-cell\" ><div id=\"panel-30377-6-0-0\" class=\"so-panel widget widget_sow-image panel-first-child panel-last-child\" data-index=\"18\" ><div\n\t\t\t\n\t\t\tclass=\"so-widget-sow-image so-widget-sow-image-default-8b5b6f678277-30377\"\n\t\t\t\n\t\t>\n<div class=\"sow-image-container\">\n\t\t<img \n\tsrc=\"https:\/\/amberadvocate.org\/wp-content\/uploads\/2018\/04\/AA33-briefs-7.jpg\" width=\"500\" height=\"500\" srcset=\"https:\/\/amberadvocate.org\/wp-content\/uploads\/2018\/04\/AA33-briefs-7.jpg 500w, https:\/\/amberadvocate.org\/wp-content\/uploads\/2018\/04\/AA33-briefs-7-150x150.jpg 150w, https:\/\/amberadvocate.org\/wp-content\/uploads\/2018\/04\/AA33-briefs-7-300x300.jpg 300w\" sizes=\"(max-width: 500px) 100vw, 500px\" alt=\"\" \t\tclass=\"so-widget-image\"\/>\n\t<\/div>\n\n<\/div><\/div><\/div><div id=\"pgc-30377-6-1\"  class=\"panel-grid-cell\" ><div id=\"panel-30377-6-1-0\" class=\"so-panel widget widget_sow-headline panel-first-child\" data-index=\"19\" ><div\n\t\t\t\n\t\t\tclass=\"so-widget-sow-headline so-widget-sow-headline-default-5d74d290e9c0-30377\"\n\t\t\t\n\t\t><div class=\"sow-headline-container \">\n\t\t\t\t\t\t\t<h2 class=\"sow-headline\">\n\t\t\t\t\t\tEl alcalde de Missouri dona dinero para lectores de matr\u00edculas de la polic\u00eda\t\t\t\t\t\t<\/h2>\n\t\t\t\t\t\t\t\t\t\t\t<div class=\"decoration\">\n\t\t\t\t\t\t<div class=\"decoration-inside\"><\/div>\n\t\t\t\t\t<\/div>\n\t\t\t\t\t<\/div>\n<\/div><\/div><div id=\"panel-30377-6-1-1\" class=\"so-panel widget widget_sow-editor panel-last-child\" data-index=\"20\" ><div\n\t\t\t\n\t\t\tclass=\"so-widget-sow-editor so-widget-sow-editor-base\"\n\t\t\t\n\t\t>\n<div class=\"siteorigin-widget-tinymce textwidget\">\n\t<p class=\"p1\">El alcalde del municipio de Godfrey, Missouri, se enter\u00f3 de la solicitud del Departamento de Polic\u00eda de Alton, cercano, de comprar cuatro c\u00e1maras de reconocimiento de matr\u00edculas y entreg\u00f3 un cheque de 13.400 d\u00f3lares para ayudar a pagarlas. \u201cA medida que una comunidad avanza, la otra comunidad avanza\u201d, dijo el alcalde Mike McCormik. \u201cNecesitamos el \u00e9xito en Alton al igual que Alton necesita cosas exitosas en Godfrey\u201d. Las c\u00e1maras se colocar\u00e1n en un puente y se utilizar\u00e1n para capturar cualquier veh\u00edculo etiquetado para una Alerta AMBER o veh\u00edculos sospechosos en relaci\u00f3n con otros delitos. La informaci\u00f3n se comparte con 14 departamentos de polic\u00eda y sheriff en Illinois y Missouri.    <\/p>\n<\/div>\n<\/div><\/div><\/div><\/div><\/div><\/div>","protected":false},"excerpt":{"rendered":"<p>SEARCH, el Consorcio Nacional de Informaci\u00f3n y Estad\u00edsticas de Justicia, homenajear\u00e1 a Donna Uzzell con su m\u00e1ximo galard\u00f3n para profesionales en 2018. La Agente Especial a Cargo del Departamento de Polic\u00eda de Florida ha participado activamente en la promoci\u00f3n de AMBER Alert, la capacitaci\u00f3n sobre trata de personas y seguridad infantil, y la protecci\u00f3n de [&hellip;]<\/p>\n","protected":false},"author":10,"featured_media":2528,"comment_status":"closed","ping_status":"closed","sticky":false,"template":"","format":"standard","meta":{"_bbp_topic_count":0,"_bbp_reply_count":0,"_bbp_total_topic_count":0,"_bbp_total_reply_count":0,"_bbp_voice_count":0,"_bbp_anonymous_reply_count":0,"_bbp_topic_count_hidden":0,"_bbp_reply_count_hidden":0,"_bbp_forum_subforum_count":0,"_analytify_skip_tracking":false,"footnotes":""},"categories":[649],"tags":[],"class_list":["post-30377","post","type-post","status-publish","format-standard","has-post-thumbnail","hentry","category-alerta-amber-breves"],"meta_box":{"aa_theme_enable_blocks_editor":"","aa_theme_featured_img_position":""},"publishpress_future_workflow_manual_trigger":{"enabledWorkflows":[]},"_links":{"self":[{"href":"https:\/\/amberadvocate.org\/es\/wp-json\/wp\/v2\/posts\/30377","targetHints":{"allow":["GET"]}}],"collection":[{"href":"https:\/\/amberadvocate.org\/es\/wp-json\/wp\/v2\/posts"}],"about":[{"href":"https:\/\/amberadvocate.org\/es\/wp-json\/wp\/v2\/types\/post"}],"author":[{"embeddable":true,"href":"https:\/\/amberadvocate.org\/es\/wp-json\/wp\/v2\/users\/10"}],"replies":[{"embeddable":true,"href":"https:\/\/amberadvocate.org\/es\/wp-json\/wp\/v2\/comments?post=30377"}],"version-history":[{"count":0,"href":"https:\/\/amberadvocate.org\/es\/wp-json\/wp\/v2\/posts\/30377\/revisions"}],"wp:featuredmedia":[{"embeddable":true,"href":"https:\/\/amberadvocate.org\/es\/wp-json\/wp\/v2\/media\/2528"}],"wp:attachment":[{"href":"https:\/\/amberadvocate.org\/es\/wp-json\/wp\/v2\/media?parent=30377"}],"wp:term":[{"taxonomy":"category","embeddable":true,"href":"https:\/\/amberadvocate.org\/es\/wp-json\/wp\/v2\/categories?post=30377"},{"taxonomy":"post_tag","embeddable":true,"href":"https:\/\/amberadvocate.org\/es\/wp-json\/wp\/v2\/tags?post=30377"}],"curies":[{"name":"wp","href":"https:\/\/api.w.org\/{rel}","templated":true}]}}