{"id":30366,"date":"2017-09-12T23:36:30","date_gmt":"2017-09-13T04:36:30","guid":{"rendered":"https:\/\/amberadvocate.org\/sin-categorizar\/alerta-amber-internacional-primavera-2017\/"},"modified":"2025-11-01T13:50:50","modified_gmt":"2025-11-01T18:50:50","slug":"alerta-amber-internacional-primavera-2017","status":"publish","type":"post","link":"https:\/\/amberadvocate.org\/es\/internacional\/alerta-amber-internacional-primavera-2017\/","title":{"rendered":"Alerta AMBER Internacional &#8211; Primavera 2017"},"content":{"rendered":"<div id=\"pl-30366\"  class=\"panel-layout\" ><div id=\"pg-30366-0\"  class=\"panel-grid panel-no-style\" ><div id=\"pgc-30366-0-0\"  class=\"panel-grid-cell\" ><div id=\"panel-30366-0-0-0\" class=\"so-panel widget widget_sow-image panel-first-child panel-last-child\" data-index=\"0\" ><div\n\t\t\t\n\t\t\tclass=\"so-widget-sow-image so-widget-sow-image-default-8b5b6f678277-30366\"\n\t\t\t\n\t\t>\n<div class=\"sow-image-container\">\n\t\t<img \n\tsrc=\"https:\/\/amberadvocate.org\/wp-content\/uploads\/2017\/09\/alex-alert.jpg\" width=\"1180\" height=\"664\" srcset=\"https:\/\/amberadvocate.org\/wp-content\/uploads\/2017\/09\/alex-alert.jpg 1180w, https:\/\/amberadvocate.org\/wp-content\/uploads\/2017\/09\/alex-alert-300x169.jpg 300w, https:\/\/amberadvocate.org\/wp-content\/uploads\/2017\/09\/alex-alert-768x432.jpg 768w, https:\/\/amberadvocate.org\/wp-content\/uploads\/2017\/09\/alex-alert-1024x576.jpg 1024w\" sizes=\"(max-width: 1180px) 100vw, 1180px\" alt=\"15-year-old Alexandra Radita\" \t\tclass=\"so-widget-image\"\/>\n\t<\/div>\n\n<\/div><\/div><\/div><div id=\"pgc-30366-0-1\"  class=\"panel-grid-cell\" ><div id=\"panel-30366-0-1-0\" class=\"so-panel widget widget_sow-headline panel-first-child\" data-index=\"1\" ><div\n\t\t\t\n\t\t\tclass=\"so-widget-sow-headline so-widget-sow-headline-default-140e47eb48ac-30366\"\n\t\t\t\n\t\t><div class=\"sow-headline-container \">\n\t\t\t\t\t\t\t<h3 class=\"sow-headline\">\n\t\t\t\t\t\tTRABAJADOR SOCIAL CANADIENSE BUSCA \"ALERTA ALEX\" PARA NI\u00d1OS DESAPARECIDOS EN SITUACI\u00d3N DE RIESGO\t\t\t\t\t\t<\/h3>\n\t\t\t\t\t\t<\/div>\n<\/div><\/div><div id=\"panel-30366-0-1-1\" class=\"so-panel widget widget_sow-editor panel-last-child\" data-index=\"2\" ><div\n\t\t\t\n\t\t\tclass=\"so-widget-sow-editor so-widget-sow-editor-base\"\n\t\t\t\n\t\t>\n<div class=\"siteorigin-widget-tinymce textwidget\">\n\t<style> .entry-header{display:none;}<\/style>\n<p>Una trabajadora social de la Columbia Brit\u00e1nica espera que Canad\u00e1 cree una nueva alerta para ni\u00f1os desaparecidos en situaci\u00f3n de riesgo que no cumplan los criterios para una Alerta AMBER. Patricia McDonald dice que se necesita una \u201cAlerta Alex\u201d para evitar lo que le sucedi\u00f3 a Alexandra Radita hace 4 a\u00f1os. El ni\u00f1o de 15 a\u00f1os pesaba solo 16 kilos y estaba cubierto de llagas e infecciones despu\u00e9s de que un juez lo devolviera a sus padres. Emil y Rodica Radita fueron declarados culpables de asesinato en primer grado por matar de hambre y descuidar a su hijo. A McDonald le gustar\u00eda una alerta que pueda emitirse a las autoridades de todas las provincias para ayudar a localizar y rescatar a los ni\u00f1os en riesgo que desaparecen.    <\/p>\n<\/div>\n<\/div><\/div><\/div><\/div><div id=\"pg-30366-1\"  class=\"panel-grid panel-no-style\" ><div id=\"pgc-30366-1-0\"  class=\"panel-grid-cell\" ><div id=\"panel-30366-1-0-0\" class=\"so-panel widget widget_sow-image panel-first-child panel-last-child\" data-index=\"3\" ><div\n\t\t\t\n\t\t\tclass=\"so-widget-sow-image so-widget-sow-image-default-8b5b6f678277-30366\"\n\t\t\t\n\t\t>\n<div class=\"sow-image-container\">\n\t\t<img \n\tsrc=\"https:\/\/amberadvocate.org\/wp-content\/uploads\/2017\/09\/malta-amber.jpg\" width=\"1024\" height=\"512\" srcset=\"https:\/\/amberadvocate.org\/wp-content\/uploads\/2017\/09\/malta-amber.jpg 1024w, https:\/\/amberadvocate.org\/wp-content\/uploads\/2017\/09\/malta-amber-300x150.jpg 300w, https:\/\/amberadvocate.org\/wp-content\/uploads\/2017\/09\/malta-amber-768x384.jpg 768w\" sizes=\"(max-width: 1024px) 100vw, 1024px\" alt=\"Malta AMBER Alert logo\" \t\tclass=\"so-widget-image\"\/>\n\t<\/div>\n\n<\/div><\/div><\/div><div id=\"pgc-30366-1-1\"  class=\"panel-grid-cell\" ><div id=\"panel-30366-1-1-0\" class=\"so-panel widget widget_sow-headline panel-first-child\" data-index=\"4\" ><div\n\t\t\t\n\t\t\tclass=\"so-widget-sow-headline so-widget-sow-headline-default-140e47eb48ac-30366\"\n\t\t\t\n\t\t><div class=\"sow-headline-container \">\n\t\t\t\t\t\t\t<h3 class=\"sow-headline\">\n\t\t\t\t\t\tMALTA YA UTILIZA FACEBOOK PARA LAS ALERTAS \u00c1MBAR\t\t\t\t\t\t<\/h3>\n\t\t\t\t\t\t<\/div>\n<\/div><\/div><div id=\"panel-30366-1-1-1\" class=\"so-panel widget widget_sow-editor panel-last-child\" data-index=\"5\" ><div\n\t\t\t\n\t\t\tclass=\"so-widget-sow-editor so-widget-sow-editor-base\"\n\t\t\t\n\t\t>\n<div class=\"siteorigin-widget-tinymce textwidget\">\n\t<p>La polic\u00eda de Malta ahora est\u00e1 usando Facebook, el sitio de redes sociales m\u00e1s popular del pa\u00eds, al emitir Alertas AMBER. La isla mediterr\u00e1nea se asoci\u00f3 con Facebook en marzo de 2017 para enviar informaci\u00f3n y fotos cuando un ni\u00f1o es secuestrado. El sistema de Alerta AMBER del pa\u00eds tambi\u00e9n env\u00eda la alerta a las emisoras, se\u00f1ales de tr\u00e1fico de mensajes variables, transporte p\u00fablico, mensajes de texto y otras redes sociales.  <\/p>\n<\/div>\n<\/div><\/div><\/div><\/div><div id=\"pg-30366-2\"  class=\"panel-grid panel-no-style\" ><div id=\"pgc-30366-2-0\"  class=\"panel-grid-cell\" ><div id=\"panel-30366-2-0-0\" class=\"so-panel widget widget_sow-image panel-first-child panel-last-child\" data-index=\"6\" ><div\n\t\t\t\n\t\t\tclass=\"so-widget-sow-image so-widget-sow-image-default-8b5b6f678277-30366\"\n\t\t\t\n\t\t>\n<div class=\"sow-image-container\">\n\t\t<img \n\tsrc=\"https:\/\/amberadvocate.org\/wp-content\/uploads\/2017\/09\/old-hands-300x200.jpg\" width=\"300\" height=\"200\" srcset=\"https:\/\/amberadvocate.org\/wp-content\/uploads\/2017\/09\/old-hands-300x200.jpg 300w, https:\/\/amberadvocate.org\/wp-content\/uploads\/2017\/09\/old-hands-768x512.jpg 768w, https:\/\/amberadvocate.org\/wp-content\/uploads\/2017\/09\/old-hands-1024x683.jpg 1024w, https:\/\/amberadvocate.org\/wp-content\/uploads\/2017\/09\/old-hands-272x182.jpg 272w\" sizes=\"(max-width: 300px) 100vw, 300px\" alt=\"Old hands\" \t\tclass=\"so-widget-image\"\/>\n\t<\/div>\n\n<\/div><\/div><\/div><div id=\"pgc-30366-2-1\"  class=\"panel-grid-cell\" ><div id=\"panel-30366-2-1-0\" class=\"so-panel widget widget_sow-headline panel-first-child\" data-index=\"7\" ><div\n\t\t\t\n\t\t\tclass=\"so-widget-sow-headline so-widget-sow-headline-default-140e47eb48ac-30366\"\n\t\t\t\n\t\t><div class=\"sow-headline-container \">\n\t\t\t\t\t\t\t<h3 class=\"sow-headline\">\n\t\t\t\t\t\tUNA PROVINCIA CANADIENSE ESTUDIA LA ALERTA PLATEADA\t\t\t\t\t\t<\/h3>\n\t\t\t\t\t\t<\/div>\n<\/div><\/div><div id=\"panel-30366-2-1-1\" class=\"so-panel widget widget_sow-editor panel-last-child\" data-index=\"8\" ><div\n\t\t\t\n\t\t\tclass=\"so-widget-sow-editor so-widget-sow-editor-base\"\n\t\t\t\n\t\t>\n<div class=\"siteorigin-widget-tinymce textwidget\">\n\t<p>Un legislador de Manitoba, Canad\u00e1, est\u00e1 proponiendo crear un sistema de Alerta Silver para ancianos desaparecidos o personas con discapacidades cognitivas. Las Alertas Silver ya se emiten en la Columbia Brit\u00e1nica. Len Isleifson dijo que el sistema es necesario para ayudar a las personas mayores o vulnerables que se alejan.  <\/p>\n<\/div>\n<\/div><\/div><\/div><\/div><div id=\"pg-30366-3\"  class=\"panel-grid panel-no-style\" ><div id=\"pgc-30366-3-0\"  class=\"panel-grid-cell\" ><div id=\"panel-30366-3-0-0\" class=\"so-panel widget widget_sow-image panel-first-child panel-last-child\" data-index=\"9\" ><div\n\t\t\t\n\t\t\tclass=\"so-widget-sow-image so-widget-sow-image-default-8b5b6f678277-30366\"\n\t\t\t\n\t\t>\n<div class=\"sow-image-container\">\n\t\t<img \n\tsrc=\"https:\/\/amberadvocate.org\/wp-content\/uploads\/2017\/09\/ontario-peel-police.jpg\" width=\"750\" height=\"422\" srcset=\"https:\/\/amberadvocate.org\/wp-content\/uploads\/2017\/09\/ontario-peel-police.jpg 750w, https:\/\/amberadvocate.org\/wp-content\/uploads\/2017\/09\/ontario-peel-police-300x169.jpg 300w\" sizes=\"(max-width: 750px) 100vw, 750px\" title=\"ontario peel police\" alt=\"Ontario Peel Regional Police\" \t\tclass=\"so-widget-image\"\/>\n\t<\/div>\n\n<\/div><\/div><\/div><div id=\"pgc-30366-3-1\"  class=\"panel-grid-cell\" ><div id=\"panel-30366-3-1-0\" class=\"so-panel widget widget_sow-headline panel-first-child\" data-index=\"10\" ><div\n\t\t\t\n\t\t\tclass=\"so-widget-sow-headline so-widget-sow-headline-default-140e47eb48ac-30366\"\n\t\t\t\n\t\t><div class=\"sow-headline-container \">\n\t\t\t\t\t\t\t<h3 class=\"sow-headline\">\n\t\t\t\t\t\tMUJER DE ONTARIO ACUSADA DE FALSA ALERTA \u00c1MBAR\t\t\t\t\t\t<\/h3>\n\t\t\t\t\t\t<\/div>\n<\/div><\/div><div id=\"panel-30366-3-1-1\" class=\"so-panel widget widget_sow-editor panel-last-child\" data-index=\"11\" ><div\n\t\t\t\n\t\t\tclass=\"so-widget-sow-editor so-widget-sow-editor-base\"\n\t\t\t\n\t\t>\n<div class=\"siteorigin-widget-tinymce textwidget\">\n\t<p>Una mujer de Missisauga, Ontario, fue acusada de hacer una denuncia policial falsa despu\u00e9s de que dijera que vio a una mujer siendo obligada a subir a una camioneta el 15 de enero de 2017. Se emiti\u00f3 una Alerta AMBER despu\u00e9s de que su familia informara que una ni\u00f1a de 15 a\u00f1os estaba desaparecida. La adolescente fue encontrada sana y salva y la polic\u00eda determin\u00f3 que no hab\u00eda sido secuestrada.  <\/p>\n<\/div>\n<\/div><\/div><\/div><\/div><div id=\"pg-30366-4\"  class=\"panel-grid panel-no-style\" ><div id=\"pgc-30366-4-0\"  class=\"panel-grid-cell\" ><div id=\"panel-30366-4-0-0\" class=\"so-panel widget widget_sow-image panel-first-child panel-last-child\" data-index=\"12\" ><div\n\t\t\t\n\t\t\tclass=\"so-widget-sow-image so-widget-sow-image-default-8b5b6f678277-30366\"\n\t\t\t\n\t\t>\n<div class=\"sow-image-container\">\n\t\t<img \n\tsrc=\"https:\/\/amberadvocate.org\/wp-content\/uploads\/2017\/09\/icmec.png\" width=\"646\" height=\"217\" srcset=\"https:\/\/amberadvocate.org\/wp-content\/uploads\/2017\/09\/icmec.png 646w, https:\/\/amberadvocate.org\/wp-content\/uploads\/2017\/09\/icmec-300x101.png 300w\" sizes=\"(max-width: 646px) 100vw, 646px\" alt=\"International Center for missing and exploited children logo\" \t\tclass=\"so-widget-image\"\/>\n\t<\/div>\n\n<\/div><\/div><\/div><div id=\"pgc-30366-4-1\"  class=\"panel-grid-cell\" ><div id=\"panel-30366-4-1-0\" class=\"so-panel widget widget_sow-headline panel-first-child\" data-index=\"13\" ><div\n\t\t\t\n\t\t\tclass=\"so-widget-sow-headline so-widget-sow-headline-default-140e47eb48ac-30366\"\n\t\t\t\n\t\t><div class=\"sow-headline-container \">\n\t\t\t\t\t\t\t<h3 class=\"sow-headline\">\n\t\t\t\t\t\tESFUERZOS MUNDIALES EN CURSO PARA MEJORAR Y AMPLIAR LOS PROGRAMAS DE ALERTA \u00c1MBAR\t\t\t\t\t\t<\/h3>\n\t\t\t\t\t\t<\/div>\n<\/div><\/div><div id=\"panel-30366-4-1-1\" class=\"so-panel widget widget_sow-editor panel-last-child\" data-index=\"14\" ><div\n\t\t\t\n\t\t\tclass=\"so-widget-sow-editor so-widget-sow-editor-base\"\n\t\t\t\n\t\t>\n<div class=\"siteorigin-widget-tinymce textwidget\">\n\t<p>El Centro Internacional para Ni\u00f1os Desaparecidos y Explotados (ICMEC) contin\u00faa trabajando con pa\u00edses de todo el mundo para asegurarse de que las Alertas AMBER funcionen y que los ni\u00f1os desaparecidos y secuestrados regresen a casa de manera segura. En 2015, el ICMEC public\u00f3 el Marco Modelo para Ni\u00f1os Desaparecidos, que describe 12 criterios clave que los pa\u00edses deben considerar al desarrollar una estrategia\/respuesta nacional para ni\u00f1os desaparecidos. El marco ayuda a los pa\u00edses a construir respuestas nacionales s\u00f3lidas y completas, y a facilitar investigaciones, gesti\u00f3n y resoluci\u00f3n m\u00e1s eficientes de casos de ni\u00f1os desaparecidos.  <\/p>\n<p>ICMEC y AMBER Alert Europe fueron coautores y publicaron el Marco del Sistema de Alerta Infantil de Emergencia R\u00e1pida en 2016. Este a\u00f1o, ICMEC public\u00f3 el Marco de Distribuci\u00f3n de Fotos, que ofrece una estrategia para la distribuci\u00f3n de fotos a las partes interesadas, los medios de comunicaci\u00f3n y el p\u00fablico en la b\u00fasqueda de un ni\u00f1o desaparecido. El documento tambi\u00e9n aclara las diferencias entre una estrategia de distribuci\u00f3n de fotos y un sistema de Alerta AMBER. AMBER Alert Europe tambi\u00e9n ha creado Understanding and Managing Risk in the Context of Missing Persons (Comprensi\u00f3n y gesti\u00f3n del riesgo en el contexto de las personas desaparecidas), una revisi\u00f3n exhaustiva de la dificultad de determinar el riesgo y los diferentes elementos a considerar en un caso de persona desaparecida.   <\/p>\n<\/div>\n<\/div><\/div><\/div><\/div><div id=\"pg-30366-5\"  class=\"panel-grid panel-no-style\" ><div id=\"pgc-30366-5-0\"  class=\"panel-grid-cell\" ><div id=\"panel-30366-5-0-0\" class=\"so-panel widget widget_sow-image panel-first-child panel-last-child\" data-index=\"15\" ><div\n\t\t\t\n\t\t\tclass=\"so-widget-sow-image so-widget-sow-image-default-8b5b6f678277-30366\"\n\t\t\t\n\t\t>\n<div class=\"sow-image-container\">\n\t\t<img \n\tsrc=\"https:\/\/amberadvocate.org\/wp-content\/uploads\/2017\/09\/bcamber.jpeg\" width=\"400\" height=\"400\" srcset=\"https:\/\/amberadvocate.org\/wp-content\/uploads\/2017\/09\/bcamber.jpeg 400w, https:\/\/amberadvocate.org\/wp-content\/uploads\/2017\/09\/bcamber-150x150.jpeg 150w, https:\/\/amberadvocate.org\/wp-content\/uploads\/2017\/09\/bcamber-300x300.jpeg 300w\" sizes=\"(max-width: 400px) 100vw, 400px\" alt=\"British Columbia AMBER Alert logo\" \t\tclass=\"so-widget-image\"\/>\n\t<\/div>\n\n<\/div><\/div><\/div><div id=\"pgc-30366-5-1\"  class=\"panel-grid-cell\" ><div id=\"panel-30366-5-1-0\" class=\"so-panel widget widget_sow-headline panel-first-child\" data-index=\"16\" ><div\n\t\t\t\n\t\t\tclass=\"so-widget-sow-headline so-widget-sow-headline-default-140e47eb48ac-30366\"\n\t\t\t\n\t\t><div class=\"sow-headline-container \">\n\t\t\t\t\t\t\t<h3 class=\"sow-headline\">\n\t\t\t\t\t\tLA ALERTA \u00c1MBAR DE COLOMBIA BRIT\u00c1NICA CONDUCE A LA RECUPERACI\u00d3N SEGURA DE UN NI\u00d1O EN WASHINGTON\t\t\t\t\t\t<\/h3>\n\t\t\t\t\t\t<\/div>\n<\/div><\/div><div id=\"panel-30366-5-1-1\" class=\"so-panel widget widget_sow-editor panel-last-child\" data-index=\"17\" ><div\n\t\t\t\n\t\t\tclass=\"so-widget-sow-editor so-widget-sow-editor-base\"\n\t\t\t\n\t\t>\n<div class=\"siteorigin-widget-tinymce textwidget\">\n\t<p>La polic\u00eda de Bellingham, Washington, recuper\u00f3 sana y salva a una ni\u00f1a de 9 a\u00f1os en enero de 2017 despu\u00e9s de que se emitiera una Alerta AMBER en la Columbia Brit\u00e1nica. La ni\u00f1a hab\u00eda sido llevada por su madre de 48 a\u00f1os, que ya no ten\u00eda la custodia y viol\u00f3 una orden judicial al cruzar la frontera. Los agentes encontraron a la pareja en una iglesia despu\u00e9s de encontrar el coche de la sospechosa en un hotel cercano.  <\/p>\n<\/div>\n<\/div><\/div><\/div><\/div><\/div>","protected":false},"excerpt":{"rendered":"<p>Una trabajadora social de la Columbia Brit\u00e1nica espera que Canad\u00e1 cree una nueva alerta para ni\u00f1os desaparecidos en situaci\u00f3n de riesgo que no cumplan los criterios para una Alerta AMBER. Patricia McDonald dice que se necesita una \u201cAlerta Alex\u201d para evitar lo que le sucedi\u00f3 a Alexandra Radita hace 4 a\u00f1os. El ni\u00f1o de 15 [&hellip;]<\/p>\n","protected":false},"author":10,"featured_media":1067,"comment_status":"closed","ping_status":"closed","sticky":false,"template":"","format":"standard","meta":{"_bbp_topic_count":0,"_bbp_reply_count":0,"_bbp_total_topic_count":0,"_bbp_total_reply_count":0,"_bbp_voice_count":0,"_bbp_anonymous_reply_count":0,"_bbp_topic_count_hidden":0,"_bbp_reply_count_hidden":0,"_bbp_forum_subforum_count":0,"_analytify_skip_tracking":false,"footnotes":""},"categories":[651],"tags":[],"class_list":["post-30366","post","type-post","status-publish","format-standard","has-post-thumbnail","hentry","category-internacional"],"meta_box":{"aa_theme_enable_blocks_editor":"","aa_theme_featured_img_position":""},"publishpress_future_workflow_manual_trigger":{"enabledWorkflows":[]},"_links":{"self":[{"href":"https:\/\/amberadvocate.org\/es\/wp-json\/wp\/v2\/posts\/30366","targetHints":{"allow":["GET"]}}],"collection":[{"href":"https:\/\/amberadvocate.org\/es\/wp-json\/wp\/v2\/posts"}],"about":[{"href":"https:\/\/amberadvocate.org\/es\/wp-json\/wp\/v2\/types\/post"}],"author":[{"embeddable":true,"href":"https:\/\/amberadvocate.org\/es\/wp-json\/wp\/v2\/users\/10"}],"replies":[{"embeddable":true,"href":"https:\/\/amberadvocate.org\/es\/wp-json\/wp\/v2\/comments?post=30366"}],"version-history":[{"count":0,"href":"https:\/\/amberadvocate.org\/es\/wp-json\/wp\/v2\/posts\/30366\/revisions"}],"wp:featuredmedia":[{"embeddable":true,"href":"https:\/\/amberadvocate.org\/es\/wp-json\/wp\/v2\/media\/1067"}],"wp:attachment":[{"href":"https:\/\/amberadvocate.org\/es\/wp-json\/wp\/v2\/media?parent=30366"}],"wp:term":[{"taxonomy":"category","embeddable":true,"href":"https:\/\/amberadvocate.org\/es\/wp-json\/wp\/v2\/categories?post=30366"},{"taxonomy":"post_tag","embeddable":true,"href":"https:\/\/amberadvocate.org\/es\/wp-json\/wp\/v2\/tags?post=30366"}],"curies":[{"name":"wp","href":"https:\/\/api.w.org\/{rel}","templated":true}]}}