{"id":30362,"date":"2017-01-20T14:16:30","date_gmt":"2017-01-20T20:16:30","guid":{"rendered":"https:\/\/amberadvocate.org\/sin-categorizar\/nuevo-mexico-emitira-alertas-amber-para-la-nacion-navajo\/"},"modified":"2025-11-01T13:51:00","modified_gmt":"2025-11-01T18:51:00","slug":"nuevo-mexico-emitira-alertas-amber-para-la-nacion-navajo","status":"publish","type":"post","link":"https:\/\/amberadvocate.org\/es\/pais-indio\/nuevo-mexico-emitira-alertas-amber-para-la-nacion-navajo\/","title":{"rendered":"Nuevo M\u00e9xico emitir\u00e1 alertas AMBER para la Naci\u00f3n Navajo"},"content":{"rendered":"<div id=\"pl-30362\"  class=\"panel-layout\" ><div id=\"pg-30362-0\"  class=\"panel-grid panel-no-style\" ><div id=\"pgc-30362-0-0\"  class=\"panel-grid-cell\" ><div id=\"panel-30362-0-0-0\" class=\"so-panel widget widget_sow-editor panel-first-child panel-last-child\" data-index=\"0\" ><div\n\t\t\t\n\t\t\tclass=\"so-widget-sow-editor so-widget-sow-editor-base\"\n\t\t\t\n\t\t>\n<div class=\"siteorigin-widget-tinymce textwidget\">\n\t<p class=\"p1\"><img decoding=\"async\" class=\"aligncenter size-full wp-image-1489\" src=\"https:\/\/amberadvocate.org\/wp-content\/uploads\/2017\/09\/navajo-seal.png\" alt=\"sello navajo\" width=\"2000\" height=\"750\" srcset=\"https:\/\/amberadvocate.org\/wp-content\/uploads\/2017\/09\/navajo-seal.png 2000w, https:\/\/amberadvocate.org\/wp-content\/uploads\/2017\/09\/navajo-seal-300x113.png 300w, https:\/\/amberadvocate.org\/wp-content\/uploads\/2017\/09\/navajo-seal-768x288.png 768w, https:\/\/amberadvocate.org\/wp-content\/uploads\/2017\/09\/navajo-seal-1024x384.png 1024w\" sizes=\"(max-width: 2000px) 100vw, 2000px\" \/><\/p>\n<p class=\"p1\">La Naci\u00f3n Navajo ahora emitir\u00e1 Alertas AMBER a trav\u00e9s del Sistema de Alerta de Secuestro de Ni\u00f1os de Nuevo M\u00e9xico. El estado tambi\u00e9n notificar\u00eda a Arizona y Utah si la Naci\u00f3n Navajo emite una Alerta AMBER. Nuevo M\u00e9xico emitir\u00e1 las alertas mientras el Grupo de Trabajo del Sistema de Alerta de la Naci\u00f3n Navajo trabaja para desarrollar completamente un programa de Alerta AMBER, un sistema 911 y un mecanismo de identificaci\u00f3n mejorado para los hogares en las zonas rurales.<\/p>\n<p class=\"p1\">El grupo de trabajo se cre\u00f3 despu\u00e9s de que los residentes expresaran su preocupaci\u00f3n por el sistema de Alerta AMBER tras el secuestro el 2 de mayo de 2016 de Ashlynne Mike, de 11 a\u00f1os, y su hermano Ian, de 9 a\u00f1os. Aunque Ian escap\u00f3, fue encontrado y puesto a salvo, Ashlynne fue brutalmente asesinada y su cuerpo fue descubierto al d\u00eda siguiente del secuestro. <\/p>\n<\/div>\n<\/div><\/div><\/div><\/div><\/div>","protected":false},"excerpt":{"rendered":"<p>La Naci\u00f3n Navajo ahora emitir\u00e1 Alertas AMBER a trav\u00e9s del Sistema de Alerta de Secuestro de Ni\u00f1os de Nuevo M\u00e9xico. El estado tambi\u00e9n notificar\u00eda a Arizona y Utah si la Naci\u00f3n Navajo emite una Alerta AMBER. Nuevo M\u00e9xico emitir\u00e1 las alertas mientras el Grupo de Trabajo del Sistema de Alerta de la Naci\u00f3n Navajo trabaja [&hellip;]<\/p>\n","protected":false},"author":10,"featured_media":1489,"comment_status":"closed","ping_status":"closed","sticky":false,"template":"","format":"standard","meta":{"_bbp_topic_count":0,"_bbp_reply_count":0,"_bbp_total_topic_count":0,"_bbp_total_reply_count":0,"_bbp_voice_count":0,"_bbp_anonymous_reply_count":0,"_bbp_topic_count_hidden":0,"_bbp_reply_count_hidden":0,"_bbp_forum_subforum_count":0,"_analytify_skip_tracking":false,"footnotes":""},"categories":[653],"tags":[],"class_list":["post-30362","post","type-post","status-publish","format-standard","has-post-thumbnail","hentry","category-pais-indio"],"meta_box":{"aa_theme_enable_blocks_editor":"","aa_theme_featured_img_position":""},"publishpress_future_workflow_manual_trigger":{"enabledWorkflows":[]},"_links":{"self":[{"href":"https:\/\/amberadvocate.org\/es\/wp-json\/wp\/v2\/posts\/30362","targetHints":{"allow":["GET"]}}],"collection":[{"href":"https:\/\/amberadvocate.org\/es\/wp-json\/wp\/v2\/posts"}],"about":[{"href":"https:\/\/amberadvocate.org\/es\/wp-json\/wp\/v2\/types\/post"}],"author":[{"embeddable":true,"href":"https:\/\/amberadvocate.org\/es\/wp-json\/wp\/v2\/users\/10"}],"replies":[{"embeddable":true,"href":"https:\/\/amberadvocate.org\/es\/wp-json\/wp\/v2\/comments?post=30362"}],"version-history":[{"count":0,"href":"https:\/\/amberadvocate.org\/es\/wp-json\/wp\/v2\/posts\/30362\/revisions"}],"wp:featuredmedia":[{"embeddable":true,"href":"https:\/\/amberadvocate.org\/es\/wp-json\/wp\/v2\/media\/1489"}],"wp:attachment":[{"href":"https:\/\/amberadvocate.org\/es\/wp-json\/wp\/v2\/media?parent=30362"}],"wp:term":[{"taxonomy":"category","embeddable":true,"href":"https:\/\/amberadvocate.org\/es\/wp-json\/wp\/v2\/categories?post=30362"},{"taxonomy":"post_tag","embeddable":true,"href":"https:\/\/amberadvocate.org\/es\/wp-json\/wp\/v2\/tags?post=30362"}],"curies":[{"name":"wp","href":"https:\/\/api.w.org\/{rel}","templated":true}]}}