{"id":30319,"date":"2017-08-25T11:29:54","date_gmt":"2017-08-25T16:29:54","guid":{"rendered":"https:\/\/amberadvocate.org\/sin-categorizar\/rostros-de-la-red-de-alerta-amber-massachusetts\/"},"modified":"2025-11-01T13:49:19","modified_gmt":"2025-11-01T18:49:19","slug":"rostros-de-la-red-de-alerta-amber-massachusetts","status":"publish","type":"post","link":"https:\/\/amberadvocate.org\/es\/habla-amber\/rostros-de-la-red-de-alerta-amber-massachusetts\/","title":{"rendered":"Rostros de la Red de Alerta AMBER: Massachusetts"},"content":{"rendered":"<div id=\"pl-30319\"  class=\"panel-layout\" ><div id=\"pg-30319-0\"  class=\"panel-grid panel-no-style\" ><div id=\"pgc-30319-0-0\"  class=\"panel-grid-cell\" ><div id=\"panel-30319-0-0-0\" class=\"so-panel widget widget_sow-editor panel-first-child panel-last-child\" data-index=\"0\" ><div\n\t\t\t\n\t\t\tclass=\"so-widget-sow-editor so-widget-sow-editor-base\"\n\t\t\t\n\t\t>\n<div class=\"siteorigin-widget-tinymce textwidget\">\n\t<style> .entry-header {display: none;}<\/style>\n<p><img decoding=\"async\" class=\"alignleft wp-image-252\" src=\"https:\/\/amberadvocate.org\/wp-content\/uploads\/2017\/08\/morrell.png\" alt=\"\" width=\"300\" height=\"300\" srcset=\"https:\/\/amberadvocate.org\/wp-content\/uploads\/2017\/08\/morrell.png 500w, https:\/\/amberadvocate.org\/wp-content\/uploads\/2017\/08\/morrell-150x150.png 150w, https:\/\/amberadvocate.org\/wp-content\/uploads\/2017\/08\/morrell-300x300.png 300w\" sizes=\"(max-width: 300px) 100vw, 300px\" \/>Nicole Morell trabaja para la Polic\u00eda Estatal de Massachusetts desde hace 21 a\u00f1os y se convirti\u00f3 en coordinadora estatal de la Alerta AMBER en 2007. El sargento Morell tambi\u00e9n trabaj\u00f3 con el Centro de Intercambio de Informaci\u00f3n sobre Personas Desaparecidas durante tres a\u00f1os. Anteriormente trabaj\u00f3 como detective para la Unidad de Detectives de la Polic\u00eda Estatal del Condado de Worcester e investig\u00f3 delitos importantes, como la desaparici\u00f3n y el asesinato de Molly Bish. El sargento Morrell tambi\u00e9n trabaj\u00f3 como detective encubierto de narc\u00f3ticos.<\/p>\n<h3><b>\u00bfQu\u00e9 tiene de particular tu programa de Alerta AMBER y del Centro de Intercambio de Informaci\u00f3n, y qu\u00e9 crees que contribuye al \u00e9xito de tus programas?<\/b><\/h3>\n<p>Uno de los aspectos \u00fanicos de nuestro programa es la asociaci\u00f3n cohesionada entre los estados de Nueva Inglaterra y la importancia que estos estados otorgan a la celebraci\u00f3n de reuniones anuales para construir y mantener relaciones s\u00f3lidas entre los coordinadores. Permiten a cada agencia adquirir conocimientos y experiencia a trav\u00e9s de las alertas emitidas en el pasado y de la revisi\u00f3n de los planes y criterios de la Alerta AMBER.<\/p>\n<p>Debido a la cohesi\u00f3n de los estados del noreste; todos los estados acordaron que cuando se confirme una alerta o existan pruebas cre\u00edbles de que un sospechoso ha cruzado a otro estado, no habr\u00e1 retraso en la emisi\u00f3n de la alerta.<\/p>\n<p>En cuanto a nuestra asociaci\u00f3n con los medios de comunicaci\u00f3n, nuestro programa se reuni\u00f3 hace unos a\u00f1os con la Asociaci\u00f3n de Radiodifusores de Massachusetts para debatir las mejores pr\u00e1cticas para una activaci\u00f3n. Como resultado de la comunicaci\u00f3n y la comprensi\u00f3n creadas a partir de ese esfuerzo, los medios de comunicaci\u00f3n no han anunciado prematuramente una alerta y esperan a que nuestra oficina les env\u00ede un comunicado de prensa avis\u00e1ndoles de que se ha activado una alerta.<\/p>\n<p>Desde la aprobaci\u00f3n de la legislaci\u00f3n sobre Personas Desaparecidas\/Alerta AMBER, soy miembro titular del Comit\u00e9 del Grupo Especial de Personas Desaparecidas. El grupo de trabajo analiza formas de mejorar las investigaciones de personas desaparecidas (menores).<\/p>\n<h3><b>\u00bfA qu\u00e9 retos te enfrentas para mantener la eficacia y solidez de tus programas Alerta AMBER y Centro de Intercambio de Informaci\u00f3n?<\/b><\/h3>\n<p>Financiaci\u00f3n y falta de personal.<\/p>\n<h3><b>\u00bfQu\u00e9 te gustar\u00eda que ocurriera en el futuro con los programas Alerta AMBER y Centro de Intercambio de Informaci\u00f3n? \u00bfCu\u00e1l es tu visi\u00f3n de los programas?  <\/b><\/h3>\n<p>Combine todos los programas de Alerta AMBER y Centro de Intercambio de Informaci\u00f3n. Cuando las agencias est\u00e1n unificadas, tienen mucho m\u00e1s potencial para ayudar a resolver casos de ni\u00f1os desaparecidos.<\/p>\n<h3><b>Por favor, comparte detalles sobre tu historia de \u00e9xito m\u00e1s memorable trabajando en un caso de menor desaparecido. \u00bfC\u00f3mo apoyaron los resultados la Alerta AMBER y las operaciones del Centro de Intercambio de Informaci\u00f3n? \u00bfCu\u00e1les fueron las lecciones aprendidas m\u00e1s importantes?<\/b><\/h3>\n<p>En julio de 2011 se produjo un homicidio en el norte del estado de Nueva York. La polic\u00eda del estado de Nueva York no se activ\u00f3 inmediatamente, pero pidi\u00f3 a Massachusetts, Nuevo Hampshire y Connecticut que se activaran, lo que hicieron. Durante la reuni\u00f3n posterior a la acci\u00f3n, discutimos la importancia de que la agencia solicitante aceptara tambi\u00e9n la activaci\u00f3n. Si bien normalmente no se activa una alerta para localizar a un sospechoso buscado por huir de la escena de un crimen, la agencia solicitante debe emitir una alerta por varias razones: el secuestrador es el sospechoso de un homicidio; la posibilidad de que un ni\u00f1o sea da\u00f1ado o asesinado es mayor; y se considera que el ni\u00f1o est\u00e1 en peligro debido a la b\u00fasqueda policial, que podr\u00eda resultar en una persecuci\u00f3n de veh\u00edculos motorizados o violencia cuando se localiza al sospechoso.<\/p>\n<h3><b>\u00bfDe qu\u00e9 manera tus experiencias profesionales y vitales, incluido tu trabajo como Coordinadora de la Alerta AMBER y Directora del Centro de Intercambio de Informaci\u00f3n, han reforzado tu compromiso de ayudar a los ni\u00f1os en peligro, desaparecidos y secuestrados?<\/b><\/h3>\n<p>Desde el inicio del programa Alerta AMBER de Massachusetts en 2002, hemos mantenido una tasa de \u00e9xito del 100 por ciento. Lo atribuyo a los conocimientos de investigaci\u00f3n de nuestro equipo, formado por un coordinador a tiempo completo y dos a tiempo parcial, con 30 a\u00f1os de experiencia colectiva en investigaci\u00f3n. Nuestro equipo tambi\u00e9n cuenta con siete detectives capitanes y mayores de nuestra Divisi\u00f3n de Servicios de Investigaci\u00f3n. Nuestro equipo comprende la importancia de actuar con rapidez pero eficacia para recuperar a nuestra poblaci\u00f3n m\u00e1s vulnerable.<\/p>\n<\/div>\n<\/div><\/div><\/div><\/div><\/div>","protected":false},"excerpt":{"rendered":"<p>Nicole Morell trabaja para la Polic\u00eda Estatal de Massachusetts desde hace 21 a\u00f1os y se convirti\u00f3 en coordinadora estatal de la Alerta AMBER en 2007. El sargento Morell tambi\u00e9n trabaj\u00f3 con el Centro de Intercambio de Informaci\u00f3n sobre Personas Desaparecidas durante tres a\u00f1os. Anteriormente trabaj\u00f3 como detective para la Unidad de Detectives de la Polic\u00eda [&hellip;]<\/p>\n","protected":false},"author":10,"featured_media":1008,"comment_status":"open","ping_status":"open","sticky":false,"template":"","format":"standard","meta":{"_bbp_topic_count":0,"_bbp_reply_count":0,"_bbp_total_topic_count":0,"_bbp_total_reply_count":0,"_bbp_voice_count":0,"_bbp_anonymous_reply_count":0,"_bbp_topic_count_hidden":0,"_bbp_reply_count_hidden":0,"_bbp_forum_subforum_count":0,"_analytify_skip_tracking":false,"footnotes":""},"categories":[646],"tags":[],"class_list":["post-30319","post","type-post","status-publish","format-standard","has-post-thumbnail","hentry","category-habla-amber"],"meta_box":{"aa_theme_enable_blocks_editor":"","aa_theme_featured_img_position":""},"publishpress_future_workflow_manual_trigger":{"enabledWorkflows":[]},"_links":{"self":[{"href":"https:\/\/amberadvocate.org\/es\/wp-json\/wp\/v2\/posts\/30319","targetHints":{"allow":["GET"]}}],"collection":[{"href":"https:\/\/amberadvocate.org\/es\/wp-json\/wp\/v2\/posts"}],"about":[{"href":"https:\/\/amberadvocate.org\/es\/wp-json\/wp\/v2\/types\/post"}],"author":[{"embeddable":true,"href":"https:\/\/amberadvocate.org\/es\/wp-json\/wp\/v2\/users\/10"}],"replies":[{"embeddable":true,"href":"https:\/\/amberadvocate.org\/es\/wp-json\/wp\/v2\/comments?post=30319"}],"version-history":[{"count":0,"href":"https:\/\/amberadvocate.org\/es\/wp-json\/wp\/v2\/posts\/30319\/revisions"}],"wp:featuredmedia":[{"embeddable":true,"href":"https:\/\/amberadvocate.org\/es\/wp-json\/wp\/v2\/media\/1008"}],"wp:attachment":[{"href":"https:\/\/amberadvocate.org\/es\/wp-json\/wp\/v2\/media?parent=30319"}],"wp:term":[{"taxonomy":"category","embeddable":true,"href":"https:\/\/amberadvocate.org\/es\/wp-json\/wp\/v2\/categories?post=30319"},{"taxonomy":"post_tag","embeddable":true,"href":"https:\/\/amberadvocate.org\/es\/wp-json\/wp\/v2\/tags?post=30319"}],"curies":[{"name":"wp","href":"https:\/\/api.w.org\/{rel}","templated":true}]}}