{"id":30303,"date":"2017-09-12T17:24:22","date_gmt":"2017-09-12T22:24:22","guid":{"rendered":"https:\/\/amberadvocate.org\/sin-categorizar\/resumenes-de-la-alerta-amber-verano-2017\/"},"modified":"2025-11-01T13:49:16","modified_gmt":"2025-11-01T18:49:16","slug":"resumenes-de-la-alerta-amber-verano-2017","status":"publish","type":"post","link":"https:\/\/amberadvocate.org\/es\/alerta-amber-breves\/resumenes-de-la-alerta-amber-verano-2017\/","title":{"rendered":"Res\u00famenes de la Alerta AMBER &#8211; Verano 2017"},"content":{"rendered":"<div id=\"pl-30303\"  class=\"panel-layout\" ><div id=\"pg-30303-0\"  class=\"panel-grid panel-has-style\" ><div class=\"siteorigin-panels-stretch panel-row-style panel-row-style-for-30303-0\" data-stretch-type=\"full\" ><div id=\"pgc-30303-0-0\"  class=\"panel-grid-cell\" ><div id=\"panel-30303-0-0-0\" class=\"so-panel widget widget_sow-image panel-first-child panel-last-child\" data-index=\"0\" ><div\n\t\t\t\n\t\t\tclass=\"so-widget-sow-image so-widget-sow-image-default-8b5b6f678277-30303\"\n\t\t\t\n\t\t>\n<div class=\"sow-image-container\">\n\t\t<img \n\tsrc=\"https:\/\/amberadvocate.org\/wp-content\/uploads\/2017\/09\/mccain-PR-2-1024x682.jpg\" width=\"1024\" height=\"682\" srcset=\"https:\/\/amberadvocate.org\/wp-content\/uploads\/2017\/09\/mccain-PR-2-1024x682.jpg 1024w, https:\/\/amberadvocate.org\/wp-content\/uploads\/2017\/09\/mccain-PR-2-1024x682-300x200.jpg 300w, https:\/\/amberadvocate.org\/wp-content\/uploads\/2017\/09\/mccain-PR-2-1024x682-768x512.jpg 768w, https:\/\/amberadvocate.org\/wp-content\/uploads\/2017\/09\/mccain-PR-2-1024x682-272x182.jpg 272w\" sizes=\"(max-width: 1024px) 100vw, 1024px\" title=\"mccain-PR-2-1024&#215;682\" alt=\"John McCain bill for Tribal AMBER Alert\" \t\tclass=\"so-widget-image\"\/>\n\t<\/div>\n\n<\/div><\/div><\/div><div id=\"pgc-30303-0-1\"  class=\"panel-grid-cell\" ><div id=\"panel-30303-0-1-0\" class=\"so-panel widget widget_sow-headline panel-first-child\" data-index=\"1\" ><div\n\t\t\t\n\t\t\tclass=\"so-widget-sow-headline so-widget-sow-headline-default-f92f2168c538-30303\"\n\t\t\t\n\t\t><div class=\"sow-headline-container \">\n\t\t\t\t\t\t\t<h2 class=\"sow-headline\">\n\t\t\t\t\t\tLA LEGISLACI\u00d3N FEDERAL PROPORCIONAR\u00cdA FINANCIACI\u00d3N PARA LAS ALERTAS \u00c1MBAR EN EL PA\u00cdS INDIO\t\t\t\t\t\t<\/h2>\n\t\t\t\t\t\t<\/div>\n<\/div><\/div><div id=\"panel-30303-0-1-1\" class=\"so-panel widget widget_sow-editor panel-last-child\" data-index=\"2\" ><div\n\t\t\t\n\t\t\tclass=\"so-widget-sow-editor so-widget-sow-editor-base\"\n\t\t\t\n\t\t>\n<div class=\"siteorigin-widget-tinymce textwidget\">\n\t<p><style> .entry-header {display:none;}<\/style>\n<\/p>\n<p class=\"p1\">Los legisladores federales est\u00e1n considerando la \"Ley de Alerta AMBER en el Pa\u00eds Indio de 2017\". La ley har\u00eda que las tribus pudieran optar a subvenciones del Departamento de Justicia para desarrollar y aplicar planes de comunicaci\u00f3n de la Alerta AMBER en tierras tribales. La legislaci\u00f3n bipartidista responde al secuestro mortal en 2016 de Ashlynne Mike, de 11 a\u00f1os, en la Naci\u00f3n Navajo. El caso plante\u00f3 cuestiones sobre las lagunas en la comunicaci\u00f3n y la coordinaci\u00f3n entre las fuerzas del orden tribales y locales. El comit\u00e9 legislativo permanente de la Naci\u00f3n Navajo vot\u00f3 en julio a favor de la medida. M\u00e1s informaci\u00f3n en <a href=\"https:\/\/www.tribaldatabase.org\" target=\"_blank\" rel=\"noopener\">https:\/\/www.tribaldatabase.org.<\/a><\/p>\n<\/div>\n<\/div><\/div><\/div><\/div><\/div><div id=\"pg-30303-1\"  class=\"panel-grid panel-has-style\" ><div class=\"siteorigin-panels-stretch panel-row-style panel-row-style-for-30303-1\" data-stretch-type=\"full\" ><div id=\"pgc-30303-1-0\"  class=\"panel-grid-cell\" ><div id=\"panel-30303-1-0-0\" class=\"so-panel widget widget_sow-image panel-first-child panel-last-child\" data-index=\"3\" ><div\n\t\t\t\n\t\t\tclass=\"so-widget-sow-image so-widget-sow-image-default-8b5b6f678277-30303\"\n\t\t\t\n\t\t>\n<div class=\"sow-image-container\">\n\t\t<img \n\tsrc=\"https:\/\/amberadvocate.org\/wp-content\/uploads\/2017\/09\/Screen-Shot-2017-08-15-at-10.48.06-PM.png\" width=\"594\" height=\"230\" srcset=\"https:\/\/amberadvocate.org\/wp-content\/uploads\/2017\/09\/Screen-Shot-2017-08-15-at-10.48.06-PM.png 594w, https:\/\/amberadvocate.org\/wp-content\/uploads\/2017\/09\/Screen-Shot-2017-08-15-at-10.48.06-PM-300x116.png 300w\" sizes=\"(max-width: 594px) 100vw, 594px\" title=\"Screen Shot 2017-08-15 at 10.48.06 PM\" alt=\"Missing Children Society of Canada\" \t\tclass=\"so-widget-image\"\/>\n\t<\/div>\n\n<\/div><\/div><\/div><div id=\"pgc-30303-1-1\"  class=\"panel-grid-cell\" ><div id=\"panel-30303-1-1-0\" class=\"so-panel widget widget_sow-headline panel-first-child\" data-index=\"4\" ><div\n\t\t\t\n\t\t\tclass=\"so-widget-sow-headline so-widget-sow-headline-default-f92f2168c538-30303\"\n\t\t\t\n\t\t><div class=\"sow-headline-container \">\n\t\t\t\t\t\t\t<h2 class=\"sow-headline\">\n\t\t\t\t\t\tCONFERENCIA SOBRE PERSONAS DESAPARECIDAS CELEBRADA EN ATLANTA\t\t\t\t\t\t<\/h2>\n\t\t\t\t\t\t<\/div>\n<\/div><\/div><div id=\"panel-30303-1-1-1\" class=\"so-panel widget widget_sow-editor panel-last-child\" data-index=\"5\" ><div\n\t\t\t\n\t\t\tclass=\"so-widget-sow-editor so-widget-sow-editor-base\"\n\t\t\t\n\t\t>\n<div class=\"siteorigin-widget-tinymce textwidget\">\n\t<p class=\"p1\">La 11\u00aa Conferencia Nacional Anual sobre Respuesta a Personas Desaparecidas y No Identificadas se celebr\u00f3 del 19 al 21 de septiembre de 2017 en Atlanta, Georgia. La conferencia incluy\u00f3 presentaciones de Amanda Pick, Directora General de la Sociedad de Ni\u00f1os Desaparecidos de Canad\u00e1, Patty Wetterling, defensora de los ni\u00f1os desaparecidos, y Carl Rebstock, Enlace con el Gobierno Tribal Nacional de FirstNet.<\/p>\n<\/div>\n<\/div><\/div><\/div><\/div><\/div><div id=\"pg-30303-2\"  class=\"panel-grid panel-has-style\" ><div class=\"siteorigin-panels-stretch panel-row-style panel-row-style-for-30303-2\" data-stretch-type=\"full\" ><div id=\"pgc-30303-2-0\"  class=\"panel-grid-cell\" ><div id=\"panel-30303-2-0-0\" class=\"so-panel widget widget_sow-image panel-first-child panel-last-child\" data-index=\"6\" ><div\n\t\t\t\n\t\t\tclass=\"so-widget-sow-image so-widget-sow-image-default-8b5b6f678277-30303\"\n\t\t\t\n\t\t>\n<div class=\"sow-image-container\">\n\t\t<img \n\tsrc=\"https:\/\/amberadvocate.org\/wp-content\/uploads\/2017\/09\/biden-217x300.jpg\" width=\"217\" height=\"300\" srcset=\"https:\/\/amberadvocate.org\/wp-content\/uploads\/2017\/09\/biden-217x300.jpg 217w, https:\/\/amberadvocate.org\/wp-content\/uploads\/2017\/09\/biden-768x1061.jpg 768w, https:\/\/amberadvocate.org\/wp-content\/uploads\/2017\/09\/biden-741x1024.jpg 741w, https:\/\/amberadvocate.org\/wp-content\/uploads\/2017\/09\/biden.jpg 1375w\" sizes=\"(max-width: 217px) 100vw, 217px\" alt=\"Beau Biden Foundation\" \t\tclass=\"so-widget-image\"\/>\n\t<\/div>\n\n<\/div><\/div><\/div><div id=\"pgc-30303-2-1\"  class=\"panel-grid-cell\" ><div id=\"panel-30303-2-1-0\" class=\"so-panel widget widget_sow-headline panel-first-child\" data-index=\"7\" ><div\n\t\t\t\n\t\t\tclass=\"so-widget-sow-headline so-widget-sow-headline-default-f92f2168c538-30303\"\n\t\t\t\n\t\t><div class=\"sow-headline-container \">\n\t\t\t\t\t\t\t<h2 class=\"sow-headline\">\n\t\t\t\t\t\tLA CL\u00cdNICA DE B\u00c9ISBOL DE DELAWARE SENSIBILIZA SOBRE LA ALERTA \u00c1MBAR\t\t\t\t\t\t<\/h2>\n\t\t\t\t\t\t<\/div>\n<\/div><\/div><div id=\"panel-30303-2-1-1\" class=\"so-panel widget widget_sow-editor panel-last-child\" data-index=\"8\" ><div\n\t\t\t\n\t\t\tclass=\"so-widget-sow-editor so-widget-sow-editor-base\"\n\t\t\t\n\t\t>\n<div class=\"siteorigin-widget-tinymce textwidget\">\n\t<p class=\"p1\">Los Blue Rocks de Wilmington, en Delaware, celebraron un clinic de b\u00e9isbol el 20 de agosto de 2017, en el que se distribuy\u00f3 informaci\u00f3n sobre seguridad en Internet y kits de identificaci\u00f3n de menores que pueden utilizarse para proporcionar informaci\u00f3n para una Alerta AMBER y todos los incidentes de menores desaparecidos. La Fundaci\u00f3n Beau Biden para la Protecci\u00f3n de la Infancia y la Fundaci\u00f3n Cal Ripken Sr. La Fundaci\u00f3n tambi\u00e9n organiz\u00f3 el acto.<\/p>\n<\/div>\n<\/div><\/div><\/div><\/div><\/div><div id=\"pg-30303-3\"  class=\"panel-grid panel-has-style\" ><div class=\"siteorigin-panels-stretch panel-row-style panel-row-style-for-30303-3\" data-stretch-type=\"full\" ><div id=\"pgc-30303-3-0\"  class=\"panel-grid-cell\" ><div id=\"panel-30303-3-0-0\" class=\"so-panel widget widget_sow-image panel-first-child panel-last-child\" data-index=\"9\" ><div\n\t\t\t\n\t\t\tclass=\"so-widget-sow-image so-widget-sow-image-default-8b5b6f678277-30303\"\n\t\t\t\n\t\t>\n<div class=\"sow-image-container\">\n\t\t<img \n\tsrc=\"https:\/\/amberadvocate.org\/wp-content\/uploads\/2017\/09\/blue-alert.jpg\" width=\"1280\" height=\"720\" srcset=\"https:\/\/amberadvocate.org\/wp-content\/uploads\/2017\/09\/blue-alert.jpg 1280w, https:\/\/amberadvocate.org\/wp-content\/uploads\/2017\/09\/blue-alert-300x169.jpg 300w, https:\/\/amberadvocate.org\/wp-content\/uploads\/2017\/09\/blue-alert-768x432.jpg 768w, https:\/\/amberadvocate.org\/wp-content\/uploads\/2017\/09\/blue-alert-1024x576.jpg 1024w\" sizes=\"(max-width: 1280px) 100vw, 1280px\" title=\"blue alert\" alt=\"National Blue Alert Network logo\" \t\tclass=\"so-widget-image\"\/>\n\t<\/div>\n\n<\/div><\/div><\/div><div id=\"pgc-30303-3-1\"  class=\"panel-grid-cell\" ><div id=\"panel-30303-3-1-0\" class=\"so-panel widget widget_sow-headline panel-first-child\" data-index=\"10\" ><div\n\t\t\t\n\t\t\tclass=\"so-widget-sow-headline so-widget-sow-headline-default-f92f2168c538-30303\"\n\t\t\t\n\t\t><div class=\"sow-headline-container \">\n\t\t\t\t\t\t\t<h2 class=\"sow-headline\">\n\t\t\t\t\t\tEL GOBERNADOR DE MISSOURI FIRMA LA LEY QUE CREA LA ALERTA AZUL\t\t\t\t\t\t<\/h2>\n\t\t\t\t\t\t<\/div>\n<\/div><\/div><div id=\"panel-30303-3-1-1\" class=\"so-panel widget widget_sow-editor panel-last-child\" data-index=\"11\" ><div\n\t\t\t\n\t\t\tclass=\"so-widget-sow-editor so-widget-sow-editor-base\"\n\t\t\t\n\t\t>\n<div class=\"siteorigin-widget-tinymce textwidget\">\n\t<p class=\"p1\">El gobernador de Misuri, Eric Greitens, firm\u00f3 en julio de 2017 una ley por la que se creaba un sistema de Alerta Azul para el estado. La Alerta Azul env\u00eda avisos de emergencia para encontrar r\u00e1pidamente a sospechosos acusados de disparar a agentes de polic\u00eda. El proyecto de ley era una respuesta a los m\u00faltiples polic\u00edas tiroteados en Misuri el a\u00f1o pasado. El gobernador Greitens se\u00f1al\u00f3 que otros 27 estados tienen ahora Alertas Azules.<\/p>\n<\/div>\n<\/div><\/div><\/div><\/div><\/div><\/div>","protected":false},"excerpt":{"rendered":"<p>Los legisladores federales est\u00e1n considerando la \u00abLey de Alerta AMBER en el Pa\u00eds Indio de 2017\u00bb. La ley har\u00eda que las tribus pudieran optar a subvenciones del Departamento de Justicia para desarrollar y aplicar planes de comunicaci\u00f3n de la Alerta AMBER en tierras tribales. La legislaci\u00f3n bipartidista responde al secuestro mortal en 2016 de Ashlynne [&hellip;]<\/p>\n","protected":false},"author":10,"featured_media":0,"comment_status":"closed","ping_status":"closed","sticky":false,"template":"","format":"standard","meta":{"_bbp_topic_count":0,"_bbp_reply_count":0,"_bbp_total_topic_count":0,"_bbp_total_reply_count":0,"_bbp_voice_count":0,"_bbp_anonymous_reply_count":0,"_bbp_topic_count_hidden":0,"_bbp_reply_count_hidden":0,"_bbp_forum_subforum_count":0,"_analytify_skip_tracking":false,"footnotes":""},"categories":[649],"tags":[],"class_list":["post-30303","post","type-post","status-publish","format-standard","hentry","category-alerta-amber-breves"],"meta_box":{"aa_theme_enable_blocks_editor":"","aa_theme_featured_img_position":""},"publishpress_future_workflow_manual_trigger":{"enabledWorkflows":[]},"_links":{"self":[{"href":"https:\/\/amberadvocate.org\/es\/wp-json\/wp\/v2\/posts\/30303","targetHints":{"allow":["GET"]}}],"collection":[{"href":"https:\/\/amberadvocate.org\/es\/wp-json\/wp\/v2\/posts"}],"about":[{"href":"https:\/\/amberadvocate.org\/es\/wp-json\/wp\/v2\/types\/post"}],"author":[{"embeddable":true,"href":"https:\/\/amberadvocate.org\/es\/wp-json\/wp\/v2\/users\/10"}],"replies":[{"embeddable":true,"href":"https:\/\/amberadvocate.org\/es\/wp-json\/wp\/v2\/comments?post=30303"}],"version-history":[{"count":0,"href":"https:\/\/amberadvocate.org\/es\/wp-json\/wp\/v2\/posts\/30303\/revisions"}],"wp:attachment":[{"href":"https:\/\/amberadvocate.org\/es\/wp-json\/wp\/v2\/media?parent=30303"}],"wp:term":[{"taxonomy":"category","embeddable":true,"href":"https:\/\/amberadvocate.org\/es\/wp-json\/wp\/v2\/categories?post=30303"},{"taxonomy":"post_tag","embeddable":true,"href":"https:\/\/amberadvocate.org\/es\/wp-json\/wp\/v2\/tags?post=30303"}],"curies":[{"name":"wp","href":"https:\/\/api.w.org\/{rel}","templated":true}]}}