{"id":38188,"date":"2025-09-05T12:38:17","date_gmt":"2025-09-05T17:38:17","guid":{"rendered":"https:\/\/amberadvocate.org\/back-issues\/un-grupo-de-nuevo-mexico-escucha-sobre-la-trata-de-personas\/"},"modified":"2026-01-13T17:39:07","modified_gmt":"2026-01-13T23:39:07","slug":"un-grupo-de-nuevo-mexico-escucha-sobre-la-trata-de-personas","status":"publish","type":"articles","link":"https:\/\/amberadvocate.org\/es\/?articles=un-grupo-de-nuevo-mexico-escucha-sobre-la-trata-de-personas","title":{"rendered":"Un grupo de Nuevo M\u00e9xico escucha sobre la trata de personas"},"content":{"rendered":"<div id=\"pl-38188\"  class=\"panel-layout\" ><div id=\"pg-38188-0\"  class=\"panel-grid panel-no-style\" ><div id=\"pgc-38188-0-0\"  class=\"panel-grid-cell\" ><div id=\"panel-38188-0-0-0\" class=\"so-panel widget widget_media_image panel-first-child panel-last-child\" data-index=\"0\" ><img decoding=\"async\" width=\"300\" height=\"251\" src=\"https:\/\/amberadvocate.org\/wp-content\/uploads\/2025\/09\/May-5-MMIP-MMIWG-use-300x251.png\" class=\"image wp-image-37351  attachment-medium size-medium\" alt=\"Foto de una mano roja sobre un collage de personas ind\u00edgenas desaparecidas\" style=\"max-width: 100%; height: auto;\" srcset=\"https:\/\/amberadvocate.org\/wp-content\/uploads\/2025\/09\/May-5-MMIP-MMIWG-use-300x251.png 300w, https:\/\/amberadvocate.org\/wp-content\/uploads\/2025\/09\/May-5-MMIP-MMIWG-use-768x644.png 768w, https:\/\/amberadvocate.org\/wp-content\/uploads\/2025\/09\/May-5-MMIP-MMIWG-use.png 940w\" sizes=\"(max-width: 300px) 100vw, 300px\" \/><\/div><\/div><div id=\"pgc-38188-0-1\"  class=\"panel-grid-cell\" ><div id=\"panel-38188-0-1-0\" class=\"so-panel widget widget_sow-editor panel-first-child panel-last-child\" data-index=\"1\" ><div\n\t\t\t\n\t\t\tclass=\"so-widget-sow-editor so-widget-sow-editor-base\"\n\t\t\t\n\t\t>\n<div class=\"siteorigin-widget-tinymce textwidget\">\n\t<p>El Grupo de Trabajo de Personas Ind\u00edgenas Desaparecidas y Asesinadas (MMIP) de Nuevo M\u00e9xico escuch\u00f3 testimonios emotivos como parte de sus esfuerzos continuos para abordar la crisis de MMIP. Familiares y otras personas que asistieron a la reuni\u00f3n trimestral del grupo relataron c\u00f3mo las personas ind\u00edgenas se han visto afectadas por la trata de personas y el n\u00famero desproporcionadamente alto de ni\u00f1as y mujeres desaparecidas. Birga Alden, miembro del <a href=\"https:\/\/www.koat.com\/article\/new-mexico-task-force-addresses-missing-indigenous-people-crisis\/65475518\" target=\"_blank\" rel=\"noopener\">grupo de trabajo<\/a> y jefa de comunicaci\u00f3n del Centro de Sue\u00f1os de Nuevo M\u00e9xico, una organizaci\u00f3n sin \u00e1nimo de lucro, enfatiz\u00f3 la importancia de escuchar las voces ind\u00edgenas y tomar medidas. El grupo de trabajo, que colabora con el Departamento de Justicia de Nuevo M\u00e9xico, est\u00e1 utilizando sus reuniones para crear conciencia sobre la <a href=\"https:\/\/www.bia.gov\/service\/mmu\/missing-and-murdered-indigenous-people-crisis\" target=\"_blank\" rel=\"noopener\">crisis de MMIP<\/a> y para trabajar en la actualizaci\u00f3n de un plan de respuesta estatal de 2022. Ese plan, publicado por el Departamento de Asuntos Ind\u00edgenas de Nuevo M\u00e9xico, describe estrategias para mejorar la recopilaci\u00f3n de datos y el apoyo a los supervivientes y las familias.    <span class=\"Apple-converted-space\"> <\/span><\/p>\n<\/div>\n<\/div><\/div><\/div><\/div><\/div>","protected":false},"excerpt":{"rendered":"<p>El Grupo de Trabajo de Personas Ind\u00edgenas Desaparecidas y Asesinadas (MMIP) de Nuevo M\u00e9xico escuch\u00f3 testimonios emotivos como parte de sus esfuerzos continuos para abordar la crisis de MMIP. Familiares y otras personas que asistieron a la reuni\u00f3n trimestral del grupo relataron c\u00f3mo las personas ind\u00edgenas se han visto afectadas por la trata de personas [&hellip;]<\/p>\n","protected":false},"featured_media":37351,"template":"","magazine_tags":[993,1444,1323,519,567],"class_list":["post-38188","articles","type-articles","status-publish","has-post-thumbnail","hentry","magazine_category-informes-del-pais-indigena","issue-numero-64","magazine_tags-data","magazine_tags-indian-affairs-department","magazine_tags-missing-and-murdered-indigenous-persons","magazine_tags-mmip","magazine_tags-new-mexico"],"meta_box":{"articles_subhead":"","articles_primary_category":[]},"publishpress_future_workflow_manual_trigger":{"enabledWorkflows":[]},"_links":{"self":[{"href":"https:\/\/amberadvocate.org\/es\/wp-json\/wp\/v2\/articles\/38188","targetHints":{"allow":["GET"]}}],"collection":[{"href":"https:\/\/amberadvocate.org\/es\/wp-json\/wp\/v2\/articles"}],"about":[{"href":"https:\/\/amberadvocate.org\/es\/wp-json\/wp\/v2\/types\/articles"}],"wp:featuredmedia":[{"embeddable":true,"href":"https:\/\/amberadvocate.org\/es\/wp-json\/wp\/v2\/media\/37351"}],"wp:attachment":[{"href":"https:\/\/amberadvocate.org\/es\/wp-json\/wp\/v2\/media?parent=38188"}],"wp:term":[{"taxonomy":"magazine_tags","embeddable":true,"href":"https:\/\/amberadvocate.org\/es\/wp-json\/wp\/v2\/magazine_tags?post=38188"}],"curies":[{"name":"wp","href":"https:\/\/api.w.org\/{rel}","templated":true}]}}