{"id":38186,"date":"2025-09-08T12:58:29","date_gmt":"2025-09-08T17:58:29","guid":{"rendered":"https:\/\/amberadvocate.org\/back-issues\/vecina-del-norte\/"},"modified":"2026-01-13T17:37:27","modified_gmt":"2026-01-13T23:37:27","slug":"vecina-del-norte","status":"publish","type":"articles","link":"https:\/\/amberadvocate.org\/es\/?articles=vecina-del-norte","title":{"rendered":"Vecina del norte"},"content":{"rendered":"<div id=\"pl-38186\"  class=\"panel-layout\" ><div id=\"pg-38186-0\"  class=\"panel-grid panel-has-style\" ><div class=\"panel-row-style panel-row-style-for-38186-0\" ><div id=\"pgc-38186-0-0\"  class=\"panel-grid-cell\" ><div id=\"panel-38186-0-0-0\" class=\"so-panel widget widget_sow-editor panel-first-child\" data-index=\"0\" ><div\n\t\t\t\n\t\t\tclass=\"so-widget-sow-editor so-widget-sow-editor-base\"\n\t\t\t\n\t\t>\n<div class=\"siteorigin-widget-tinymce textwidget\">\n\t<figure id=\"attachment_37400\" aria-describedby=\"caption-attachment-37400\" style=\"width: 1024px\" class=\"wp-caption aligncenter\"><img decoding=\"async\" class=\"size-large wp-image-37399\" src=\"https:\/\/amberadvocate.org\/wp-content\/uploads\/2025\/09\/RCMP-2025-0730-MC-011_1-1024x683.jpeg\" alt=\"Mujer con chaleco policial\" width=\"1024\" height=\"683\" srcset=\"https:\/\/amberadvocate.org\/wp-content\/uploads\/2025\/09\/RCMP-2025-0730-MC-011_1-1024x683.jpeg 1024w, https:\/\/amberadvocate.org\/wp-content\/uploads\/2025\/09\/RCMP-2025-0730-MC-011_1-300x200.jpeg 300w, https:\/\/amberadvocate.org\/wp-content\/uploads\/2025\/09\/RCMP-2025-0730-MC-011_1-768x512.jpeg 768w, https:\/\/amberadvocate.org\/wp-content\/uploads\/2025\/09\/RCMP-2025-0730-MC-011_1-1536x1024.jpeg 1536w, https:\/\/amberadvocate.org\/wp-content\/uploads\/2025\/09\/RCMP-2025-0730-MC-011_1-2048x1365.jpeg 2048w, https:\/\/amberadvocate.org\/wp-content\/uploads\/2025\/09\/RCMP-2025-0730-MC-011_1-272x182.jpeg 272w\" sizes=\"(max-width: 1024px) 100vw, 1024px\" \/><figcaption id=\"caption-attachment-37400\" class=\"wp-caption-text\"><em>La cabo Jos\u00e9e Melanson, del Centro Nacional de Canad\u00e1 para Personas Desaparecidas y Restos sin Identificar. Las 10 provincias canadienses tienen un programa AMBER Alert en marcha. Los tres territorios canadienses a\u00fan no han implementado sistemas AMBER Alert en sus jurisdicciones. (Cr\u00e9dito de la foto: Real Polic\u00eda Montada de Canad\u00e1).   <\/em><\/figcaption><\/figure>\n<p style=\"font-weight: 400;\"><em>Por Jody Garlock<\/em><\/p>\n<p>Al principio de su carrera en la Real Polic\u00eda Montada de Canad\u00e1 (RCMP), Jos\u00e9e Melanson se dio cuenta de que tener un fuerte sentido de la urgencia es esencial en los casos de ni\u00f1os desaparecidos. Es una urgencia que ahora le encanta. Aproximadamente seis meses despu\u00e9s de empezar a trabajar como agente de patrulla en la provincia nororiental de Terranova y Labrador, Melanson respondi\u00f3 a una llamada de una madre desesperada que hab\u00eda denunciado la desaparici\u00f3n de su hijo peque\u00f1o.  <\/p>\n<p style=\"font-weight: 400;\">Mientras Melanson y otros agentes corr\u00edan en busca del ni\u00f1o, vio un contenedor de basura en su periferia. Bas\u00e1ndose en su formaci\u00f3n, se detuvo. El ni\u00f1o estaba junto al contenedor de basura, escondido y asustado por o\u00edr que voces desconocidas gritaban su nombre.  <\/p>\n<p>\u201cEsa fue una de mis historias de \u00e9xito que nunca olvidar\u00e9\u201d, dice Melanson. Esa sensaci\u00f3n de frenes\u00ed relacionada con tener un ni\u00f1o perdido \u201ces muy diferente de los otros tipos de llamadas que recibimos\u201d, dice. <\/p>\n<p style=\"font-weight: 400;\">Tras 13 a\u00f1os como agente de patrulla (tambi\u00e9n conocido como miembro del servicio general de patrulla) y cinco a\u00f1os en la Academia de Formaci\u00f3n de la RCMP, Melanson pas\u00f3 a ocupar un puesto en el Centro Nacional de Personas Desaparecidas y Restos sin Identificar (<a href=\"https:\/\/canadasmissing.ca\/about-ausujet\/index-eng.htm\"><strong>NCMPUR<\/strong><\/a>) de la RCMP, con sede en Ottawa, Ontario. Durante los \u00faltimos dos a\u00f1os, ha coordinado el Grupo de Trabajo Nacional de Alerta AMBER del NCMPUR, compuesto por coordinadores de Alerta AMBER de los organismos policiales provinciales de todo Canad\u00e1.<\/p>\n<p style=\"font-weight: 400;\">El trabajo de Melanson es un componente fundamental de la Iniciativa de la Frontera Norte del Programa de Asistencia T\u00e9cnica y Formaci\u00f3n AMBER Alert (AATTAP), que formaliza la cooperaci\u00f3n de larga data entre las dos naciones. Hablamos con la cabo Melanson sobre su transici\u00f3n de agente de patrulla a coordinadora nacional, la estructura del sistema AMBER Alert de Canad\u00e1 y por qu\u00e9 la colaboraci\u00f3n internacional es innegociable cuando la vida de un ni\u00f1o est\u00e1 en juego. <\/p>\n<p style=\"font-weight: 400;\"><strong><span style=\"color: #993300;\">Despu\u00e9s de estar de patrulla durante m\u00e1s de una d\u00e9cada, \u00bfc\u00f3mo ha sido instalarse en su puesto en NCMPUR?<\/span><br \/><\/strong>Una de las experiencias positivas con la RCMP es que se puede trabajar en diferentes unidades, y esta es muy diferente de lo que hac\u00eda como miembro de patrulla. Aqu\u00ed no tengo coche de polic\u00eda. No llevo el uniforme completo todos los d\u00edas. Sin duda, fue un cambio atractivo: pod\u00eda centrarme en la unidad aqu\u00ed. He aprendido mucho y sigo aprendiendo. Creo que, como agente de polic\u00eda, es importante desafiarse a uno mismo y aprender cada d\u00eda. Eso es lo que mantiene mi motivaci\u00f3n.      <\/p>\n<p><strong><span style=\"color: #993300;\">\u00bfTiene la oportunidad de trabajar con asociados de AMBER Alert en los Estados Unidos?<\/span><br \/><\/strong>En mi puesto actual como presidenta del Grupo de Trabajo Nacional Amber Alert (NAAWG), mi funci\u00f3n se centra en recopilar oportunidades de formaci\u00f3n y mejores pr\u00e1cticas de nuestros asociados estadounidenses. Una vez que nos comunicamos sobre eso, comparto la informaci\u00f3n con los coordinadores de AMBER Alert aqu\u00ed en Canad\u00e1. <\/p>\n<p><strong><span style=\"color: #993300;\">\u00bfQu\u00e9 tipo de trabajo realiza NAAWG?<\/span><br \/><\/strong>En primer lugar, no participamos en investigaciones. Uno de nuestros mandatos es facilitar un intercambio de informaci\u00f3n, proporcionar oportunidades de formaci\u00f3n para los miembros aqu\u00ed y apoyo para las conferencias de AMBER Alert. Nos reunimos virtualmente al menos dos veces al a\u00f1o. Tuvimos una de nuestras recientes reuniones de NAAWG en la que debatimos los cursos que est\u00e1n disponibles a trav\u00e9s del Centro Nacional de Formaci\u00f3n en Justicia Penal (NCJTC) en el Fox Valley Technical College (FVTC) para los coordinadores de AMBER Alert en Canad\u00e1.   <\/p>\n<p style=\"font-weight: 400;\"><strong><span style=\"color: #993300;\">\u00bfQu\u00e9 hay de su programa AMBER Alert? \u00bfC\u00f3mo est\u00e1 estructurado?<\/span><br \/><\/strong>En Canad\u00e1, cada provincia desarrolla su programa AMBER Alert de forma independiente, y los comit\u00e9s provinciales han desarrollado criterios para responder a las necesidades de sus jurisdicciones. Cada provincia nombra a un coordinador de AMBER Alert para supervisar el programa y cada provincia tiene sus propios criterios. Se nos informar\u00e1 de que se ha emitido una alerta AMBER, pero son las provincias, los coordinadores, quienes asumen toda la responsabilidad de la misma. Aqu\u00ed, en el Centro Nacional, mantendremos y recopilaremos estad\u00edsticas sobre las alertas AMBER emitidas.   <\/p>\n<p><strong><span style=\"color: #993300;\">Cu\u00e9ntenos un poco sobre esas estad\u00edsticas.<\/span><br \/><\/strong>En 2024, hubo ocho activaciones totales de alertas AMBER en Canad\u00e1. Los 10 ni\u00f1os implicados fueron localizados sanos y salvos. En los seis primeros meses de 2025, se han emitido dos alertas AMBER, con un total de cuatro ni\u00f1os implicados. Y, de nuevo, los cuatro ni\u00f1os fueron encontrados a salvo.   <\/p>\n<p><strong><span style=\"color: #993300;\">Eso es impresionante. \u00bfC\u00f3mo le hace sentir un \u00e9xito del 100 por cien? <\/span><br \/><\/strong>Incre\u00edble. Es un gran d\u00eda en el trabajo, \u00bfverdad?, para todos los agentes de polic\u00eda de todo Canad\u00e1. Se siente la urgencia cuando se sabe que se cumplen todos los criterios y se emite la alerta AMBER. Y una vez que se localiza a los ni\u00f1os, es una sensaci\u00f3n muy poderosa.<\/p>\n<p style=\"font-weight: 400;\"><strong><span style=\"color: #993300;\">\u00bfQu\u00e9 opina de la colaboraci\u00f3n transfronteriza a trav\u00e9s de la Iniciativa de la Frontera Norte de AATTAP?<\/span><br \/><\/strong>Creo que es fundamental tenerla, especialmente para la eficacia de las alertas AMBER aqu\u00ed en Canad\u00e1. Desde que estoy en la unidad durante los \u00faltimos dos a\u00f1os, Canad\u00e1 y Estados Unidos han establecido asociaciones, lo que facilita el trabajo conjunto, el intercambio de informaci\u00f3n y la coordinaci\u00f3n de esfuerzos cuando se cree que un ni\u00f1o ha sido secuestrado a trav\u00e9s de nuestras fronteras. Toda la informaci\u00f3n y la formaci\u00f3n que podemos ver de [AATTAP y el NCJTC de FVTC], y yo comparti\u00e9ndola con los coordinadores de AMBER Alert en Canad\u00e1 y con el equipo de NCMPUR tambi\u00e9n, es muy beneficioso.  <\/p>\n<\/div>\n<\/div><\/div><div id=\"panel-38186-0-0-1\" class=\"so-panel widget widget_sow-editor panel-last-child\" data-index=\"1\" ><div\n\t\t\t\n\t\t\tclass=\"so-widget-sow-editor so-widget-sow-editor-base\"\n\t\t\t\n\t\t><h3 class=\"widget-title\">Iniciativa de la frontera norte de AATTAP: \u00bfqu\u00e9 es y qu\u00e9 le espera?<\/h3>\n<div class=\"siteorigin-widget-tinymce textwidget\">\n\t<p style=\"font-weight: 400;\"><img decoding=\"async\" class=\"aligncenter size-large wp-image-37401\" src=\"https:\/\/amberadvocate.org\/wp-content\/uploads\/2025\/09\/Canada-U.S.-flags-1024x564.png\" alt=\"Foto de dos banderas, una estadounidense y otra canadiense\" width=\"1024\" height=\"564\" srcset=\"https:\/\/amberadvocate.org\/wp-content\/uploads\/2025\/09\/Canada-U.S.-flags-1024x564.png 1024w, https:\/\/amberadvocate.org\/wp-content\/uploads\/2025\/09\/Canada-U.S.-flags-300x165.png 300w, https:\/\/amberadvocate.org\/wp-content\/uploads\/2025\/09\/Canada-U.S.-flags-768x423.png 768w, https:\/\/amberadvocate.org\/wp-content\/uploads\/2025\/09\/Canada-U.S.-flags.png 1482w\" sizes=\"(max-width: 1024px) 100vw, 1024px\" \/><\/p>\n<figure id=\"attachment_37404\" aria-describedby=\"caption-attachment-37404\" style=\"width: 200px\" class=\"wp-caption alignleft\"><img decoding=\"async\" class=\"size-medium wp-image-37403\" src=\"https:\/\/amberadvocate.org\/wp-content\/uploads\/2025\/09\/y-leon-baron-200x300.jpeg\" alt=\"Mujer con cabello casta\u00f1o\" width=\"200\" height=\"300\" srcset=\"https:\/\/amberadvocate.org\/wp-content\/uploads\/2025\/09\/y-leon-baron-200x300.jpeg 200w, https:\/\/amberadvocate.org\/wp-content\/uploads\/2025\/09\/y-leon-baron-681x1024.jpeg 681w, https:\/\/amberadvocate.org\/wp-content\/uploads\/2025\/09\/y-leon-baron-768x1154.jpeg 768w, https:\/\/amberadvocate.org\/wp-content\/uploads\/2025\/09\/y-leon-baron-1022x1536.jpeg 1022w, https:\/\/amberadvocate.org\/wp-content\/uploads\/2025\/09\/y-leon-baron.jpeg 1331w\" sizes=\"(max-width: 200px) 100vw, 200px\" \/><figcaption id=\"caption-attachment-37404\" class=\"wp-caption-text\"><em>Yesenia \"Jesi\" Le\u00f3n-Bar\u00f3n<\/em><\/figcaption><\/figure>\n<p style=\"font-weight: 400;\">Los funcionarios de protecci\u00f3n de menores de EE. UU. y Canad\u00e1 han mantenido una relaci\u00f3n de trabajo de larga data. La Iniciativa de la Frontera Norte del Programa de Asistencia T\u00e9cnica y Formaci\u00f3n AMBER Alert (AATTAP) formaliza esto, ya que se centra en el fortalecimiento de la preparaci\u00f3n para una respuesta eficaz a los casos de sustracci\u00f3n de menores. <\/p>\n<p style=\"font-weight: 400;\">La colaboraci\u00f3n, que se establece entre los estados del norte y las provincias del sur de Canad\u00e1, es paralela a la Iniciativa de la Frontera Sur de AATTAP con M\u00e9xico.<\/p>\n<p style=\"font-weight: 400;\">Yesenia \u201cJesi\u201d Leon-Baron, coordinadora de proyectos para programas internacionales y territoriales de AATTAP, afirma que la asociaci\u00f3n con el Grupo de Trabajo Nacional AMBER Alert de Canad\u00e1 ha ayudado a identificar \u00e1reas que deben abordarse, como la formaci\u00f3n adicional sobre las activaciones de alertas que implican secuestros transfronterizos. \u201cJuntos, estamos construyendo una comprensi\u00f3n de la coordinaci\u00f3n de AMBER Alert de Canad\u00e1 mientras desarrollamos formaci\u00f3n y asistencia t\u00e9cnica\u201d, afirma. <\/p>\n<p style=\"font-weight: 400;\">Se est\u00e1 planificando una reuni\u00f3n trilateral virtual con los respectivos coordinadores de AMBER Alert de Canad\u00e1, M\u00e9xico y EE. UU., probablemente para 2026.<\/p>\n<p style=\"font-weight: 400;\">La formaci\u00f3n de un d\u00eda cubrir\u00eda temas como las respuestas iniciales de investigaci\u00f3n y c\u00f3mo funciona el sistema AMBER Alert en cada pa\u00eds.<\/p>\n<p style=\"font-weight: 400;\">\u201cLa sustracci\u00f3n de menores no conoce fronteras\u201d, afirma Leon-Baron. \u201cEl mal no discrimina y tampoco se va a preocupar por las fronteras. Por lo tanto, debemos asegurarnos de que estamos apoyando las investigaciones de cada pa\u00eds en lo que respecta a los ni\u00f1os secuestrados. Podemos ser un multiplicador de fuerza\u201d. <\/p>\n<\/div>\n<\/div><\/div><\/div><\/div><\/div><\/div>","protected":false},"excerpt":{"rendered":"<p>Jos\u00e9e Melanson, veterana de la Real Polic\u00eda Montada de Canad\u00e1, est\u00e1 a la vanguardia de una colaboraci\u00f3n para seguir fortaleciendo el Programa AMBER Alert.<\/p>\n","protected":false},"featured_media":37399,"template":"","magazine_tags":[1491,1492,1493,1066,1074],"class_list":["post-38186","articles","type-articles","status-publish","has-post-thumbnail","hentry","magazine_category-spanish-faces-of-the-amber-network","magazine_category-spanish-home-page","issue-numero-64","magazine_tags-josee-melanson","magazine_tags-national-centre-for-missing-persons-and-unidentified-remains","magazine_tags-ncmur","magazine_tags-northern-border-initiative","magazine_tags-royal-canadian-mounted-police"],"meta_box":{"articles_subhead":"","articles_primary_category":[]},"publishpress_future_workflow_manual_trigger":{"enabledWorkflows":[]},"_links":{"self":[{"href":"https:\/\/amberadvocate.org\/es\/wp-json\/wp\/v2\/articles\/38186","targetHints":{"allow":["GET"]}}],"collection":[{"href":"https:\/\/amberadvocate.org\/es\/wp-json\/wp\/v2\/articles"}],"about":[{"href":"https:\/\/amberadvocate.org\/es\/wp-json\/wp\/v2\/types\/articles"}],"wp:featuredmedia":[{"embeddable":true,"href":"https:\/\/amberadvocate.org\/es\/wp-json\/wp\/v2\/media\/37399"}],"wp:attachment":[{"href":"https:\/\/amberadvocate.org\/es\/wp-json\/wp\/v2\/media?parent=38186"}],"wp:term":[{"taxonomy":"magazine_tags","embeddable":true,"href":"https:\/\/amberadvocate.org\/es\/wp-json\/wp\/v2\/magazine_tags?post=38186"}],"curies":[{"name":"wp","href":"https:\/\/api.w.org\/{rel}","templated":true}]}}