{"id":38183,"date":"2025-04-27T12:57:13","date_gmt":"2025-04-27T17:57:13","guid":{"rendered":"https:\/\/amberadvocate.org\/back-issues\/equipo-amber-2025-conclusiones-del-simposio\/"},"modified":"2026-03-18T08:51:54","modified_gmt":"2026-03-18T13:51:54","slug":"equipo-amber-2025-conclusiones-del-simposio","status":"publish","type":"articles","link":"https:\/\/amberadvocate.org\/es\/?articles=equipo-amber-2025-conclusiones-del-simposio","title":{"rendered":"Equipo AMBER 2025: conclusiones del simposio"},"content":{"rendered":"<div id=\"pl-38183\"  class=\"panel-layout\" ><div id=\"pg-38183-0\"  class=\"panel-grid panel-no-style\" ><div id=\"pgc-38183-0-0\"  class=\"panel-grid-cell\" ><div id=\"panel-38183-0-0-0\" class=\"so-panel widget widget_sow-image panel-first-child panel-last-child\" data-index=\"0\" ><div\n\t\t\t\n\t\t\tclass=\"so-widget-sow-image so-widget-sow-image-default-8b5b6f678277-38183\"\n\t\t\t\n\t\t>\n<div class=\"sow-image-container\">\n\t\t<img \n\tsrc=\"https:\/\/amberadvocate.org\/wp-content\/uploads\/2025\/04\/Plenary-room-2025-web.png\" width=\"9356\" height=\"2140\" srcset=\"https:\/\/amberadvocate.org\/wp-content\/uploads\/2025\/04\/Plenary-room-2025-web.png 9356w, https:\/\/amberadvocate.org\/wp-content\/uploads\/2025\/04\/Plenary-room-2025-web-300x69.png 300w, https:\/\/amberadvocate.org\/wp-content\/uploads\/2025\/04\/Plenary-room-2025-web-1024x234.png 1024w, https:\/\/amberadvocate.org\/wp-content\/uploads\/2025\/04\/Plenary-room-2025-web-768x176.png 768w, https:\/\/amberadvocate.org\/wp-content\/uploads\/2025\/04\/Plenary-room-2025-web-1536x351.png 1536w, https:\/\/amberadvocate.org\/wp-content\/uploads\/2025\/04\/Plenary-room-2025-web-2048x468.png 2048w\" sizes=\"(max-width: 9356px) 100vw, 9356px\" title=\"Sala de plenos 2025-web\" alt=\"Los asistentes a la conferencia se mueven por la sala de plenos\" \t\tclass=\"so-widget-image\"\/>\n\t<\/div>\n\n<\/div><\/div><\/div><\/div><div id=\"pg-38183-1\"  class=\"panel-grid panel-no-style\" ><div id=\"pgc-38183-1-0\"  class=\"panel-grid-cell\" ><div id=\"panel-38183-1-0-0\" class=\"so-panel widget widget_sow-editor panel-first-child\" data-index=\"1\" ><div\n\t\t\t\n\t\t\tclass=\"so-widget-sow-editor so-widget-sow-editor-base\"\n\t\t\t\n\t\t>\n<div class=\"siteorigin-widget-tinymce textwidget\">\n\t<p><i>Por Denise Gee Peacock<\/i><i><\/i><\/p>\n<p>El Simposio Nacional AMBER Alert y AMBER Alert en Territorio Indio de 2025, celebrado del 25 al 26 de febrero en Washington, D.C., reuni\u00f3 a casi 200 coordinadores estatales y regionales de AMBER Alert, administradores de centros de intercambio de informaci\u00f3n sobre personas desaparecidas, l\u00edderes tribales y funcionarios de seguridad p\u00fablica de todos los EE. UU. y sus territorios, incluidos Samoa Americana, Guam y Puerto Rico.<\/p>\n<p>Entre los presentadores y oradores se encontraban m\u00e1s de dos docenas de expertos en investigaciones de ni\u00f1os desaparecidos y equipos de respuesta r\u00e1pida, alertas de emergencia, tecnolog\u00eda para las fuerzas del orden y legislaci\u00f3n tribal. Entre los invitados especiales se encontraban cuatro familiares supervivientes que compartieron sus impactantes historias y las lecciones aprendidas. <\/p>\n<figure id=\"attachment_34492\" aria-describedby=\"caption-attachment-34492\" style=\"width: 1024px\" class=\"wp-caption aligncenter\"><img decoding=\"async\" class=\"size-large wp-image-34491\" src=\"https:\/\/amberadvocate.org\/wp-content\/uploads\/2025\/04\/Andy-Pam-Janell-alt-1024x683.jpg\" alt=\"\" width=\"1024\" height=\"683\" srcset=\"https:\/\/amberadvocate.org\/wp-content\/uploads\/2025\/04\/Andy-Pam-Janell-alt-1024x683.jpg 1024w, https:\/\/amberadvocate.org\/wp-content\/uploads\/2025\/04\/Andy-Pam-Janell-alt-300x200.jpg 300w, https:\/\/amberadvocate.org\/wp-content\/uploads\/2025\/04\/Andy-Pam-Janell-alt-768x512.jpg 768w, https:\/\/amberadvocate.org\/wp-content\/uploads\/2025\/04\/Andy-Pam-Janell-alt-1536x1024.jpg 1536w, https:\/\/amberadvocate.org\/wp-content\/uploads\/2025\/04\/Andy-Pam-Janell-alt-2048x1366.jpg 2048w, https:\/\/amberadvocate.org\/wp-content\/uploads\/2025\/04\/Andy-Pam-Janell-alt-272x182.jpg 272w\" sizes=\"(max-width: 1024px) 100vw, 1024px\" \/><figcaption id=\"caption-attachment-34492\" class=\"wp-caption-text\"><em>El representante de los EE. UU., Andy Biggs, de Arizona, se dirige a los asistentes al Simposio Nacional AMBER Alert y AMBER Alert en Territorio Indio de 2025 en Washington, D.C.<\/em><\/figcaption><\/figure>\n<p>Tambi\u00e9n estuvieron presentes para dirigirse a los participantes Eileen Garry, administradora interina de la Oficina de Justicia Juvenil y Prevenci\u00f3n de la Delincuencia (OJJDP) del Departamento de Justicia de los EE. UU. (DOJ), y el representante de los EE. UU., Andy Biggs, del 5.\u00ba Distrito Congresional de Arizona y copatrocinador de la Ley Ashlynne Mike AMBER Alert en Territorio Indio de 2018.<\/p>\n<p>El evento anual de aprendizaje colaborativo est\u00e1 financiado a trav\u00e9s de la Oficina de Programas de Justicia del DOJ y administrado por el Programa de Capacitaci\u00f3n y Asistencia T\u00e9cnica de AMBER Alert (AATTAP) y su iniciativa AMBER Alert en Territorio Indio (AIIC), ambos afiliados al Centro Nacional de Capacitaci\u00f3n en Justicia Penal (NCJTC) del Fox Valley Technical College.<span class=\"Apple-converted-space\"> <\/span><\/p>\n<p>El objetivo del simposio es involucrar a los participantes en el debate sobre los problemas actuales, la tecnolog\u00eda emergente y las mejores pr\u00e1cticas para la recuperaci\u00f3n de ni\u00f1os desaparecidos y secuestrados en peligro. Otro objetivo es mejorar el proceso de integraci\u00f3n entre los planes de comunicaci\u00f3n estatales, regionales y rurales con las tribus reconocidas a nivel federal de todo el pa\u00eds. <span class=\"Apple-converted-space\"> <\/span><\/p>\n<p>Por segundo a\u00f1o, recurrimos a la aplicaci\u00f3n de gesti\u00f3n de eventos Whova para ayudar a los asistentes a planificar sus d\u00edas, compartir sus ideas y conectar entre s\u00ed. En consonancia con esto, dejaremos que los participantes hablen la mayor parte del tiempo mientras compartimos los aspectos m\u00e1s destacados del evento. <span class=\"Apple-converted-space\"> <\/span><\/p>\n<\/div>\n<\/div><\/div><div id=\"panel-38183-1-0-1\" class=\"so-panel widget widget_lsow-testimonials-slider panel-last-child\" data-index=\"2\" ><div\n\t\t\t\n\t\t\tclass=\"so-widget-lsow-testimonials-slider so-widget-lsow-testimonials-slider-default-d75171398898-38183\"\n\t\t\t\n\t\t>\n<div class=\"lsow-testimonials-slider lsow-flexslider lsow-container\" data-settings='{&quot;slide_animation&quot;:&quot;slide&quot;,&quot;direction&quot;:&quot;horizontal&quot;,&quot;slideshow_speed&quot;:5000,&quot;animation_speed&quot;:600,&quot;control_nav&quot;:&quot;&quot;,&quot;direction_nav&quot;:true,&quot;pause_on_hover&quot;:true,&quot;pause_on_action&quot;:true}'><div class=\"lsow-slides\"><div class=\"lsow-slide lsow-testimonial-wrapper\"><div class=\"lsow-testimonial\"><div class=\"lsow-testimonial-text\"><i class=\"lsow-icon-quote\"><\/i><p style=\"text-align: center;\">This conference is a testament to the power<br \/>\nof collaboration. We\u2019re here to bridge gaps,<br \/>\nshare best practices, and innovate.<br \/>\nWe\u2019re here to hear the voices of those<br \/>\nwho have experienced the unimaginable;<br \/>\nto honor their strength and resilience.<\/p>\n<\/div><div class=\"lsow-testimonial-user\"><div class=\"lsow-image-wrapper\"><img decoding=\"async\" width=\"150\" height=\"150\" src=\"https:\/\/amberadvocate.org\/wp-content\/uploads\/2025\/04\/Janell-circle-150x150.png\" class=\"lsow-image full\" alt=\"Janell Rasmussen, Director of the National Criminal Justice Training Center and Administrator of the AMBER Alert Training &amp; Technical Assistance Program\" \/><\/div><!-- .lsow-image-wrapper --><div class=\"lsow-text\"><h3 class=\"lsow-author-name\">Janell Rasmussen<\/h3><div class=\"lsow-author-credentials\">NCJTC Director \/ AATTAP Administrator<\/div><\/div><\/div><!-- .lsow-testimonial-user --><\/div><!-- .lsow-testimonial --><\/div><!-- .lsow-testimonial-wrapper.lsow-slide --><div class=\"lsow-slide lsow-testimonial-wrapper\"><div class=\"lsow-testimonial\"><div class=\"lsow-testimonial-text\"><i class=\"lsow-icon-quote\"><\/i><p style=\"text-align: center;\">Never forget the difference you make in a child's<br \/>\nlife. Ours is hard work, and sometimes gets us down.<br \/>\nBut remember my family\u2019s story. And never lose your<br \/>\npassion for keeping children safe.<\/p>\n<\/div><div class=\"lsow-testimonial-user\"><div class=\"lsow-image-wrapper\"><img decoding=\"async\" width=\"150\" height=\"150\" src=\"https:\/\/amberadvocate.org\/wp-content\/uploads\/2025\/04\/Sayeh-Rivazfar-circle-2-150x150.png\" class=\"lsow-image full\" alt=\"Photo of Sayeh Rivazfar\" srcset=\"https:\/\/amberadvocate.org\/wp-content\/uploads\/2025\/04\/Sayeh-Rivazfar-circle-2-150x150.png 150w, https:\/\/amberadvocate.org\/wp-content\/uploads\/2025\/04\/Sayeh-Rivazfar-circle-2-300x297.png 300w, https:\/\/amberadvocate.org\/wp-content\/uploads\/2025\/04\/Sayeh-Rivazfar-circle-2.png 720w\" sizes=\"(max-width: 150px) 100vw, 150px\" \/><\/div><!-- .lsow-image-wrapper --><div class=\"lsow-text\"><h3 class=\"lsow-author-name\">       Sayeh Rivazfar<\/h3><div class=\"lsow-author-credentials\">        Abduction survivor\/law enforcement veteran\/keynote speaker<\/div><\/div><\/div><!-- .lsow-testimonial-user --><\/div><!-- .lsow-testimonial --><\/div><!-- .lsow-testimonial-wrapper.lsow-slide --><div class=\"lsow-slide lsow-testimonial-wrapper\"><div class=\"lsow-testimonial\"><div class=\"lsow-testimonial-text\"><i class=\"lsow-icon-quote\"><\/i><p style=\"font-weight: 400; text-align: center;\">AMBER Alert and Ashlynne\u2019s Law<br \/>\nboth save lives. Thank you for ensuring<br \/>\nyour communities are prepared to<br \/>\nrespond to every parent\u2019s worst nightmare.<\/p>\n<\/div><div class=\"lsow-testimonial-user\"><div class=\"lsow-image-wrapper\"><img decoding=\"async\" width=\"150\" height=\"150\" src=\"https:\/\/amberadvocate.org\/wp-content\/uploads\/2025\/04\/Andy-Biggs-150x150.png\" class=\"lsow-image full\" alt=\"Arizona Congressman Andy Biggs (Fifth U.S. District)\" \/><\/div><!-- .lsow-image-wrapper --><div class=\"lsow-text\"><h3 class=\"lsow-author-name\">U.S. Representative Andy Biggs<\/h3><div class=\"lsow-author-credentials\">Arizona's 5th Congressional District<\/div><\/div><\/div><!-- .lsow-testimonial-user --><\/div><!-- .lsow-testimonial --><\/div><!-- .lsow-testimonial-wrapper.lsow-slide --><div class=\"lsow-slide lsow-testimonial-wrapper\"><div class=\"lsow-testimonial\"><div class=\"lsow-testimonial-text\"><i class=\"lsow-icon-quote\"><\/i><p style=\"font-weight: 400; text-align: center;\">I will continue to push forward and spread<br \/>\nawareness, particularly about Indian Country,<br \/>\nhoping that one day jurisdiction and sovereignty<br \/>\nwill not play a role in the search for a child.<br \/>\nAnd that every Tribe will have a plan<br \/>\nin place if an AMBER Alert ever<br \/>\nhas to be activated.<\/p>\n<\/div><div class=\"lsow-testimonial-user\"><div class=\"lsow-image-wrapper\"><img decoding=\"async\" width=\"150\" height=\"150\" src=\"https:\/\/amberadvocate.org\/wp-content\/uploads\/2025\/04\/Jada-Breaux-150x150.png\" class=\"lsow-image full\" alt=\"Captain Jada Breaux of the Chitimacha Tribal Nation in Louisiana\" srcset=\"https:\/\/amberadvocate.org\/wp-content\/uploads\/2025\/04\/Jada-Breaux-150x150.png 150w, https:\/\/amberadvocate.org\/wp-content\/uploads\/2025\/04\/Jada-Breaux-300x300.png 300w, https:\/\/amberadvocate.org\/wp-content\/uploads\/2025\/04\/Jada-Breaux-768x766.png 768w, https:\/\/amberadvocate.org\/wp-content\/uploads\/2025\/04\/Jada-Breaux.png 881w\" sizes=\"(max-width: 150px) 100vw, 150px\" \/><\/div><!-- .lsow-image-wrapper --><div class=\"lsow-text\"><h3 class=\"lsow-author-name\">Jada Breaux<\/h3><div class=\"lsow-author-credentials\">Captain, Chitimacha Tribal Police Department, Louisiana<\/div><\/div><\/div><!-- .lsow-testimonial-user --><\/div><!-- .lsow-testimonial --><\/div><!-- .lsow-testimonial-wrapper.lsow-slide --><div class=\"lsow-slide lsow-testimonial-wrapper\"><div class=\"lsow-testimonial\"><div class=\"lsow-testimonial-text\"><i class=\"lsow-icon-quote\"><\/i><p style=\"font-weight: 400;\">Sayeh [Rivazfar] \u00a0is an incredible mother, an incredible warrior. Hearing her story was captivating, humbling, and gut-wrenching. As a mother of two young boys, I found her story beyond impactful. It provided a tangible sense of just how urgent it was to return home and continue the work.<\/p>\n<\/div><div class=\"lsow-testimonial-user\"><div class=\"lsow-image-wrapper\"><\/div><!-- .lsow-image-wrapper --><div class=\"lsow-text\"><h3 class=\"lsow-author-name\">Kelsey Commisso<\/h3><div class=\"lsow-author-credentials\">Alerts Coordinator, Arizona Department of Public Safety<\/div><\/div><\/div><!-- .lsow-testimonial-user --><\/div><!-- .lsow-testimonial --><\/div><!-- .lsow-testimonial-wrapper.lsow-slide --><div class=\"lsow-slide lsow-testimonial-wrapper\"><div class=\"lsow-testimonial\"><div class=\"lsow-testimonial-text\"><i class=\"lsow-icon-quote\"><\/i><p class=\"p2\">AMBER Alerts: To Activate or Not Activate was my absolute favorite session. Since I\u2019m new to my position, it really made me think!<\/p>\n<\/div><div class=\"lsow-testimonial-user\"><div class=\"lsow-image-wrapper\"><img decoding=\"async\" width=\"150\" height=\"150\" src=\"https:\/\/amberadvocate.org\/wp-content\/uploads\/2025\/04\/Whytley-Jones-Louisiana-AAC-150x150.png\" class=\"lsow-image full\" alt=\"Photo of Whytley Jones, AMBER Alert Coordinator, Louisiana State Police\" \/><\/div><!-- .lsow-image-wrapper --><div class=\"lsow-text\"><h3 class=\"lsow-author-name\">Whytley Jones<\/h3><div class=\"lsow-author-credentials\">AMBER Alert Coordinator, Louisiana State Police<\/div><\/div><\/div><!-- .lsow-testimonial-user --><\/div><!-- .lsow-testimonial --><\/div><!-- .lsow-testimonial-wrapper.lsow-slide --><div class=\"lsow-slide lsow-testimonial-wrapper\"><div class=\"lsow-testimonial\"><div class=\"lsow-testimonial-text\"><i class=\"lsow-icon-quote\"><\/i><p>I\u2019d never heard of the \u2018Baby in a Box\u2019 case [involving Shannon Dedrick], and the ending surprised me. I loved hearing the investigative lessons learned from it.<\/p>\n<\/div><div class=\"lsow-testimonial-user\"><div class=\"lsow-image-wrapper\"><\/div><!-- .lsow-image-wrapper --><div class=\"lsow-text\"><h3 class=\"lsow-author-name\">Michael Garcia<\/h3><div class=\"lsow-author-credentials\">Detective, Honolulu Police Department, Hawaii<\/div><\/div><\/div><!-- .lsow-testimonial-user --><\/div><!-- .lsow-testimonial --><\/div><!-- .lsow-testimonial-wrapper.lsow-slide --><div class=\"lsow-slide lsow-testimonial-wrapper\"><div class=\"lsow-testimonial\"><div class=\"lsow-testimonial-text\"><i class=\"lsow-icon-quote\"><\/i><p>Pasco County, Florida, Sheriff\u2019s Office Captain Larry Kraus did an excellent job in explaining the application, effectiveness, and obstacles of OSINT. He is super-smart and relatable to those of us who may be tech-challenged.<span class=\"Apple-converted-space\">\u00a0<\/span><\/p>\n<\/div><div class=\"lsow-testimonial-user\"><div class=\"lsow-image-wrapper\"><img decoding=\"async\" width=\"150\" height=\"150\" src=\"https:\/\/amberadvocate.org\/wp-content\/uploads\/2025\/04\/John-Graham-150x150.png\" class=\"lsow-image full\" alt=\"Photo of John Graham, Investigator, Taylor County (Texas) Sheriff\u2019s Office\" \/><\/div><!-- .lsow-image-wrapper --><div class=\"lsow-text\"><h3 class=\"lsow-author-name\">John Graham<\/h3><div class=\"lsow-author-credentials\">Investigator, Taylor County (Texas) Sheriff\u2019s Office<\/div><\/div><\/div><!-- .lsow-testimonial-user --><\/div><!-- .lsow-testimonial --><\/div><!-- .lsow-testimonial-wrapper.lsow-slide --><div class=\"lsow-slide lsow-testimonial-wrapper\"><div class=\"lsow-testimonial\"><div class=\"lsow-testimonial-text\"><i class=\"lsow-icon-quote\"><\/i><p>Erika Hock did a great job of presenting the Charlotte Sena case. Her humility shown through, especially when sharing the searching mother\u2019s criticisms [of their alerting process] \u2026 and how she\u2019s looking to implement some of the mother\u2019s suggestions.<\/p>\n<\/div><div class=\"lsow-testimonial-user\"><div class=\"lsow-image-wrapper\"><img decoding=\"async\" width=\"150\" height=\"150\" src=\"https:\/\/amberadvocate.org\/wp-content\/uploads\/2025\/04\/Ana-Flores-NCMEC-150x150.png\" class=\"lsow-image full\" alt=\"Ana Flores, Senior Case Manager, National Center for Missing &amp; Exploited Children\u00a0\" srcset=\"https:\/\/amberadvocate.org\/wp-content\/uploads\/2025\/04\/Ana-Flores-NCMEC-150x150.png 150w, https:\/\/amberadvocate.org\/wp-content\/uploads\/2025\/04\/Ana-Flores-NCMEC-300x300.png 300w, https:\/\/amberadvocate.org\/wp-content\/uploads\/2025\/04\/Ana-Flores-NCMEC.png 496w\" sizes=\"(max-width: 150px) 100vw, 150px\" \/><\/div><!-- .lsow-image-wrapper --><div class=\"lsow-text\"><h3 class=\"lsow-author-name\">Ana Flores<\/h3><div class=\"lsow-author-credentials\">Senior Case Manager, National Center for Missing &amp; Exploited Children\u00a0<\/div><\/div><\/div><!-- .lsow-testimonial-user --><\/div><!-- .lsow-testimonial --><\/div><!-- .lsow-testimonial-wrapper.lsow-slide --><\/div><!-- .lsow-slides --><\/div><!-- .lsow-testimonials-slider --><\/div><\/div><\/div><div id=\"pgc-38183-1-1\"  class=\"panel-grid-cell\" ><div id=\"panel-38183-1-1-0\" class=\"so-panel widget widget_sow-editor panel-first-child panel-last-child\" data-index=\"3\" ><div class=\"so-rounded panel-widget-style panel-widget-style-for-38183-1-1-0\" ><div\n\t\t\t\n\t\t\tclass=\"so-widget-sow-editor so-widget-sow-editor-base\"\n\t\t\t\n\t\t>\n<div class=\"siteorigin-widget-tinymce textwidget\">\n\t<p style=\"font-weight: 400; text-align: left;\"><img decoding=\"async\" class=\" wp-image-34541 aligncenter\" src=\"https:\/\/amberadvocate.org\/wp-content\/uploads\/2025\/04\/Overview-of-symposium-graphic-300x298.png\" alt=\"\" width=\"268\" height=\"267\" srcset=\"https:\/\/amberadvocate.org\/wp-content\/uploads\/2025\/04\/Overview-of-symposium-graphic-300x298.png 300w, https:\/\/amberadvocate.org\/wp-content\/uploads\/2025\/04\/Overview-of-symposium-graphic-1024x1019.png 1024w, https:\/\/amberadvocate.org\/wp-content\/uploads\/2025\/04\/Overview-of-symposium-graphic-150x150.png 150w, https:\/\/amberadvocate.org\/wp-content\/uploads\/2025\/04\/Overview-of-symposium-graphic-768x764.png 768w, https:\/\/amberadvocate.org\/wp-content\/uploads\/2025\/04\/Overview-of-symposium-graphic.png 1135w\" sizes=\"(max-width: 268px) 100vw, 268px\" \/><br \/><strong><span style=\"color: #333399;\">RESUMEN DEL SIMPOSIO<\/span><br \/><\/strong>El simposio cont\u00f3 con 28 presentaciones y talleres sobre temas relevantes y apremiantes dentro de la protecci\u00f3n infantil, cada uno de ellos destinado a profundizar la comprensi\u00f3n de los asistentes sobre los desaf\u00edos y soluciones actuales. Haga clic <a href=\"https:\/\/amberadvocate.org\/wp-content\/uploads\/2025\/04\/2025_Symposium_Agenda_Final.pdf\" target=\"_blank\" rel=\"noopener\">aqu\u00ed<\/a> para ver el programa completo y <a href=\"https:\/\/amberadvocate.org\/wp-content\/uploads\/2025\/03\/2025_AMBER-Alert_Symposium_Bios_final.pdf\" target=\"_blank\" rel=\"noopener\">aqu\u00ed<\/a> para leer las biograf\u00edas de los oradores. <\/p>\n<p style=\"font-weight: 400;\"><strong>PERSPECTIVAS<\/strong> <strong>FAMILIARES<\/strong><\/p>\n<ul>\n<li><a href=\"https:\/\/amberadvocate.org\/es\/caracteristica-ambar\/tuve-que-convertirme-en-una-mama-guerrera\/\" target=\"_blank\" rel=\"noopener\"><strong>Pamela Foster<\/strong><\/a><strong>: <\/strong>Oradora principal (enfoque parental\/AMBER Alert en Territorio Indio)<\/li>\n<li><a href=\"https:\/\/www.statetroopers.org\/blog\/181-a-survivor-and-a-fighter-state-trooper-sayeh-rivazfar-shares-her-story-of-overcoming-horror-to-reach-her-goals\" target=\"_blank\" rel=\"noopener\"><strong>Sayeh Rivazfar:<\/strong><\/a> Oradora principal (superviviente de secuestro\/enfoque de las fuerzas del orden)<\/li>\n<li> <a href=\"https:\/\/amberadvocate.org\/issues\/faces-alabama-mother-is-champion-for-change\/\" target=\"_blank\" rel=\"noopener\"> <strong>Noelle<\/strong> <strong>Hunter<\/strong><\/a><strong>:<\/strong> Presentadora (enfoque en el secuestro internacional de menores por parte de uno de los progenitores)<\/li>\n<li><strong><a href=\"https:\/\/www.kgw.com\/article\/news\/local\/kyron-horman\/kyron-horman-14-years-missing-desiree-young\/283-3aaad797-1ac2-43ab-bb36-def0f361721d\" target=\"_blank\" rel=\"noopener\">Desiree Young<\/a><\/strong>: Presentadora (enfoque parental)<\/li>\n<\/ul>\n<p><strong>INVESTIGACIONES \/ RECURSOS<\/strong><\/p>\n<ul>\n<li>Coordinaci\u00f3n de alertas AMBER: recursos esenciales<\/li>\n<li>Administradores de centros de intercambio de informaci\u00f3n sobre personas desaparecidas<\/li>\n<li>Actualizaciones del Centro Nacional para Ni\u00f1os Desaparecidos y Explotados<\/li>\n<li>M\u00e9todos de b\u00fasqueda en comunidades tribales<\/li>\n<li>Respuesta tribal a los ni\u00f1os desaparecidos<\/li>\n<li>Apoyo del Servicio de Alguaciles de los EE. UU. para Ni\u00f1os Desaparecidos<\/li>\n<\/ul>\n<p style=\"font-weight: 400;\"><strong>CASOS<\/strong> <strong>PR\u00c1CTICOS<\/strong><\/p>\n<ul>\n<li>\u201cBeb\u00e9 en una caja\u201d (Shannon Dedrick \/ Florida)<\/li>\n<li>Respuesta del CART al tr\u00e1fico sexual infantil (Nueva Jersey)<\/li>\n<li>Secuestro en el campamento de Charlotte Sena (Nueva York)<\/li>\n<li>Comunidad india de Gila River (Arizona)<\/li>\n<\/ul>\n<p style=\"font-weight: 400;\"><strong>ALERTAS<\/strong> <strong>\/<\/strong> <strong>TECNOLOG\u00cdA<\/strong><\/p>\n<ul>\n<li>Alertas AMBER: \u00bfactivar o no activar?<\/li>\n<li>Actualizaciones y recursos de la autoridad de FirstNet (territorio indio)<\/li>\n<li>Actualizaciones de comunicaciones de emergencia de IPAWS<\/li>\n<li>An\u00e1lisis de inteligencia de c\u00f3digo abierto (OSINT)<\/li>\n<\/ul>\n<p style=\"font-weight: 400;\"><strong>EQUIPOS<\/strong> <strong>DE<\/strong> <strong>RESPUESTA<\/strong> <strong>AL<\/strong> <strong>SECUESTRO<\/strong><\/p>\n<ul>\n<li>Condado de Pasco, Florida<\/li>\n<li>Estado de Nueva Jersey<\/li>\n<\/ul>\n<\/div>\n<\/div><\/div><\/div><\/div><\/div><div id=\"pg-38183-2\"  class=\"panel-grid panel-no-style\" ><div id=\"pgc-38183-2-0\"  class=\"panel-grid-cell\" ><div id=\"panel-38183-2-0-0\" class=\"so-panel widget widget_sow-editor panel-first-child panel-last-child\" data-index=\"4\" ><div\n\t\t\t\n\t\t\tclass=\"so-widget-sow-editor so-widget-sow-editor-base\"\n\t\t\t\n\t\t>\n<div class=\"siteorigin-widget-tinymce textwidget\">\n\t<div  id=\"jtg-34429\" class=\"modula modula-gallery modula-custom-grid\" data-config=\"{&quot;height&quot;:800,&quot;tabletHeight&quot;:800,&quot;mobileHeight&quot;:800,&quot;desktopHeight&quot;:800,&quot;enableTwitter&quot;:false,&quot;enableWhatsapp&quot;:false,&quot;enableFacebook&quot;:false,&quot;enablePinterest&quot;:false,&quot;enableLinkedin&quot;:false,&quot;enableEmail&quot;:false,&quot;randomFactor&quot;:0.5,&quot;type&quot;:&quot;custom-grid&quot;,&quot;columns&quot;:12,&quot;gutter&quot;:10,&quot;mobileGutter&quot;:10,&quot;tabletGutter&quot;:10,&quot;desktopGutter&quot;:10,&quot;enableResponsive&quot;:&quot;0&quot;,&quot;tabletColumns&quot;:2,&quot;mobileColumns&quot;:1,&quot;lazyLoad&quot;:0,&quot;lightboxOpts&quot;:{&quot;animated&quot;:true,&quot;Thumbs&quot;:{&quot;type&quot;:&quot;modern&quot;,&quot;showOnStart&quot;:false},&quot;Toolbar&quot;:{&quot;display&quot;:{&quot;right&quot;:[&quot;close&quot;]},&quot;enabled&quot;:true},&quot;Carousel&quot;:{&quot;Panzoom&quot;:{&quot;touch&quot;:true},&quot;infinite&quot;:false},&quot;keyboard&quot;:{&quot;Escape&quot;:&quot;close&quot;,&quot;Delete&quot;:&quot;close&quot;,&quot;Backspace&quot;:&quot;close&quot;,&quot;PageUp&quot;:false,&quot;PageDown&quot;:false,&quot;ArrowUp&quot;:false,&quot;ArrowDown&quot;:false,&quot;ArrowRight&quot;:false,&quot;ArrowLeft&quot;:false},&quot;touch&quot;:false,&quot;backdropClick&quot;:false,&quot;l10n&quot;:{&quot;CLOSE&quot;:&quot;Close&quot;,&quot;NEXT&quot;:&quot;Next&quot;,&quot;PREV&quot;:&quot;Previous&quot;,&quot;Error&quot;:&quot;The requested content cannot be loaded. Please try again later.&quot;,&quot;PLAY_START&quot;:&quot;Start slideshow&quot;,&quot;PLAY_STOP&quot;:&quot;Pause slideshow&quot;,&quot;FULL_SCREEN&quot;:&quot;Full screen&quot;,&quot;THUMBS&quot;:&quot;Thumbnails&quot;,&quot;DOWNLOAD&quot;:&quot;Download&quot;,&quot;SHARE&quot;:&quot;Share&quot;,&quot;ZOOM&quot;:&quot;Zoom&quot;,&quot;EMAIL&quot;:&quot;Here is the link to the image : %%image_link%% and this is the link to the gallery : %%gallery_link%%&quot;,&quot;MODAL&quot;:&quot;You can close this modal content with the ESC key&quot;,&quot;ERROR&quot;:&quot;Something Went Wrong, Please Try Again Later&quot;,&quot;IMAGE_ERROR&quot;:&quot;Image Not Found&quot;,&quot;ELEMENT_NOT_FOUND&quot;:&quot;HTML Element Not Found&quot;,&quot;AJAX_NOT_FOUND&quot;:&quot;Error Loading AJAX : Not Found&quot;,&quot;AJAX_FORBIDDEN&quot;:&quot;Error Loading AJAX : Forbidden&quot;,&quot;IFRAME_ERROR&quot;:&quot;Error Loading Page&quot;,&quot;TOGGLE_ZOOM&quot;:&quot;Toggle zoom level&quot;,&quot;TOGGLE_THUMBS&quot;:&quot;Toggle thumbnails&quot;,&quot;TOGGLE_SLIDESHOW&quot;:&quot;Toggle slideshow&quot;,&quot;TOGGLE_FULLSCREEN&quot;:&quot;Toggle full-screen mode&quot;},&quot;Images&quot;:{&quot;Panzoom&quot;:{&quot;maxScale&quot;:2}},&quot;mainClass&quot;:&quot;modula-fancybox-container modula-lightbox-jtg-34429&quot;,&quot;Html&quot;:{&quot;videoAutoplay&quot;:0,&quot;videoTpl&quot;:&quot;&lt;video class=\\&quot;fancybox__html5video\\&quot; controls muted playsinline controlsList controlsList=\\&quot;nodownload\\&quot; poster=\\&quot;{{poster}}\\&quot; src=\\&quot;{{src}}\\&quot; type=\\&quot;{{format}}\\&quot; &gt;  Sorry, your browser doesn&#039;t support embedded videos, &lt;a href=\\&quot;{{src}}\\&quot;&gt; download &lt;\\\/a&gt; and watch with your favorite video player! &lt;\\\/video&gt;&quot;}},&quot;inView&quot;:false,&quot;email_subject&quot;:&quot;Check out this awesome image !!&quot;,&quot;email_message&quot;:&quot;Here is the link to the image : %%image_link%% and this is the link to the gallery : %%gallery_link%%&quot;,&quot;lightbox&quot;:&quot;fancybox&quot;}\">\n\n\t\n\t<div  class=\"modula-items\">\n\t\t<div class=\"modula-item effect-pufrobo\" data-width=\"4\" data-height=\"2\" >\n\t<div class=\"modula-item-overlay\"><\/div>\n\n\t<div class=\"modula-item-content\">\n\n\t\t<a data-image-id=\"34521\" role=\"button\" tabindex=\"0\" rel=\"jtg-34429\" data-caption=\"Bill Boldin, Senior Inspector\/National Missing\nChild Program Coordinator for the U.S. Marshals Service (USMS), talks with attendees about how the USMS is helping find missing children.\" aria-label=\"Open image in lightbox\" class=\"tile-inner modula-item-link\"><\/a><img decoding=\"async\" class=\"pic wp-image-34521\"  data-valign=\"middle\" data-halign=\"center\" alt=\"Bill Boldin, U.S. Marshals Service, 2025 National AMBER Alert &amp; AMBER Alert in Indian Country Symposium\" data-full=\"https:\/\/amberadvocate.org\/wp-content\/uploads\/2025\/04\/Bill-Marshals-presentation.jpg\" title=\"Bill Boldin USMS presentation\" crop=\"\" width=\"300\" height=\"200\" src=\"https:\/\/amberadvocate.org\/wp-content\/uploads\/2025\/04\/Bill-Marshals-presentation-300x200.jpg\" data-src=\"https:\/\/amberadvocate.org\/wp-content\/uploads\/2025\/04\/Bill-Marshals-presentation-300x200.jpg\" data-caption=\"Bill Boldin, Senior Inspector\/National Missing\nChild Program Coordinator for the U.S. Marshals Service (USMS), talks with attendees about how the USMS is helping find missing children.\" srcset=\"https:\/\/amberadvocate.org\/wp-content\/uploads\/2025\/04\/Bill-Marshals-presentation.jpg 2500w, https:\/\/amberadvocate.org\/wp-content\/uploads\/2025\/04\/Bill-Marshals-presentation-300x200.jpg 300w, https:\/\/amberadvocate.org\/wp-content\/uploads\/2025\/04\/Bill-Marshals-presentation-1024x683.jpg 1024w, https:\/\/amberadvocate.org\/wp-content\/uploads\/2025\/04\/Bill-Marshals-presentation-768x512.jpg 768w, https:\/\/amberadvocate.org\/wp-content\/uploads\/2025\/04\/Bill-Marshals-presentation-1536x1024.jpg 1536w, https:\/\/amberadvocate.org\/wp-content\/uploads\/2025\/04\/Bill-Marshals-presentation-2048x1366.jpg 2048w, https:\/\/amberadvocate.org\/wp-content\/uploads\/2025\/04\/Bill-Marshals-presentation-272x182.jpg 272w\" sizes=\"(max-width: 300px) 100vw, 300px\" \/>\n\t\t<div class=\"figc\">\n\t\t\t<div class=\"figc-inner\">\n\t\t\t\t\t\t\t\t\t\t\t\t\t<div class=\"jtg-description\">Bill Boldin, Senior Inspector\/National Missing\nChild Program Coordinator for the U.S. Marshals Service (USMS), talks with attendees about how the USMS is helping find missing children.<\/div>\n\t\t\t\t\t\t\t\t\t\t\t<\/div>\n\t\t<\/div>\n\n\t<\/div>\n\n<\/div><div class=\"modula-item effect-pufrobo\" data-width=\"2\" data-height=\"2\" >\n\t<div class=\"modula-item-overlay\"><\/div>\n\n\t<div class=\"modula-item-content\">\n\n\t\t<a data-image-id=\"34495\" role=\"button\" tabindex=\"0\" rel=\"jtg-34429\" data-caption=\"Eileen Garry, Acting Administrator for the DOJ&#039;s Office of Juvenile Justice &amp; Delinquency Prevention, thanks symposium participants for their child protection work.\" aria-label=\"Open image in lightbox\" class=\"tile-inner modula-item-link\"><\/a><img decoding=\"async\" class=\"pic wp-image-34495\"  data-valign=\"middle\" data-halign=\"center\" alt=\"Eileen Garry, Acting Administrator of the Office of Juvenile Justice &amp; Delinquency Prevention, OJJDP, at the 2025 National AMBER Alert &amp; AMBER Alert in Indian Country Symposium\" data-full=\"https:\/\/amberadvocate.org\/wp-content\/uploads\/2025\/04\/Eileen-Garry.jpg\" title=\"Eileen Garry\" crop=\"\" width=\"200\" height=\"300\" src=\"https:\/\/amberadvocate.org\/wp-content\/uploads\/2025\/04\/Eileen-Garry-200x300.jpg\" data-src=\"https:\/\/amberadvocate.org\/wp-content\/uploads\/2025\/04\/Eileen-Garry-200x300.jpg\" data-caption=\"Eileen Garry, Acting Administrator for the DOJ&#039;s Office of Juvenile Justice &amp; Delinquency Prevention, thanks symposium participants for their child protection work.\" srcset=\"https:\/\/amberadvocate.org\/wp-content\/uploads\/2025\/04\/Eileen-Garry.jpg 1667w, https:\/\/amberadvocate.org\/wp-content\/uploads\/2025\/04\/Eileen-Garry-200x300.jpg 200w, https:\/\/amberadvocate.org\/wp-content\/uploads\/2025\/04\/Eileen-Garry-683x1024.jpg 683w, https:\/\/amberadvocate.org\/wp-content\/uploads\/2025\/04\/Eileen-Garry-768x1152.jpg 768w, https:\/\/amberadvocate.org\/wp-content\/uploads\/2025\/04\/Eileen-Garry-1024x1536.jpg 1024w, https:\/\/amberadvocate.org\/wp-content\/uploads\/2025\/04\/Eileen-Garry-1366x2048.jpg 1366w\" sizes=\"(max-width: 200px) 100vw, 200px\" \/>\n\t\t<div class=\"figc\">\n\t\t\t<div class=\"figc-inner\">\n\t\t\t\t\t\t\t\t\t\t\t\t\t<div class=\"jtg-description\">Eileen Garry, Acting Administrator for the DOJ's Office of Juvenile Justice &amp; Delinquency Prevention, thanks symposium participants for their child protection work.<\/div>\n\t\t\t\t\t\t\t\t\t\t\t<\/div>\n\t\t<\/div>\n\n\t<\/div>\n\n<\/div><div class=\"modula-item effect-pufrobo\" data-width=\"2\" data-height=\"2\" >\n\t<div class=\"modula-item-overlay\"><\/div>\n\n\t<div class=\"modula-item-content\">\n\n\t\t<a data-image-id=\"34493\" role=\"button\" tabindex=\"0\" rel=\"jtg-34429\" data-caption=\"AATTAP Administrator\/NCJTC Director Janell Rasmussen welcomes 2025 Symposium participants.\" aria-label=\"Open image in lightbox\" class=\"tile-inner modula-item-link\"><\/a><img decoding=\"async\" class=\"pic wp-image-34493\"  data-valign=\"middle\" data-halign=\"center\" alt=\"Janell Rasmussen at the 2025 National AMBER Alert &amp; AMBER Alert in Indian Country Symposium in Washington, DC\" data-full=\"https:\/\/amberadvocate.org\/wp-content\/uploads\/2025\/04\/Janell-speaking.jpg\" title=\"Janell Rasmussen 2025 Symposium\" crop=\"\" width=\"300\" height=\"200\" src=\"https:\/\/amberadvocate.org\/wp-content\/uploads\/2025\/04\/Janell-speaking-300x200.jpg\" data-src=\"https:\/\/amberadvocate.org\/wp-content\/uploads\/2025\/04\/Janell-speaking-300x200.jpg\" data-caption=\"AATTAP Administrator\/NCJTC Director Janell Rasmussen welcomes 2025 Symposium participants.\" srcset=\"https:\/\/amberadvocate.org\/wp-content\/uploads\/2025\/04\/Janell-speaking.jpg 2500w, https:\/\/amberadvocate.org\/wp-content\/uploads\/2025\/04\/Janell-speaking-300x200.jpg 300w, https:\/\/amberadvocate.org\/wp-content\/uploads\/2025\/04\/Janell-speaking-1024x683.jpg 1024w, https:\/\/amberadvocate.org\/wp-content\/uploads\/2025\/04\/Janell-speaking-768x512.jpg 768w, https:\/\/amberadvocate.org\/wp-content\/uploads\/2025\/04\/Janell-speaking-1536x1024.jpg 1536w, https:\/\/amberadvocate.org\/wp-content\/uploads\/2025\/04\/Janell-speaking-2048x1366.jpg 2048w, https:\/\/amberadvocate.org\/wp-content\/uploads\/2025\/04\/Janell-speaking-272x182.jpg 272w\" sizes=\"(max-width: 300px) 100vw, 300px\" \/>\n\t\t<div class=\"figc\">\n\t\t\t<div class=\"figc-inner\">\n\t\t\t\t\t\t\t\t\t\t\t\t\t<div class=\"jtg-description\">AATTAP Administrator\/NCJTC Director Janell Rasmussen welcomes 2025 Symposium participants.<\/div>\n\t\t\t\t\t\t\t\t\t\t\t<\/div>\n\t\t<\/div>\n\n\t<\/div>\n\n<\/div><div class=\"modula-item effect-pufrobo\" data-width=\"2\" data-height=\"2\" >\n\t<div class=\"modula-item-overlay\"><\/div>\n\n\t<div class=\"modula-item-content\">\n\n\t\t<a data-image-id=\"34477\" role=\"button\" tabindex=\"0\" rel=\"jtg-34429\" data-caption=\"Pamela Foster shares a hug with U.S. Representative Andy Biggs of Arizona&#039;s 5th Congressional District.\" aria-label=\"Open image in lightbox\" class=\"tile-inner modula-item-link\"><\/a><img decoding=\"async\" class=\"pic wp-image-34477\"  data-valign=\"middle\" data-halign=\"center\" alt=\"Pamela Foster, mother of Ashlynne Mike, gets a hug from U.S. Congressman Andy Biggs of Arizona at the 2025 National AMBER Alert &amp; AMBER Alert in Indian Country Symposium in Washington, DC\" data-full=\"https:\/\/amberadvocate.org\/wp-content\/uploads\/2025\/04\/Pamela-hug-Andy-Biggs-e1744613364749.jpeg\" title=\"Pamela hug Andy Biggs\" crop=\"\" width=\"229\" height=\"300\" src=\"https:\/\/amberadvocate.org\/wp-content\/uploads\/2025\/04\/Pamela-hug-Andy-Biggs-e1744613364749-229x300.jpeg\" data-src=\"https:\/\/amberadvocate.org\/wp-content\/uploads\/2025\/04\/Pamela-hug-Andy-Biggs-e1744613364749-229x300.jpeg\" data-caption=\"Pamela Foster shares a hug with U.S. Representative Andy Biggs of Arizona&#039;s 5th Congressional District.\" srcset=\"https:\/\/amberadvocate.org\/wp-content\/uploads\/2025\/04\/Pamela-hug-Andy-Biggs-e1744613364749.jpeg 1644w, https:\/\/amberadvocate.org\/wp-content\/uploads\/2025\/04\/Pamela-hug-Andy-Biggs-e1744613364749-229x300.jpeg 229w, https:\/\/amberadvocate.org\/wp-content\/uploads\/2025\/04\/Pamela-hug-Andy-Biggs-e1744613364749-782x1024.jpeg 782w, https:\/\/amberadvocate.org\/wp-content\/uploads\/2025\/04\/Pamela-hug-Andy-Biggs-e1744613364749-768x1006.jpeg 768w, https:\/\/amberadvocate.org\/wp-content\/uploads\/2025\/04\/Pamela-hug-Andy-Biggs-e1744613364749-1173x1536.jpeg 1173w, https:\/\/amberadvocate.org\/wp-content\/uploads\/2025\/04\/Pamela-hug-Andy-Biggs-e1744613364749-1564x2048.jpeg 1564w\" sizes=\"(max-width: 229px) 100vw, 229px\" \/>\n\t\t<div class=\"figc\">\n\t\t\t<div class=\"figc-inner\">\n\t\t\t\t\t\t\t\t\t\t\t\t\t<div class=\"jtg-description\">Pamela Foster shares a hug with U.S. Representative Andy Biggs of Arizona's 5th Congressional District.<\/div>\n\t\t\t\t\t\t\t\t\t\t\t<\/div>\n\t\t<\/div>\n\n\t<\/div>\n\n<\/div><div class=\"modula-item effect-pufrobo\" data-width=\"2\" data-height=\"2\" >\n\t<div class=\"modula-item-overlay\"><\/div>\n\n\t<div class=\"modula-item-content\">\n\n\t\t<a data-image-id=\"34479\" role=\"button\" tabindex=\"0\" rel=\"jtg-34429\" data-caption=\"From left: Arizona Congressman Andy Biggs (5th District), AMBER Alert in Indian Country advocate Pamela Foster, and AATTAP Administrator\/NCJTC Director Janell Rasmussen.\" aria-label=\"Open image in lightbox\" class=\"tile-inner modula-item-link\"><\/a><img decoding=\"async\" class=\"pic wp-image-34479\"  data-valign=\"middle\" data-halign=\"center\" alt=\"Arizona Congressman Andy Biggs, walks with Pamela Foster (mother of Ashlynne Mike), and Janell Rasmussen, NCJTC Director\/AATTAP Administrator at the 2025 National AMBER Alert &amp; AMBER Alert in Indian Country Symposium in Washington, DC\" data-full=\"https:\/\/amberadvocate.org\/wp-content\/uploads\/2025\/04\/Andy-Pam-Janell-walking.jpg\" title=\"Andy, Pam, Janell walking\" crop=\"\" width=\"300\" height=\"200\" src=\"https:\/\/amberadvocate.org\/wp-content\/uploads\/2025\/04\/Andy-Pam-Janell-walking-300x200.jpg\" data-src=\"https:\/\/amberadvocate.org\/wp-content\/uploads\/2025\/04\/Andy-Pam-Janell-walking-300x200.jpg\" data-caption=\"From left: Arizona Congressman Andy Biggs (5th District), AMBER Alert in Indian Country advocate Pamela Foster, and AATTAP Administrator\/NCJTC Director Janell Rasmussen.\" srcset=\"https:\/\/amberadvocate.org\/wp-content\/uploads\/2025\/04\/Andy-Pam-Janell-walking.jpg 2500w, https:\/\/amberadvocate.org\/wp-content\/uploads\/2025\/04\/Andy-Pam-Janell-walking-300x200.jpg 300w, https:\/\/amberadvocate.org\/wp-content\/uploads\/2025\/04\/Andy-Pam-Janell-walking-1024x683.jpg 1024w, https:\/\/amberadvocate.org\/wp-content\/uploads\/2025\/04\/Andy-Pam-Janell-walking-768x512.jpg 768w, https:\/\/amberadvocate.org\/wp-content\/uploads\/2025\/04\/Andy-Pam-Janell-walking-1536x1024.jpg 1536w, https:\/\/amberadvocate.org\/wp-content\/uploads\/2025\/04\/Andy-Pam-Janell-walking-2048x1366.jpg 2048w, https:\/\/amberadvocate.org\/wp-content\/uploads\/2025\/04\/Andy-Pam-Janell-walking-272x182.jpg 272w\" sizes=\"(max-width: 300px) 100vw, 300px\" \/>\n\t\t<div class=\"figc\">\n\t\t\t<div class=\"figc-inner\">\n\t\t\t\t\t\t\t\t\t\t\t\t\t<div class=\"jtg-description\">From left: Arizona Congressman Andy Biggs (5th District), AMBER Alert in Indian Country advocate Pamela Foster, and AATTAP Administrator\/NCJTC Director Janell Rasmussen.<\/div>\n\t\t\t\t\t\t\t\t\t\t\t<\/div>\n\t\t<\/div>\n\n\t<\/div>\n\n<\/div><div class=\"modula-item effect-pufrobo\" data-width=\"2\" data-height=\"2\" >\n\t<div class=\"modula-item-overlay\"><\/div>\n\n\t<div class=\"modula-item-content\">\n\n\t\t<a data-image-id=\"34501\" role=\"button\" tabindex=\"0\" rel=\"jtg-34429\" data-caption=\"Knowing that Pamela Foster&#039;s daughter, Ashlynne Mike, loved butterflies, AATTAP Administrator\/NCJTC Director Janell Rasmussen presented Foster with a meaningful gift. The sterling silver necklace features a butterfly with the name \u201cAshlynne Mike\u201d intricately cut into its wings. The necklace was crafted by AATTAP-AIIC Project Coordinator\nAlica Murphy Wildcatt, a member of the Eastern Band of Cherokee Indians.\" aria-label=\"Open image in lightbox\" class=\"tile-inner modula-item-link\"><\/a><img decoding=\"async\" class=\"pic wp-image-34501\"  data-valign=\"middle\" data-halign=\"center\" alt=\"Ashlynne Mike, Pamela Foster, necklace, Alica Murphy Wildcatt, Eastern Band of Cherokee Indians\" data-full=\"https:\/\/amberadvocate.org\/wp-content\/uploads\/2025\/04\/Pamela-necklace-gift.jpg\" title=\"Pamela necklace gift\" crop=\"\" width=\"289\" height=\"300\" src=\"https:\/\/amberadvocate.org\/wp-content\/uploads\/2025\/04\/Pamela-necklace-gift-289x300.jpg\" data-src=\"https:\/\/amberadvocate.org\/wp-content\/uploads\/2025\/04\/Pamela-necklace-gift-289x300.jpg\" data-caption=\"Knowing that Pamela Foster&#039;s daughter, Ashlynne Mike, loved butterflies, AATTAP Administrator\/NCJTC Director Janell Rasmussen presented Foster with a meaningful gift. The sterling silver necklace features a butterfly with the name \u201cAshlynne Mike\u201d intricately cut into its wings. The necklace was crafted by AATTAP-AIIC Project Coordinator\nAlica Murphy Wildcatt, a member of the Eastern Band of Cherokee Indians.\" srcset=\"https:\/\/amberadvocate.org\/wp-content\/uploads\/2025\/04\/Pamela-necklace-gift-scaled.jpg 2470w, https:\/\/amberadvocate.org\/wp-content\/uploads\/2025\/04\/Pamela-necklace-gift-scaled-289x300.jpg 289w, https:\/\/amberadvocate.org\/wp-content\/uploads\/2025\/04\/Pamela-necklace-gift-988x1024.jpg 988w, https:\/\/amberadvocate.org\/wp-content\/uploads\/2025\/04\/Pamela-necklace-gift-768x796.jpg 768w, https:\/\/amberadvocate.org\/wp-content\/uploads\/2025\/04\/Pamela-necklace-gift-1482x1536.jpg 1482w, https:\/\/amberadvocate.org\/wp-content\/uploads\/2025\/04\/Pamela-necklace-gift-1976x2048.jpg 1976w\" sizes=\"(max-width: 289px) 100vw, 289px\" \/>\n\t\t<div class=\"figc\">\n\t\t\t<div class=\"figc-inner\">\n\t\t\t\t\t\t\t\t\t\t\t\t\t<div class=\"jtg-description\">Knowing that Pamela Foster's daughter, Ashlynne Mike, loved butterflies, AATTAP Administrator\/NCJTC Director Janell Rasmussen presented Foster with a meaningful gift. The sterling silver necklace features a butterfly with the name \u201cAshlynne Mike\u201d intricately cut into its wings. The necklace was crafted by AATTAP-AIIC Project Coordinator\nAlica Murphy Wildcatt, a member of the Eastern Band of Cherokee Indians.<\/div>\n\t\t\t\t\t\t\t\t\t\t\t<\/div>\n\t\t<\/div>\n\n\t<\/div>\n\n<\/div><div class=\"modula-item effect-pufrobo\" data-width=\"2\" data-height=\"2\" >\n\t<div class=\"modula-item-overlay\"><\/div>\n\n\t<div class=\"modula-item-content\">\n\n\t\t<a data-image-id=\"34432\" role=\"button\" tabindex=\"0\" rel=\"jtg-34429\" data-caption=\"Sayeh Rivazfar is shown with her father on the cover of The AMBER Advocate. Numerous participants were moved to share their contact information with her\u2014and their support.\" aria-label=\"Open image in lightbox\" class=\"tile-inner modula-item-link\"><\/a><img decoding=\"async\" class=\"pic wp-image-34432\"  data-valign=\"middle\" data-halign=\"center\" alt=\"Sayeh Rivazfar, Ahmad Rivazfar, The AMBER Advocate\" data-full=\"https:\/\/amberadvocate.org\/wp-content\/uploads\/2025\/04\/IMG_4122-RP.jpg\" title=\"IMG_4122 RP\" crop=\"\" width=\"225\" height=\"300\" src=\"https:\/\/amberadvocate.org\/wp-content\/uploads\/2025\/04\/IMG_4122-RP-225x300.jpg\" data-src=\"https:\/\/amberadvocate.org\/wp-content\/uploads\/2025\/04\/IMG_4122-RP-225x300.jpg\" data-caption=\"Sayeh Rivazfar is shown with her father on the cover of The AMBER Advocate. Numerous participants were moved to share their contact information with her\u2014and their support.\" srcset=\"https:\/\/amberadvocate.org\/wp-content\/uploads\/2025\/04\/IMG_4122-RP-scaled.jpg 1920w, https:\/\/amberadvocate.org\/wp-content\/uploads\/2025\/04\/IMG_4122-RP-scaled-225x300.jpg 225w, https:\/\/amberadvocate.org\/wp-content\/uploads\/2025\/04\/IMG_4122-RP-768x1024.jpg 768w, https:\/\/amberadvocate.org\/wp-content\/uploads\/2025\/04\/IMG_4122-RP-1152x1536.jpg 1152w, https:\/\/amberadvocate.org\/wp-content\/uploads\/2025\/04\/IMG_4122-RP-1536x2048.jpg 1536w\" sizes=\"(max-width: 225px) 100vw, 225px\" \/>\n\t\t<div class=\"figc\">\n\t\t\t<div class=\"figc-inner\">\n\t\t\t\t\t\t\t\t\t\t\t\t\t<div class=\"jtg-description\">Sayeh Rivazfar is shown with her father on the cover of The AMBER Advocate. Numerous participants were moved to share their contact information with her\u2014and their support.<\/div>\n\t\t\t\t\t\t\t\t\t\t\t<\/div>\n\t\t<\/div>\n\n\t<\/div>\n\n<\/div><div class=\"modula-item effect-pufrobo\" data-width=\"2\" data-height=\"2\" >\n\t<div class=\"modula-item-overlay\"><\/div>\n\n\t<div class=\"modula-item-content\">\n\n\t\t<a data-image-id=\"34505\" role=\"button\" tabindex=\"0\" rel=\"jtg-34429\" data-caption=\"Sayeh Rivazfar stands with a career shadowbox bequeathed to her by Florida Sheriff&#039;s Deputy Randy Mitchell. Mitchell had worked to see justice served after Sayeh was brutally assaulted and her sister, Sara, was murdered by a family friend in 1988. Mitchell was proud of Sayeh&#039;s decision to go into law enforcement.\" aria-label=\"Open image in lightbox\" class=\"tile-inner modula-item-link\"><\/a><img decoding=\"async\" class=\"pic wp-image-34505\"  data-valign=\"middle\" data-halign=\"center\" alt=\"Sayeh Rivazfar, Randy Mitchell, Santa Rosa County Florida Sheriff&#039;s Office, at the 2025 National AMBER Alert &amp; AMBER Alert in Indian Country Symposium in Washington, DC\" data-full=\"https:\/\/amberadvocate.org\/wp-content\/uploads\/2025\/04\/Sayeh-with-shadowbox.jpg\" title=\"Sayeh with shadowbox\" crop=\"\" width=\"213\" height=\"300\" src=\"https:\/\/amberadvocate.org\/wp-content\/uploads\/2025\/04\/Sayeh-with-shadowbox-213x300.jpg\" data-src=\"https:\/\/amberadvocate.org\/wp-content\/uploads\/2025\/04\/Sayeh-with-shadowbox-213x300.jpg\" data-caption=\"Sayeh Rivazfar stands with a career shadowbox bequeathed to her by Florida Sheriff&#039;s Deputy Randy Mitchell. Mitchell had worked to see justice served after Sayeh was brutally assaulted and her sister, Sara, was murdered by a family friend in 1988. Mitchell was proud of Sayeh&#039;s decision to go into law enforcement.\" srcset=\"https:\/\/amberadvocate.org\/wp-content\/uploads\/2025\/04\/Sayeh-with-shadowbox.jpg 1273w, https:\/\/amberadvocate.org\/wp-content\/uploads\/2025\/04\/Sayeh-with-shadowbox-213x300.jpg 213w, https:\/\/amberadvocate.org\/wp-content\/uploads\/2025\/04\/Sayeh-with-shadowbox-728x1024.jpg 728w, https:\/\/amberadvocate.org\/wp-content\/uploads\/2025\/04\/Sayeh-with-shadowbox-768x1081.jpg 768w, https:\/\/amberadvocate.org\/wp-content\/uploads\/2025\/04\/Sayeh-with-shadowbox-1092x1536.jpg 1092w\" sizes=\"(max-width: 213px) 100vw, 213px\" \/>\n\t\t<div class=\"figc\">\n\t\t\t<div class=\"figc-inner\">\n\t\t\t\t\t\t\t\t\t\t\t\t\t<div class=\"jtg-description\">Sayeh Rivazfar stands with a career shadowbox bequeathed to her by Florida Sheriff's Deputy Randy Mitchell. Mitchell had worked to see justice served after Sayeh was brutally assaulted and her sister, Sara, was murdered by a family friend in 1988. Mitchell was proud of Sayeh's decision to go into law enforcement.<\/div>\n\t\t\t\t\t\t\t\t\t\t\t<\/div>\n\t\t<\/div>\n\n\t<\/div>\n\n<\/div><div class=\"modula-item effect-pufrobo\" data-width=\"2\" data-height=\"2\" >\n\t<div class=\"modula-item-overlay\"><\/div>\n\n\t<div class=\"modula-item-content\">\n\n\t\t<a data-image-id=\"34509\" role=\"button\" tabindex=\"0\" rel=\"jtg-34429\" data-caption=\"Sayeh Rivazfar brought the blue and pink Punky Brewster tennis shoes she had on when she and her younger sister, Sara, were abducted and brutally assaulted in 1988. Sara did not survive.\" aria-label=\"Open image in lightbox\" class=\"tile-inner modula-item-link\"><\/a><img decoding=\"async\" class=\"pic wp-image-34509\"  data-valign=\"middle\" data-halign=\"center\" alt=\"Sayeh Rivazfar&#039;s Punky Brewster tennis shoes on evidence bag\" data-full=\"https:\/\/amberadvocate.org\/wp-content\/uploads\/2025\/04\/Sayeh-Punky-Brewster-shoes-evidence.jpg\" title=\"Sayeh Punky Brewster shoes-evidence\" crop=\"\" width=\"300\" height=\"200\" src=\"https:\/\/amberadvocate.org\/wp-content\/uploads\/2025\/04\/Sayeh-Punky-Brewster-shoes-evidence-300x200.jpg\" data-src=\"https:\/\/amberadvocate.org\/wp-content\/uploads\/2025\/04\/Sayeh-Punky-Brewster-shoes-evidence-300x200.jpg\" data-caption=\"Sayeh Rivazfar brought the blue and pink Punky Brewster tennis shoes she had on when she and her younger sister, Sara, were abducted and brutally assaulted in 1988. Sara did not survive.\" srcset=\"https:\/\/amberadvocate.org\/wp-content\/uploads\/2025\/04\/Sayeh-Punky-Brewster-shoes-evidence.jpg 2500w, https:\/\/amberadvocate.org\/wp-content\/uploads\/2025\/04\/Sayeh-Punky-Brewster-shoes-evidence-300x200.jpg 300w, https:\/\/amberadvocate.org\/wp-content\/uploads\/2025\/04\/Sayeh-Punky-Brewster-shoes-evidence-1024x683.jpg 1024w, https:\/\/amberadvocate.org\/wp-content\/uploads\/2025\/04\/Sayeh-Punky-Brewster-shoes-evidence-768x512.jpg 768w, https:\/\/amberadvocate.org\/wp-content\/uploads\/2025\/04\/Sayeh-Punky-Brewster-shoes-evidence-1536x1024.jpg 1536w, https:\/\/amberadvocate.org\/wp-content\/uploads\/2025\/04\/Sayeh-Punky-Brewster-shoes-evidence-2048x1366.jpg 2048w, https:\/\/amberadvocate.org\/wp-content\/uploads\/2025\/04\/Sayeh-Punky-Brewster-shoes-evidence-272x182.jpg 272w\" sizes=\"(max-width: 300px) 100vw, 300px\" \/>\n\t\t<div class=\"figc\">\n\t\t\t<div class=\"figc-inner\">\n\t\t\t\t\t\t\t\t\t\t\t\t\t<div class=\"jtg-description\">Sayeh Rivazfar brought the blue and pink Punky Brewster tennis shoes she had on when she and her younger sister, Sara, were abducted and brutally assaulted in 1988. Sara did not survive.<\/div>\n\t\t\t\t\t\t\t\t\t\t\t<\/div>\n\t\t<\/div>\n\n\t<\/div>\n\n<\/div><div class=\"modula-item effect-pufrobo\" data-width=\"2\" data-height=\"2\" >\n\t<div class=\"modula-item-overlay\"><\/div>\n\n\t<div class=\"modula-item-content\">\n\n\t\t<a data-image-id=\"34511\" role=\"button\" tabindex=\"0\" rel=\"jtg-34429\" data-caption=\"Symposium participants lined up to thank childhood assault\/abduction survivor Sayeh Rivazfar\u2014who also is a law enforcement veteran\u2014for her moving keynote presentation.\" aria-label=\"Open image in lightbox\" class=\"tile-inner modula-item-link\"><\/a><img decoding=\"async\" class=\"pic wp-image-34511\"  data-valign=\"middle\" data-halign=\"center\" alt=\"Sayeh Rivazfar and unidentified female at the 2025 National AMBER Alert and AMBER Alert in Indian Country Symposium, Washington, DC\" data-full=\"https:\/\/amberadvocate.org\/wp-content\/uploads\/2025\/04\/Sayeh-with-XXXX.jpg\" title=\"Sayeh and participant\" crop=\"\" width=\"265\" height=\"300\" src=\"https:\/\/amberadvocate.org\/wp-content\/uploads\/2025\/04\/Sayeh-with-XXXX-265x300.jpg\" data-src=\"https:\/\/amberadvocate.org\/wp-content\/uploads\/2025\/04\/Sayeh-with-XXXX-265x300.jpg\" data-caption=\"Symposium participants lined up to thank childhood assault\/abduction survivor Sayeh Rivazfar\u2014who also is a law enforcement veteran\u2014for her moving keynote presentation.\" srcset=\"https:\/\/amberadvocate.org\/wp-content\/uploads\/2025\/04\/Sayeh-with-XXXX-scaled.jpg 2264w, https:\/\/amberadvocate.org\/wp-content\/uploads\/2025\/04\/Sayeh-with-XXXX-scaled-265x300.jpg 265w, https:\/\/amberadvocate.org\/wp-content\/uploads\/2025\/04\/Sayeh-with-XXXX-906x1024.jpg 906w, https:\/\/amberadvocate.org\/wp-content\/uploads\/2025\/04\/Sayeh-with-XXXX-768x868.jpg 768w, https:\/\/amberadvocate.org\/wp-content\/uploads\/2025\/04\/Sayeh-with-XXXX-1358x1536.jpg 1358w, https:\/\/amberadvocate.org\/wp-content\/uploads\/2025\/04\/Sayeh-with-XXXX-1811x2048.jpg 1811w\" sizes=\"(max-width: 265px) 100vw, 265px\" \/>\n\t\t<div class=\"figc\">\n\t\t\t<div class=\"figc-inner\">\n\t\t\t\t\t\t\t\t\t\t\t\t\t<div class=\"jtg-description\">Symposium participants lined up to thank childhood assault\/abduction survivor Sayeh Rivazfar\u2014who also is a law enforcement veteran\u2014for her moving keynote presentation.<\/div>\n\t\t\t\t\t\t\t\t\t\t\t<\/div>\n\t\t<\/div>\n\n\t<\/div>\n\n<\/div><div class=\"modula-item effect-pufrobo\" data-width=\"2\" data-height=\"2\" >\n\t<div class=\"modula-item-overlay\"><\/div>\n\n\t<div class=\"modula-item-content\">\n\n\t\t<a data-image-id=\"34525\" role=\"button\" tabindex=\"0\" rel=\"jtg-34429\" data-caption=\"AATTAP Child Abduction Response Team (CART) Manager Derek VanLuchene visits with attendees before the IPAWS\/emergency alerting workshop.\" aria-label=\"Open image in lightbox\" class=\"tile-inner modula-item-link\"><\/a><img decoding=\"async\" class=\"pic wp-image-34525\"  data-valign=\"middle\" data-halign=\"center\" alt=\"Derek VanLuchene at the 2025 National AMBER Alert &amp; AMBER Alert in Indian Country Symposium in Washington, DC\" data-full=\"https:\/\/amberadvocate.org\/wp-content\/uploads\/2025\/04\/Derek-at-IPAWS.jpg\" title=\"Derek at IPAWS\" crop=\"\" width=\"300\" height=\"218\" src=\"https:\/\/amberadvocate.org\/wp-content\/uploads\/2025\/04\/Derek-at-IPAWS-300x218.jpg\" data-src=\"https:\/\/amberadvocate.org\/wp-content\/uploads\/2025\/04\/Derek-at-IPAWS-300x218.jpg\" data-caption=\"AATTAP Child Abduction Response Team (CART) Manager Derek VanLuchene visits with attendees before the IPAWS\/emergency alerting workshop.\" srcset=\"https:\/\/amberadvocate.org\/wp-content\/uploads\/2025\/04\/Derek-at-IPAWS-scaled.jpg 2560w, https:\/\/amberadvocate.org\/wp-content\/uploads\/2025\/04\/Derek-at-IPAWS-scaled-300x218.jpg 300w, https:\/\/amberadvocate.org\/wp-content\/uploads\/2025\/04\/Derek-at-IPAWS-1024x743.jpg 1024w, https:\/\/amberadvocate.org\/wp-content\/uploads\/2025\/04\/Derek-at-IPAWS-768x557.jpg 768w, https:\/\/amberadvocate.org\/wp-content\/uploads\/2025\/04\/Derek-at-IPAWS-1536x1114.jpg 1536w, https:\/\/amberadvocate.org\/wp-content\/uploads\/2025\/04\/Derek-at-IPAWS-2048x1486.jpg 2048w\" sizes=\"(max-width: 300px) 100vw, 300px\" \/>\n\t\t<div class=\"figc\">\n\t\t\t<div class=\"figc-inner\">\n\t\t\t\t\t\t\t\t\t\t\t\t\t<div class=\"jtg-description\">AATTAP Child Abduction Response Team (CART) Manager Derek VanLuchene visits with attendees before the IPAWS\/emergency alerting workshop.<\/div>\n\t\t\t\t\t\t\t\t\t\t\t<\/div>\n\t\t<\/div>\n\n\t<\/div>\n\n<\/div><div class=\"modula-item effect-pufrobo\" data-width=\"2\" data-height=\"2\" >\n\t<div class=\"modula-item-overlay\"><\/div>\n\n\t<div class=\"modula-item-content\">\n\n\t\t<a data-image-id=\"34527\" role=\"button\" tabindex=\"0\" rel=\"jtg-34429\" data-caption=\"\" aria-label=\"Open image in lightbox\" class=\"tile-inner modula-item-link\"><\/a><img decoding=\"async\" class=\"pic wp-image-34527\"  data-valign=\"middle\" data-halign=\"center\" alt=\"NCJTC, AATTAP\" data-full=\"https:\/\/amberadvocate.org\/wp-content\/uploads\/2025\/04\/Group-at-NCTC-table.jpg\" title=\"Group at NCTC table\" crop=\"\" width=\"300\" height=\"226\" src=\"https:\/\/amberadvocate.org\/wp-content\/uploads\/2025\/04\/Group-at-NCTC-table-300x226.jpg\" data-src=\"https:\/\/amberadvocate.org\/wp-content\/uploads\/2025\/04\/Group-at-NCTC-table-300x226.jpg\" data-caption=\"\" srcset=\"https:\/\/amberadvocate.org\/wp-content\/uploads\/2025\/04\/Group-at-NCTC-table-scaled.jpg 2560w, https:\/\/amberadvocate.org\/wp-content\/uploads\/2025\/04\/Group-at-NCTC-table-scaled-300x226.jpg 300w, https:\/\/amberadvocate.org\/wp-content\/uploads\/2025\/04\/Group-at-NCTC-table-1024x773.jpg 1024w, https:\/\/amberadvocate.org\/wp-content\/uploads\/2025\/04\/Group-at-NCTC-table-768x579.jpg 768w, https:\/\/amberadvocate.org\/wp-content\/uploads\/2025\/04\/Group-at-NCTC-table-1536x1159.jpg 1536w, https:\/\/amberadvocate.org\/wp-content\/uploads\/2025\/04\/Group-at-NCTC-table-2048x1545.jpg 2048w\" sizes=\"(max-width: 300px) 100vw, 300px\" \/>\n\t\t<div class=\"figc no-description\">\n\t\t\t<div class=\"figc-inner\">\n\t\t\t\t\t\t\t\t\t\t\t\t\t\t\t<\/div>\n\t\t<\/div>\n\n\t<\/div>\n\n<\/div><div class=\"modula-item effect-pufrobo\" data-width=\"2\" data-height=\"2\" >\n\t<div class=\"modula-item-overlay\"><\/div>\n\n\t<div class=\"modula-item-content\">\n\n\t\t<a data-image-id=\"34531\" role=\"button\" tabindex=\"0\" rel=\"jtg-34429\" data-caption=\"AATTAP Deputy Administrator Jenniffer Price-Lehmann, left, introduces Dr. Noelle Hunter before her powerful presentation on international parental child abduction (IPCA). Hunter&#039;s 4-year-old daughter, &quot;Muna,&quot; was illegally taken by her non-custodial father to West Africa. She ultimately was able to return home, but only after a &quot;full court press&quot; by Hunter and others to make that happen.\" aria-label=\"Open image in lightbox\" class=\"tile-inner modula-item-link\"><\/a><img decoding=\"async\" class=\"pic wp-image-34531\"  data-valign=\"middle\" data-halign=\"center\" alt=\"Dr. Noelle Hunter, Jenniffer Price-Lehmann, international parental child abduction, IPCA, Muna\" data-full=\"https:\/\/amberadvocate.org\/wp-content\/uploads\/2025\/04\/Jen-and-Dr.-Noelle-Hunter.jpg\" title=\"Jen and Dr. Noelle Hunter\" crop=\"\" width=\"300\" height=\"234\" src=\"https:\/\/amberadvocate.org\/wp-content\/uploads\/2025\/04\/Jen-and-Dr.-Noelle-Hunter-300x234.jpg\" data-src=\"https:\/\/amberadvocate.org\/wp-content\/uploads\/2025\/04\/Jen-and-Dr.-Noelle-Hunter-300x234.jpg\" data-caption=\"AATTAP Deputy Administrator Jenniffer Price-Lehmann, left, introduces Dr. Noelle Hunter before her powerful presentation on international parental child abduction (IPCA). Hunter&#039;s 4-year-old daughter, &quot;Muna,&quot; was illegally taken by her non-custodial father to West Africa. She ultimately was able to return home, but only after a &quot;full court press&quot; by Hunter and others to make that happen.\" srcset=\"https:\/\/amberadvocate.org\/wp-content\/uploads\/2025\/04\/Jen-and-Dr.-Noelle-Hunter-scaled.jpg 2560w, https:\/\/amberadvocate.org\/wp-content\/uploads\/2025\/04\/Jen-and-Dr.-Noelle-Hunter-scaled-300x234.jpg 300w, https:\/\/amberadvocate.org\/wp-content\/uploads\/2025\/04\/Jen-and-Dr.-Noelle-Hunter-1024x799.jpg 1024w, https:\/\/amberadvocate.org\/wp-content\/uploads\/2025\/04\/Jen-and-Dr.-Noelle-Hunter-768x599.jpg 768w, https:\/\/amberadvocate.org\/wp-content\/uploads\/2025\/04\/Jen-and-Dr.-Noelle-Hunter-1536x1199.jpg 1536w, https:\/\/amberadvocate.org\/wp-content\/uploads\/2025\/04\/Jen-and-Dr.-Noelle-Hunter-2048x1598.jpg 2048w\" sizes=\"(max-width: 300px) 100vw, 300px\" \/>\n\t\t<div class=\"figc\">\n\t\t\t<div class=\"figc-inner\">\n\t\t\t\t\t\t\t\t\t\t\t\t\t<div class=\"jtg-description\">AATTAP Deputy Administrator Jenniffer Price-Lehmann, left, introduces Dr. Noelle Hunter before her powerful presentation on international parental child abduction (IPCA). Hunter's 4-year-old daughter, \"Muna,\" was illegally taken by her non-custodial father to West Africa. She ultimately was able to return home, but only after a \"full court press\" by Hunter and others to make that happen.<\/div>\n\t\t\t\t\t\t\t\t\t\t\t<\/div>\n\t\t<\/div>\n\n\t<\/div>\n\n<\/div><div class=\"modula-item effect-pufrobo\" data-width=\"2\" data-height=\"2\" >\n\t<div class=\"modula-item-overlay\"><\/div>\n\n\t<div class=\"modula-item-content\">\n\n\t\t<a data-image-id=\"34523\" role=\"button\" tabindex=\"0\" rel=\"jtg-34429\" data-caption=\"Hawaii detectives Riley Borges and William &quot;Billy&quot; Oku share a friendly &quot;mahalo&quot; during a break.\" aria-label=\"Open image in lightbox\" class=\"tile-inner modula-item-link\"><\/a><img decoding=\"async\" class=\"pic wp-image-34523\"  data-valign=\"middle\" data-halign=\"center\" alt=\"Riley Borges, William &quot;Billy&quot; Oku, Hawaii\" data-full=\"https:\/\/amberadvocate.org\/wp-content\/uploads\/2025\/04\/Billy-Oku-and-XXXXX.jpg\" title=\"\" crop=\"\" width=\"225\" height=\"300\" src=\"https:\/\/amberadvocate.org\/wp-content\/uploads\/2025\/04\/Billy-Oku-and-XXXXX-225x300.jpg\" data-src=\"https:\/\/amberadvocate.org\/wp-content\/uploads\/2025\/04\/Billy-Oku-and-XXXXX-225x300.jpg\" data-caption=\"Hawaii detectives Riley Borges and William &quot;Billy&quot; Oku share a friendly &quot;mahalo&quot; during a break.\" srcset=\"https:\/\/amberadvocate.org\/wp-content\/uploads\/2025\/04\/Billy-Oku-and-XXXXX-scaled.jpg 1920w, https:\/\/amberadvocate.org\/wp-content\/uploads\/2025\/04\/Billy-Oku-and-XXXXX-scaled-225x300.jpg 225w, https:\/\/amberadvocate.org\/wp-content\/uploads\/2025\/04\/Billy-Oku-and-XXXXX-768x1024.jpg 768w, https:\/\/amberadvocate.org\/wp-content\/uploads\/2025\/04\/Billy-Oku-and-XXXXX-1152x1536.jpg 1152w, https:\/\/amberadvocate.org\/wp-content\/uploads\/2025\/04\/Billy-Oku-and-XXXXX-1536x2048.jpg 1536w\" sizes=\"(max-width: 225px) 100vw, 225px\" \/>\n\t\t<div class=\"figc no-title\">\n\t\t\t<div class=\"figc-inner\">\n\t\t\t\t\t\t\t\t\t\t\t\t\t<div class=\"jtg-description\">Hawaii detectives Riley Borges and William \"Billy\" Oku share a friendly \"mahalo\" during a break.<\/div>\n\t\t\t\t\t\t\t\t\t\t\t<\/div>\n\t\t<\/div>\n\n\t<\/div>\n\n<\/div><div class=\"modula-item effect-pufrobo\" data-width=\"2\" data-height=\"2\" >\n\t<div class=\"modula-item-overlay\"><\/div>\n\n\t<div class=\"modula-item-content\">\n\n\t\t<a data-image-id=\"34533\" role=\"button\" tabindex=\"0\" rel=\"jtg-34429\" data-caption=\"\" aria-label=\"Open image in lightbox\" class=\"tile-inner modula-item-link\"><\/a><img decoding=\"async\" class=\"pic wp-image-34533\"  data-valign=\"middle\" data-halign=\"center\" alt=\"Jenniffer Price-Lehmann, Brittni Farmakes, Yesenia &quot;Jesi&quot; Leon-Baron, Jill Nysse\" data-full=\"https:\/\/amberadvocate.org\/wp-content\/uploads\/2025\/04\/Our-team.jpg\" title=\"Our team\" crop=\"\" width=\"300\" height=\"212\" src=\"https:\/\/amberadvocate.org\/wp-content\/uploads\/2025\/04\/Our-team-300x212.jpg\" data-src=\"https:\/\/amberadvocate.org\/wp-content\/uploads\/2025\/04\/Our-team-300x212.jpg\" data-caption=\"\" srcset=\"https:\/\/amberadvocate.org\/wp-content\/uploads\/2025\/04\/Our-team-scaled.jpg 2560w, https:\/\/amberadvocate.org\/wp-content\/uploads\/2025\/04\/Our-team-scaled-300x212.jpg 300w, https:\/\/amberadvocate.org\/wp-content\/uploads\/2025\/04\/Our-team-1024x723.jpg 1024w, https:\/\/amberadvocate.org\/wp-content\/uploads\/2025\/04\/Our-team-768x542.jpg 768w, https:\/\/amberadvocate.org\/wp-content\/uploads\/2025\/04\/Our-team-1536x1085.jpg 1536w, https:\/\/amberadvocate.org\/wp-content\/uploads\/2025\/04\/Our-team-2048x1447.jpg 2048w\" sizes=\"(max-width: 300px) 100vw, 300px\" \/>\n\t\t<div class=\"figc no-description\">\n\t\t\t<div class=\"figc-inner\">\n\t\t\t\t\t\t\t\t\t\t\t\t\t\t\t<\/div>\n\t\t<\/div>\n\n\t<\/div>\n\n<\/div><div class=\"modula-item effect-pufrobo\" data-width=\"2\" data-height=\"2\" >\n\t<div class=\"modula-item-overlay\"><\/div>\n\n\t<div class=\"modula-item-content\">\n\n\t\t<a data-image-id=\"34682\" role=\"button\" tabindex=\"0\" rel=\"jtg-34429\" data-caption=\"&quot;Finding Shannon [Dedrick] renewed our sense of hope that a child could be found alive\u2014even after five days of searching,&quot; said\nDyana Chase (center), Special Agent\/CART Supervisor,\nFlorida Department of Law Enforcement (FDLE)\" aria-label=\"Open image in lightbox\" class=\"tile-inner modula-item-link\"><\/a><img decoding=\"async\" class=\"pic wp-image-34682\"  data-valign=\"middle\" data-halign=\"center\" alt=\"Dyana Chase with the Florida Department of Law Enforcement (seated center) before discussing the &quot;Baby in a Box&quot; case at the 2025 National AMBER Alert &amp; AMBER Alert in Indian Country Symposium in Washington, DC\" data-full=\"https:\/\/amberadvocate.org\/wp-content\/uploads\/2025\/04\/IMG_4159-FDLE-Baby-in-box-group-RP.jpg\" title=\"IMG_4159 FDLE Baby in box group RP\" crop=\"\" width=\"300\" height=\"220\" src=\"https:\/\/amberadvocate.org\/wp-content\/uploads\/2025\/04\/IMG_4159-FDLE-Baby-in-box-group-RP-300x220.jpg\" data-src=\"https:\/\/amberadvocate.org\/wp-content\/uploads\/2025\/04\/IMG_4159-FDLE-Baby-in-box-group-RP-300x220.jpg\" data-caption=\"&quot;Finding Shannon [Dedrick] renewed our sense of hope that a child could be found alive\u2014even after five days of searching,&quot; said\nDyana Chase (center), Special Agent\/CART Supervisor,\nFlorida Department of Law Enforcement (FDLE)\" srcset=\"https:\/\/amberadvocate.org\/wp-content\/uploads\/2025\/04\/IMG_4159-FDLE-Baby-in-box-group-RP-scaled.jpg 2560w, https:\/\/amberadvocate.org\/wp-content\/uploads\/2025\/04\/IMG_4159-FDLE-Baby-in-box-group-RP-scaled-300x220.jpg 300w, https:\/\/amberadvocate.org\/wp-content\/uploads\/2025\/04\/IMG_4159-FDLE-Baby-in-box-group-RP-1024x750.jpg 1024w, https:\/\/amberadvocate.org\/wp-content\/uploads\/2025\/04\/IMG_4159-FDLE-Baby-in-box-group-RP-768x562.jpg 768w, https:\/\/amberadvocate.org\/wp-content\/uploads\/2025\/04\/IMG_4159-FDLE-Baby-in-box-group-RP-1536x1125.jpg 1536w, https:\/\/amberadvocate.org\/wp-content\/uploads\/2025\/04\/IMG_4159-FDLE-Baby-in-box-group-RP-2048x1500.jpg 2048w\" sizes=\"(max-width: 300px) 100vw, 300px\" \/>\n\t\t<div class=\"figc\">\n\t\t\t<div class=\"figc-inner\">\n\t\t\t\t\t\t\t\t\t\t\t\t\t<div class=\"jtg-description\">\"Finding Shannon [Dedrick] renewed our sense of hope that a child could be found alive\u2014even after five days of searching,\" said\nDyana Chase (center), Special Agent\/CART Supervisor,\nFlorida Department of Law Enforcement (FDLE)<\/div>\n\t\t\t\t\t\t\t\t\t\t\t<\/div>\n\t\t<\/div>\n\n\t<\/div>\n\n<\/div><div class=\"modula-item effect-pufrobo\" data-width=\"2\" data-height=\"2\" >\n\t<div class=\"modula-item-overlay\"><\/div>\n\n\t<div class=\"modula-item-content\">\n\n\t\t<a data-image-id=\"34519\" role=\"button\" tabindex=\"0\" rel=\"jtg-34429\" data-caption=\"Bill Boldin with the U.S. Marshals Service (left) talks with AATTAP Deputy Administrator Byron Fassett before the start of the symposium.\" aria-label=\"Open image in lightbox\" class=\"tile-inner modula-item-link\"><\/a><img decoding=\"async\" class=\"pic wp-image-34519\"  data-valign=\"middle\" data-halign=\"center\" alt=\"Bill Boldin, left, and Byron Fassett at the 2025 National AMBER Alert and AMBER Alert in Indian Country Symposium, Washington, DC\" data-full=\"https:\/\/amberadvocate.org\/wp-content\/uploads\/2025\/04\/Bill-and-Byron.jpg\" title=\"Bill Boldin, U.S. Marshals Service, Byron Fassett\" crop=\"\" width=\"300\" height=\"225\" src=\"https:\/\/amberadvocate.org\/wp-content\/uploads\/2025\/04\/Bill-and-Byron-300x225.jpg\" data-src=\"https:\/\/amberadvocate.org\/wp-content\/uploads\/2025\/04\/Bill-and-Byron-300x225.jpg\" data-caption=\"Bill Boldin with the U.S. Marshals Service (left) talks with AATTAP Deputy Administrator Byron Fassett before the start of the symposium.\" srcset=\"https:\/\/amberadvocate.org\/wp-content\/uploads\/2025\/04\/Bill-and-Byron-scaled.jpg 2560w, https:\/\/amberadvocate.org\/wp-content\/uploads\/2025\/04\/Bill-and-Byron-scaled-300x225.jpg 300w, https:\/\/amberadvocate.org\/wp-content\/uploads\/2025\/04\/Bill-and-Byron-1024x768.jpg 1024w, https:\/\/amberadvocate.org\/wp-content\/uploads\/2025\/04\/Bill-and-Byron-768x576.jpg 768w, https:\/\/amberadvocate.org\/wp-content\/uploads\/2025\/04\/Bill-and-Byron-1536x1152.jpg 1536w, https:\/\/amberadvocate.org\/wp-content\/uploads\/2025\/04\/Bill-and-Byron-2048x1536.jpg 2048w\" sizes=\"(max-width: 300px) 100vw, 300px\" \/>\n\t\t<div class=\"figc\">\n\t\t\t<div class=\"figc-inner\">\n\t\t\t\t\t\t\t\t\t\t\t\t\t<div class=\"jtg-description\">Bill Boldin with the U.S. Marshals Service (left) talks with AATTAP Deputy Administrator Byron Fassett before the start of the symposium.<\/div>\n\t\t\t\t\t\t\t\t\t\t\t<\/div>\n\t\t<\/div>\n\n\t<\/div>\n\n<\/div><div class=\"modula-item effect-pufrobo\" data-width=\"2\" data-height=\"2\" >\n\t<div class=\"modula-item-overlay\"><\/div>\n\n\t<div class=\"modula-item-content\">\n\n\t\t<a data-image-id=\"34577\" role=\"button\" tabindex=\"0\" rel=\"jtg-34429\" data-caption=\"Desiree Young\u2014mother of Kyron Horman, missing for nearly 15 years\u2014expresses hope that she will learn more about her 14-year-old son&#039;s disappearance from his Oregon elementary school.\" aria-label=\"Open image in lightbox\" class=\"tile-inner modula-item-link\"><\/a><img decoding=\"async\" class=\"pic wp-image-34577\"  data-valign=\"middle\" data-halign=\"center\" alt=\"Desiree Young, mother of Kyron Horman, speaks to attendees at the 2025 National AMBER Alert and AMBER Alert in Indian Country Symposium in Washington, DC\" data-full=\"https:\/\/amberadvocate.org\/wp-content\/uploads\/2025\/04\/20250226_124617.jpg\" title=\"20250226_124617\" crop=\"\" width=\"300\" height=\"300\" src=\"https:\/\/amberadvocate.org\/wp-content\/uploads\/2025\/04\/20250226_124617-300x300.jpg\" data-src=\"https:\/\/amberadvocate.org\/wp-content\/uploads\/2025\/04\/20250226_124617-300x300.jpg\" data-caption=\"Desiree Young\u2014mother of Kyron Horman, missing for nearly 15 years\u2014expresses hope that she will learn more about her 14-year-old son&#039;s disappearance from his Oregon elementary school.\" srcset=\"https:\/\/amberadvocate.org\/wp-content\/uploads\/2025\/04\/20250226_124617-scaled.jpg 2560w, https:\/\/amberadvocate.org\/wp-content\/uploads\/2025\/04\/20250226_124617-scaled-300x300.jpg 300w, https:\/\/amberadvocate.org\/wp-content\/uploads\/2025\/04\/20250226_124617-1024x1024.jpg 1024w, https:\/\/amberadvocate.org\/wp-content\/uploads\/2025\/04\/20250226_124617-150x150.jpg 150w, https:\/\/amberadvocate.org\/wp-content\/uploads\/2025\/04\/20250226_124617-768x768.jpg 768w, https:\/\/amberadvocate.org\/wp-content\/uploads\/2025\/04\/20250226_124617-1536x1536.jpg 1536w, https:\/\/amberadvocate.org\/wp-content\/uploads\/2025\/04\/20250226_124617-2048x2048.jpg 2048w\" sizes=\"(max-width: 300px) 100vw, 300px\" \/>\n\t\t<div class=\"figc\">\n\t\t\t<div class=\"figc-inner\">\n\t\t\t\t\t\t\t\t\t\t\t\t\t<div class=\"jtg-description\">Desiree Young\u2014mother of Kyron Horman, missing for nearly 15 years\u2014expresses hope that she will learn more about her 14-year-old son's disappearance from his Oregon elementary school.<\/div>\n\t\t\t\t\t\t\t\t\t\t\t<\/div>\n\t\t<\/div>\n\n\t<\/div>\n\n<\/div><div class=\"modula-item effect-pufrobo\" data-width=\"2\" data-height=\"2\" >\n\t<div class=\"modula-item-overlay\"><\/div>\n\n\t<div class=\"modula-item-content\">\n\n\t\t<a data-image-id=\"34497\" role=\"button\" tabindex=\"0\" rel=\"jtg-34429\" data-caption=\"NCJTC Executive Director Brad Russ with OJJDP Acting Administrator Eileen Garry.\" aria-label=\"Open image in lightbox\" class=\"tile-inner modula-item-link\"><\/a><img decoding=\"async\" class=\"pic wp-image-34497\"  data-valign=\"middle\" data-halign=\"center\" alt=\"Bradley Russ with Eileen Garry at the 2025 National AMBER Alert &amp; AMBER Alert in Indian Country Symposium in Washington, DC\" data-full=\"https:\/\/amberadvocate.org\/wp-content\/uploads\/2025\/04\/Brad-and-Eileen-Garry.jpg\" title=\"Brad and Eileen Garry\" crop=\"\" width=\"205\" height=\"300\" src=\"https:\/\/amberadvocate.org\/wp-content\/uploads\/2025\/04\/Brad-and-Eileen-Garry-205x300.jpg\" data-src=\"https:\/\/amberadvocate.org\/wp-content\/uploads\/2025\/04\/Brad-and-Eileen-Garry-205x300.jpg\" data-caption=\"NCJTC Executive Director Brad Russ with OJJDP Acting Administrator Eileen Garry.\" srcset=\"https:\/\/amberadvocate.org\/wp-content\/uploads\/2025\/04\/Brad-and-Eileen-Garry-scaled.jpg 1749w, https:\/\/amberadvocate.org\/wp-content\/uploads\/2025\/04\/Brad-and-Eileen-Garry-scaled-205x300.jpg 205w, https:\/\/amberadvocate.org\/wp-content\/uploads\/2025\/04\/Brad-and-Eileen-Garry-700x1024.jpg 700w, https:\/\/amberadvocate.org\/wp-content\/uploads\/2025\/04\/Brad-and-Eileen-Garry-768x1124.jpg 768w, https:\/\/amberadvocate.org\/wp-content\/uploads\/2025\/04\/Brad-and-Eileen-Garry-1050x1536.jpg 1050w, https:\/\/amberadvocate.org\/wp-content\/uploads\/2025\/04\/Brad-and-Eileen-Garry-1399x2048.jpg 1399w\" sizes=\"(max-width: 205px) 100vw, 205px\" \/>\n\t\t<div class=\"figc\">\n\t\t\t<div class=\"figc-inner\">\n\t\t\t\t\t\t\t\t\t\t\t\t\t<div class=\"jtg-description\">NCJTC Executive Director Brad Russ with OJJDP Acting Administrator Eileen Garry.<\/div>\n\t\t\t\t\t\t\t\t\t\t\t<\/div>\n\t\t<\/div>\n\n\t<\/div>\n\n<\/div><div class=\"modula-item effect-pufrobo\" data-width=\"2\" data-height=\"2\" >\n\t<div class=\"modula-item-overlay\"><\/div>\n\n\t<div class=\"modula-item-content\">\n\n\t\t<a data-image-id=\"34684\" role=\"button\" tabindex=\"0\" rel=\"jtg-34429\" data-caption=\"New York State Police Senior Investigator Erika L. Hock presented a study of the Charlotte Sena abduction case.\" aria-label=\"Open image in lightbox\" class=\"tile-inner modula-item-link\"><\/a><img decoding=\"async\" class=\"pic wp-image-34684\"  data-valign=\"middle\" data-halign=\"center\" alt=\"Erika L. Hock of the New York State Police discussing the Charlotte Sena case during the 2025 National AMBER Alert &amp; AMBER Alert in Indian Country Symposium in Washington, DC\" data-full=\"https:\/\/amberadvocate.org\/wp-content\/uploads\/2025\/04\/Erika-Hock-Stacie-Rhoads.jpeg\" title=\"Erika Hock-Stacie Rhoads\" crop=\"\" width=\"225\" height=\"300\" src=\"https:\/\/amberadvocate.org\/wp-content\/uploads\/2025\/04\/Erika-Hock-Stacie-Rhoads-225x300.jpeg\" data-src=\"https:\/\/amberadvocate.org\/wp-content\/uploads\/2025\/04\/Erika-Hock-Stacie-Rhoads-225x300.jpeg\" data-caption=\"New York State Police Senior Investigator Erika L. Hock presented a study of the Charlotte Sena abduction case.\" srcset=\"https:\/\/amberadvocate.org\/wp-content\/uploads\/2025\/04\/Erika-Hock-Stacie-Rhoads.jpeg 1500w, https:\/\/amberadvocate.org\/wp-content\/uploads\/2025\/04\/Erika-Hock-Stacie-Rhoads-225x300.jpeg 225w, https:\/\/amberadvocate.org\/wp-content\/uploads\/2025\/04\/Erika-Hock-Stacie-Rhoads-768x1025.jpeg 768w, https:\/\/amberadvocate.org\/wp-content\/uploads\/2025\/04\/Erika-Hock-Stacie-Rhoads-1151x1536.jpeg 1151w\" sizes=\"(max-width: 225px) 100vw, 225px\" \/>\n\t\t<div class=\"figc\">\n\t\t\t<div class=\"figc-inner\">\n\t\t\t\t\t\t\t\t\t\t\t\t\t<div class=\"jtg-description\">New York State Police Senior Investigator Erika L. Hock presented a study of the Charlotte Sena abduction case.<\/div>\n\t\t\t\t\t\t\t\t\t\t\t<\/div>\n\t\t<\/div>\n\n\t<\/div>\n\n<\/div><div class=\"modula-item effect-pufrobo\" data-width=\"2\" data-height=\"2\" >\n\t<div class=\"modula-item-overlay\"><\/div>\n\n\t<div class=\"modula-item-content\">\n\n\t\t<a data-image-id=\"34686\" role=\"button\" tabindex=\"0\" rel=\"jtg-34429\" data-caption=\"From left: FirstNet Authority&#039;s Jasper Bruner and Angel Benally join AATTAP&#039;s AMBER Alert in Indian Country Manager Tyesha M. Wood before the FirstNet-focused presentation.\" aria-label=\"Open image in lightbox\" class=\"tile-inner modula-item-link\"><\/a><img decoding=\"async\" class=\"pic wp-image-34686\"  data-valign=\"middle\" data-halign=\"center\" alt=\"FirstNet Authority, Jasper Bruner, Angel Benally, Tyesha M. Wood\" data-full=\"https:\/\/amberadvocate.org\/wp-content\/uploads\/2025\/04\/AMB-DC-359.jpg\" title=\"AMB-DC-359\" crop=\"\" width=\"300\" height=\"275\" src=\"https:\/\/amberadvocate.org\/wp-content\/uploads\/2025\/04\/AMB-DC-359-300x275.jpg\" data-src=\"https:\/\/amberadvocate.org\/wp-content\/uploads\/2025\/04\/AMB-DC-359-300x275.jpg\" data-caption=\"From left: FirstNet Authority&#039;s Jasper Bruner and Angel Benally join AATTAP&#039;s AMBER Alert in Indian Country Manager Tyesha M. Wood before the FirstNet-focused presentation.\" srcset=\"https:\/\/amberadvocate.org\/wp-content\/uploads\/2025\/04\/AMB-DC-359.jpg 1518w, https:\/\/amberadvocate.org\/wp-content\/uploads\/2025\/04\/AMB-DC-359-300x275.jpg 300w, https:\/\/amberadvocate.org\/wp-content\/uploads\/2025\/04\/AMB-DC-359-1024x938.jpg 1024w, https:\/\/amberadvocate.org\/wp-content\/uploads\/2025\/04\/AMB-DC-359-768x704.jpg 768w\" sizes=\"(max-width: 300px) 100vw, 300px\" \/>\n\t\t<div class=\"figc\">\n\t\t\t<div class=\"figc-inner\">\n\t\t\t\t\t\t\t\t\t\t\t\t\t<div class=\"jtg-description\">From left: FirstNet Authority's Jasper Bruner and Angel Benally join AATTAP's AMBER Alert in Indian Country Manager Tyesha M. Wood before the FirstNet-focused presentation.<\/div>\n\t\t\t\t\t\t\t\t\t\t\t<\/div>\n\t\t<\/div>\n\n\t<\/div>\n\n<\/div><div class=\"modula-item effect-pufrobo\" data-width=\"4\" data-height=\"2\" >\n\t<div class=\"modula-item-overlay\"><\/div>\n\n\t<div class=\"modula-item-content\">\n\n\t\t<a data-image-id=\"34579\" role=\"button\" tabindex=\"0\" rel=\"jtg-34429\" data-caption=\"Symposium-goers filled numerous meeting rooms during the 2025 learning event.\" aria-label=\"Open image in lightbox\" class=\"tile-inner modula-item-link\"><\/a><img decoding=\"async\" class=\"pic wp-image-34579\"  data-valign=\"middle\" data-halign=\"center\" alt=\"2025 AMBER Alert &amp; AMBER Alert in Indian Country Symposium\" data-full=\"https:\/\/amberadvocate.org\/wp-content\/uploads\/2025\/04\/AMB-DC-211.jpg\" title=\"AMB-DC-211\" crop=\"\" width=\"300\" height=\"200\" src=\"https:\/\/amberadvocate.org\/wp-content\/uploads\/2025\/04\/AMB-DC-211-300x200.jpg\" data-src=\"https:\/\/amberadvocate.org\/wp-content\/uploads\/2025\/04\/AMB-DC-211-300x200.jpg\" data-caption=\"Symposium-goers filled numerous meeting rooms during the 2025 learning event.\" srcset=\"https:\/\/amberadvocate.org\/wp-content\/uploads\/2025\/04\/AMB-DC-211.jpg 2500w, https:\/\/amberadvocate.org\/wp-content\/uploads\/2025\/04\/AMB-DC-211-300x200.jpg 300w, https:\/\/amberadvocate.org\/wp-content\/uploads\/2025\/04\/AMB-DC-211-1024x683.jpg 1024w, https:\/\/amberadvocate.org\/wp-content\/uploads\/2025\/04\/AMB-DC-211-768x512.jpg 768w, https:\/\/amberadvocate.org\/wp-content\/uploads\/2025\/04\/AMB-DC-211-1536x1024.jpg 1536w, https:\/\/amberadvocate.org\/wp-content\/uploads\/2025\/04\/AMB-DC-211-2048x1366.jpg 2048w, https:\/\/amberadvocate.org\/wp-content\/uploads\/2025\/04\/AMB-DC-211-272x182.jpg 272w\" sizes=\"(max-width: 300px) 100vw, 300px\" \/>\n\t\t<div class=\"figc\">\n\t\t\t<div class=\"figc-inner\">\n\t\t\t\t\t\t\t\t\t\t\t\t\t<div class=\"jtg-description\">Symposium-goers filled numerous meeting rooms during the 2025 learning event.<\/div>\n\t\t\t\t\t\t\t\t\t\t\t<\/div>\n\t\t<\/div>\n\n\t<\/div>\n\n<\/div>\t\t\n\t<\/div>\n\n\t\n\t\n\t<script type=\"application\/ld+json\">\n\t{\n\t\t\"@context\": \"http:\/\/schema.org\",\n\t\t\"@type\"   : \"ImageGallery\",\n\t\t\"id\"      : \"https:\/\/amberadvocate.org\/es\/?articles=equipo-amber-2025-conclusiones-del-simposio\/\",\n\t\t\"url\"     : \"https:\/\/amberadvocate.org\/es\/?articles=equipo-amber-2025-conclusiones-del-simposio\/\"\n\t}\n\n\t<\/script>\n\n\t\n<\/div>\n\n<\/div>\n<\/div><\/div><\/div><\/div><div id=\"pg-38183-3\"  class=\"panel-grid panel-no-style\" ><div id=\"pgc-38183-3-0\"  class=\"panel-grid-cell\" ><div id=\"panel-38183-3-0-0\" class=\"so-panel widget widget_sow-headline panel-first-child panel-last-child\" data-index=\"5\" ><div\n\t\t\t\n\t\t\tclass=\"so-widget-sow-headline so-widget-sow-headline-default-73724896c682-38183 so-widget-fittext-wrapper\"\n\t\t\t data-fit-text-compressor=\"0.85\"\n\t\t><div class=\"sow-headline-container \">\n\t\t\t\t\t\t\t<h1 class=\"sow-headline\">\n\t\t\t\t\t\tAprender de los supervivientes: un tema principal\t\t\t\t\t\t<\/h1>\n\t\t\t\t\t\t\t\t\t\t\t<div class=\"decoration\">\n\t\t\t\t\t\t<div class=\"decoration-inside\"><\/div>\n\t\t\t\t\t<\/div>\n\t\t\t\t\t<\/div>\n<\/div><\/div><\/div><\/div><div id=\"pg-38183-4\"  class=\"panel-grid panel-no-style\" ><div id=\"pgc-38183-4-0\"  class=\"panel-grid-cell\" ><div id=\"panel-38183-4-0-0\" class=\"so-panel widget widget_sow-editor panel-first-child panel-last-child\" data-index=\"6\" ><div\n\t\t\t\n\t\t\tclass=\"so-widget-sow-editor so-widget-sow-editor-base\"\n\t\t\t\n\t\t>\n<div class=\"siteorigin-widget-tinymce textwidget\">\n\t<figure id=\"attachment_34544\" aria-describedby=\"caption-attachment-34544\" style=\"width: 467px\" class=\"wp-caption aligncenter\"><img decoding=\"async\" class=\" wp-image-34543\" src=\"https:\/\/amberadvocate.org\/wp-content\/uploads\/2025\/04\/AMB-DC-288-BTdp-new-copy-683x1024.jpg\" alt=\"\" width=\"467\" height=\"701\" srcset=\"https:\/\/amberadvocate.org\/wp-content\/uploads\/2025\/04\/AMB-DC-288-BTdp-new-copy-683x1024.jpg 683w, https:\/\/amberadvocate.org\/wp-content\/uploads\/2025\/04\/AMB-DC-288-BTdp-new-copy-200x300.jpg 200w, https:\/\/amberadvocate.org\/wp-content\/uploads\/2025\/04\/AMB-DC-288-BTdp-new-copy-768x1152.jpg 768w, https:\/\/amberadvocate.org\/wp-content\/uploads\/2025\/04\/AMB-DC-288-BTdp-new-copy-1024x1536.jpg 1024w, https:\/\/amberadvocate.org\/wp-content\/uploads\/2025\/04\/AMB-DC-288-BTdp-new-copy-1366x2048.jpg 1366w, https:\/\/amberadvocate.org\/wp-content\/uploads\/2025\/04\/AMB-DC-288-BTdp-new-copy-scaled.jpg 1707w\" sizes=\"(max-width: 467px) 100vw, 467px\" \/><figcaption id=\"caption-attachment-34544\" class=\"wp-caption-text\"><em>Sayeh Rivazfar, investigadora jubilada de la polic\u00eda del estado de Nueva York, muestra una de las zapatillas de tenis de Punky Brewster que llevaba puestas durante una agresi\u00f3n que sufri\u00f3 a los 8 a\u00f1os, un delito que tambi\u00e9n se cobr\u00f3 la vida de su hermana menor, Sara (que aparece con ella en la foto de arriba, a la derecha).<\/em><\/figcaption><\/figure>\n<p style=\"font-weight: 400;\"><strong>La vida de Sayeh Rivazfar cambi\u00f3 para siempre el 22 de septiembre de 1988.<\/strong>  Fue entonces cuando el novio de su madre se la llev\u00f3, con 8 a\u00f1os, y a su hermana Sara, de 6 a\u00f1os, de su casa en Pensacola, Florida, las llev\u00f3 a una zona remota, las agredi\u00f3 brutalmente, les cort\u00f3 la garganta y las abandon\u00f3 a su suerte. Sayeh sobrevivi\u00f3; su hermana no. <\/p>\n<p style=\"font-weight: 400;\">Mientras viv\u00eda con su padre y su hermano en Rochester, Nueva York, Sayeh opt\u00f3 por unirse a la polic\u00eda del estado de Nueva York. Desde entonces, se ha jubilado tras dos d\u00e9cadas de trabajo, pero su labor de protecci\u00f3n infantil contin\u00faa. <\/p>\n<p style=\"font-weight: 400;\"><span style=\"color: #666699;\"><strong>\u201cDecid\u00ed desde el principio no dejar que el trauma me hundiera. Lo utilizo como combustible para ayudar a los dem\u00e1s\u201d.<\/strong><\/span><\/p>\n<p>Rivazfar mostr\u00f3 una vitrina que pertenec\u00eda al agente del sheriff del condado de Santa Rosa (Florida), Randy Mitchell<em>. <\/em>Cuando fue asignado a su caso, el nuevo padre se indign\u00f3 por el dolor infligido a ella y a su hermana. \u00c9l y Rivazfar se mantuvieron en contacto a lo largo de los a\u00f1os. \u201cEstaba orgulloso de mi carrera en las fuerzas del orden\u201d, dijo.  <\/p>\n<p>Luego, en 2012, poco antes de morir de c\u00e1ncer, recibi\u00f3 un paquete de \u00e9l: su \u201ccarrera en una caja\u201d, que inclu\u00eda su placa y su escudo, junto con una conmovedora carta. \u201cSignifica mucho para m\u00ed, como \u00e9l lo hizo\u201d. <\/p>\n<figure id=\"attachment_34455\" aria-describedby=\"caption-attachment-34455\" style=\"width: 305px\" class=\"wp-caption alignleft\"><img decoding=\"async\" class=\"wp-image-34454\" src=\"https:\/\/amberadvocate.org\/wp-content\/uploads\/2025\/04\/Randy-Mitchell-Sayeh-Rivazfar-web-1-300x206.png\" alt=\"\" width=\"305\" height=\"209\" srcset=\"https:\/\/amberadvocate.org\/wp-content\/uploads\/2025\/04\/Randy-Mitchell-Sayeh-Rivazfar-web-1-300x206.png 300w, https:\/\/amberadvocate.org\/wp-content\/uploads\/2025\/04\/Randy-Mitchell-Sayeh-Rivazfar-web-1-1024x702.png 1024w, https:\/\/amberadvocate.org\/wp-content\/uploads\/2025\/04\/Randy-Mitchell-Sayeh-Rivazfar-web-1-768x526.png 768w, https:\/\/amberadvocate.org\/wp-content\/uploads\/2025\/04\/Randy-Mitchell-Sayeh-Rivazfar-web-1.png 1404w\" sizes=\"(max-width: 305px) 100vw, 305px\" \/><figcaption id=\"caption-attachment-34455\" class=\"wp-caption-text\"><em>Rivazfar con Randy Mitchell, quien le leg\u00f3 su \u201ccarrera en una caja\u201d (a la derecha).<\/em><\/figcaption><\/figure>\n<p><img decoding=\"async\" class=\"wp-image-34448 alignleft\" src=\"https:\/\/amberadvocate.org\/wp-content\/uploads\/2025\/04\/AMB-DC-39-copy-e1744665914541-203x300.jpg\" alt=\"\" width=\"249\" height=\"366\" srcset=\"https:\/\/amberadvocate.org\/wp-content\/uploads\/2025\/04\/AMB-DC-39-copy-e1744665914541-695x1024.jpg 695w, https:\/\/amberadvocate.org\/wp-content\/uploads\/2025\/04\/AMB-DC-39-copy-e1744665914541-768x1132.jpg 768w, https:\/\/amberadvocate.org\/wp-content\/uploads\/2025\/04\/AMB-DC-39-copy-e1744665914541.jpg 816w\" sizes=\"(max-width: 249px) 100vw, 249px\" \/><\/p>\n<p>&nbsp;<\/p>\n<p>&nbsp;<\/p>\n<p>&nbsp;<\/p>\n<div style=\"text-align: center;\">\n<blockquote>\n<h2><\/h2>\n<h2><span style=\"color: #666699;\"><strong> <\/strong><\/span><\/h2>\n<h2 style=\"text-align: left;\"><\/h2>\n<h3 style=\"padding-left: 200px; text-align: left;\"><\/h3>\n<\/blockquote>\n<\/div>\n<\/div>\n<\/div><\/div><\/div><div id=\"pgc-38183-4-1\"  class=\"panel-grid-cell\" ><div id=\"panel-38183-4-1-0\" class=\"so-panel widget widget_sow-editor panel-first-child panel-last-child\" data-index=\"7\" ><div class=\"so-rounded panel-widget-style panel-widget-style-for-38183-4-1-0\" ><div\n\t\t\t\n\t\t\tclass=\"so-widget-sow-editor so-widget-sow-editor-base\"\n\t\t\t\n\t\t><h3 class=\"widget-title\">'Todos los secuestros son locales'<\/h3>\n<div class=\"siteorigin-widget-tinymce textwidget\">\n\t<figure id=\"attachment_34257\" aria-describedby=\"caption-attachment-34257\" style=\"width: 333px\" class=\"wp-caption aligncenter\"><img decoding=\"async\" class=\"wp-image-34256 \" src=\"https:\/\/amberadvocate.org\/wp-content\/uploads\/2025\/03\/1.-Noelle-Muna-blue-dg_1-e1743905929218-950x1024.png\" alt=\"La Dra. Noelle Hunter y su hija \"Muna\"\" width=\"333\" height=\"359\" srcset=\"https:\/\/amberadvocate.org\/wp-content\/uploads\/2025\/03\/1.-Noelle-Muna-blue-dg_1-e1743905929218-950x1024.png 950w, https:\/\/amberadvocate.org\/wp-content\/uploads\/2025\/03\/1.-Noelle-Muna-blue-dg_1-e1743905929218-278x300.png 278w, https:\/\/amberadvocate.org\/wp-content\/uploads\/2025\/03\/1.-Noelle-Muna-blue-dg_1-e1743905929218-768x828.png 768w, https:\/\/amberadvocate.org\/wp-content\/uploads\/2025\/03\/1.-Noelle-Muna-blue-dg_1-e1743905929218-1424x1536.png 1424w, https:\/\/amberadvocate.org\/wp-content\/uploads\/2025\/03\/1.-Noelle-Muna-blue-dg_1-e1743905929218.png 1862w\" sizes=\"(max-width: 333px) 100vw, 333px\" \/><figcaption id=\"caption-attachment-34257\" class=\"wp-caption-text\"><em>Dra. Noelle Hunter con su hija \u201cMuna\u201d<\/em><\/figcaption><\/figure>\n<p><strong>El d\u00eda de A\u00f1o Nuevo de 2011, el peor temor de la Dra. Noelle Hunter se hizo realidad:<\/strong> Su exmarido se hab\u00eda llevado ilegalmente a su hija de 4 a\u00f1os para vivir en su pa\u00eds de origen, Mal\u00ed, \u00c1frica Occidental.<\/p>\n<p>As\u00ed comenz\u00f3 la b\u00fasqueda de la profesora universitaria para que Maayimuna (\u201cMuna\u201d) regresara con ella, tras casi tres a\u00f1os de trabajo de \u201cpresi\u00f3n total\u201d.<\/p>\n<p><span style=\"color: #666699;\"><strong>Ahora su misi\u00f3n es ayudar a otros a navegar por el complejo laberinto del secuestro internacional de menores por parte de uno de los progenitores (IPCA).<\/strong> <\/span><\/p>\n<p>Como asociada de AATTAP\/NCJTC, tambi\u00e9n ayuda a las fuerzas del orden a comprender la mejor manera de responder a los casos de IPCA. Tambi\u00e9n deben entender esto: \u201cTodos los secuestros son locales. La respuesta que un progenitor recibe de esa primera llamada de auxilio lo significa todo\u201d. <\/p>\n<figure id=\"attachment_34588\" aria-describedby=\"caption-attachment-34588\" style=\"width: 487px\" class=\"wp-caption aligncenter\"><img decoding=\"async\" class=\"wp-image-34587\" src=\"https:\/\/amberadvocate.org\/wp-content\/uploads\/2025\/04\/Noelle-Hunter-scaled-e1744343357719-1024x712.jpg\" alt=\"\" width=\"487\" height=\"339\" srcset=\"https:\/\/amberadvocate.org\/wp-content\/uploads\/2025\/04\/Noelle-Hunter-scaled-e1744343357719-1024x712.jpg 1024w, https:\/\/amberadvocate.org\/wp-content\/uploads\/2025\/04\/Noelle-Hunter-scaled-e1744343357719-300x208.jpg 300w, https:\/\/amberadvocate.org\/wp-content\/uploads\/2025\/04\/Noelle-Hunter-scaled-e1744343357719-768x534.jpg 768w, https:\/\/amberadvocate.org\/wp-content\/uploads\/2025\/04\/Noelle-Hunter-scaled-e1744343357719-1536x1067.jpg 1536w, https:\/\/amberadvocate.org\/wp-content\/uploads\/2025\/04\/Noelle-Hunter-scaled-e1744343357719-2048x1423.jpg 2048w\" sizes=\"(max-width: 487px) 100vw, 487px\" \/><figcaption id=\"caption-attachment-34588\" class=\"wp-caption-text\"><span style=\"color: #3366ff;\"><em><strong>Haga clic <a style=\"color: #3366ff;\" href=\"https:\/\/amberadvocate.org\/issues\/aa62-dr-noelle-hunter-all-abductions-are-local\/\" target=\"_blank\" rel=\"noopener\">aqu\u00ed<\/a> para obtener m\u00e1s informaci\u00f3n sobre la historia de la Dra. Hunter y un encuentro conmovedor que tuvo con un agente de la polic\u00eda estatal de Maryland<\/strong><\/em>.<\/span><\/figcaption><\/figure>\n<\/div>\n<\/div><\/div><\/div><\/div><\/div><div id=\"pg-38183-5\"  class=\"panel-grid panel-no-style\" ><div id=\"pgc-38183-5-0\"  class=\"panel-grid-cell\" ><div id=\"panel-38183-5-0-0\" class=\"so-panel widget widget_sow-editor panel-first-child panel-last-child\" data-index=\"8\" ><div class=\"so-rounded panel-widget-style panel-widget-style-for-38183-5-0-0\" ><div\n\t\t\t\n\t\t\tclass=\"so-widget-sow-editor so-widget-sow-editor-base\"\n\t\t\t\n\t\t>\n<div class=\"siteorigin-widget-tinymce textwidget\">\n\t<h2><span style=\"color: #993300;\">Pamela Foster: \u2018el territorio indio necesita AMBER Alert\u2019<\/span><\/h2>\n<figure id=\"attachment_34468\" aria-describedby=\"caption-attachment-34468\" style=\"width: 237px\" class=\"wp-caption alignleft\"><img decoding=\"async\" class=\"wp-image-34467 \" src=\"https:\/\/amberadvocate.org\/wp-content\/uploads\/2025\/04\/Pamela-and-Ashlynne-copy-300x199.png\" alt=\"Pamela Foster y su difunta hija Ashlynne Mike\" width=\"237\" height=\"157\" srcset=\"https:\/\/amberadvocate.org\/wp-content\/uploads\/2025\/04\/Pamela-and-Ashlynne-copy-300x199.png 300w, https:\/\/amberadvocate.org\/wp-content\/uploads\/2025\/04\/Pamela-and-Ashlynne-copy-1024x678.png 1024w, https:\/\/amberadvocate.org\/wp-content\/uploads\/2025\/04\/Pamela-and-Ashlynne-copy-768x508.png 768w, https:\/\/amberadvocate.org\/wp-content\/uploads\/2025\/04\/Pamela-and-Ashlynne-copy-1536x1016.png 1536w, https:\/\/amberadvocate.org\/wp-content\/uploads\/2025\/04\/Pamela-and-Ashlynne-copy-2048x1355.png 2048w\" sizes=\"(max-width: 237px) 100vw, 237px\" \/><figcaption id=\"caption-attachment-34468\" class=\"wp-caption-text\"><em>Pamela Foster con su hija Ashlynne.<\/em><\/figcaption><\/figure>\n<p style=\"font-weight: 400; text-align: left;\">Pamela Foster, la madre de <a href=\"https:\/\/www.ojp.gov\/archives\/ojp-blogs\/2019\/legacy-ashlynne-mike\" target=\"_blank\" rel=\"noopener\">Ashlynne Mike<\/a>, cuyo nombre figura en la <a href=\"https:\/\/amberalert.ojp.gov\/amber-alert-indian-country\" target=\"_blank\" rel=\"noopener\">Ley Ashlynne Mike AMBER Alert en Territorio Indio<\/a> de 2018, fue presentada a los asistentes al Simposio por el representante de los EE. UU., Andy Biggs, del 5.\u00ba Distrito Congresional de Arizona. Biggs trabaj\u00f3 con Foster y el senador de Arizona John McCain para garantizar la aprobaci\u00f3n de la \u201cLey de Ashlynne\u201d dos a\u00f1os despu\u00e9s del secuestro y asesinato de su hija de 11 a\u00f1os en la reserva de la Naci\u00f3n Navajo en 2016. <\/p>\n<p>La Ley proporciona numerosos recursos al territorio indio para reforzar el conocimiento, la capacitaci\u00f3n, la tecnolog\u00eda y la colaboraci\u00f3n con socios tribales para garantizar que los ni\u00f1os que desaparecen de las tierras nativas puedan ser encontrados r\u00e1pida y seguramente.<\/p>\n<div class=\"aa-quote-text\">\n<p><strong><em>\u201cAquellos de ustedes que pertenecen a las fuerzas del orden tribales, si a\u00fan no han recibido capacitaci\u00f3n, por favor, progr\u00e1menla lo antes posible<\/em>\u201d, <em>dijo Foster.<\/em> <em>\u201c<\/em><em>Necesitamos que las fuerzas del orden en territorio tribal compartan informaci\u00f3n con agencias externas para que puedan aprehender r\u00e1pidamente a los delincuentes. Todo ni\u00f1o tiene derecho a sentirse seguro y a vivir la vida al m\u00e1ximo, y mi lucha se basa en lo que he experimentado como madre y progenitora. No quiero que lo que me pas\u00f3 a m\u00ed le pase a otra persona\u201d.  <\/em><\/strong><\/p>\n<\/div>\n<p style=\"font-weight: 400; text-align: left;\">La impactante presentaci\u00f3n de Foster fue un regalo para todos los que la experimentaron. Luego <em>se le<\/em> dio un regalo, lo que proporcion\u00f3 otro momento conmovedor. <br \/><span style=\"color: #3366ff;\"><em><strong><br \/>Lea sobre el mensaje de Pamela y el regalo en honor a Ashlynne, <a style=\"color: #3366ff;\" href=\"https:\/\/amberadvocate.org\/issues\/aa62-indian-country-needs-amber-alert\" target=\"_blank\" rel=\"noopener\">aqu\u00ed<\/a>.<\/strong><\/em><\/span><\/p>\n<\/div>\n<\/div><\/div><\/div><\/div><\/div><div id=\"pg-38183-6\"  class=\"panel-grid panel-no-style\" ><div id=\"pgc-38183-6-0\"  class=\"panel-grid-cell\" ><div id=\"panel-38183-6-0-0\" class=\"so-panel widget widget_sow-headline panel-first-child panel-last-child\" data-index=\"9\" ><div\n\t\t\t\n\t\t\tclass=\"so-widget-sow-headline so-widget-sow-headline-default-a1283665a0ed-38183 so-widget-fittext-wrapper\"\n\t\t\t data-fit-text-compressor=\"0.85\"\n\t\t><div class=\"sow-headline-container \">\n\t\t\t\t\t\t\t<h1 class=\"sow-headline\">\n\t\t\t\t\t\tDe los recursos a la tecnolog\u00eda: m\u00e1s conclusiones\t\t\t\t\t\t<\/h1>\n\t\t\t\t\t\t\t\t\t\t\t<div class=\"decoration\">\n\t\t\t\t\t\t<div class=\"decoration-inside\"><\/div>\n\t\t\t\t\t<\/div>\n\t\t\t\t\t\t\t\t\t\t\t<h2 class=\"sow-sub-headline\">\n\t\t\t\t\t\tHaga clic en cada cuadro desplegable a continuaci\u00f3n para ver los aspectos m\u00e1s destacados de los talleres y eventos mejor valorados.\t\t\t\t\t\t<\/h2>\n\t\t\t\t\t\t<\/div>\n<\/div><\/div><\/div><\/div><div id=\"pg-38183-7\"  class=\"panel-grid panel-no-style\" ><div id=\"pgc-38183-7-0\"  class=\"panel-grid-cell\" ><div id=\"panel-38183-7-0-0\" class=\"so-panel widget widget_lsow-accordion panel-first-child panel-last-child\" data-index=\"10\" ><div class=\"panel-widget-style panel-widget-style-for-38183-7-0-0\" ><div\n\t\t\t\n\t\t\tclass=\"so-widget-lsow-accordion so-widget-lsow-accordion-default-d75171398898-38183\"\n\t\t\t\n\t\t>\n<div class=\"lsow-accordion style1\" data-toggle=\"true\" data-expanded=\"false\"><div class=\"lsow-panel\" id=\"\"><div class=\"lsow-panel-title\">\u2756 Marshal More Support<\/div><div class=\"lsow-panel-content\"><p><figure id=\"attachment_34519\" aria-describedby=\"caption-attachment-34519\" style=\"width: 300px\" class=\"wp-caption alignleft\"><img decoding=\"async\" class=\"wp-image-34519 size-medium\" src=\"https:\/\/amberadvocate.org\/wp-content\/uploads\/2025\/04\/Bill-and-Byron-300x225.jpg\" alt=\"\" width=\"300\" height=\"225\" srcset=\"https:\/\/amberadvocate.org\/wp-content\/uploads\/2025\/04\/Bill-and-Byron-300x225.jpg 300w, https:\/\/amberadvocate.org\/wp-content\/uploads\/2025\/04\/Bill-and-Byron-1024x768.jpg 1024w, https:\/\/amberadvocate.org\/wp-content\/uploads\/2025\/04\/Bill-and-Byron-768x576.jpg 768w, https:\/\/amberadvocate.org\/wp-content\/uploads\/2025\/04\/Bill-and-Byron-1536x1152.jpg 1536w, https:\/\/amberadvocate.org\/wp-content\/uploads\/2025\/04\/Bill-and-Byron-2048x1536.jpg 2048w\" sizes=\"(max-width: 300px) 100vw, 300px\" \/><figcaption id=\"caption-attachment-34519\" class=\"wp-caption-text\"><em>U.S. Marshals Service Senior Inspector Bill Boldin (left) with AATTAP Deputy Administrator Byron Fassett<\/em><\/figcaption><\/figure><\/p>\n<p><em><strong><span style=\"color: #000080;\">\u201cWe\u2019re good at hunting down fugitives. We\u2019re now putting that toward finding missing children. It\u2019s not something we\u2019re known for. But we want to focus our efforts on kids with the highest likelihood of being victimized, of facing violence.\u201d<\/span> \u2013 <\/strong><\/em>Bill Boldin, Senior Inspector\/National Missing Child Program Coordinator, U.S. Marshals Service (USMS)<\/p>\n<p><strong>Proven track record: <\/strong>From 2021 to 2024, 61% of missing child cases were resolved within seven days of USMS assistance.<\/p>\n<\/div><\/div><!-- .lsow-panel --><div class=\"lsow-panel\" id=\"\"><div class=\"lsow-panel-title\">\u2756 Model CARTs<\/div><div class=\"lsow-panel-content\"><p><figure id=\"attachment_34646\" aria-describedby=\"caption-attachment-34646\" style=\"width: 281px\" class=\"wp-caption alignright\"><img decoding=\"async\" class=\"wp-image-34646 \" src=\"https:\/\/amberadvocate.org\/wp-content\/uploads\/2025\/04\/Stacie-Lick-e1744611742237-225x300.jpg\" alt=\"Photo of Stacie Lick\" width=\"281\" height=\"375\" srcset=\"https:\/\/amberadvocate.org\/wp-content\/uploads\/2025\/04\/Stacie-Lick-e1744611742237-225x300.jpg 225w, https:\/\/amberadvocate.org\/wp-content\/uploads\/2025\/04\/Stacie-Lick-e1744611742237-769x1024.jpg 769w, https:\/\/amberadvocate.org\/wp-content\/uploads\/2025\/04\/Stacie-Lick-e1744611742237-768x1023.jpg 768w, https:\/\/amberadvocate.org\/wp-content\/uploads\/2025\/04\/Stacie-Lick-e1744611742237-1153x1536.jpg 1153w, https:\/\/amberadvocate.org\/wp-content\/uploads\/2025\/04\/Stacie-Lick-e1744611742237-1538x2048.jpg 1538w, https:\/\/amberadvocate.org\/wp-content\/uploads\/2025\/04\/Stacie-Lick-e1744611742237.jpg 1667w\" sizes=\"(max-width: 281px) 100vw, 281px\" \/><figcaption id=\"caption-attachment-34646\" class=\"wp-caption-text\"><em><strong>Leading by example:<\/strong> <a href=\"https:\/\/amberadvocate.org\/issues\/faces-of-the-amber-alert-new-jersey\/\" target=\"_blank\" rel=\"noopener\">Read more<\/a> about retired Captain Stacie Lick's CART success.<\/em><\/figcaption><\/figure><\/p>\n<p class=\"p1\"><span class=\"s1\"><b><span style=\"color: #000080;\">\u201cMandates are pathways to support.\u201d<\/span> \u2013 <\/b><\/span><span class=\"s2\"><b>Stacie Lick<\/b><\/span><span class=\"s3\"><b>, <\/b><\/span><span class=\"s2\">Captain (Ret.), Gloucester County (New Jersey) Prosecutor\u2019s Office<\/span><\/p>\n<p class=\"p1\"><span class=\"s1\">Having a dedicated, well-trained child abduction response team (CART) is essential to finding a missing child, using all available resources, when every minute counts. But symposium-goers know that building and sustaining a CART are significant obstacles for agencies with slim staffs and budgets.<\/span><\/p>\n<p class=\"p1\"><span class=\"s1\">The CART experts from New Jersey and Florida who shared advice at the symposium have spent nearly two decades overcoming those challenges<\/span> <span class=\"s1\">by thinking creatively and strategically, such as getting buy-in for the expansion of New Jersey's CARTs after the high-profile Autumn Pasquale <a href=\"https:\/\/amberadvocate.org\/issues\/web-exclusive-playing-by-the-rules-pays-off\/\"><span class=\"s3\">case<\/span><\/a><\/span> <span class=\"s1\">in 2012. Or by having a well-thought-through staffing and resource plan, one that can be applied multi-jurisdictionally.<\/span><\/p>\n<p class=\"p1\"><span class=\"s1\">As a result of Captain Stacie Lick\u2019s efforts to compile CART best practices for Gloucester County, New Jersey now <a href=\"https:\/\/www.nj.gov\/lps\/dcj\/agguide\/directives\/dir-2008-4-ChildAbductionResponseTeam.pdf\"><span class=\"s3\">mandates<\/span><\/a><\/span> <span class=\"s1\">that all 21 of its counties have an active CART that follows standardized policies and procedures, and learns from mandatory after-action reporting.<\/span> <span class=\"s1\">In 2008, as Lick was building Gloucester County\u2019s CART, she was greatly inspired by the Pasco County, Florida, Sheriff\u2019s Office (PCSO) Missing Abducted Child (<a href=\"https:\/\/news.pascosheriff.com\/pasco-sheriffs-office-community-news\/psos-missing-persons-recovery-efforts\/?fbclid=IwY2xjawJC6dVleHRuA2FlbQIxMAABHcPpa8pl7N4YyEs95TRdar09g_8dsNe04b_yZU78c7vi3dK_GEbqZEUJZA_aem_KO_lHC24HyJgmWioAvlqmg\"><span class=\"s5\">MAC<\/span><\/a>) Team.<\/span><\/p>\n<p>Each MAC deploys with a command post with a lead investigator assigned to it. It also has coordinators assigned to these critical tasks: leads management; neighborhood\/business canvassing and roadblocks; sex offender canvassing; resources oversight; volunteer search management; search and rescue operations; logistics; public information and media relations; crime scene management; legal representation; analytics; and cybercrimes\/technical support. A family liaison and victim advocate will also be on hand to provide valuable assistance.<\/p>\n<hr \/>\n<p>&nbsp;<\/p>\n<p><img decoding=\"async\" class=\"alignright wp-image-34644 size-medium\" src=\"https:\/\/amberadvocate.org\/wp-content\/uploads\/2025\/04\/CART-manuals-300x164.png\" alt=\"Covers of two newly updated CART manuals\" width=\"300\" height=\"164\" srcset=\"https:\/\/amberadvocate.org\/wp-content\/uploads\/2025\/04\/CART-manuals-300x164.png 300w, https:\/\/amberadvocate.org\/wp-content\/uploads\/2025\/04\/CART-manuals-1024x560.png 1024w, https:\/\/amberadvocate.org\/wp-content\/uploads\/2025\/04\/CART-manuals-768x420.png 768w, https:\/\/amberadvocate.org\/wp-content\/uploads\/2025\/04\/CART-manuals.png 1340w\" sizes=\"(max-width: 300px) 100vw, 300px\" \/><\/p>\n<p><span style=\"color: #333399;\"><strong>MODEL MANUALS<\/strong><\/span><br \/>\n<span style=\"color: #333399;\">Many of the best practices used by the New Jersey and Pasco County, Florida, CARTs can be <a style=\"color: #333399;\" href=\"https:\/\/amberadvocate.org\/cart\/resources\/\" target=\"_blank\" rel=\"noopener\">found<\/a> in two newly updated, downloadable CART resources\u2014one on implementation and the other on certification\u2014both produced by AATTAP.<\/span><\/p>\n<p>&nbsp;<\/p>\n<p>&nbsp;<\/p>\n<\/div><\/div><!-- .lsow-panel --><div class=\"lsow-panel\" id=\"\"><div class=\"lsow-panel-title\">\u2756 Maximize Messaging<\/div><div class=\"lsow-panel-content\"><p>Law enforcement technology consultant Eddie Bertola provided several updates related to the Integrated Public Alert &amp; Warning System (IPAWS) overseen by the Federal Emergency Management System (FEMA).<span class=\"Apple-converted-space\">\u00a0<\/span><\/p>\n<p><figure id=\"attachment_34672\" aria-describedby=\"caption-attachment-34672\" style=\"width: 291px\" class=\"wp-caption alignright\"><img decoding=\"async\" class=\"size-medium wp-image-34672\" src=\"https:\/\/amberadvocate.org\/wp-content\/uploads\/2025\/04\/IPAWS-MDD-291x300.png\" alt=\"Illustration of FEMA's Message Design Dashboard advantages for IPAWS\" width=\"291\" height=\"300\" srcset=\"https:\/\/amberadvocate.org\/wp-content\/uploads\/2025\/04\/IPAWS-MDD-291x300.png 291w, https:\/\/amberadvocate.org\/wp-content\/uploads\/2025\/04\/IPAWS-MDD-993x1024.png 993w, https:\/\/amberadvocate.org\/wp-content\/uploads\/2025\/04\/IPAWS-MDD-768x792.png 768w, https:\/\/amberadvocate.org\/wp-content\/uploads\/2025\/04\/IPAWS-MDD-1490x1536.png 1490w, https:\/\/amberadvocate.org\/wp-content\/uploads\/2025\/04\/IPAWS-MDD.png 1788w\" sizes=\"(max-width: 291px) 100vw, 291px\" \/><figcaption id=\"caption-attachment-34672\" class=\"wp-caption-text\"><span style=\"color: #333399;\"><i>IPAWS\u2019 new Message Design Dashboard provides templates to help law enforcement save time and ensure alerting consistency. It also offers message previews and testing.<span class=\"Apple-converted-space\">\u00a0<\/span><\/i><\/span><\/figcaption><\/figure><\/p>\n<p>The IPAWS portal that law enforcement uses to request AMBER Alerts now has a more streamlined interface. And within that is the new <a href=\"https:\/\/www.fema.gov\/node\/ipaws-message-design-dashboard-now-available\" target=\"_blank\" rel=\"noopener\">Message Design Dashboard<\/a> (MDD), \u201can intuitive structure taking message crafting from 15 minutes to five minutes,\u201d Bertola said.<span class=\"Apple-converted-space\">\u00a0<\/span><\/p>\n<p>MDD features drop-down menus that provide access to essential information that can be provided in a consistent manner and allow best usage of the 360-character limit within varied templates. It also can check for typos and invalid links and allow for easier message previews and system testing.<span class=\"Apple-converted-space\">\u00a0<\/span><\/p>\n<p>In other messaging news, another development is the Missing and Endangered Person\/<a href=\"https:\/\/www.radioworld.com\/news-and-business\/headlines\/fcc-approves-missing-and-endangered-alert-code\" target=\"_blank\" rel=\"noopener\">MEP Code<\/a>, which was discussed in both the IPAWS workshop and updates session hosted by the National Center for Missing &amp; Exploited Children (NCMEC).<span class=\"Apple-converted-space\">\u00a0<\/span><\/p>\n<p class=\"p1\">Approved in August 2004, the addition of the MEP code to the Emergency Alert System (EAS) will enable law enforcement agencies to more rapidly and effectively issue alerts about missing and endangered persons by covering a wider range of ages and circumstances than AMBER Alerts alone. MEP alerts will utilize the same infrastructure as AMBER Alerts, thus allowing for widespread dissemination through various media channels.<\/p>\n<\/div><\/div><!-- .lsow-panel --><div class=\"lsow-panel\" id=\"\"><div class=\"lsow-panel-title\">\u2756 Intelligence Gathering<\/div><div class=\"lsow-panel-content\"><p><figure id=\"attachment_34676\" aria-describedby=\"caption-attachment-34676\" style=\"width: 259px\" class=\"wp-caption alignright\"><img decoding=\"async\" class=\"size-medium wp-image-34676\" src=\"https:\/\/amberadvocate.org\/wp-content\/uploads\/2025\/04\/Larry-Kraus-Pasco-County-259x300.png\" alt=\"\" width=\"259\" height=\"300\" srcset=\"https:\/\/amberadvocate.org\/wp-content\/uploads\/2025\/04\/Larry-Kraus-Pasco-County-259x300.png 259w, https:\/\/amberadvocate.org\/wp-content\/uploads\/2025\/04\/Larry-Kraus-Pasco-County.png 702w\" sizes=\"(max-width: 259px) 100vw, 259px\" \/><figcaption id=\"caption-attachment-34676\" class=\"wp-caption-text\"><em>Captain Larry Kraus<\/em> <em>of the Pasco County<\/em> <em>(Florida) Sheriff\u2019s<\/em> <em>Office, Research<\/em> <em>&amp; Analysis Division, led the OSINT discussion.<\/em><\/figcaption><\/figure><\/p>\n<p>Open Source Intelligence (OSINT) analysis is the leveraging of data from publicly available communication sources such as social media apps, messaging boards, gaming platforms, and the dark web. This research complements more traditional law enforcement databases (criminal databases, LInX, LeadsOnline) and can yield more real-time clues.<span class=\"Apple-converted-space\">\u00a0<\/span><\/p>\n<p>Bad actors are increasingly digital obsessed\u2014and inadvertently work against themselves by taking photos and videos with geolocations and time stamps\u2014while leaving other digital breadcrumbs.<span class=\"Apple-converted-space\">\u00a0<\/span><\/p>\n<p>OSINT analysts requires continuous training on ever-evolving information-sharing channels. They need to understand how to avoid gleaning intelligence that can be challenged in court (and potentially weaken public trust). All the while they have to battle data overload from the sheer volume of information that needs assessing.<span class=\"Apple-converted-space\">\u00a0<\/span><\/p>\n<p>It\u2019s imperative that agencies hire professionals capable of navigating such complexities, Kraus said of intelligence analysts, whom he calls \u201cthe unsung heroes of law enforcement.\u201d<\/p>\n<hr \/>\n<p><strong><img decoding=\"async\" class=\"alignleft size-medium wp-image-34678\" src=\"https:\/\/amberadvocate.org\/wp-content\/uploads\/2025\/04\/LPB-book-cover-219x300.jpg\" alt=\"Cover of the book &quot;Lost Person Behavior&quot;\" width=\"219\" height=\"300\" srcset=\"https:\/\/amberadvocate.org\/wp-content\/uploads\/2025\/04\/LPB-book-cover-219x300.jpg 219w, https:\/\/amberadvocate.org\/wp-content\/uploads\/2025\/04\/LPB-book-cover-747x1024.jpg 747w, https:\/\/amberadvocate.org\/wp-content\/uploads\/2025\/04\/LPB-book-cover-768x1053.jpg 768w, https:\/\/amberadvocate.org\/wp-content\/uploads\/2025\/04\/LPB-book-cover-1120x1536.jpg 1120w, https:\/\/amberadvocate.org\/wp-content\/uploads\/2025\/04\/LPB-book-cover-1493x2048.jpg 1493w, https:\/\/amberadvocate.org\/wp-content\/uploads\/2025\/04\/LPB-book-cover.jpg 1801w\" sizes=\"(max-width: 219px) 100vw, 219px\" \/><span style=\"color: #333399;\">FINDING <em>LOST PERSON BEHAVIOR<\/em><\/span><\/strong><br \/>\n<span style=\"color: #333399;\">\u201cI can\u2019t believe I didn\u2019t know about the <a style=\"color: #333399;\" href=\"https:\/\/www.youtube.com\/watch?v=_fEUh4TKxdQ\" target=\"_blank\" rel=\"noopener\"><i>Lost Person Behavior<\/i><\/a><i> <\/i>resource,\u201d one attendee said on Whova. Mentioned during Pasco County\u2019s CART workshop, \u201cLPB,\u201d as its known for short, refers to the science- and data-based research of Dr. Robert J. Koester, whose field guide-style book outlines 41 missing persons categories and provides layers of behavior a person in each classification will likely follow.<span class=\"Apple-converted-space\">\u00a0<\/span><\/span><\/p>\n<\/div><\/div><!-- .lsow-panel --><div class=\"lsow-panel\" id=\"\"><div class=\"lsow-panel-title\">\u2756 Welcoming U.S. Territories<\/div><div class=\"lsow-panel-content\"><p><figure id=\"attachment_34537\" aria-describedby=\"caption-attachment-34537\" style=\"width: 1194px\" class=\"wp-caption aligncenter\"><img decoding=\"async\" class=\"wp-image-34537\" src=\"https:\/\/amberadvocate.org\/wp-content\/uploads\/2025\/04\/AMB-DC-141-copy.jpg\" alt=\"\" width=\"1194\" height=\"763\" srcset=\"https:\/\/amberadvocate.org\/wp-content\/uploads\/2025\/04\/AMB-DC-141-copy.jpg 1637w, https:\/\/amberadvocate.org\/wp-content\/uploads\/2025\/04\/AMB-DC-141-copy-300x192.jpg 300w, https:\/\/amberadvocate.org\/wp-content\/uploads\/2025\/04\/AMB-DC-141-copy-1024x654.jpg 1024w, https:\/\/amberadvocate.org\/wp-content\/uploads\/2025\/04\/AMB-DC-141-copy-768x490.jpg 768w, https:\/\/amberadvocate.org\/wp-content\/uploads\/2025\/04\/AMB-DC-141-copy-1536x981.jpg 1536w\" sizes=\"(max-width: 1194px) 100vw, 1194px\" \/><figcaption id=\"caption-attachment-34537\" class=\"wp-caption-text\">Partners from American Samoa, Guam, and Puerto Rico traveled numerous time zones to attend this year\u2019s symposium. \u201cThey really appreciated getting to meet their counterparts in the States,\u201d said Yesenia \u201cJesi\u201d Leon-Baron, AATTAP Project Coordinator for International\/Territorial Programs <em>(shown fourth from left)<\/em>.<\/figcaption><\/figure><\/p>\n<\/div><\/div><!-- .lsow-panel --><div class=\"lsow-panel\" id=\"\"><div class=\"lsow-panel-title\">\u2756 DNA: 'Give People Back Their Names'<\/div><div class=\"lsow-panel-content\"><p class=\"p2\"><img decoding=\"async\" class=\"aligncenter size-large wp-image-34759\" src=\"https:\/\/amberadvocate.org\/wp-content\/uploads\/2025\/04\/Ed-OCarroll-2025-AATTAP-symposium-1024x683.jpg\" alt=\"Ed O'Carroll speaking at the 2025 AMBER Alert &amp; AMBER Alert in Indian Country Symposium\" width=\"1024\" height=\"683\" srcset=\"https:\/\/amberadvocate.org\/wp-content\/uploads\/2025\/04\/Ed-OCarroll-2025-AATTAP-symposium-1024x683.jpg 1024w, https:\/\/amberadvocate.org\/wp-content\/uploads\/2025\/04\/Ed-OCarroll-2025-AATTAP-symposium-300x200.jpg 300w, https:\/\/amberadvocate.org\/wp-content\/uploads\/2025\/04\/Ed-OCarroll-2025-AATTAP-symposium-768x512.jpg 768w, https:\/\/amberadvocate.org\/wp-content\/uploads\/2025\/04\/Ed-OCarroll-2025-AATTAP-symposium-1536x1024.jpg 1536w, https:\/\/amberadvocate.org\/wp-content\/uploads\/2025\/04\/Ed-OCarroll-2025-AATTAP-symposium-2048x1366.jpg 2048w, https:\/\/amberadvocate.org\/wp-content\/uploads\/2025\/04\/Ed-OCarroll-2025-AATTAP-symposium-272x182.jpg 272w\" sizes=\"(max-width: 1024px) 100vw, 1024px\" \/><em>In his \u201cGenetic Genealogy\u201d presentation, crime scene forensics expert Ed O\u2019Carroll cited several ways to \u201cgive people back their names,\u201d adding \u201ccrime is more solvable than ever before.\u201d<\/em><\/p>\n<p class=\"p2\">\u2022 <b>Look afield: <\/b>Re-open a case involving a long-term missing person, or one with unidentified human remains, and let the growing realm of reputable DNA labs help solve a crime once thought unsolvable. \u201cOur labs are overworked, so we need to find more ways to use private ones,\u201d O\u2019Carroll said.<\/p>\n<p class=\"p2\"><img decoding=\"async\" class=\"alignright size-medium wp-image-34761\" src=\"https:\/\/amberadvocate.org\/wp-content\/uploads\/2025\/04\/I-Love-DNA-detail-266x300.jpg\" alt=\"\" width=\"266\" height=\"300\" srcset=\"https:\/\/amberadvocate.org\/wp-content\/uploads\/2025\/04\/I-Love-DNA-detail-266x300.jpg 266w, https:\/\/amberadvocate.org\/wp-content\/uploads\/2025\/04\/I-Love-DNA-detail-908x1024.jpg 908w, https:\/\/amberadvocate.org\/wp-content\/uploads\/2025\/04\/I-Love-DNA-detail-768x866.jpg 768w, https:\/\/amberadvocate.org\/wp-content\/uploads\/2025\/04\/I-Love-DNA-detail-1362x1536.jpg 1362w, https:\/\/amberadvocate.org\/wp-content\/uploads\/2025\/04\/I-Love-DNA-detail-1815x2048.jpg 1815w\" sizes=\"(max-width: 266px) 100vw, 266px\" \/>\u2022 <b>Be a \u201cgenetic witness\u201d: <\/b>Encourage people on the genealogy sites GEDmatch and AncestryDNA to opt in to giving law enforcement a broader field of DNA samples to consider when trying to pinpoint someone who may have committed a violent crime. \u201cAs many of us know, CODIS only gives a hit about half the time we use it.\u201d<\/p>\n<p class=\"p3\">\u2022 <b>\u201cPrevent tomorrow\u2019s victim by solving today\u2019s case today,\u201d <\/b>O\u2019Carroll said. Know the latest technology, including <span class=\"s1\"><a href=\"https:\/\/le.fbi.gov\/science-and-lab\/biometrics-and-fingerprints\/codis\/rapid-dna\" target=\"_blank\" rel=\"noopener\">Rapid DNA<\/a>, <\/span>an FBI-approved process that can provide a scientific correlation in as little as 90 minutes.<\/p>\n<\/div><\/div><!-- .lsow-panel --><div class=\"lsow-panel\" id=\"\"><div class=\"lsow-panel-title\">\u2756 Decoding Alerting Decisions<\/div><div class=\"lsow-panel-content\"><p><figure id=\"attachment_34765\" aria-describedby=\"caption-attachment-34765\" style=\"width: 268px\" class=\"wp-caption alignright\"><img decoding=\"async\" class=\" wp-image-34765\" src=\"https:\/\/amberadvocate.org\/wp-content\/uploads\/2025\/04\/911-button-graphic-seamless-295x300.png\" alt=\"911 illustration\" width=\"268\" height=\"272\" srcset=\"https:\/\/amberadvocate.org\/wp-content\/uploads\/2025\/04\/911-button-graphic-seamless-295x300.png 295w, https:\/\/amberadvocate.org\/wp-content\/uploads\/2025\/04\/911-button-graphic-seamless.png 518w\" sizes=\"(max-width: 268px) 100vw, 268px\" \/><figcaption id=\"caption-attachment-34765\" class=\"wp-caption-text\"><span style=\"color: #333399;\"><strong>NEW COURSE OF ACTION: <\/strong>AATTAP\u2019s new course, 911 Telecommunicators and Missing &amp; Abducted Children (aka \u201c911 T-MAC\u201d) is a must for public safety telecommunicators and members of law enforcement who face public calls for help. Look for online and in-person training opportunities <a style=\"color: #333399;\" href=\"https:\/\/ncjtc.fvtc.edu\/trainings\/TR02579542\/911-telecommunicators-and-missing-abducted-children\" target=\"_blank\" rel=\"noopener\">here<\/a>.<\/span><\/figcaption><\/figure><\/p>\n<p class=\"p2\">This was the second year for AATTAP Region 1 Liaison and alerting veteran Joan Collins to teach the popular class designed to help attendees analyze real-world cases of missing children and AMBER Alert requests, noting the key factors within the criteria that determine when an alert is issued; evaluate AMBER Alert effectiveness by comparing case details with activation criteria and assessing factors that influence decision-making; and propose improved response strategies.<\/p>\n<p class=\"p2\">Collins\u2019 style is to amiably pepper participants with more than a dozen widely varying missing child scenarios, often throwing daunting updates into the mix. Participants responded using the Poll Everywhere app, which tabulated their responses in real-time on a large viewing screen.<\/p>\n<p class=\"p3\"><strong>\u201cThe alerting sessions instill confidence in new AMBER Alert Coordinators as well as seasoned ones,\u201d Collins said. \u201cThe scenarios spark vigorous discussions, and networking with fellow AACs underscores the fact that they all go through the same process, even if criteria may differ.\u201d<\/strong><\/p>\n<\/div><\/div><!-- .lsow-panel --><\/div><!-- .lsow-accordion --><\/div><\/div><\/div><\/div><\/div><\/div>","protected":false},"excerpt":{"rendered":"<p>Profesionales de la protecci\u00f3n infantil de los EE. UU. y sus territorios, incluso desde lugares tan lejanos como Samoa Americana, viajaron a Washington, D.C., para fortalecer sus mentes y misiones en el Simposio Nacional AMBER Alert de 2025.<\/p>\n","protected":false},"featured_media":34583,"template":"","magazine_tags":[1255,1304,1279,1303,1059,1289,1300,1092,1273,1258,1288,1055,1269,1054,1277,1301,1259,1257,620,1295,1290,1280,1296,1282,1256,1086,1156,551,1271,1291,1299,1297,1270,1267,1060,1293,1264,553,1265,1276,489,1302,576,1263,1287,1286,1294,1284,1283,1292,1281,1266,526,527,1274,1275,609,1272,1073,1261,1298,1262,1120,1119,1278,1268,1101,1285,1020,1260,617],"class_list":["post-38183","articles","type-articles","status-publish","has-post-thumbnail","hentry","magazine_category-spanish-amber-feature","magazine_category-spanish-home-page","magazine_category-spanish-indian-country-web-article","issue-numero-62","magazine_tags-2025-national-amber-alert-amber-alert-in-indian-country-symposium","magazine_tags-911-telecommunicators-t-mac","magazine_tags-alica-murphy-wildcatt","magazine_tags-amber-alerts-to-activate-or-not-activate","magazine_tags-american-samoa","magazine_tags-ana-flores","magazine_tags-ancestrydna","magazine_tags-ashlynne-mike","magazine_tags-autumn-pasquale","magazine_tags-bill-boldin","magazine_tags-captain-larry-kraus","magazine_tags-cart","magazine_tags-charlotte-sena","magazine_tags-child-abduction-response-team","magazine_tags-chitimacha-tribal-police","magazine_tags-codis","magazine_tags-congressman-andy-biggs","magazine_tags-desiree-young","magazine_tags-dr-noelle-hunter","magazine_tags-dr-robert-j-koester","magazine_tags-dyana-chase","magazine_tags-eastern-band-of-cherokee-indians","magazine_tags-ed-ocarroll","magazine_tags-eddie-bertola","magazine_tags-eileen-garry","magazine_tags-erika-hock","magazine_tags-fbi","magazine_tags-fema","magazine_tags-firstnet-authority","magazine_tags-florida-department-of-law-enforcement-fdle","magazine_tags-gedmatch","magazine_tags-genetic-geneology","magazine_tags-gila-river-indian-community","magazine_tags-gloucester-county-new-jersey-prosecutors-office","magazine_tags-guam","magazine_tags-honolulu-hawaii-police-department","magazine_tags-international-parental-child-abduction","magazine_tags-ipaws","magazine_tags-ipca","magazine_tags-jada-breaux","magazine_tags-janell-rasmussen","magazine_tags-joan-joanie-collins","magazine_tags-john-graham","magazine_tags-kelsey-commisso","magazine_tags-leadsonline","magazine_tags-linx","magazine_tags-lost-person-behavior","magazine_tags-mep-code","magazine_tags-message-design-dashboard","magazine_tags-michael-garcia","magazine_tags-missing-abducted-child-mac-team","magazine_tags-muna","magazine_tags-national-center-for-missing-exploited-children","magazine_tags-ncmec","magazine_tags-open-source-intelligence","magazine_tags-osint","magazine_tags-pamela-foster","magazine_tags-pasco-county-sheriffs-office","magazine_tags-puerto-rico","magazine_tags-randy-mitchell","magazine_tags-rapid-dna","magazine_tags-santa-rosa-county-sheriffs-office","magazine_tags-sara-rivazfar","magazine_tags-sayeh-rivazfar","magazine_tags-senator-john-mccain","magazine_tags-shannon-dedrick","magazine_tags-stacie-lick","magazine_tags-taylor-county-texas-sheriffs-office","magazine_tags-u-s-marshals","magazine_tags-whova","magazine_tags-yesenia-jesi-leon-baron"],"meta_box":{"articles_subhead":"","articles_primary_category":[]},"publishpress_future_workflow_manual_trigger":{"enabledWorkflows":[]},"_links":{"self":[{"href":"https:\/\/amberadvocate.org\/es\/wp-json\/wp\/v2\/articles\/38183","targetHints":{"allow":["GET"]}}],"collection":[{"href":"https:\/\/amberadvocate.org\/es\/wp-json\/wp\/v2\/articles"}],"about":[{"href":"https:\/\/amberadvocate.org\/es\/wp-json\/wp\/v2\/types\/articles"}],"wp:featuredmedia":[{"embeddable":true,"href":"https:\/\/amberadvocate.org\/es\/wp-json\/wp\/v2\/media\/34583"}],"wp:attachment":[{"href":"https:\/\/amberadvocate.org\/es\/wp-json\/wp\/v2\/media?parent=38183"}],"wp:term":[{"taxonomy":"magazine_tags","embeddable":true,"href":"https:\/\/amberadvocate.org\/es\/wp-json\/wp\/v2\/magazine_tags?post=38183"}],"curies":[{"name":"wp","href":"https:\/\/api.w.org\/{rel}","templated":true}]}}